{"id":9826,"date":"2025-11-05T13:04:02","date_gmt":"2025-11-05T10:04:02","guid":{"rendered":"https:\/\/haircenterofturkey.com\/yeni-nesil-perma\/"},"modified":"2026-02-10T12:02:24","modified_gmt":"2026-02-10T09:02:24","slug":"yeni-nesil-perma","status":"publish","type":"post","link":"https:\/\/haircenterofturkey.com\/tr\/yeni-nesil-perma\/","title":{"rendered":"Yeni Nesil Perma"},"content":{"rendered":"\n<h2 class=\"wp-block-heading\" id=\"next-generation-perm\"><strong>Next Generation Perm<\/strong><\/h2>\n\n\n\n<p><span style=\"font-weight: 400;\">Next Generation Perm, bir\u00e7ok geleneksel <a href=\"https:\/\/haircenterofturkey.com\/tr\/kivircik-sac-nasil-yapilir-dogal-yontemler-isi-ile-sekillendirme-ve-perma\/\">perma<\/a> y\u00f6ntemine k\u0131yasla daha nazik bir yakla\u015f\u0131mla yumu\u015fak ve do\u011fal g\u00f6r\u00fcn\u00fcml\u00fc dalgalar olu\u015fturmak i\u00e7in tasarlanm\u0131\u015f modern bir perma y\u00f6ntemidir. Daha besleyici form\u00fcller ve sa\u00e7 tipine ile istenen dalga desenine g\u00f6re uyarlanm\u0131\u015f teknikler sayesinde, sa\u00e7\u0131n dokusunu uzun s\u00fcre kal\u0131c\u0131 hale getirirken sa\u00e7\u0131n hissini ve parlakl\u0131\u011f\u0131n\u0131 da desteklemeye odaklan\u0131r.<\/span><\/p>\n\n\n\n<p><span style=\"font-weight: 400;\">Sa\u00e7 trendleri gelip ge\u00e7se de do\u011fal dalgalar ve hafif hacim her zaman talep g\u00f6r\u00fcr. Klasik perma i\u015flemleri sa\u00e7\u0131 kuru veya k\u0131r\u0131lgan hale getirebildi\u011fi i\u00e7in bir\u00e7ok ki\u015fi teredd\u00fct eder. Next Generation Perm, daha sa\u00e7 dostu bir biti\u015fle hareket ve form isteyenler i\u00e7in daha yeni bir alternatif olarak konumland\u0131r\u0131l\u0131r.<\/span><\/p>\n\n\n\n<h2 class=\"wp-block-heading\" id=\"next-generation-perm-nedir\"><b>Next Generation Perm Nedir?<\/b><\/h2>\n\n\n\n<p><span style=\"font-weight: 400;\">Next Generation Perm, s\u0131k\u0131 bukleler yerine gev\u015fek ve do\u011fal dalgalar olu\u015fturan modern bir <a href=\"https:\/\/haircenterofturkey.com\/tr\/sac-yapisi-aciklamasi-katmanlar-buyume-dongusu-ve-sekillendirme-sonuclari\/\">sa\u00e7 \u015fekillendirme<\/a> tekni\u011fidir. Genellikle, eski perma sol\u00fcsyonlar\u0131na k\u0131yasla daha besleyici olmay\u0131 hedefleyen yeni nesil form\u00fcller kullanarak sa\u00e7\u0131 yeniden \u015fekillendirmeyi ama\u00e7lad\u0131\u011f\u0131 \u015feklinde tan\u0131mlan\u0131r.<\/span><\/p>\n\n\n\n<p><span style=\"font-weight: 400;\">Temel hedeflerden biri, i\u015flem sonras\u0131nda daha yumu\u015fak bir g\u00f6r\u00fcn\u00fcm ve his elde etmektir. Bir\u00e7ok ki\u015fi, sonucun klasik bir permaya g\u00f6re daha \u201cdo\u011fal\u201d ve daha az tekd\u00fcze g\u00f6r\u00fcnmesi nedeniyle bu y\u00f6ntemi tercih eder.<\/span><\/p>\n\n\n\n<p>Bu y\u00f6ntem sa\u00e7a zarar vermeden uzun s\u00fcre kal\u0131c\u0131 dalgalar olu\u015fturur ve bunlardan biri haline gelmi\u015ftir<\/p>\n\n\n\n<figure class=\"wp-block-image\"><img decoding=\"async\" src=\"https:\/\/haircenterofturkey.com\/wp-content\/uploads\/2025\/11\/1_result-2.webp\" alt=\"Next Generation Perm\" title=\"\"><\/figure>\n\n\n\n<div class=\"wp-block-rank-math-toc-block\" id=\"rank-math-toc\"><h2>\u0130\u00e7indekiler<\/h2><nav><ul><li class=\"\"><a href=\"#next-generation-perm\">Next Generation Perm<\/a><\/li><li class=\"\"><a href=\"#next-generation-perm-nedir\">Next Generation Perm Nedir?<\/a><\/li><li class=\"\"><a href=\"#klasik-permadan-farki\">Klasik permadan fark\u0131<\/a><\/li><li class=\"\"><a href=\"#sac-uzerindeki-etkileri\">Sa\u00e7 \u00fczerindeki etkileri<\/a><\/li><li class=\"\"><a href=\"#next-generation-perm-nasil-uygulanir\">Next Generation Perm nas\u0131l uygulan\u0131r?<\/a><\/li><li class=\"\"><a href=\"#ne-kadar-sure-kalicidir\">Ne kadar s\u00fcre kal\u0131c\u0131d\u0131r?<\/a><\/li><li class=\"\"><a href=\"#gercekten-fark-yaratan-bakim-onerileri\">Ger\u00e7ekten fark yaratan bak\u0131m \u00f6nerileri<\/a><\/li><li class=\"\"><a href=\"#tipik-fiyatlar-ve-maliyeti-etkileyen-faktorler\">Tipik fiyatlar ve maliyeti etkileyen fakt\u00f6rler<\/a><\/li><li class=\"\"><a href=\"#sikca-sorulan-sorular\">S\u0131k\u00e7a Sorulan Sorular<\/a><ul><li class=\"\"><a href=\"#faq-question-1770713869765\">Gen Z neden perma yapt\u0131r\u0131yor?<\/a><\/li><li class=\"\"><a href=\"#faq-question-1770713880108\">Sa\u00e7a zarar verir mi?<\/a><\/li><li class=\"\"><a href=\"#faq-question-1770713884604\">T\u00fcm sa\u00e7 tipleri i\u00e7in uygun mu?<\/a><\/li><li class=\"\"><a href=\"#faq-question-1770713891413\">2026\u2019da permalar moda m\u0131?<\/a><\/li><li class=\"\"><a href=\"#faq-question-1770713898928\">Bir sonraki permaya kadar ne kadar beklemeli?<\/a><\/li><\/ul><\/li><\/ul><\/nav><\/div>\n\n\n\n<h2 class=\"wp-block-heading\" id=\"klasik-permadan-farki\"><b>Klasik permadan fark\u0131<\/b><\/h2>\n\n\n\n<p><span style=\"font-weight: 400;\">Geleneksel permalar, sa\u00e7taki ba\u011flar\u0131 k\u0131rmak ve yeniden olu\u015fturmak i\u00e7in genellikle daha g\u00fc\u00e7l\u00fc kimyasal i\u015flemlere dayan\u0131r. Bu da \u00f6zellikle sa\u00e7 zaten hassas oldu\u011funda, baz\u0131 ki\u015filerin permay\u0131 kuruluk, kabarma veya k\u0131r\u0131lma ile ili\u015fkilendirmesinin nedenlerinden biridir.<\/span><\/p>\n\n\n\n<p><span style=\"font-weight: 400;\">Next Generation Perm teknikleri genellikle daha nazik ve ki\u015fiselle\u015ftirilebilir olarak pazarlan\u0131r. Odak noktalar\u0131 \u015funlard\u0131r:<\/span><\/p>\n\n\n\n<ul class=\"wp-block-list\">\n<li><b>Dalga stili:<\/b><span style=\"font-weight: 400;\"> s\u0131k\u0131 bukleler yerine daha yumu\u015fak ve do\u011fal hareket<\/span><\/li>\n\n\n\n<li><b>Biti\u015f:<\/b><span style=\"font-weight: 400;\"> iyi bir bak\u0131m rutiniyle birlikte daha p\u00fcr\u00fczs\u00fcz ve parlak bir g\u00f6r\u00fcn\u00fcm<\/span><\/li>\n\n\n\n<li><b>Ki\u015fiselle\u015ftirme:<\/b><span style=\"font-weight: 400;\"> sa\u00e7 tipine ve istenen g\u00f6r\u00fcn\u00fcme g\u00f6re bigudi boyutu, yerle\u015fimi ve i\u015flem s\u00fcresi<\/span><\/li>\n<\/ul>\n\n\n\n<p><span style=\"font-weight: 400;\">Hi\u00e7bir perma tamamen \u201czarars\u0131z\u201d de\u011fildir, ancak bu yeni yakla\u015f\u0131m genellikle daha kolay y\u00f6netilebilir bir sonu\u00e7 ve daha az sert bir his i\u00e7in tercih edilir.<\/span><\/p>\n\n\n\n<figure class=\"wp-block-image\"><img decoding=\"async\" src=\"https:\/\/haircenterofturkey.com\/wp-content\/uploads\/2025\/11\/2_result-2.webp\" alt=\"Next Generation Perm\" title=\"\"><\/figure>\n\n\n\n<p><\/p>\n\n\n\n<h2 class=\"wp-block-heading\" id=\"sac-uzerindeki-etkileri\"><b>Sa\u00e7 \u00fczerindeki etkileri<\/b><\/h2>\n\n\n\n<p><span style=\"font-weight: 400;\">Bir\u00e7ok ki\u015fi dokuda, hacimde ve \u015fekillendirme s\u00fcresinde g\u00f6zle g\u00f6r\u00fcl\u00fcr bir de\u011fi\u015fim fark eder. \u0130nce veya s\u00f6n\u00fck sa\u00e7lar daha dolgun g\u00f6r\u00fcnebilirken, kal\u0131n sa\u00e7lar daha belirgin bir form ve hareket kazanabilir.<\/span><\/p>\n\n\n\n<p><span style=\"font-weight: 400;\">Do\u011fru \u015fekilde uyguland\u0131\u011f\u0131nda, sa\u00e7 g\u00fcnl\u00fck \u0131s\u0131yla \u015fekillendirmeye gerek kalmadan daha bak\u0131ml\u0131 g\u00f6r\u00fcnebilir. Dalga deseni sa\u00e7a daha tutarl\u0131 bir form kazand\u0131rd\u0131\u011f\u0131 i\u00e7in kabarma da daha kolay kontrol alt\u0131na al\u0131nabilir.<\/span><\/p>\n\n\n\n<h2 class=\"wp-block-heading\" id=\"next-generation-perm-nasil-uygulanir\"><b>Next Generation Perm nas\u0131l uygulan\u0131r?<\/b><\/h2>\n\n\n\n<p><span style=\"font-weight: 400;\">Bu i\u015flem, sa\u00e7 sa\u011fl\u0131\u011f\u0131n\u0131 de\u011ferlendirebilen ve do\u011fru tekni\u011fi se\u00e7ebilen deneyimli bir stilist taraf\u0131ndan yap\u0131lmal\u0131d\u0131r. Ad\u0131mlar salona g\u00f6re de\u011fi\u015fiklik g\u00f6sterebilir, ancak s\u00fcre\u00e7 genellikle \u015funlar\u0131 i\u00e7erir:<\/span><\/p>\n\n\n\n<ol class=\"wp-block-list\">\n<li><b>Dan\u0131\u015fma:<\/b><span style=\"font-weight: 400;\"> sa\u00e7 analizi, hedeflerin belirlenmesi ve dalga boyutunun se\u00e7ilmesi<\/span><\/li>\n\n\n\n<li><b>Ar\u0131nd\u0131r\u0131c\u0131 y\u0131kama:<\/b><span style=\"font-weight: 400;\"> sol\u00fcsyonun e\u015fit \u00e7al\u0131\u015fmas\u0131 i\u00e7in birikimlerin temizlenmesi<\/span><\/li>\n\n\n\n<li><b>B\u00f6l\u00fcmlendirme ve sarma:<\/b><span style=\"font-weight: 400;\"> istenen dalga desenine g\u00f6re bigudilerin yerle\u015ftirilmesi<\/span><\/li>\n\n\n\n<li><b>\u0130\u015flem s\u00fcreci:<\/b><span style=\"font-weight: 400;\"> sol\u00fcsyonun uygulanmas\u0131 ve dikkatle takip edilmesi<\/span><\/li>\n\n\n\n<li><b>Durulama ve n\u00f6tralizasyon:<\/b><span style=\"font-weight: 400;\"> yeni formun sabitlenmesi<\/span><\/li>\n\n\n\n<li><b>Son bak\u0131m:<\/b><span style=\"font-weight: 400;\"> yumu\u015fak bir sonu\u00e7 i\u00e7in bak\u0131m ve \u015fekillendirme<\/span><\/li>\n<\/ol>\n\n\n\n<p><span style=\"font-weight: 400;\">Sa\u00e7\u0131n\u0131z yo\u011fun \u015fekilde a\u00e7\u0131lm\u0131\u015f veya \u0131s\u0131yla y\u0131pranm\u0131\u015fsa, k\u0131r\u0131lma riskini azaltmak i\u00e7in stilistiniz \u00f6nce onar\u0131c\u0131 bak\u0131mlar \u00f6nerebilir.<\/span><\/p>\n\n\n\n<h2 class=\"wp-block-heading\" id=\"ne-kadar-sure-kalicidir\"><b>Ne kadar s\u00fcre kal\u0131c\u0131d\u0131r?<\/b><\/h2>\n\n\n\n<p><span style=\"font-weight: 400;\">Ortalama olarak sonu\u00e7lar <\/span><b>6\u201312 hafta<\/b><span style=\"font-weight: 400;\"> s\u00fcrebilir. Bu s\u00fcre sa\u00e7 tipine ve bak\u0131m rutinine ba\u011fl\u0131d\u0131r. D\u00fczenli bak\u0131m ve minimum \u0131s\u0131 kullan\u0131m\u0131yla baz\u0131 ki\u015filerde kal\u0131c\u0131l\u0131k daha uzun olabilir.<\/span><\/p>\n\n\n\n<p><span style=\"font-weight: 400;\">Kal\u0131c\u0131l\u0131k genellikle \u015funlara ba\u011fl\u0131d\u0131r:<\/span><\/p>\n\n\n\n<ul class=\"wp-block-list\">\n<li><span style=\"font-weight: 400;\">do\u011fal <a href=\"https:\/\/haircenterofturkey.com\/tr\/sac-yapisi-aciklamasi-katmanlar-buyume-dongusu-ve-sekillendirme-sonuclari\/\">sa\u00e7 yap\u0131s\u0131<\/a> (ince, kal\u0131n, i\u015flem g\u00f6rm\u00fc\u015f veya g\u00f6zenekli)<\/span><\/li>\n\n\n\n<li><span style=\"font-weight: 400;\">evde kullan\u0131lan \u00fcr\u00fcnler<\/span><\/li>\n\n\n\n<li><span style=\"font-weight: 400;\">\u0131s\u0131ya maruz kalma s\u0131kl\u0131\u011f\u0131<\/span><\/li>\n\n\n\n<li><span style=\"font-weight: 400;\">i\u015flem sonras\u0131 bak\u0131m rutini<\/span><\/li>\n<\/ul>\n\n\n\n<figure class=\"wp-block-image\"><img decoding=\"async\" src=\"https:\/\/haircenterofturkey.com\/wp-content\/uploads\/2025\/11\/3_result-2.webp\" alt=\"Next Generation Perm\" title=\"\"><\/figure>\n\n\n\n<p><\/p>\n\n\n\n<h2 class=\"wp-block-heading\" id=\"gercekten-fark-yaratan-bakim-onerileri\"><b>Ger\u00e7ekten fark yaratan bak\u0131m \u00f6nerileri<\/b><\/h2>\n\n\n\n<p><span style=\"font-weight: 400;\">\u0130lk hafta en kritik d\u00f6nemdir. Sa\u00e7\u0131n\u0131za nazik davran\u0131n ve nem dengesini y\u00fcksek tutun.<\/span><\/p>\n\n\n\n<ul class=\"wp-block-list\">\n<li><b>S\u00fclfats\u0131z bir \u015fampuan<\/b><span style=\"font-weight: 400;\"> kullan\u0131n ve ilk d\u00f6nemde sert ar\u0131nd\u0131r\u0131c\u0131 \u00fcr\u00fcnlerden ka\u00e7\u0131n\u0131n<\/span><\/li>\n\n\n\n<li><span style=\"font-weight: 400;\">Haftada bir <\/span><b>nemlendirici maske<\/b><span style=\"font-weight: 400;\"> uygulay\u0131n<\/span><\/li>\n\n\n\n<li><span style=\"font-weight: 400;\">Is\u0131 ile \u015fekillendirmeyi s\u0131n\u0131rlay\u0131n ve kulland\u0131\u011f\u0131n\u0131zda \u0131s\u0131 koruyucu uygulay\u0131n<\/span><\/li>\n\n\n\n<li><span style=\"font-weight: 400;\">Sa\u00e7 \u0131slakken nazik\u00e7e a\u00e7\u0131n ve sert taramadan ka\u00e7\u0131n\u0131n<\/span><\/li>\n<\/ul>\n\n\n\n<p><span style=\"font-weight: 400;\">Do\u011fru bak\u0131m, dalgalar\u0131n daha yumu\u015fak g\u00f6r\u00fcnmesini sa\u011flar ve formun daha uzun s\u00fcre korunmas\u0131na yard\u0131mc\u0131 olur.<\/span><\/p>\n\n\n\n<h2 class=\"wp-block-heading\" id=\"tipik-fiyatlar-ve-maliyeti-etkileyen-faktorler\"><b>Tipik fiyatlar ve maliyeti etkileyen fakt\u00f6rler<\/b><\/h2>\n\n\n\n<p><span style=\"font-weight: 400;\">Fiyatlar salon, kullan\u0131lan \u00fcr\u00fcnler ve gereken s\u00fcreye g\u00f6re de\u011fi\u015fir. Sa\u00e7\u0131n <\/span><b>uzunlu\u011fu ve yo\u011funlu\u011fu<\/b><span style=\"font-weight: 400;\"> genellikle maliyeti en \u00e7ok etkileyen unsurlard\u0131r; \u00e7\u00fcnk\u00fc daha uzun veya daha g\u00fcr sa\u00e7 daha fazla \u00fcr\u00fcn ve emek gerektirir.<\/span><\/p>\n\n\n\n<p><span style=\"font-weight: 400;\">Di\u011fer yayg\u0131n fakt\u00f6rler \u015funlard\u0131r:<\/span><\/p>\n\n\n\n<ul class=\"wp-block-list\">\n<li><span style=\"font-weight: 400;\">stilistin deneyimi ve salonun konumu<\/span><\/li>\n\n\n\n<li><span style=\"font-weight: 400;\">perma sol\u00fcsyonlar\u0131n\u0131n markas\u0131 ve kalitesi<\/span><\/li>\n\n\n\n<li><span style=\"font-weight: 400;\">onar\u0131m veya ba\u011f g\u00fc\u00e7lendirici bir bak\u0131m\u0131n dahil olup olmad\u0131\u011f\u0131<\/span><\/li>\n\n\n\n<li><span style=\"font-weight: 400;\">permeyi bak\u0131m uygulamalar\u0131yla birle\u015ftiren paketler<\/span><\/li>\n<\/ul>\n\n\n\n<p><span style=\"font-weight: 400;\">Fiyatlar\u0131 kar\u015f\u0131la\u015ft\u0131r\u0131rken yaln\u0131zca rakama de\u011fil, hizmete nelerin dahil oldu\u011funa (dan\u0131\u015fma, bak\u0131m \u00fcr\u00fcnleri, onar\u0131m ad\u0131mlar\u0131) da dikkat edin.<\/span><\/p>\n\n\n\n<h2 class=\"wp-block-heading\" id=\"sikca-sorulan-sorular\"><b>S\u0131k\u00e7a Sorulan Sorular<\/b><\/h2>\n\n\n<div id=\"rank-math-faq\" class=\"rank-math-block\">\n<div class=\"rank-math-list \">\n<div id=\"faq-question-1770713869765\" class=\"rank-math-list-item\">\n<h3 class=\"rank-math-question \">Gen Z neden perma yapt\u0131r\u0131yor?<\/h3>\n<div class=\"rank-math-answer \">\n\n<p>Kal\u0131c\u0131 doku, hacim ve her g\u00fcn \u015fekillendirmeden trend bir g\u00f6r\u00fcn\u00fcm istiyorlar.<\/p>\n\n<\/div>\n<\/div>\n<div id=\"faq-question-1770713880108\" class=\"rank-math-list-item\">\n<h3 class=\"rank-math-question \">Sa\u00e7a zarar verir mi?<\/h3>\n<div class=\"rank-math-answer \">\n\n<p>Evet, perma sa\u00e7\u0131 zay\u0131flatabilir; a\u00e7\u0131c\u0131, \u0131s\u0131 ve s\u0131k tekrarla hasar artar.<\/p>\n\n<\/div>\n<\/div>\n<div id=\"faq-question-1770713884604\" class=\"rank-math-list-item\">\n<h3 class=\"rank-math-question \">T\u00fcm sa\u00e7 tipleri i\u00e7in uygun mu?<\/h3>\n<div class=\"rank-math-answer \">\n\n<p>Hay\u0131r, \u00e7ok y\u0131pranm\u0131\u015f, yo\u011fun a\u00e7\u0131lm\u0131\u015f veya k\u0131r\u0131lgan sa\u00e7 perma i\u00e7in uygun de\u011fildir.<\/p>\n\n<\/div>\n<\/div>\n<div id=\"faq-question-1770713891413\" class=\"rank-math-list-item\">\n<h3 class=\"rank-math-question \">2026\u2019da permalar moda m\u0131?<\/h3>\n<div class=\"rank-math-answer \">\n\n<p>Evet, yumu\u015fak \u201cbro perma\u201d ve gev\u015fek dokulu permalar 2026\u2019da pop\u00fcler.<\/p>\n\n<\/div>\n<\/div>\n<div id=\"faq-question-1770713898928\" class=\"rank-math-list-item\">\n<h3 class=\"rank-math-question \">Bir sonraki permaya kadar ne kadar beklemeli?<\/h3>\n<div class=\"rank-math-answer \">\n\n<p>En az 8\u201312 hafta bekleyin; sa\u00e7 kuruyor veya k\u0131r\u0131l\u0131yorsa daha uzun.<\/p>\n\n<\/div>\n<\/div>\n<\/div>\n<\/div>","protected":false},"excerpt":{"rendered":"<p>Next Generation Perm Next Generation Perm, bir\u00e7ok geleneksel perma y\u00f6ntemine k\u0131yasla daha nazik bir yakla\u015f\u0131mla yumu\u015fak ve do\u011fal g\u00f6r\u00fcn\u00fcml\u00fc dalgalar olu\u015fturmak i\u00e7in tasarlanm\u0131\u015f modern bir perma y\u00f6ntemidir. Daha besleyici form\u00fcller ve sa\u00e7 tipine ile istenen dalga desenine g\u00f6re uyarlanm\u0131\u015f teknikler sayesinde, sa\u00e7\u0131n dokusunu uzun s\u00fcre kal\u0131c\u0131 hale getirirken sa\u00e7\u0131n hissini ve parlakl\u0131\u011f\u0131n\u0131 da desteklemeye odaklan\u0131r. [&hellip;]<\/p>\n","protected":false},"author":2,"featured_media":9923,"comment_status":"closed","ping_status":"closed","sticky":false,"template":"","format":"standard","meta":{"footnotes":""},"categories":[2,163],"tags":[],"class_list":["post-9826","post","type-post","status-publish","format-standard","has-post-thumbnail","hentry","category-blog","category-sac-bakimi"],"_links":{"self":[{"href":"https:\/\/haircenterofturkey.com\/tr\/wp-json\/wp\/v2\/posts\/9826","targetHints":{"allow":["GET"]}}],"collection":[{"href":"https:\/\/haircenterofturkey.com\/tr\/wp-json\/wp\/v2\/posts"}],"about":[{"href":"https:\/\/haircenterofturkey.com\/tr\/wp-json\/wp\/v2\/types\/post"}],"author":[{"embeddable":true,"href":"https:\/\/haircenterofturkey.com\/tr\/wp-json\/wp\/v2\/users\/2"}],"replies":[{"embeddable":true,"href":"https:\/\/haircenterofturkey.com\/tr\/wp-json\/wp\/v2\/comments?post=9826"}],"version-history":[{"count":4,"href":"https:\/\/haircenterofturkey.com\/tr\/wp-json\/wp\/v2\/posts\/9826\/revisions"}],"predecessor-version":[{"id":22108,"href":"https:\/\/haircenterofturkey.com\/tr\/wp-json\/wp\/v2\/posts\/9826\/revisions\/22108"}],"wp:featuredmedia":[{"embeddable":true,"href":"https:\/\/haircenterofturkey.com\/tr\/wp-json\/wp\/v2\/media\/9923"}],"wp:attachment":[{"href":"https:\/\/haircenterofturkey.com\/tr\/wp-json\/wp\/v2\/media?parent=9826"}],"wp:term":[{"taxonomy":"category","embeddable":true,"href":"https:\/\/haircenterofturkey.com\/tr\/wp-json\/wp\/v2\/categories?post=9826"},{"taxonomy":"post_tag","embeddable":true,"href":"https:\/\/haircenterofturkey.com\/tr\/wp-json\/wp\/v2\/tags?post=9826"}],"curies":[{"name":"wp","href":"https:\/\/api.w.org\/{rel}","templated":true}]}}