{"id":9424,"date":"2025-09-12T19:26:49","date_gmt":"2025-09-12T16:26:49","guid":{"rendered":"https:\/\/haircenterofturkey.com\/yuz-sekline-gore-en-uygun-sac-modelleri-nelerdir\/"},"modified":"2026-03-24T14:34:58","modified_gmt":"2026-03-24T11:34:58","slug":"farkli-yuz-sekilleri-icin-en-iyi-sac-modelleri","status":"publish","type":"post","link":"https:\/\/haircenterofturkey.com\/tr\/farkli-yuz-sekilleri-icin-en-iyi-sac-modelleri\/","title":{"rendered":"Farkl\u0131 Y\u00fcz \u015eekilleri \u0130\u00e7in En \u0130yi Sa\u00e7 Modelleri (Yuvarlak, Oval, Kare ve Daha Fazlas\u0131) | 2026 Rehberi"},"content":{"rendered":"\n<h2 class=\"wp-block-heading\" id=\"farkli-yuz-sekilleri-icin-en-iyi-sac-modelleri\"><b>Farkl\u0131 Y\u00fcz \u015eekilleri \u0130\u00e7in En \u0130yi Sa\u00e7 Modelleri<\/b><\/h2>\n\n\n\n<p><i><span style=\"font-weight: 400;\">Y\u00fcz \u015fekliniz i\u00e7in en uygun sa\u00e7 modeli, oranlar\u0131 dengeleyen modeldir: yuvarlak y\u00fczler uzun katlar ve yana taranm\u0131\u015f kahk\u00fcllerle daha keskin g\u00f6r\u00fcn\u00fcr, kare y\u00fczler dokulu dalgalarla yumu\u015far, uzun y\u00fczler ise omuz hizas\u0131nda hacimle dengelenir. Oval y\u00fczler \u00e7o\u011fu kesime uygundur, kalp \u015feklindeki y\u00fczler ise \u00e7ene hizas\u0131ndaki k\u00fct kesimler ve perde kahk\u00fcllerle \u00f6ne \u00e7\u0131kar.<\/span><\/i><\/p>\n\n\n\n<div class=\"wp-block-rank-math-toc-block\" id=\"rank-math-toc\"><h2>\u0130\u00e7indekiler<\/h2><nav><ul><li class=\"\"><a href=\"#farkli-yuz-sekilleri-icin-en-iyi-sac-modelleri\">Farkl\u0131 Y\u00fcz \u015eekilleri \u0130\u00e7in En \u0130yi Sa\u00e7 Modelleri<\/a><\/li><li class=\"\"><a href=\"#sac-modeli-secerken-yuz-sekli-neden-onemlidir\">Sa\u00e7 Modeli Se\u00e7erken Y\u00fcz \u015eekli Neden \u00d6nemlidir?<\/a><\/li><li class=\"\"><a href=\"#yuz-seklinizi-nasil-belirlersiniz\">Y\u00fcz \u015eeklinizi Nas\u0131l Belirlersiniz?<\/a><\/li><li class=\"\"><a href=\"#yuvarlak-yuz-icin-en-iyi-sac-modelleri\">Yuvarlak Y\u00fcz \u0130\u00e7in En \u0130yi Sa\u00e7 Modelleri<\/a><\/li><li class=\"\"><a href=\"#oval-yuz-icin-en-iyi-sac-modelleri\">Oval Y\u00fcz \u0130\u00e7in En \u0130yi Sa\u00e7 Modelleri<\/a><\/li><li class=\"\"><a href=\"#kare-yuz-icin-en-iyi-sac-modelleri\">Kare Y\u00fcz \u0130\u00e7in En \u0130yi Sa\u00e7 Modelleri<\/a><\/li><li class=\"\"><a href=\"#kalp-seklindeki-yuz-icin-en-iyi-sac-modelleri\">Kalp \u015eeklindeki Y\u00fcz \u0130\u00e7in En \u0130yi Sa\u00e7 Modelleri<\/a><\/li><li class=\"\"><a href=\"#uzun-veya-dikdortgen-yuz-icin-en-iyi-sac-modelleri\">Uzun veya Dikd\u00f6rtgen Y\u00fcz \u0130\u00e7in En \u0130yi Sa\u00e7 Modelleri<\/a><\/li><li class=\"\"><a href=\"#farkli-yuz-sekilleri-icin-sac-modellerine-genel-bakis\">Farkl\u0131 Y\u00fcz \u015eekilleri \u0130\u00e7in Sa\u00e7 Modellerine Genel Bak\u0131\u015f<\/a><\/li><li class=\"\"><a href=\"#sac-modelleri-ve-yuz-sekilleri-hakkinda-sik-sorulan-sorular\">Sa\u00e7 Modelleri ve Y\u00fcz \u015eekilleri Hakk\u0131nda S\u0131k Sorulan Sorular<\/a><ul><li class=\"\"><a href=\"#yuz-seklimi-nasil-anlarim\">Y\u00fcz \u015feklimi nas\u0131l anlar\u0131m?<\/a><\/li><li class=\"\"><a href=\"#yuz-seklime-onerilmeyen-bir-sac-modelini-kullanabilir-miyim\">Y\u00fcz \u015feklime \u201c\u00f6nerilmeyen\u201d bir sa\u00e7 modelini kullanabilir miyim?<\/a><\/li><li class=\"\"><a href=\"#kahkuller-her-yuz-sekline-uygun-mudur\">Kahk\u00fcller her y\u00fcz \u015fekline uygun mudur?<\/a><\/li><li class=\"\"><a href=\"#sac-dokusu-hangi-stilin-en-uygun-oldugunu-degistirir-mi\">Sa\u00e7 dokusu hangi stilin en uygun oldu\u011funu de\u011fi\u015ftirir mi?<\/a><\/li><li class=\"\"><a href=\"#sac-modelimi-ne-siklikla-degistirmeliyim\">Sa\u00e7 modelimi ne s\u0131kl\u0131kla de\u011fi\u015ftirmeliyim?<\/a><\/li><\/ul><\/li><\/ul><\/nav><\/div>\n\n\n\n<h2 class=\"wp-block-heading\" id=\"sac-modeli-secerken-yuz-sekli-neden-onemlidir\"><b>Sa\u00e7 Modeli Se\u00e7erken Y\u00fcz \u015eekli Neden \u00d6nemlidir?<\/b><\/h2>\n\n\n\n<p><span style=\"font-weight: 400;\">Y\u00fcz \u015fekli; hacmin, uzunlu\u011fun ve kahk\u00fcl\u00fcn y\u00fcz\u00fcn\u00fczde nas\u0131l durdu\u011funu etkiler. Bir ki\u015fiye \u00e7ok yak\u0131\u015fan bir kesim, ba\u015fkas\u0131nda \u201cuyumsuz\u201d durabilir \u00e7\u00fcnk\u00fc yanl\u0131\u015f b\u00f6lgelere vurgu yapar\u2014\u00f6rne\u011fin yanaklar\u0131 geni\u015f g\u00f6stermek, \u00e7eneyi keskinle\u015ftirmek ya da aln\u0131 daha uzun g\u00f6stermek gibi.<\/span><\/p>\n\n\n\n<p><span style=\"font-weight: 400;\">Y\u00fcz \u015feklinizi bildi\u011finizde, denge sa\u011flayan stilleri se\u00e7ebilirsiniz. Kendi tarz\u0131n\u0131z\u0131 ifade etmek i\u00e7in h\u00e2l\u00e2 bolca alan\u0131n\u0131z olur, ama daha g\u00fc\u00e7l\u00fc bir ba\u015flang\u0131\u00e7 noktan\u0131z olur.<\/span><\/p>\n\n\n\n<figure class=\"wp-block-image\"><img decoding=\"async\" src=\"https:\/\/haircenterofturkey.com\/wp-content\/uploads\/2025\/09\/What-Are-the-Best-Hairstyles-for-Different-Face-Shapes-1.webp\" alt=\"Farkl\u0131 Y\u00fcz \u015eekilleri \u0130\u00e7in En \u0130yi Sa\u00e7 Modelleri Nelerdir?\" title=\"\"><\/figure>\n\n\n\n<p><\/p>\n\n\n\n<h2 class=\"wp-block-heading\" id=\"yuz-seklinizi-nasil-belirlersiniz\"><b>Y\u00fcz \u015eeklinizi Nas\u0131l Belirlersiniz?<\/b><\/h2>\n\n\n\n<p><span style=\"font-weight: 400;\">Sa\u00e7\u0131n\u0131z\u0131 geriye toplayarak bir aynan\u0131n kar\u015f\u0131s\u0131na ge\u00e7in ve \u00fc\u00e7 b\u00f6lgeye bak\u0131n: aln\u0131n\u0131z, elmac\u0131k kemikleriniz ve \u00e7ene hatt\u0131n\u0131z. Ard\u0131ndan y\u00fcz\u00fcn\u00fcz\u00fcn toplam uzunlu\u011funu (al\u0131n \u00e7izgisinden \u00e7ene ucuna kadar) k\u0131yaslay\u0131n.<\/span><\/p>\n\n\n\n<p><span style=\"font-weight: 400;\">Bu k\u0131sa ipu\u00e7lar\u0131 genellikle yard\u0131mc\u0131 olur:<\/span><\/p>\n\n\n\n<ul class=\"wp-block-list\">\n<li><span style=\"font-weight: 400;\">Yuvarlak: y\u00fcz uzunlu\u011fu ve geni\u015fli\u011fi benzerdir, yumu\u015fak hatlar ve dolgun yanaklar vard\u0131r.<\/span><\/li>\n\n\n\n<li><span style=\"font-weight: 400;\">Oval: y\u00fcz geni\u015fli\u011finden daha uzundur, hafif yuvarlak \u00e7ene ve dengeli oranlara sahiptir.<\/span><\/li>\n\n\n\n<li><span style=\"font-weight: 400;\">Kare: al\u0131n, elmac\u0131k kemikleri ve \u00e7ene hatt\u0131 benzer geni\u015fliktedir, g\u00fc\u00e7l\u00fc bir \u00e7eneye sahiptir.<\/span><\/li>\n\n\n\n<li><span style=\"font-weight: 400;\">Kalp \u015feklinde: al\u0131n ve elmac\u0131k kemikleri daha geni\u015ftir, \u00e7ene daha dar ve sivridir.<\/span><\/li>\n\n\n\n<li><span style=\"font-weight: 400;\">Uzun\/dikd\u00f6rtgen: belirgin \u015fekilde uzun, d\u00fcz yan hatlara sahiptir.<\/span><\/li>\n<\/ul>\n\n\n\n<h2 class=\"wp-block-heading\" id=\"yuvarlak-yuz-icin-en-iyi-sac-modelleri\"><b>Yuvarlak Y\u00fcz \u0130\u00e7in En \u0130yi Sa\u00e7 Modelleri<\/b><\/h2>\n\n\n\n<p><span style=\"font-weight: 400;\">Yuvarlak y\u00fczlerde en iyi sonucu genellikle uzunluk ve yumu\u015fak a\u00e7\u0131lar katan kesimler verir. Ama\u00e7, bak\u0131\u015f\u0131 yana de\u011fil yukar\u0131 ve a\u015fa\u011f\u0131 y\u00f6nlendirmektir.<\/span><\/p>\n\n\n\n<p><span style=\"font-weight: 400;\">\u00d6nerilen stiller:<\/span><\/p>\n\n\n\n<ul class=\"wp-block-list\">\n<li><span style=\"font-weight: 400;\">\u00c7ene alt\u0131ndan ba\u015flayan uzun katlar<\/span><\/li>\n\n\n\n<li><span style=\"font-weight: 400;\">Yana ayr\u0131lm\u0131\u015f sa\u00e7lar, yana taranm\u0131\u015f ya da perde kahk\u00fcller<\/span><\/li>\n\n\n\n<li><span style=\"font-weight: 400;\">Asimetrik bob veya a\u00e7\u0131l\u0131 lob<\/span><\/li>\n\n\n\n<li><span style=\"font-weight: 400;\">Tepe b\u00f6lgesinde hacimle yumu\u015fak dalgalar<\/span><\/li>\n<\/ul>\n\n\n\n<p><span style=\"font-weight: 400;\">Dikkat edilmesi gerekenler: d\u00fcz kesilmi\u015f kahk\u00fcller, \u00e7ene hizas\u0131nda tek boyda boblar ve yanaklara yap\u0131\u015fan \u00e7ok k\u0131sa kesimler y\u00fcz\u00fc daha geni\u015f g\u00f6sterebilir.<\/span><\/p>\n\n\n\n<h2 class=\"wp-block-heading\" id=\"oval-yuz-icin-en-iyi-sac-modelleri\"><b>Oval Y\u00fcz \u0130\u00e7in En \u0130yi Sa\u00e7 Modelleri<\/b><\/h2>\n\n\n\n<p><span style=\"font-weight: 400;\">Oval y\u00fczler en esnek y\u00fcz \u015feklidir, bu y\u00fczden sa\u00e7 dokunuza ve ya\u015fam tarz\u0131n\u0131za g\u00f6re se\u00e7im yapabilirsiniz; oranlarla sava\u015fman\u0131z gerekmez.<\/span><\/p>\n\n\n\n<p><span style=\"font-weight: 400;\">\u00d6nerilen stiller:<\/span><\/p>\n\n\n\n<ul class=\"wp-block-list\">\n<li><span style=\"font-weight: 400;\">D\u00fcz bob veya k\u00fct lob (d\u00fcz sa\u00e7lar i\u00e7in harika)<\/span><\/li>\n\n\n\n<li><span style=\"font-weight: 400;\">Plaj dalgalar\u0131 ve uzun katlar (orta-kal\u0131n sa\u00e7lar i\u00e7in ideal)<\/span><\/li>\n\n\n\n<li><span style=\"font-weight: 400;\">Pixie kesimler ve k\u0131sa stiller (cesur \u015fekillerden ho\u015flananlar i\u00e7in)<\/span><\/li>\n<\/ul>\n\n\n\n<p><span style=\"font-weight: 400;\">\u0130pucu: y\u00fcz\u00fcn\u00fcz \u00e7ok uzun ovalse, ekstra uzunluk yerine dalgalar veya kahk\u00fcllerle biraz geni\u015flik ekleyin.<\/span><\/p>\n\n\n\n<h2 class=\"wp-block-heading\" id=\"kare-yuz-icin-en-iyi-sac-modelleri\"><b>Kare Y\u00fcz \u0130\u00e7in En \u0130yi Sa\u00e7 Modelleri<\/b><\/h2>\n\n\n\n<p><span style=\"font-weight: 400;\">Kare y\u00fczler belirgin bir \u00e7ene hatt\u0131 ve geni\u015f bir al\u0131na sahiptir. Hareketli stiller a\u00e7\u0131y\u0131 yumu\u015fatmaya ve daha oval bir siluet olu\u015fturmaya yard\u0131mc\u0131 olur.<\/span><\/p>\n\n\n\n<p><span style=\"font-weight: 400;\">\u00d6nerilen stiller:<\/span><\/p>\n\n\n\n<ul class=\"wp-block-list\">\n<li><span style=\"font-weight: 400;\">Yana ayr\u0131lm\u0131\u015f katl\u0131 kesimler<\/span><\/li>\n\n\n\n<li><span style=\"font-weight: 400;\">Elmac\u0131k kemi\u011finden ba\u015flayan uzun dalgalar veya dokulu bukleler<\/span><\/li>\n\n\n\n<li><span style=\"font-weight: 400;\">Yumu\u015fak, par\u00e7a par\u00e7a u\u00e7larla omuz hizas\u0131nda kesimler<\/span><\/li>\n\n\n\n<li><span style=\"font-weight: 400;\">D\u00fcz sa\u00e7 \u00e7izgisini yumu\u015fatmak i\u00e7in perde kahk\u00fcller veya yana taranm\u0131\u015f kahk\u00fcller<\/span><\/li>\n<\/ul>\n\n\n\n<p><span style=\"font-weight: 400;\">Dikkat edilmesi gerekenler: keskin, tek boy kesimler ve d\u00fcz ortadan ayr\u0131lm\u0131\u015f sa\u00e7lar \u00e7eneyi vurgular ve y\u00fcz\u00fc daha kutu gibi g\u00f6sterebilir.<\/span><\/p>\n\n\n\n<h2 class=\"wp-block-heading\" id=\"kalp-seklindeki-yuz-icin-en-iyi-sac-modelleri\"><b>Kalp \u015eeklindeki Y\u00fcz \u0130\u00e7in En \u0130yi Sa\u00e7 Modelleri<\/b><\/h2>\n\n\n\n<p><span style=\"font-weight: 400;\">Kalp \u015feklindeki y\u00fczler, daha geni\u015f bir aln\u0131 \u00e7ene ve \u00e7ene \u00e7evresine g\u00f6rsel a\u011f\u0131rl\u0131k ekleyerek dengeledi\u011finde harika g\u00f6r\u00fcn\u00fcr.<\/span><\/p>\n\n\n\n<p><span style=\"font-weight: 400;\">\u00d6nerilen stiller:<\/span><\/p>\n\n\n\n<ul class=\"wp-block-list\">\n<li><span style=\"font-weight: 400;\">Yumu\u015fak u\u00e7lu \u00e7ene hizas\u0131nda bob veya lob<\/span><\/li>\n\n\n\n<li><span style=\"font-weight: 400;\">Al\u0131n geni\u015fli\u011fini azaltmak i\u00e7in yana taranm\u0131\u015f kahk\u00fcller<\/span><\/li>\n\n\n\n<li><span style=\"font-weight: 400;\">\u00c7ene \u00e7evresine hacim ekleyen gev\u015fek bukleler veya dalgalar<\/span><\/li>\n\n\n\n<li><span style=\"font-weight: 400;\">Klavikula hizas\u0131nda ba\u015flayan uzun katlar<\/span><\/li>\n<\/ul>\n\n\n\n<p><span style=\"font-weight: 400;\">Dikkat edilmesi gerekenler: tepe b\u00f6lgesinde fazla hacim veya \u00e7ok keskin mikro kahk\u00fcller dikkati yukar\u0131 \u00e7ekerek aln\u0131 daha belirgin hale getirebilir.<\/span><\/p>\n\n\n\n<h2 class=\"wp-block-heading\" id=\"uzun-veya-dikdortgen-yuz-icin-en-iyi-sac-modelleri\"><b>Uzun veya Dikd\u00f6rtgen Y\u00fcz \u0130\u00e7in En \u0130yi Sa\u00e7 Modelleri<\/b><\/h2>\n\n\n\n<p><span style=\"font-weight: 400;\">Uzun veya dikd\u00f6rtgen y\u00fczler i\u00e7in ama\u00e7, geni\u015flik eklemek ve ekstra uzunluktan ka\u00e7\u0131nmakt\u0131r. Omuzda biten kesimler ve yan hacimli stiller genellikle en iyi sonucu verir.<\/span><\/p>\n\n\n\n<p><span style=\"font-weight: 400;\">\u00d6nerilen stiller:<\/span><\/p>\n\n\n\n<ul class=\"wp-block-list\">\n<li><span style=\"font-weight: 400;\">Dalgalarla omuz hizas\u0131nda kesim<\/span><\/li>\n\n\n\n<li><span style=\"font-weight: 400;\">Yana taranm\u0131\u015f katlarla lob<\/span><\/li>\n\n\n\n<li><span style=\"font-weight: 400;\">Katl\u0131 kahk\u00fcller (dokuya ba\u011fl\u0131 olarak perde veya d\u00fcz kahk\u00fcl)<\/span><\/li>\n\n\n\n<li><span style=\"font-weight: 400;\">Yana hacim katan yumu\u015fak bukleler<\/span><\/li>\n<\/ul>\n\n\n\n<p><span style=\"font-weight: 400;\">Dikkat edilmesi gerekenler: katmans\u0131z, \u00e7ok uzun, d\u00fcz sa\u00e7lar y\u00fcz\u00fc daha da uzun g\u00f6sterebilir.<\/span><\/p>\n\n\n\n<h2 class=\"wp-block-heading\" id=\"farkli-yuz-sekilleri-icin-sac-modellerine-genel-bakis\"><b>Farkl\u0131 Y\u00fcz \u015eekilleri \u0130\u00e7in Sa\u00e7 Modellerine Genel Bak\u0131\u015f<\/b><\/h2>\n\n\n\n<p><span style=\"font-weight: 400;\">Fikirleri daralt\u0131rken h\u0131zl\u0131 bir rehber olarak bunu kullanabilirsiniz:<\/span><\/p>\n\n\n\n<ul class=\"wp-block-list\">\n<li><span style=\"font-weight: 400;\">Yuvarlak: uzun katlar, yana taranm\u0131\u015f kahk\u00fcller, asimetrik bob<\/span><\/li>\n\n\n\n<li><span style=\"font-weight: 400;\">Oval: \u00e7o\u011fu stil uygundur, d\u00fcz boblar ve pixie kesimler dahil<\/span><\/li>\n\n\n\n<li><span style=\"font-weight: 400;\">Kare: dokulu dalgalar, katl\u0131 kesimler, yan ayr\u0131m<\/span><\/li>\n\n\n\n<li><span style=\"font-weight: 400;\">Kalp \u015feklinde: \u00e7ene hizas\u0131nda bob, yana taranm\u0131\u015f kahk\u00fcller, gev\u015fek bukleler<\/span><\/li>\n\n\n\n<li><span style=\"font-weight: 400;\">Uzun\/dikd\u00f6rtgen: omuz hizas\u0131nda dalgalar, lob, katl\u0131 kahk\u00fcller<\/span><\/li>\n<\/ul>\n\n\n\n<p><span style=\"font-weight: 400;\">Sa\u00e7 dokusu, yo\u011funlu\u011fu ve \u015fekillendirme s\u00fcresi h\u00e2l\u00e2 \u00f6nemlidir; bu y\u00fczden bunu bir ba\u015flang\u0131\u00e7 noktas\u0131 olarak g\u00f6r\u00fcn\u2014kesin kurallar olarak de\u011fil.<\/span><\/p>\n\n\n\n<h2 class=\"wp-block-heading\" id=\"sac-modelleri-ve-yuz-sekilleri-hakkinda-sik-sorulan-sorular\"><b>Sa\u00e7 Modelleri ve Y\u00fcz \u015eekilleri Hakk\u0131nda S\u0131k Sorulan Sorular<\/b><\/h2>\n\n\n\n<h3 class=\"wp-block-heading\" id=\"yuz-seklimi-nasil-anlarim\"><b>Y\u00fcz \u015feklimi nas\u0131l anlar\u0131m?<\/b><\/h3>\n\n\n\n<p><span style=\"font-weight: 400;\">Sa\u00e7\u0131n\u0131z\u0131 geriye toplay\u0131n ve aln\u0131n\u0131z\u0131n, elmac\u0131k kemiklerinizin ve \u00e7ene hatt\u0131n\u0131z\u0131n geni\u015fli\u011fini kar\u015f\u0131la\u015ft\u0131r\u0131n, ard\u0131ndan y\u00fcz\u00fcn\u00fcz\u00fcn genel uzunlu\u011funu kontrol edin. En geni\u015f alan ve \u00e7ene \u015fekli genellikle hangi kategoriye girdi\u011finizi g\u00f6sterir.<\/span><\/p>\n\n\n\n<h3 class=\"wp-block-heading\" id=\"yuz-seklime-onerilmeyen-bir-sac-modelini-kullanabilir-miyim\"><b>Y\u00fcz \u015feklime \u201c\u00f6nerilmeyen\u201d bir sa\u00e7 modelini kullanabilir miyim?<\/b><\/h3>\n\n\n\n<p><span style=\"font-weight: 400;\">Evet. Y\u00fcz \u015fekli rehberli\u011fi dengeyi vurgular, izin vermez. Bir modeli seviyorsan\u0131z, ayr\u0131m y\u00f6n\u00fc, kat ekleme veya kahk\u00fcl de\u011fi\u015fimi gibi k\u00fc\u00e7\u00fck ayarlamalarla genellikle uyarlayabilirsiniz.<\/span><\/p>\n\n\n\n<h3 class=\"wp-block-heading\" id=\"kahkuller-her-yuz-sekline-uygun-mudur\"><b>Kahk\u00fcller her y\u00fcz \u015fekline uygun mudur?<\/b><\/h3>\n\n\n\n<p><span style=\"font-weight: 400;\">Genellikle evet\u2014farkl\u0131 olan t\u00fcr\u00fcd\u00fcr. Yana taranm\u0131\u015f kahk\u00fcller yuvarlak ve kalp \u015feklindeki y\u00fczlere, perde kahk\u00fcller oval ve uzun y\u00fczlere yak\u0131\u015f\u0131r. Kare y\u00fczler genellikle keskin de\u011fil, yumu\u015fak ve dokulu kahk\u00fcllerle daha iyi g\u00f6r\u00fcn\u00fcr.<\/span><\/p>\n\n\n\n<h3 class=\"wp-block-heading\" id=\"sac-dokusu-hangi-stilin-en-uygun-oldugunu-degistirir-mi\"><b>Sa\u00e7 dokusu hangi stilin en uygun oldu\u011funu de\u011fi\u015ftirir mi?<\/b><\/h3>\n\n\n\n<p><span style=\"font-weight: 400;\">Evet. \u0130nce sa\u00e7lar genellikle katlar ve stratejik hacimle daha iyi g\u00f6r\u00fcn\u00fcrken, kal\u0131n sa\u00e7lar yap\u0131l\u0131 \u015fekiller ve a\u011f\u0131rl\u0131k azaltma ile daha temiz durur. K\u0131v\u0131rc\u0131k sa\u00e7lar, k\u0131vr\u0131m desenini y\u00fczde dengeli tutacak \u00f6zel kesimlere ihtiya\u00e7 duyar.<\/span><\/p>\n\n\n\n<h3 class=\"wp-block-heading\" id=\"sac-modelimi-ne-siklikla-degistirmeliyim\"><b>Sa\u00e7 modelimi ne s\u0131kl\u0131kla de\u011fi\u015ftirmeliyim?<\/b><\/h3>\n\n\n\n<p><span style=\"font-weight: 400;\">Tek bir takvim yoktur. Bir\u00e7ok ki\u015fi birka\u00e7 ayda bir kesimini yenileyerek \u015fekli korur; b\u00fcy\u00fck de\u011fi\u015fiklikler ise daha seyrek olur. Rutinine uyan ve sa\u00e7\u0131n\u0131 sa\u011fl\u0131kl\u0131 tutan bir stil hedefle.<\/span><\/p>\n","protected":false},"excerpt":{"rendered":"<p>Farkl\u0131 Y\u00fcz \u015eekilleri \u0130\u00e7in En \u0130yi Sa\u00e7 Modelleri Y\u00fcz \u015fekliniz i\u00e7in en uygun sa\u00e7 modeli, oranlar\u0131 dengeleyen modeldir: yuvarlak y\u00fczler uzun katlar ve yana taranm\u0131\u015f kahk\u00fcllerle daha keskin g\u00f6r\u00fcn\u00fcr, kare y\u00fczler dokulu dalgalarla yumu\u015far, uzun y\u00fczler ise omuz hizas\u0131nda hacimle dengelenir. Oval y\u00fczler \u00e7o\u011fu kesime uygundur, kalp \u015feklindeki y\u00fczler ise \u00e7ene hizas\u0131ndaki k\u00fct kesimler ve [&hellip;]<\/p>\n","protected":false},"author":2,"featured_media":9665,"comment_status":"closed","ping_status":"closed","sticky":false,"template":"","format":"standard","meta":{"footnotes":""},"categories":[2,163],"tags":[],"class_list":["post-9424","post","type-post","status-publish","format-standard","has-post-thumbnail","hentry","category-blog","category-sac-bakimi"],"_links":{"self":[{"href":"https:\/\/haircenterofturkey.com\/tr\/wp-json\/wp\/v2\/posts\/9424","targetHints":{"allow":["GET"]}}],"collection":[{"href":"https:\/\/haircenterofturkey.com\/tr\/wp-json\/wp\/v2\/posts"}],"about":[{"href":"https:\/\/haircenterofturkey.com\/tr\/wp-json\/wp\/v2\/types\/post"}],"author":[{"embeddable":true,"href":"https:\/\/haircenterofturkey.com\/tr\/wp-json\/wp\/v2\/users\/2"}],"replies":[{"embeddable":true,"href":"https:\/\/haircenterofturkey.com\/tr\/wp-json\/wp\/v2\/comments?post=9424"}],"version-history":[{"count":4,"href":"https:\/\/haircenterofturkey.com\/tr\/wp-json\/wp\/v2\/posts\/9424\/revisions"}],"predecessor-version":[{"id":33062,"href":"https:\/\/haircenterofturkey.com\/tr\/wp-json\/wp\/v2\/posts\/9424\/revisions\/33062"}],"wp:featuredmedia":[{"embeddable":true,"href":"https:\/\/haircenterofturkey.com\/tr\/wp-json\/wp\/v2\/media\/9665"}],"wp:attachment":[{"href":"https:\/\/haircenterofturkey.com\/tr\/wp-json\/wp\/v2\/media?parent=9424"}],"wp:term":[{"taxonomy":"category","embeddable":true,"href":"https:\/\/haircenterofturkey.com\/tr\/wp-json\/wp\/v2\/categories?post=9424"},{"taxonomy":"post_tag","embeddable":true,"href":"https:\/\/haircenterofturkey.com\/tr\/wp-json\/wp\/v2\/tags?post=9424"}],"curies":[{"name":"wp","href":"https:\/\/api.w.org\/{rel}","templated":true}]}}