{"id":9174,"date":"2025-08-27T19:18:42","date_gmt":"2025-08-27T16:18:42","guid":{"rendered":"https:\/\/haircenterofturkey.com\/denverdaki-en-iyi-sac-ekim-klinikleri-hangileridir\/"},"modified":"2026-02-12T09:41:09","modified_gmt":"2026-02-12T06:41:09","slug":"denverdaki-en-iyi-sac-ekim-klinikleri-hangileridir","status":"publish","type":"post","link":"https:\/\/haircenterofturkey.com\/tr\/denverdaki-en-iyi-sac-ekim-klinikleri-hangileridir\/","title":{"rendered":"Denver\u2019daki En \u0130yi Sa\u00e7 Ekim Klinikleri Hangileridir?"},"content":{"rendered":"\n<h2 class=\"wp-block-heading\" id=\"denverdaki-en-iyi-sac-ekimi-klinikleri-hangileridir\">Denver\u2019daki En \u0130yi Sa\u00e7 Ekimi Klinikleri Hangileridir?<\/h2>\n\n\n\n<p>Denver, modern <a href=\"https:\/\/haircenterofturkey.com\/tr\/fue-2024-oncesi-ve-sonrasi\/\">FUE<\/a> teknikleri sunan uygulamalar ve uzun vadeli bak\u0131m sonras\u0131 s\u00fcrece odaklanan klinikler dahil olmak \u00fczere cerrahi <a href=\"https:\/\/haircenterofturkey.com\/tr\/dunyada-ilk-sac-ekimi-ne-zaman-yapildi\/\">sa\u00e7 restorasyonu<\/a> i\u00e7in sayg\u0131n se\u00e7eneklere sahiptir. \u201cEn iyi\u201d tercih; sa\u00e7 d\u00f6k\u00fclme modelinize, don\u00f6r alan kapasitenize ve i\u015flemin kritik a\u015famalar\u0131n\u0131 kimin ger\u00e7ekle\u015ftirdi\u011fine ba\u011fl\u0131d\u0131r. Kimlik bilgilerini do\u011frulayarak, ger\u00e7ek hasta sonu\u00e7lar\u0131n\u0131 inceleyerek ve ki\u015fiselle\u015ftirilmi\u015f <a href=\"https:\/\/haircenterofturkey.com\/tr\/fue-sac-ekimi-sonrasi-greftlerin-tutunm-orani-nasil-maksimuma-cikarilir\/\">greft<\/a> say\u0131s\u0131 tahmini alarak ba\u015flay\u0131n.<\/p>\n\n\n\n<figure class=\"wp-block-image\"><img decoding=\"async\" src=\"https:\/\/haircenterofturkey.com\/wp-content\/uploads\/2025\/08\/What-Are-the-Best-Hair-Transplant-Clinics-in-Denver-1.webp\" alt=\"Denver\u2019daki En \u0130yi Sa\u00e7 Ekimi Klinikleri Hangileridir?\" title=\"\"><\/figure>\n\n\n\n<div class=\"wp-block-rank-math-toc-block\" id=\"rank-math-toc\"><h2>\u0130\u00e7indekiler<\/h2><nav><ul><li class=\"\"><a href=\"#denverdaki-en-iyi-sac-ekimi-klinikleri-hangileridir\">Denver\u2019daki En \u0130yi Sa\u00e7 Ekimi Klinikleri Hangileridir?<\/a><\/li><li class=\"\"><a href=\"#denverda-sac-ekimi\">Denver\u2019da Sa\u00e7 Ekimi<\/a><\/li><li class=\"\"><a href=\"#denverda-sac-ekimi-sirasinda-neler-beklemelisiniz\">Denver\u2019da Sa\u00e7 Ekimi S\u0131ras\u0131nda Neler Beklemelisiniz?<\/a><\/li><li class=\"\"><a href=\"#denver-bolgesindeki-en-iyi-sac-ekimi-klinikleri\">Denver B\u00f6lgesindeki En \u0130yi Sa\u00e7 Ekimi Klinikleri<\/a><ul><li class=\"\"><a href=\"#hair-center-of-turkey-uluslararasi-istanbul-turkiye\">Hair Center of Turkey (Uluslararas\u0131 \u2013 \u0130stanbul, T\u00fcrkiye)<\/a><\/li><li class=\"\"><a href=\"#lygos-clinic-uluslararasi-istanbul-turkiye\">Lygos Clinic (Uluslararas\u0131 \u2013 \u0130stanbul, T\u00fcrkiye)<\/a><\/li><li class=\"\"><a href=\"#denver-hair-surgery-neo-graft-fue\">Denver Hair Surgery (NeoGraft FUE)<\/a><\/li><li class=\"\"><a href=\"#bosley-denver-greenwood-village\">Bosley Denver (Greenwood Village)<\/a><\/li><li class=\"\"><a href=\"#advanced-hair-restoration-lone-tree\">Advanced Hair Restoration (Lone Tree)<\/a><\/li><li class=\"\"><a href=\"#colorado-facial-plastic-surgery-englewood\">Colorado Facial Plastic Surgery (Englewood)<\/a><\/li><li class=\"\"><a href=\"#la-vie-plastic-surgery-smart-graft\">La Vie Plastic Surgery (SmartGraft)<\/a><\/li><li class=\"\"><a href=\"#restore-hair-denver\">RESTORE Hair (Denver)<\/a><\/li><\/ul><\/li><li class=\"\"><a href=\"#denverda-sac-ekimi-ne-kadar-tutar\">Denver\u2019da Sa\u00e7 Ekimi Ne Kadar Tutar?<\/a><ul><li class=\"\"><a href=\"#yayimlanmis-tipik-araliklar\">Yay\u0131mlanm\u0131\u015f Tipik Aral\u0131klar<\/a><\/li><\/ul><\/li><li class=\"\"><a href=\"#denver-kliniklerini-yurt-disina-seyahatle-karsilastiriyorsaniz\">Denver Kliniklerini Yurt D\u0131\u015f\u0131na Seyahatle Kar\u015f\u0131la\u015ft\u0131r\u0131yorsan\u0131z<\/a><\/li><li class=\"\"><a href=\"#denverda-fue-dhi-ve-fut-arasinda-secim\">Denver\u2019da FUE, DHI ve FUT Aras\u0131nda Se\u00e7im<\/a><ul><li class=\"\"><a href=\"#sac-ekimi-icin-denvera-gelen-hastalar-icin-seyahat-ipuclari\">Sa\u00e7 Ekimi \u0130\u00e7in Denver\u2019a Gelen Hastalar \u0130\u00e7in Seyahat \u0130pu\u00e7lar\u0131<\/a><\/li><\/ul><\/li><li class=\"\"><a href=\"#denverda-sac-ekimi-hakkinda-sss\">Denver\u2019da Sa\u00e7 Ekimi Hakk\u0131nda SSS<\/a><ul><li class=\"\"><a href=\"#faq-question-1770878006866\">Denver\u2019da sa\u00e7 ekimi ne kadar tutar?<\/a><\/li><li class=\"\"><a href=\"#faq-question-1770878432787\">En iyi sa\u00e7 ekimi klini\u011fi nas\u0131l se\u00e7ilir?<\/a><\/li><li class=\"\"><a href=\"#faq-question-1770878437881\">Sa\u00e7 ekimi i\u00e7in en iyi yer neresi?<\/a><\/li><li class=\"\"><a href=\"#faq-question-1770878444254\">Sa\u00e7 ekimini ABD\u2019de mi T\u00fcrkiye\u2019de mi yapt\u0131rmak daha iyi?<\/a><\/li><li class=\"\"><a href=\"#faq-question-1770878451068\">T\u00fcrkiye\u2019de \u00fcnl\u00fcler sa\u00e7 ekimi i\u00e7in nereye gider?<\/a><\/li><\/ul><\/li><\/ul><\/nav><\/div>\n\n\n\n<h2 class=\"wp-block-heading\" id=\"denverda-sac-ekimi\">Denver\u2019da Sa\u00e7 Ekimi<\/h2>\n\n\n\n<p>Denver\u2019daki sa\u00e7 restorasyonu pazar\u0131, yaln\u0131zca sa\u00e7 ekimine odaklanan klinikler ile FUE tabanl\u0131 ekimler sunan y\u00fcz plastik cerrahisi uygulamalar\u0131n\u0131n bir kar\u0131\u015f\u0131m\u0131yla \u015fekillenmektedir.<\/p>\n\n\n\n<p>Manuel FUE\u2019den <a href=\"https:\/\/haircenterofturkey.com\/tr\/neograft-mi-daha-iyi-yoksa-fue-mi\/\">NeoGraft<\/a> veya SmartGraft gibi cihaz destekli sistemlere kadar \u00e7e\u015fitli yakla\u015f\u0131mlar\u0131n yan\u0131 s\u0131ra <a href=\"https:\/\/haircenterofturkey.com\/tr\/sac-ekiminin-yan-etkileri\/\">PRP<\/a> ve medikal tedavi gibi cerrahi olmayan se\u00e7enekler de g\u00f6receksiniz.<\/p>\n\n\n\n<p>Sonu\u00e7lar tekni\u011fe ve uygulay\u0131c\u0131ya ba\u011fl\u0131 oldu\u011fundan, klini\u011fin s\u00fcreci pazarlama kadar \u00f6nemlidir. Sa\u00e7 \u00e7izgisini kimin tasarlad\u0131\u011f\u0131n\u0131, greftleri kimin \u00e7\u0131kard\u0131\u011f\u0131n\u0131 ve kimin yerle\u015ftirdi\u011fini sorun.<\/p>\n\n\n\n<h2 class=\"wp-block-heading\" id=\"denverda-sac-ekimi-sirasinda-neler-beklemelisiniz\">Denver\u2019da Sa\u00e7 Ekimi S\u0131ras\u0131nda Neler Beklemelisiniz?<\/h2>\n\n\n\n<p>\u00c7o\u011fu klinik, sa\u00e7 d\u00f6k\u00fclme ge\u00e7mi\u015finizi, don\u00f6r yo\u011funlu\u011funuzu ve <a href=\"https:\/\/haircenterofturkey.com\/tr\/farkl-sac-cizgisi-turleri\/\">sa\u00e7 \u00e7izgisi<\/a> ile <a href=\"https:\/\/haircenterofturkey.com\/tr\/tepe-bolgesi-sac-ekimi\/\">tepe b\u00f6lgesi<\/a> hedeflerinizi de\u011ferlendirmek i\u00e7in y\u00fcz y\u00fcze veya \u00e7evrim i\u00e7i bir dan\u0131\u015fmanl\u0131kla ba\u015flar.<\/p>\n\n\n\n<p>\u0130\u015flem g\u00fcn\u00fc genellikle <a href=\"https:\/\/haircenterofturkey.com\/tr\/sac-ekimi-ameliyatinda-hangi-anestezi-turu-tercih-edilmelidir\/\">lokal anestezi<\/a> uygulan\u0131r. FUE seanslar\u0131, greft say\u0131s\u0131na ve klini\u011fin manuel mi yoksa cihaz destekli ekstraksiyon mu kulland\u0131\u011f\u0131na ba\u011fl\u0131 olarak birka\u00e7 saat s\u00fcrebilir.<\/p>\n\n\n\n<p>\u0130lk d\u00f6nemde hafif \u015fi\u015flik ve k\u0131zar\u0131kl\u0131k beklenir. Ekilen sa\u00e7lar genellikle birka\u00e7 hafta i\u00e7inde d\u00f6k\u00fcl\u00fcr, ard\u0131ndan takip eden aylarda yeniden \u00e7\u0131kar; en belirgin de\u011fi\u015fim \u00e7o\u011fu zaman 9\u201312 ay civar\u0131nda g\u00f6r\u00fcl\u00fcr.<\/p>\n\n\n\n<h2 class=\"wp-block-heading\" id=\"denver-bolgesindeki-en-iyi-sac-ekimi-klinikleri\">Denver B\u00f6lgesindeki En \u0130yi Sa\u00e7 Ekimi Klinikleri<\/h2>\n\n\n\n<p>A\u015fa\u011f\u0131da Denver ve yak\u0131n banliy\u00f6lerde bilinen se\u00e7enekler yer almaktad\u0131r. Bu listeyi bir ba\u015flang\u0131\u00e7 noktas\u0131 olarak kullan\u0131n ve dan\u0131\u015fmanl\u0131\u011f\u0131n\u0131z s\u0131ras\u0131nda g\u00fcncel hizmetleri, cerrah\u0131n s\u00fcrece kat\u0131l\u0131m\u0131n\u0131 ve fiyatland\u0131rmay\u0131 do\u011frulay\u0131n.<\/p>\n\n\n\n<h3 class=\"wp-block-heading\" id=\"hair-center-of-turkey-uluslararasi-istanbul-turkiye\"><strong data-start=\"560\" data-end=\"636\"><span class=\"hover:entity-accent entity-underline inline cursor-pointer align-baseline\"><span class=\"whitespace-normal\">Hair Center of Turkey<\/span><\/span> (Uluslararas\u0131 \u2013 \u0130stanbul, T\u00fcrkiye)<\/strong><\/h3>\n\n\n\n<p><a href=\"https:\/\/haircenterofturkey.com\/tr\/neden-hair-center-of-turkeyi-tercih-etmelisiniz\/\">Hair Center of Turkey<\/a>, Denver dahil olmak \u00fczere ABD\u2019den hastalar taraf\u0131ndan s\u0131kl\u0131kla tercih edilen, uluslararas\u0131 alanda en tan\u0131nm\u0131\u015f <a href=\"https:\/\/haircenterofturkey.com\/tr\/sac-ekimi-nerede-yaptirilir-ingiltere-ve-turkiye-karsilastirma-rehberi\/\">sa\u00e7 ekimi<\/a> kliniklerinden biridir.<\/p>\n\n\n\n<p>Klinik, cerrah liderli\u011finde planlama ve uzun vadeli don\u00f6r alan y\u00f6netimi ile deneyimli medikal ekipler taraf\u0131ndan ger\u00e7ekle\u015ftirilen y\u00fcksek hacimli FUE ve <a href=\"https:\/\/haircenterofturkey.com\/tr\/dhi-ve-fue-sakal-ekimi-karsilastirmasi-hangisi-sizin-icin-daha-uygun\/\">DHI<\/a> i\u015flemlerine odaklan\u0131r.<\/p>\n\n\n\n<p>Denver fiyatlar\u0131n\u0131 yurt d\u0131\u015f\u0131 se\u00e7eneklerle kar\u015f\u0131la\u015ft\u0131r\u0131yorsan\u0131z, paket kapsam\u0131nda greft s\u0131n\u0131rlar\u0131n\u0131, t\u0131bbi g\u00f6zetimi, konaklama ve transferleri ile i\u015flem sonras\u0131 bak\u0131m deste\u011fini sorun.<\/p>\n\n\n\n<h3 class=\"wp-block-heading\" id=\"lygos-clinic-uluslararasi-istanbul-turkiye\"><strong data-start=\"1137\" data-end=\"1213\"><span class=\"hover:entity-accent entity-underline inline cursor-pointer align-baseline\"><span class=\"whitespace-normal\">Lygos Clinic<\/span><\/span> (Uluslararas\u0131 \u2013 \u0130stanbul, T\u00fcrkiye)<\/strong><\/h3>\n\n\n\n<p>Lygos Clinic, ki\u015fiselle\u015ftirilmi\u015f sa\u00e7 ekimi planlamas\u0131 ve <a href=\"https:\/\/haircenterofturkey.com\/tr\/fue-ve-fut\/\">do\u011fal sa\u00e7 \u00e7izgisi<\/a> tasar\u0131m\u0131 arayan hastalar i\u00e7in premium butik bir se\u00e7enek olarak konumlanmaktad\u0131r.<\/p>\n\n\n\n<p>Klinik, seri \u00fcretim tarz\u0131 i\u015flemler yerine kontroll\u00fc greft yerle\u015ftirme, yo\u011funluk planlamas\u0131 ve hastaya \u00f6zel stratejilere vurgu yapar.<\/p>\n\n\n\n<p>Dan\u0131\u015fmanl\u0131k s\u0131ras\u0131nda sa\u00e7 \u00e7izgisini kimin tasarlad\u0131\u011f\u0131n\u0131, greft da\u011f\u0131l\u0131m\u0131n\u0131n nas\u0131l planland\u0131\u011f\u0131n\u0131 ve ABD\u2019ye d\u00f6nd\u00fckten sonra hangi takip deste\u011finin sunuldu\u011funu netle\u015ftirin.<\/p>\n\n\n\n<h3 class=\"wp-block-heading\" id=\"denver-hair-surgery-neo-graft-fue\">Denver Hair Surgery (NeoGraft FUE)<\/h3>\n\n\n\n<p>Bu uygulama, NeoGraft FUE sa\u00e7 ekimini \u00f6ne \u00e7\u0131kar\u0131r ve yerel fiyat beklentilerine dair rehberlik yay\u0131mlar.<\/p>\n\n\n\n<p>Teklifleri kar\u015f\u0131la\u015ft\u0131r\u0131yorsan\u0131z, greft say\u0131s\u0131 tahminini, \u00fccrete nelerin dahil oldu\u011funu ve i\u015flem sonras\u0131 bak\u0131m plan\u0131n\u0131 sorun.<\/p>\n\n\n\n<h3 class=\"wp-block-heading\" id=\"bosley-denver-greenwood-village\">Bosley Denver (Greenwood Village)<\/h3>\n\n\n\n<p>Bosley, Denver b\u00f6lgesinde bir lokasyon i\u015fletir ve hem cerrahi hem de cerrahi olmayan sa\u00e7 restorasyonu se\u00e7enekleri sunar.<\/p>\n\n\n\n<p>Ulusal bir markay\u0131 tercih ediyorsan\u0131z, dan\u0131\u015fmanl\u0131\u011f\u0131n\u0131zda yerel merkezde cerrahi ad\u0131mlar\u0131 kimin ger\u00e7ekle\u015ftirece\u011fine ve takiplerin nas\u0131l y\u00fcr\u00fct\u00fcld\u00fc\u011f\u00fcne odaklan\u0131n.<\/p>\n\n\n\n<h3 class=\"wp-block-heading\" id=\"advanced-hair-restoration-lone-tree\">Advanced Hair Restoration (Lone Tree)<\/h3>\n\n\n\n<p>Advanced Hair Restoration, Lone Tree\u2019de Denver b\u00f6lgesine hizmet veren bir lokasyon listeler ve maliyeti etkileyen fakt\u00f6rler ile tipik fiyat aral\u0131klar\u0131n\u0131 a\u00e7\u0131klar.<\/p>\n\n\n\n<p>Sa\u00e7 kal\u0131nl\u0131\u011f\u0131n\u0131z ve k\u0131v\u0131rc\u0131kl\u0131k yap\u0131n\u0131z dahil, size benzer sa\u00e7 \u00e7izgileri i\u00e7in \u00f6nce-sonra foto\u011fraflar\u0131 g\u00f6rmeyi isteyin.<\/p>\n\n\n\n<h3 class=\"wp-block-heading\" id=\"colorado-facial-plastic-surgery-englewood\">Colorado Facial Plastic Surgery (Englewood)<\/h3>\n\n\n\n<p>Bu grup, Denver metro b\u00f6lgesinde NeoGraft FUE sa\u00e7 restorasyonu hizmetleri sunar.<\/p>\n\n\n\n<p>Sa\u00e7 ekiminin ana hizmet olmad\u0131\u011f\u0131, yaln\u0131zca ek bir se\u00e7enek olarak sunuldu\u011fu uygulamalarda, sa\u00e7 ekiminin ger\u00e7ekten \u00e7ekirdek bir hizmet oldu\u011fundan emin olun.<\/p>\n\n\n\n<h3 class=\"wp-block-heading\" id=\"la-vie-plastic-surgery-smart-graft\">La Vie Plastic Surgery (SmartGraft)<\/h3>\n\n\n\n<p>La Vie Plastic Surgery, Denver\u2019da bir FUE tekni\u011fi se\u00e7ene\u011fi olarak SmartGraft\u2019\u0131 tan\u0131mlar.<\/p>\n\n\n\n<p>SmartGraft\u2019\u0131n yaln\u0131zca greft \u00e7\u0131kar\u0131m\u0131 i\u00e7in mi kullan\u0131ld\u0131\u011f\u0131n\u0131, greftleri kimin yerle\u015ftirdi\u011fini ve ger\u00e7ek\u00e7i olarak hangi yo\u011funlu\u011fu bekleyebilece\u011finizi do\u011frulay\u0131n.<\/p>\n\n\n\n<h3 class=\"wp-block-heading\" id=\"restore-hair-denver\">RESTORE Hair (Denver)<\/h3>\n\n\n\n<p>RESTORE Hair, Denver lokasyonunu listeler ve baz\u0131 durumlarda t\u0131ra\u015fs\u0131z se\u00e7enekler dahil olmak \u00fczere FUE tabanl\u0131 \u00e7\u00f6z\u00fcmlere odaklan\u0131r.<\/p>\n\n\n\n<p>T\u0131ra\u015fs\u0131z veya s\u0131n\u0131rl\u0131 t\u0131ra\u015fl\u0131 FUE baz\u0131 hastalar i\u00e7in faydal\u0131 olabilir; ancak maliyeti ve greft verimini etkileyebilir. Uygunlu\u011fun nas\u0131l belirlendi\u011fini sorun.<\/p>\n\n\n\n<h2 class=\"wp-block-heading\" id=\"denverda-sac-ekimi-ne-kadar-tutar\">Denver\u2019da Sa\u00e7 Ekimi Ne Kadar Tutar?<\/h2>\n\n\n\n<p>Fiyatlar; greft say\u0131s\u0131na, tekni\u011fe, cerrah\u0131n deneyimine ve i\u015fin ne kadar\u0131n\u0131n devredildi\u011fine ba\u011fl\u0131 olarak de\u011fi\u015fir.<\/p>\n\n\n\n<p>B\u00fcy\u00fck sa\u011flay\u0131c\u0131lar genelinde, bir\u00e7ok hasta orta d\u00f6rt haneli rakamlardan orta be\u015f haneli rakamlara kadar teklifler g\u00f6r\u00fcr; sizin durumunuz i\u00e7in g\u00fcvenilir tek rakam dan\u0131\u015fmanl\u0131kta verilir.<\/p>\n\n\n\n<p>Baz\u0131 klinikler ba\u015flang\u0131\u00e7 fiyatlar\u0131 veya tipik aral\u0131klar yay\u0131mlar. Bunlar\u0131 bir temel olarak kullan\u0131n ve nelerin dahil oldu\u011funu kar\u015f\u0131la\u015ft\u0131r\u0131n: ameliyat \u00f6ncesi tetkikler, ila\u00e7lar, ameliyat sonras\u0131 kontroller ve varsa r\u00f6tu\u015f politikas\u0131.<\/p>\n\n\n\n<h3 class=\"wp-block-heading\" id=\"yayimlanmis-tipik-araliklar\">Yay\u0131mlanm\u0131\u015f Tipik Aral\u0131klar<\/h3>\n\n\n\n<p>Bosley, bir\u00e7ok i\u015flemin tedavi plan\u0131na ba\u011fl\u0131 olarak 6.000 $ ile 12.000 $ aras\u0131nda oldu\u011funu belirtir.<\/p>\n\n\n\n<p>Denver Hair Surgery, programlar\u0131 i\u00e7in tipik maliyetlerin yakla\u015f\u0131k 7.500 $\u2019dan ba\u015flayabildi\u011fini ifade eder.<\/p>\n\n\n\n<p>Advanced Hair Restoration, ortalaman\u0131n yakla\u015f\u0131k 12.000 $ oldu\u011funu; karma\u015f\u0131kl\u0131\u011fa ba\u011fl\u0131 olarak aral\u0131klar\u0131n \u00e7o\u011funlukla yakla\u015f\u0131k 8.000 $ ile 15.000 $+ aras\u0131nda de\u011fi\u015fti\u011fini a\u00e7\u0131klar.<\/p>\n\n\n\n<figure class=\"wp-block-image\"><img decoding=\"async\" src=\"https:\/\/haircenterofturkey.com\/wp-content\/uploads\/2025\/08\/What-Are-the-Best-Hair-Transplant-Clinics-in-Denver-2.webp\" alt=\"Denver\u2019daki En \u0130yi Sa\u00e7 Ekimi Klinikleri Hangileridir?\" title=\"\"><\/figure>\n\n\n\n<p><\/p>\n\n\n\n<h2 class=\"wp-block-heading\" id=\"denver-kliniklerini-yurt-disina-seyahatle-karsilastiriyorsaniz\">Denver Kliniklerini Yurt D\u0131\u015f\u0131na Seyahatle Kar\u015f\u0131la\u015ft\u0131r\u0131yorsan\u0131z<\/h2>\n\n\n\n<p>Baz\u0131 hastalar, \u00f6zellikle T\u00fcrkiye\u2019deki kliniklerin ilan etti\u011fi paket tarz\u0131 fiyatland\u0131rmalar nedeniyle, Denver\u2019daki yerel teklifleri yurt d\u0131\u015f\u0131 se\u00e7eneklerle de kar\u015f\u0131la\u015ft\u0131r\u0131r.<\/p>\n\n\n\n<p>Hair Center of Turkey ve Lygos Clinic gibi klinikler Denver\u2019da de\u011fil, \u0130stanbul\u2019da bulunmaktad\u0131r. Medikal turizmi de\u011ferlendiriyorsan\u0131z, ameliyat\u0131 kimin ger\u00e7ekle\u015ftirdi\u011fini, eve d\u00f6nd\u00fc\u011f\u00fcn\u00fczde i\u015flem sonras\u0131 bak\u0131m\u0131n nas\u0131l y\u00f6netilece\u011fini ve bir revizyon gerekirse hangi haklara sahip oldu\u011funuzu teyit edin.<\/p>\n\n\n\n<p>Daha d\u00fc\u015f\u00fck fiyatlar ger\u00e7ek olabilir; ancak en g\u00fcvenli karar genellikle net kimlik bilgileri, \u015feffaf t\u0131bbi denetim ve g\u00fcvenilir takip ile verilir.<\/p>\n\n\n\n<h2 class=\"wp-block-heading\" id=\"denverda-fue-dhi-ve-fut-arasinda-secim\">Denver\u2019da FUE, DHI ve FUT Aras\u0131nda Se\u00e7im<\/h2>\n\n\n\n<p>Teknik se\u00e7imi, trendlerden ziyade sa\u00e7 d\u00f6k\u00fclme modelinize, don\u00f6r \u00f6zelliklerinize ve \u015fekillendirme tercihlerinize g\u00f6re yap\u0131lmal\u0131d\u0131r.<\/p>\n\n\n\n<p>FUE, lineer bir iz b\u0131rakmamas\u0131 ve genellikle normal aktivitelere daha h\u0131zl\u0131 d\u00f6n\u00fc\u015f sa\u011flamas\u0131 nedeniyle pop\u00fclerdir.<\/p>\n\n\n\n<p><a href=\"https:\/\/haircenterofturkey.com\/tr\/sac-ekimi-sonrasi-ne-zaman-ise-gidilebilir\/\">FUT<\/a>, \u00e7ok say\u0131da greft gerekti\u011finde ve arka k\u0131s\u0131mda daha <a href=\"https:\/\/haircenterofturkey.com\/tr\/uzun-sacli-5-erkek-unlu\/\">uzun sa\u00e7<\/a> kullan\u0131yorsan\u0131z lineer bir izi kabul edebilece\u011finiz durumlarda g\u00fc\u00e7l\u00fc bir se\u00e7enek olabilir.<\/p>\n\n\n\n<p>DHI genellikle implanter kalem kullan\u0131larak yap\u0131lan bir yerle\u015ftirme y\u00f6ntemi olarak tan\u0131mlan\u0131r. Sonu\u00e7lar yine greftlerin nas\u0131l i\u015flendi\u011fine, kesi stratejisine ve ekibin deneyimine ba\u011fl\u0131d\u0131r.<\/p>\n\n\n\n<h3 class=\"wp-block-heading\" id=\"sac-ekimi-icin-denvera-gelen-hastalar-icin-seyahat-ipuclari\">Sa\u00e7 Ekimi \u0130\u00e7in Denver\u2019a Gelen Hastalar \u0130\u00e7in Seyahat \u0130pu\u00e7lar\u0131<\/h3>\n\n\n\n<p>\u00d6zellikle u\u00e7akla seyahat ediyorsan\u0131z veya fiziksel olarak zorlay\u0131c\u0131 bir i\u015finiz varsa, i\u015flemden sonra birka\u00e7 sakin g\u00fcn ay\u0131rmay\u0131 planlay\u0131n.<\/p>\n\n\n\n<p>Ameliyattan hemen sonra uzun yolculuklardan ka\u00e7\u0131nmak ve erken kontroller i\u00e7in kolayca geri d\u00f6nebilmek ad\u0131na klini\u011fe yak\u0131n bir otel ay\u0131rt\u0131n.<\/p>\n\n\n\n<p>\u00d6nden d\u00fc\u011fmeli g\u00f6mlekler veya fermuarl\u0131 kap\u00fc\u015fonlular paketleyin. Dar bir ti\u015f\u00f6rt\u00fc ba\u015f\u0131n\u0131zdan ge\u00e7irmek, ilk g\u00fcnlerde greftleri tahri\u015f edebilir.<\/p>\n\n\n\n<h2 class=\"wp-block-heading\" id=\"denverda-sac-ekimi-hakkinda-sss\">Denver\u2019da Sa\u00e7 Ekimi Hakk\u0131nda SSS<\/h2>\n\n\n<div id=\"rank-math-faq\" class=\"rank-math-block\">\n<div class=\"rank-math-list \">\n<div id=\"faq-question-1770878006866\" class=\"rank-math-list-item\">\n<h3 class=\"rank-math-question \">Denver\u2019da sa\u00e7 ekimi ne kadar tutar?<\/h3>\n<div class=\"rank-math-answer \">\n\n<p>Maliyet greft say\u0131s\u0131na ba\u011fl\u0131d\u0131r; genelde birka\u00e7 bin dolardan ba\u015flar.<\/p>\n\n<\/div>\n<\/div>\n<div id=\"faq-question-1770878432787\" class=\"rank-math-list-item\">\n<h3 class=\"rank-math-question \">En iyi sa\u00e7 ekimi klini\u011fi nas\u0131l se\u00e7ilir?<\/h3>\n<div class=\"rank-math-answer \">\n\n<p>Sertifikal\u0131 cerrah, ger\u00e7ek \u00f6nce-sonra foto\u011fraflar\u0131, \u015feffaf fiyat, g\u00fc\u00e7l\u00fc takip se\u00e7in.<\/p>\n\n<\/div>\n<\/div>\n<div id=\"faq-question-1770878437881\" class=\"rank-math-list-item\">\n<h3 class=\"rank-math-question \">Sa\u00e7 ekimi i\u00e7in en iyi yer neresi?<\/h3>\n<div class=\"rank-math-answer \">\n\n<p>En iyi yer, deneyimli cerrah\u0131 ve ula\u015f\u0131labilir kontrolleri olan g\u00fcvenilir kliniktir.<\/p>\n\n<\/div>\n<\/div>\n<div id=\"faq-question-1770878444254\" class=\"rank-math-list-item\">\n<h3 class=\"rank-math-question \">Sa\u00e7 ekimini ABD\u2019de mi T\u00fcrkiye\u2019de mi yapt\u0131rmak daha iyi?<\/h3>\n<div class=\"rank-math-answer \">\n\n<p>T\u00fcrkiye daha ucuz; ABD takip kolayl\u0131\u011f\u0131 sa\u011flar; kalite ve g\u00fcvenlik \u00f6ncelik.<\/p>\n\n<\/div>\n<\/div>\n<div id=\"faq-question-1770878451068\" class=\"rank-math-list-item\">\n<h3 class=\"rank-math-question \">T\u00fcrkiye\u2019de \u00fcnl\u00fcler sa\u00e7 ekimi i\u00e7in nereye gider?<\/h3>\n<div class=\"rank-math-answer \">\n\n<p>\u00dcnl\u00fcler \u00e7o\u011funlukla \u0130stanbul\u2019daki premium klinikleri, mahremiyet ve VIP hizmet i\u00e7in se\u00e7er.<\/p>\n\n<\/div>\n<\/div>\n<\/div>\n<\/div>","protected":false},"excerpt":{"rendered":"<p>Denver\u2019daki En \u0130yi Sa\u00e7 Ekimi Klinikleri Hangileridir? Denver, modern FUE teknikleri sunan uygulamalar ve uzun vadeli bak\u0131m sonras\u0131 s\u00fcrece odaklanan klinikler dahil olmak \u00fczere cerrahi sa\u00e7 restorasyonu i\u00e7in sayg\u0131n se\u00e7eneklere sahiptir. \u201cEn iyi\u201d tercih; sa\u00e7 d\u00f6k\u00fclme modelinize, don\u00f6r alan kapasitenize ve i\u015flemin kritik a\u015famalar\u0131n\u0131 kimin ger\u00e7ekle\u015ftirdi\u011fine ba\u011fl\u0131d\u0131r. Kimlik bilgilerini do\u011frulayarak, ger\u00e7ek hasta sonu\u00e7lar\u0131n\u0131 inceleyerek ve [&hellip;]<\/p>\n","protected":false},"author":2,"featured_media":9567,"comment_status":"closed","ping_status":"closed","sticky":false,"template":"","format":"standard","meta":{"footnotes":""},"categories":[2,186],"tags":[],"class_list":["post-9174","post","type-post","status-publish","format-standard","has-post-thumbnail","hentry","category-blog","category-en-iyi-sac-ekimi-klinikleri"],"_links":{"self":[{"href":"https:\/\/haircenterofturkey.com\/tr\/wp-json\/wp\/v2\/posts\/9174","targetHints":{"allow":["GET"]}}],"collection":[{"href":"https:\/\/haircenterofturkey.com\/tr\/wp-json\/wp\/v2\/posts"}],"about":[{"href":"https:\/\/haircenterofturkey.com\/tr\/wp-json\/wp\/v2\/types\/post"}],"author":[{"embeddable":true,"href":"https:\/\/haircenterofturkey.com\/tr\/wp-json\/wp\/v2\/users\/2"}],"replies":[{"embeddable":true,"href":"https:\/\/haircenterofturkey.com\/tr\/wp-json\/wp\/v2\/comments?post=9174"}],"version-history":[{"count":4,"href":"https:\/\/haircenterofturkey.com\/tr\/wp-json\/wp\/v2\/posts\/9174\/revisions"}],"predecessor-version":[{"id":22882,"href":"https:\/\/haircenterofturkey.com\/tr\/wp-json\/wp\/v2\/posts\/9174\/revisions\/22882"}],"wp:featuredmedia":[{"embeddable":true,"href":"https:\/\/haircenterofturkey.com\/tr\/wp-json\/wp\/v2\/media\/9567"}],"wp:attachment":[{"href":"https:\/\/haircenterofturkey.com\/tr\/wp-json\/wp\/v2\/media?parent=9174"}],"wp:term":[{"taxonomy":"category","embeddable":true,"href":"https:\/\/haircenterofturkey.com\/tr\/wp-json\/wp\/v2\/categories?post=9174"},{"taxonomy":"post_tag","embeddable":true,"href":"https:\/\/haircenterofturkey.com\/tr\/wp-json\/wp\/v2\/tags?post=9174"}],"curies":[{"name":"wp","href":"https:\/\/api.w.org\/{rel}","templated":true}]}}