{"id":8728,"date":"2025-08-13T17:38:27","date_gmt":"2025-08-13T14:38:27","guid":{"rendered":"https:\/\/haircenterofturkey.com\/james-nesbitt-sac-ekimi-yaptirdi-mi\/"},"modified":"2026-02-10T09:28:52","modified_gmt":"2026-02-10T06:28:52","slug":"james-nesbitt-sac-ekimi-yaptirdi-mi","status":"publish","type":"post","link":"https:\/\/haircenterofturkey.com\/tr\/james-nesbitt-sac-ekimi-yaptirdi-mi\/","title":{"rendered":"James Nesbitt Sa\u00e7 Ekimi Yapt\u0131rd\u0131 m\u0131?"},"content":{"rendered":"\n<h2 class=\"wp-block-heading\" id=\"james-nesbitt-sac-ekimi-yaptirdi-mi\">James Nesbitt Sa\u00e7 Ekimi Yapt\u0131rd\u0131 m\u0131?<\/h2>\n\n\n\n<p><span style=\"font-weight: 400;\">Evet. James Nesbitt, <a href=\"https:\/\/haircenterofturkey.com\/tr\/sac-ekimi-nerede-yaptirilir-ingiltere-ve-turkiye-karsilastirma-rehberi\/\">sa\u00e7 ekimi<\/a> ameliyat\u0131 ge\u00e7irdi\u011fini kamuoyuna a\u00e7\u0131k \u015fekilde s\u00f6ylemi\u015f ve deneyimini r\u00f6portajlarda ve klinik referanslar\u0131nda payla\u015fm\u0131\u015ft\u0131r. T\u0131bbi ayr\u0131nt\u0131lar\u0131n tamam\u0131n\u0131 a\u00e7\u0131klamam\u0131\u015ft\u0131r; bu nedenle kullan\u0131lan tekni\u011fin tam olarak ne oldu\u011fu, <a href=\"https:\/\/haircenterofturkey.com\/tr\/fue-sac-ekimi-sonrasi-greftlerin-tutunm-orani-nasil-maksimuma-cikarilir\/\">greft<\/a> say\u0131lar\u0131 ve zaman \u00e7izelgesi gibi detaylar do\u011frulanm\u0131\u015f bilgilerden ziyade bilin\u00e7li tahminler olarak de\u011ferlendirilmelidir.<\/span><\/p>\n\n\n\n<div class=\"wp-block-rank-math-toc-block\" id=\"rank-math-toc\"><h2>\u0130\u00e7indekiler<\/h2><nav><ul><li class=\"\"><a href=\"#james-nesbitt-sac-ekimi-yaptirdi-mi\">James Nesbitt Sa\u00e7 Ekimi Yapt\u0131rd\u0131 m\u0131?<\/a><\/li><li class=\"\"><a href=\"#james-nesbitt-sac-ekimi-yaptirdigini-dogruladi-mi\">James Nesbitt Sa\u00e7 Ekimi Yapt\u0131rd\u0131\u011f\u0131n\u0131 Do\u011frulad\u0131 m\u0131?<\/a><\/li><li class=\"\"><a href=\"#islemi-nerede-yaptirdi\">\u0130\u015flemi nerede yapt\u0131rd\u0131?<\/a><\/li><li class=\"\"><a href=\"#hangi-sac-ekimi-yontemini-yaptirdi\">Hangi sa\u00e7 ekimi y\u00f6ntemini yapt\u0131rd\u0131?<\/a><\/li><li class=\"\"><a href=\"#james-nesbitt-kac-greft-ektirdi\">James Nesbitt ka\u00e7 greft ektirdi?<\/a><\/li><li class=\"\"><a href=\"#james-nesbittin-sac-ekimi-guvenli-miydi\">James Nesbitt\u2019in sa\u00e7 ekimi g\u00fcvenli miydi?<\/a><\/li><li class=\"\"><a href=\"#gorunumunu-nasil-etkiledi\">G\u00f6r\u00fcn\u00fcm\u00fcn\u00fc nas\u0131l etkiledi?<\/a><\/li><li class=\"\"><a href=\"#goz-onunde-sac-ekimi\">G\u00f6z \u00f6n\u00fcnde sa\u00e7 ekimi<\/a><\/li><li class=\"\"><a href=\"#sss\">SSS<\/a><ul><li class=\"\"><a href=\"#faq-question-1770704753199\">James Nesbitt ka\u00e7 kez sa\u00e7 ekimi yapt\u0131rd\u0131?<\/a><\/li><li class=\"\"><a href=\"#faq-question-1770704770488\">James Nesbitt sa\u00e7 ekimi yapt\u0131rd\u0131 m\u0131?<\/a><\/li><li class=\"\"><a href=\"#faq-question-1770704771404\">James Nesbitt sa\u00e7 ekimine ne kadar \u00f6dedi?<\/a><\/li><li class=\"\"><a href=\"#faq-question-1770704772290\">James Nesbitt sa\u00e7 ekimini nerede yapt\u0131rd\u0131?<\/a><\/li><li class=\"\"><a href=\"#faq-question-1770704773222\">Sa\u00e7 ekimi g\u00fcvenli mi?<\/a><\/li><li class=\"\"><a href=\"#faq-question-1770704774058\">Sa\u00e7 ekimi ger\u00e7ekten i\u015fe yarar m\u0131?<\/a><\/li><li class=\"\"><a href=\"#faq-question-1770704775397\">Sa\u00e7 ekimi kal\u0131c\u0131 m\u0131?<\/a><\/li><li class=\"\"><a href=\"#faq-question-1770704776303\">\u00dcnl\u00fcler sa\u00e7 ekimini nerede yapt\u0131r\u0131r?<\/a><\/li><\/ul><\/li><\/ul><\/nav><\/div>\n\n\n\n<h2 class=\"wp-block-heading\" id=\"james-nesbitt-sac-ekimi-yaptirdigini-dogruladi-mi\">James Nesbitt Sa\u00e7 Ekimi Yapt\u0131rd\u0131\u011f\u0131n\u0131 Do\u011frulad\u0131 m\u0131?<\/h2>\n\n\n\n<p><span style=\"font-weight: 400;\">Evet. Nesbitt, sa\u00e7 ekimi ameliyat\u0131 yapt\u0131rd\u0131\u011f\u0131n\u0131 dile getirmi\u015f ve bunun \u00f6zg\u00fcveni ile i\u015fi \u00fczerindeki etkisini anlatan bir referans kayd\u0131 da yapm\u0131\u015ft\u0131r. Kamuoyuyla payla\u015ft\u0131klar\u0131, ayr\u0131nt\u0131l\u0131 klinik verilerden ziyade ki\u015fisel deneyime\u2014nas\u0131l hissettirdi\u011fi, neden yapt\u0131rmay\u0131 se\u00e7ti\u011fi ve yaratt\u0131\u011f\u0131 fark\u2014odaklanmaktad\u0131r.<\/span><\/p>\n\n\n\n<figure class=\"wp-block-image\"><img decoding=\"async\" src=\"https:\/\/haircenterofturkey.com\/wp-content\/uploads\/2025\/08\/Did-James-Nesbitt-Have-a-Hair-Transplant-1.webp\" alt=\"James Nesbitt Sa\u00e7 Ekimi Yapt\u0131rd\u0131 m\u0131?\" title=\"\"><\/figure>\n\n\n\n<p><\/p>\n\n\n\n<h2 class=\"wp-block-heading\" id=\"islemi-nerede-yaptirdi\"><b>\u0130\u015flemi nerede yapt\u0131rd\u0131?<\/b><\/h2>\n\n\n\n<p><span style=\"font-weight: 400;\">Kamuya a\u00e7\u0131k materyaller, tedavisinin \u0130rlanda\u2019n\u0131n Dublin kentindeki Hair Restoration Blackrock (HRBR) ile ba\u011flant\u0131l\u0131 oldu\u011funu g\u00f6steriyor. Bu referans i\u00e7eriklerinde, ilk i\u015flemini y\u0131llar \u00f6nce yapt\u0131rd\u0131\u011f\u0131n\u0131 ve daha sonra ek restorasyonlar i\u00e7in geri d\u00f6nd\u00fc\u011f\u00fcn\u00fc anlat\u0131yor.<\/span><\/p>\n\n\n\n<h2 class=\"wp-block-heading\" id=\"hangi-sac-ekimi-yontemini-yaptirdi\"><b>Hangi sa\u00e7 ekimi y\u00f6ntemini yapt\u0131rd\u0131?<\/b><\/h2>\n\n\n\n<p><span style=\"font-weight: 400;\">Kamu kay\u0131tlar\u0131nda tek ve evrensel olarak do\u011frulanm\u0131\u015f bir yan\u0131t yok. Baz\u0131 klinik ve uzman yaz\u0131lar\u0131, don\u00f6r b\u00f6lgeden ince bir \u015ferit \u00e7\u0131kar\u0131l\u0131p greftlerin ekilmesini i\u00e7eren Folik\u00fcler \u00dcnite Transplantasyonu\u2019nu (<a href=\"https:\/\/haircenterofturkey.com\/tr\/sac-ekimi-sonrasi-ne-zaman-ise-gidilebilir\/\">FUT<\/a>) tarif ediyor. Di\u011fer analizler ise\u2014lineer bir don\u00f6r izinin pek g\u00f6r\u00fcnmemesi ve sa\u00e7 \u00e7izgisindeki iyile\u015fmelerin modern greft yerle\u015ftirmeyle uyumlu g\u00f6r\u00fcnmesi nedeniyle\u2014FUE tarz\u0131 bir yakla\u015f\u0131m\u0131 (t\u0131ra\u015fs\u0131z <a href=\"https:\/\/haircenterofturkey.com\/tr\/fue-2024-oncesi-ve-sonrasi\/\">FUE<\/a> dahil) \u00f6ne s\u00fcr\u00fcyor.<\/span><\/p>\n\n\n\n<p><span style=\"font-weight: 400;\">En ger\u00e7ek\u00e7i bak\u0131\u015f a\u00e7\u0131s\u0131, \u00f6zellikle ilk ameliyat\u0131n\u0131n FUT\u2019un daha yayg\u0131n oldu\u011fu d\u00f6nemde yap\u0131lm\u0131\u015f olmas\u0131 ve sonraki i\u015flemlerin FUE ile rafine edilmesi ihtimali g\u00f6z \u00f6n\u00fcne al\u0131nd\u0131\u011f\u0131nda, tekniklerin i\u015flemler aras\u0131nda de\u011fi\u015fmi\u015f olabilece\u011fidir.<\/span><\/p>\n\n\n\n<figure class=\"wp-block-image\"><img decoding=\"async\" src=\"https:\/\/haircenterofturkey.com\/wp-content\/uploads\/2025\/08\/Did-James-Nesbitt-Have-a-Hair-Transplant-2.webp\" alt=\"James Nesbitt Sa\u00e7 Ekimi Yapt\u0131rd\u0131 m\u0131?\" title=\"\"><\/figure>\n\n\n\n<p><\/p>\n\n\n\n<h2 class=\"wp-block-heading\" id=\"james-nesbitt-kac-greft-ektirdi\"><b>James Nesbitt ka\u00e7 greft ektirdi?<\/b><\/h2>\n\n\n\n<p><span style=\"font-weight: 400;\">Kesin greft say\u0131lar\u0131 t\u0131bbi kay\u0131t olarak yay\u0131mlanmad\u0131. \u00c7evrimi\u00e7i tahminler de\u011fi\u015fkenlik g\u00f6steriyor ve \u00e7o\u011fu zaman <a href=\"https:\/\/haircenterofturkey.com\/tr\/farkl-sac-cizgisi-turleri\/\">sa\u00e7 \u00e7izgisi<\/a> \u00e7al\u0131\u015fmalar\u0131n\u0131n d\u00fc\u015f\u00fck-orta binler seviyesinde oldu\u011fu \u00f6ne s\u00fcr\u00fcl\u00fcyor. Bu rakamlar belgeye de\u011fil, foto\u011fraf kar\u015f\u0131la\u015ft\u0131rmalar\u0131na ve profesyonel g\u00f6r\u00fc\u015flere dayand\u0131\u011f\u0131 i\u00e7in kesin istatistikler olarak de\u011fil, tahmin olarak de\u011ferlendirilmelidir.<\/span><\/p>\n\n\n\n<h2 class=\"wp-block-heading\" id=\"james-nesbittin-sac-ekimi-guvenli-miydi\"><b>James Nesbitt\u2019in sa\u00e7 ekimi g\u00fcvenli miydi?<\/b><\/h2>\n\n\n\n<p><span style=\"font-weight: 400;\">Nesbitt\u2019in kendi yorumlar\u0131 deneyimi olumlu olarak \u00e7er\u00e7eveliyor ve g\u00f6r\u00fcnen sonu\u00e7lar\u0131, dikkatli planlama ile muhafazak\u00e2r ve do\u011fal g\u00f6r\u00fcn\u00fcml\u00fc bir tasar\u0131ma i\u015faret ediyor. Genel olarak sa\u00e7 ekimi, nitelikli klinisyenler taraf\u0131ndan uygun tarama, steril teknik ve do\u011fru bak\u0131m ile yap\u0131ld\u0131\u011f\u0131nda d\u00fc\u015f\u00fck riskli, iste\u011fe ba\u011fl\u0131 bir prosed\u00fcr olarak kabul edilir. Her ameliyatta oldu\u011fu gibi, sonu\u00e7lar b\u00fcy\u00fck \u00f6l\u00e7\u00fcde ekibin deneyimine, hastan\u0131n don\u00f6r kapasitesine ve ger\u00e7ek\u00e7i beklentilere ba\u011fl\u0131d\u0131r.<\/span><\/p>\n\n\n\n<h2 class=\"wp-block-heading\" id=\"gorunumunu-nasil-etkiledi\"><b>G\u00f6r\u00fcn\u00fcm\u00fcn\u00fc nas\u0131l etkiledi?<\/b><\/h2>\n\n\n\n<p><span style=\"font-weight: 400;\">En belirgin de\u011fi\u015fiklik, daha g\u00fc\u00e7l\u00fc ve dolgun bir sa\u00e7 \u00e7izgisi ile \u00f6n b\u00f6lgede artan yo\u011funluktur. Bu t\u00fcr bir iyile\u015fme, \u00f6zellikle parlak \u0131\u015f\u0131k ve y\u00fcksek \u00e7\u00f6z\u00fcn\u00fcrl\u00fckl\u00fc \u00e7ekimlerde, kamerada y\u00fcz\u00fc daha gen\u00e7 g\u00f6sterebilir. Do\u011fal sonu\u00e7lar genellikle yumu\u015fak ve d\u00fczensiz bir sa\u00e7 \u00e7izgisi, do\u011fru a\u00e7\u0131land\u0131rma ve yapay g\u00f6r\u00fcnebilecek a\u015f\u0131r\u0131 yo\u011fun ekimden ka\u00e7\u0131nma ile elde edilir.<\/span><\/p>\n\n\n\n<h2 class=\"wp-block-heading\" id=\"goz-onunde-sac-ekimi\"><b>G\u00f6z \u00f6n\u00fcnde sa\u00e7 ekimi<\/b><\/h2>\n\n\n\n<p><span style=\"font-weight: 400;\">\u00dcnl\u00fclerde <a href=\"https:\/\/haircenterofturkey.com\/tr\/dunyada-ilk-sac-ekimi-ne-zaman-yapildi\/\">sa\u00e7 restorasyonu<\/a>, \u00f6ncesi-sonras\u0131 fark\u0131 dramatik olabildi\u011fi i\u00e7in s\u0131k\u00e7a dikkat \u00e7eker; ancak en iyi \u00e7al\u0131\u015fmalar fark edilmesi zor olacak \u015fekilde tasarlan\u0131r. Nesbitt\u2019in a\u00e7\u0131kl\u0131\u011f\u0131 daha geni\u015f bir de\u011fi\u015fimin par\u00e7as\u0131d\u0131r: giderek daha az kamuoyu fig\u00fcr\u00fc estetik i\u015flemleri ink\u00e2r etme ihtiyac\u0131 hissediyor ve daha fazla ki\u015fi sa\u00e7 restorasyonunu tabu olmaktan ziyade pratik bir se\u00e7enek olarak g\u00f6r\u00fcyor. Tedaviyi d\u00fc\u015f\u00fcnenler i\u00e7in \u00e7\u0131kar\u0131m basit\u2014t\u0131bbi olarak y\u00f6netilen bir klinik se\u00e7in, ger\u00e7ek hasta sonu\u00e7lar\u0131n\u0131 g\u00f6rmeyi isteyin ve yaln\u0131zca bug\u00fcnk\u00fc sa\u00e7 \u00e7izgisini de\u011fil, uzun vadeli sa\u00e7 kayb\u0131n\u0131 planlay\u0131n.<\/span><\/p>\n\n\n\n<h2 class=\"wp-block-heading\" id=\"sss\">SSS<\/h2>\n\n\n<div id=\"rank-math-faq\" class=\"rank-math-block\">\n<div class=\"rank-math-list \">\n<div id=\"faq-question-1770704753199\" class=\"rank-math-list-item\">\n<h3 class=\"rank-math-question \">James Nesbitt ka\u00e7 kez sa\u00e7 ekimi yapt\u0131rd\u0131?<\/h3>\n<div class=\"rank-math-answer \">\n\n<p>Kaynaklar farkl\u0131; kendisi birden fazla sa\u00e7 ekimi yapt\u0131rd\u0131\u011f\u0131n\u0131 do\u011frulad\u0131.<\/p>\n\n<\/div>\n<\/div>\n<div id=\"faq-question-1770704770488\" class=\"rank-math-list-item\">\n<h3 class=\"rank-math-question \">James Nesbitt sa\u00e7 ekimi yapt\u0131rd\u0131 m\u0131?<\/h3>\n<div class=\"rank-math-answer \">\n\n<p>Evet; sa\u00e7 ekimi yapt\u0131rd\u0131\u011f\u0131n\u0131 kamuya a\u00e7\u0131k \u015fekilde anlatt\u0131.<\/p>\n\n<\/div>\n<\/div>\n<div id=\"faq-question-1770704771404\" class=\"rank-math-list-item\">\n<h3 class=\"rank-math-question \">James Nesbitt sa\u00e7 ekimine ne kadar \u00f6dedi?<\/h3>\n<div class=\"rank-math-answer \">\n\n<p>Kesin tutar kamuya a\u00e7\u0131k de\u011fil; tahminler klini\u011fe g\u00f6re de\u011fi\u015fir.<\/p>\n\n<\/div>\n<\/div>\n<div id=\"faq-question-1770704772290\" class=\"rank-math-list-item\">\n<h3 class=\"rank-math-question \">James Nesbitt sa\u00e7 ekimini nerede yapt\u0131rd\u0131?<\/h3>\n<div class=\"rank-math-answer \">\n\n<p>\u0130\u015flemleri Dublin, \u0130rlanda\u2019da yapt\u0131rd\u0131\u011f\u0131n\u0131 s\u00f6yledi.<\/p>\n\n<\/div>\n<\/div>\n<div id=\"faq-question-1770704773222\" class=\"rank-math-list-item\">\n<h3 class=\"rank-math-question \">Sa\u00e7 ekimi g\u00fcvenli mi?<\/h3>\n<div class=\"rank-math-answer \">\n\n<p>Evet, uzman hekimle; riskler enfeksiyon, iz ve zay\u0131f tutmad\u0131r.<\/p>\n\n<\/div>\n<\/div>\n<div id=\"faq-question-1770704774058\" class=\"rank-math-list-item\">\n<h3 class=\"rank-math-question \">Sa\u00e7 ekimi ger\u00e7ekten i\u015fe yarar m\u0131?<\/h3>\n<div class=\"rank-math-answer \">\n\n<p>Evet, folik\u00fcller ta\u015f\u0131n\u0131r; ba\u015far\u0131 <a href=\"https:\/\/haircenterofturkey.com\/tr\/kimler-sac-ekimine-uygun-degil\/\">don\u00f6r sa\u00e7<\/a> ve tekni\u011fe ba\u011fl\u0131d\u0131r.<\/p>\n\n<\/div>\n<\/div>\n<div id=\"faq-question-1770704775397\" class=\"rank-math-list-item\">\n<h3 class=\"rank-math-question \">Sa\u00e7 ekimi kal\u0131c\u0131 m\u0131?<\/h3>\n<div class=\"rank-math-answer \">\n\n<p>Ekilen folik\u00fcller genelde kal\u0131r; do\u011fal <a href=\"https:\/\/haircenterofturkey.com\/tr\/kacinilmasi-gereken-en-buyuk-sac-kesimi-hatalari-ve-bunlari-duzeltme-yontemleri\/\">sa\u00e7 d\u00f6k\u00fclmesi<\/a> devam edebilir.<\/p>\n\n<\/div>\n<\/div>\n<div id=\"faq-question-1770704776303\" class=\"rank-math-list-item\">\n<h3 class=\"rank-math-question \">\u00dcnl\u00fcler sa\u00e7 ekimini nerede yapt\u0131r\u0131r?<\/h3>\n<div class=\"rank-math-answer \">\n\n<p>D\u00fcnya \u00e7ap\u0131nda sayg\u0131n klinikleri, gizlilik ve deneyimli cerrahlar i\u00e7in se\u00e7erler.<\/p>\n\n<\/div>\n<\/div>\n<\/div>\n<\/div>","protected":false},"excerpt":{"rendered":"<p>James Nesbitt Sa\u00e7 Ekimi Yapt\u0131rd\u0131 m\u0131? Evet. James Nesbitt, sa\u00e7 ekimi ameliyat\u0131 ge\u00e7irdi\u011fini kamuoyuna a\u00e7\u0131k \u015fekilde s\u00f6ylemi\u015f ve deneyimini r\u00f6portajlarda ve klinik referanslar\u0131nda payla\u015fm\u0131\u015ft\u0131r. T\u0131bbi ayr\u0131nt\u0131lar\u0131n tamam\u0131n\u0131 a\u00e7\u0131klamam\u0131\u015ft\u0131r; bu nedenle kullan\u0131lan tekni\u011fin tam olarak ne oldu\u011fu, greft say\u0131lar\u0131 ve zaman \u00e7izelgesi gibi detaylar do\u011frulanm\u0131\u015f bilgilerden ziyade bilin\u00e7li tahminler olarak de\u011ferlendirilmelidir. James Nesbitt Sa\u00e7 Ekimi Yapt\u0131rd\u0131\u011f\u0131n\u0131 [&hellip;]<\/p>\n","protected":false},"author":2,"featured_media":8970,"comment_status":"closed","ping_status":"closed","sticky":false,"template":"","format":"standard","meta":{"footnotes":""},"categories":[2,156],"tags":[],"class_list":["post-8728","post","type-post","status-publish","format-standard","has-post-thumbnail","hentry","category-blog","category-unlulerde-sac-ekimi"],"_links":{"self":[{"href":"https:\/\/haircenterofturkey.com\/tr\/wp-json\/wp\/v2\/posts\/8728","targetHints":{"allow":["GET"]}}],"collection":[{"href":"https:\/\/haircenterofturkey.com\/tr\/wp-json\/wp\/v2\/posts"}],"about":[{"href":"https:\/\/haircenterofturkey.com\/tr\/wp-json\/wp\/v2\/types\/post"}],"author":[{"embeddable":true,"href":"https:\/\/haircenterofturkey.com\/tr\/wp-json\/wp\/v2\/users\/2"}],"replies":[{"embeddable":true,"href":"https:\/\/haircenterofturkey.com\/tr\/wp-json\/wp\/v2\/comments?post=8728"}],"version-history":[{"count":3,"href":"https:\/\/haircenterofturkey.com\/tr\/wp-json\/wp\/v2\/posts\/8728\/revisions"}],"predecessor-version":[{"id":21788,"href":"https:\/\/haircenterofturkey.com\/tr\/wp-json\/wp\/v2\/posts\/8728\/revisions\/21788"}],"wp:featuredmedia":[{"embeddable":true,"href":"https:\/\/haircenterofturkey.com\/tr\/wp-json\/wp\/v2\/media\/8970"}],"wp:attachment":[{"href":"https:\/\/haircenterofturkey.com\/tr\/wp-json\/wp\/v2\/media?parent=8728"}],"wp:term":[{"taxonomy":"category","embeddable":true,"href":"https:\/\/haircenterofturkey.com\/tr\/wp-json\/wp\/v2\/categories?post=8728"},{"taxonomy":"post_tag","embeddable":true,"href":"https:\/\/haircenterofturkey.com\/tr\/wp-json\/wp\/v2\/tags?post=8728"}],"curies":[{"name":"wp","href":"https:\/\/api.w.org\/{rel}","templated":true}]}}