{"id":8714,"date":"2025-08-12T19:02:09","date_gmt":"2025-08-12T16:02:09","guid":{"rendered":"https:\/\/haircenterofturkey.com\/joe-swash-sac-ekimi-yaptirdi-mi\/"},"modified":"2026-02-10T10:29:05","modified_gmt":"2026-02-10T07:29:05","slug":"joe-swash-sac-ekimi-yaptirdi-mi","status":"publish","type":"post","link":"https:\/\/haircenterofturkey.com\/tr\/joe-swash-sac-ekimi-yaptirdi-mi\/","title":{"rendered":"Joe Swash Sa\u00e7 Ekimi Yapt\u0131rd\u0131 m\u0131?"},"content":{"rendered":"\n<h2 class=\"wp-block-heading\" id=\"joe-swash-sac-ekimi-yaptirdi-mi\"><b>Joe Swash Sa\u00e7 Ekimi Yapt\u0131rd\u0131 m\u0131?<\/b><\/h2>\n\n\n\n<p><span style=\"font-weight: 400;\">Evet. Joe Swash, <a href=\"https:\/\/haircenterofturkey.com\/tr\/sac-ekimi-nerede-yaptirilir-ingiltere-ve-turkiye-karsilastirma-rehberi\/\">sa\u00e7 ekimi<\/a> yapt\u0131rd\u0131\u011f\u0131n\u0131 do\u011frulad\u0131; deneyimi ve bunu neden tercih etti\u011fini a\u00e7\u0131k y\u00fcreklilikle anlatt\u0131. En \u00e7ok haber olan i\u015flemi, Haziran 2018\u2019de yap\u0131lan bir <a href=\"https:\/\/haircenterofturkey.com\/tr\/fue-2024-oncesi-ve-sonrasi\/\">FUE<\/a> sa\u00e7 ekimiydi. Ama\u00e7, <a href=\"https:\/\/haircenterofturkey.com\/tr\/farkl-sac-cizgisi-turleri\/\">sa\u00e7 \u00e7izgisi<\/a> \u00e7evresindeki yo\u011funlu\u011fu geri kazanmak ve kamera kar\u015f\u0131s\u0131nda kendini daha \u00f6zg\u00fcvenli hissetmekti.<\/span><\/p>\n\n\n\n<div class=\"wp-block-rank-math-toc-block\" id=\"rank-math-toc\"><h2>\u0130\u00e7indekiler<\/h2><nav><ul><li class=\"\"><a href=\"#joe-swash-sac-ekimi-yaptirdi-mi\">Joe Swash Sa\u00e7 Ekimi Yapt\u0131rd\u0131 m\u0131?<\/a><\/li><li class=\"\"><a href=\"#joe-swashin-kamuoyuna-yaptigi-aciklamalar\">Joe Swash\u2019\u0131n Kamuoyuna Yapt\u0131\u011f\u0131 A\u00e7\u0131klamalar<\/a><\/li><li class=\"\"><a href=\"#hangi-tur-sac-ekimi-yaptirdi\">Hangi T\u00fcr Sa\u00e7 Ekimi Yapt\u0131rd\u0131?<\/a><\/li><li class=\"\"><a href=\"#fue-neden-kamuoyundaki-kisiler-arasinda-populer\">FUE Neden Kamuoyundaki Ki\u015filer Aras\u0131nda Pop\u00fcler?<\/a><\/li><li class=\"\"><a href=\"#fue-sac-ekimi-guvenli-mi\">FUE Sa\u00e7 Ekimi G\u00fcvenli mi?<\/a><\/li><li class=\"\"><a href=\"#gorunumunu-nasil-etkiledi\">G\u00f6r\u00fcn\u00fcm\u00fcn\u00fc Nas\u0131l Etkiledi?<\/a><\/li><li class=\"\"><a href=\"#sss\">SSS<\/a><ul><li class=\"\"><a href=\"#faq-question-1770708398231\">Joe Swash sa\u00e7 ekimi yapt\u0131rd\u0131 m\u0131?<\/a><\/li><li class=\"\"><a href=\"#faq-question-1770708399915\">Joe Swash ka\u00e7 kez sa\u00e7 ekimi yapt\u0131rd\u0131?<\/a><\/li><li class=\"\"><a href=\"#faq-question-1770708400776\">Joe Swash sa\u00e7 ekimini nerede yapt\u0131rd\u0131?<\/a><\/li><li class=\"\"><a href=\"#faq-question-1770708401510\">Joe Swash hangi t\u00fcr sa\u00e7 ekimi yapt\u0131rd\u0131?<\/a><\/li><li class=\"\"><a href=\"#faq-question-1770708402377\">Joe Swash neden sa\u00e7 ekimine karar verdi?<\/a><\/li><li class=\"\"><a href=\"#faq-question-1770708403337\">Joe Swash\u2019a ka\u00e7 greft nakledildi?<\/a><\/li><\/ul><\/li><\/ul><\/nav><\/div>\n\n\n\n<h2 class=\"wp-block-heading\" id=\"joe-swashin-kamuoyuna-yaptigi-aciklamalar\"><b>Joe Swash\u2019\u0131n Kamuoyuna Yapt\u0131\u011f\u0131 A\u00e7\u0131klamalar<\/b><\/h2>\n\n\n\n<p><span style=\"font-weight: 400;\">Joe Swash, <a href=\"https:\/\/haircenterofturkey.com\/tr\/kacinilmasi-gereken-en-buyuk-sac-kesimi-hatalari-ve-bunlari-duzeltme-yontemleri\/\">sa\u00e7 d\u00f6k\u00fclmesi<\/a> ve televizyonda \u00e7al\u0131\u015fman\u0131n getirebilece\u011fi bask\u0131 hakk\u0131nda a\u00e7\u0131k s\u00f6zl\u00fc oldu. \u0130lk kez ITV\u2019nin Loose Women program\u0131nda sa\u00e7 ekimi yapt\u0131rd\u0131\u011f\u0131n\u0131 anlatt\u0131; ba\u015flang\u0131\u00e7ta utand\u0131\u011f\u0131 i\u00e7in bunu gizli tutmaya \u00e7al\u0131\u015ft\u0131\u011f\u0131n\u0131 a\u00e7\u0131klad\u0131.<\/span><\/p>\n\n\n\n<p><span style=\"font-weight: 400;\">\u0130lerleyen y\u0131llarda ek tedaviler g\u00f6rd\u00fc\u011f\u00fcnden de bahsetti ve bir\u00e7ok kaynak birden fazla ekim yapt\u0131rd\u0131\u011f\u0131n\u0131 bildirdi. Haberlerde en s\u0131k at\u0131fta bulunulan i\u015flem, s\u00fcrecin ve iyile\u015fmenin baz\u0131 k\u0131s\u0131mlar\u0131n\u0131 payla\u015ft\u0131\u011f\u0131 Haziran 2018\u2019deki ekimidir.<\/span><\/p>\n\n\n\n<figure class=\"wp-block-image\"><img decoding=\"async\" src=\"https:\/\/haircenterofturkey.com\/wp-content\/uploads\/2025\/08\/Did-Joe-Swash-Have-a-Hair-Transplant-1.webp\" alt=\"Joe Swash Sa\u00e7 Ekimi Yapt\u0131rd\u0131 m\u0131?\" title=\"\"><\/figure>\n\n\n\n<p><\/p>\n\n\n\n<h2 class=\"wp-block-heading\" id=\"hangi-tur-sac-ekimi-yaptirdi\"><b>Hangi T\u00fcr Sa\u00e7 Ekimi Yapt\u0131rd\u0131?<\/b><\/h2>\n\n\n\n<p><span style=\"font-weight: 400;\">Joe Swash ile en s\u0131k ili\u015fkilendirilen i\u015flem FUE (Follicular Unit Extraction) y\u00f6ntemidir. FUE, don\u00f6r b\u00f6lgeden (genellikle sa\u00e7l\u0131 derinin arka ve yan k\u0131s\u0131mlar\u0131) tek tek folik\u00fcler \u00fcnitelerin al\u0131nmas\u0131 ve seyrelmi\u015f alanlara ekilmesini i\u00e7erir.<\/span><\/p>\n\n\n\n<p><span style=\"font-weight: 400;\">Greftler tek tek al\u0131nd\u0131\u011f\u0131 i\u00e7in FUE, k\u0131sa sa\u00e7 modellerini seven ve \u00e7ok k\u00fc\u00e7\u00fck, daha az fark edilen al\u0131m izleri isteyen ki\u015filer aras\u0131nda pop\u00fclerdir. Ayr\u0131ca, iyi planland\u0131\u011f\u0131nda ve dikkatle uyguland\u0131\u011f\u0131nda sa\u00e7 \u00e7izgisinin do\u011fal g\u00f6r\u00fcn\u00fcml\u00fc bir desenle \u015fekillendirilmesine olanak tan\u0131r.<\/span><\/p>\n\n\n\n<h2 class=\"wp-block-heading\" id=\"fue-neden-kamuoyundaki-kisiler-arasinda-populer\"><b>FUE Neden Kamuoyundaki Ki\u015filer Aras\u0131nda Pop\u00fcler?<\/b><\/h2>\n\n\n\n<p><span style=\"font-weight: 400;\">FUE, parlak \u0131\u015f\u0131klar alt\u0131nda ya da y\u00fcksek \u00e7\u00f6z\u00fcn\u00fcrl\u00fckl\u00fc foto\u011fraflarda \u00e7ok zaman ge\u00e7iren ki\u015filer i\u00e7in pratik bir se\u00e7enek olabilir. Do\u011fru yap\u0131ld\u0131\u011f\u0131nda sa\u00e7 \u00e7izgisi \u201c\u00e7izilmi\u015f\u201d gibi de\u011fil, yumu\u015fak g\u00f6r\u00fcn\u00fcr ve ekilen sa\u00e7lar kademeli olarak uzar.<\/span><\/p>\n\n\n\n<p><span style=\"font-weight: 400;\">Yine de beklentiler \u00f6nemlidir. Ekilen sa\u00e7lar\u0131n oturmas\u0131 zaman al\u0131r ve \u00e7o\u011fu ki\u015fi anlaml\u0131 de\u011fi\u015fimleri g\u00fcnler i\u00e7inde de\u011fil, aylar i\u00e7inde g\u00f6r\u00fcr. \u0130yi bir dan\u0131\u015fmanl\u0131k; yo\u011funluk hedeflerini, don\u00f6r alan\u0131n s\u0131n\u0131rlar\u0131n\u0131 ve tedavi edilmemi\u015f b\u00f6lgelerde gelecekte seyrelme olas\u0131l\u0131\u011f\u0131n\u0131 kapsamal\u0131d\u0131r.<\/span><\/p>\n\n\n\n<figure class=\"wp-block-image\"><img decoding=\"async\" src=\"https:\/\/haircenterofturkey.com\/wp-content\/uploads\/2025\/08\/Did-Joe-Swash-Have-a-Hair-Transplant-2.webp\" alt=\"Joe Swash Sa\u00e7 Ekimi Yapt\u0131rd\u0131 m\u0131?\" title=\"\"><\/figure>\n\n\n\n<p><\/p>\n\n\n\n<h2 class=\"wp-block-heading\" id=\"fue-sac-ekimi-guvenli-mi\"><b>FUE Sa\u00e7 Ekimi G\u00fcvenli mi?<\/b><\/h2>\n\n\n\n<p><span style=\"font-weight: 400;\"><a href=\"https:\/\/haircenterofturkey.com\/tr\/fue-2024-oncesi-ve-sonrasi\/\">FUE sa\u00e7 ekimi<\/a> t\u0131bbi bir i\u015flemdir; bu nedenle g\u00fcvenlik, ekibe, klini\u011fin standartlar\u0131na ve hastan\u0131n sa\u011fl\u0131k durumuna ba\u011fl\u0131d\u0131r. Nitelikli profesyoneller taraf\u0131ndan, uygun \u015fekilde d\u00fczenlenmi\u015f bir ortamda yap\u0131ld\u0131\u011f\u0131nda FUE genellikle d\u00fc\u015f\u00fck riskli kabul edilir.<\/span><\/p>\n\n\n\n<p><span style=\"font-weight: 400;\">Bununla birlikte potansiyel olumsuzluklar vard\u0131r: \u015fi\u015flik, k\u0131zar\u0131kl\u0131k, ge\u00e7ici d\u00f6k\u00fclme, enfeksiyon riski ve bak\u0131m talimatlar\u0131na uyulmad\u0131\u011f\u0131nda d\u00fczensiz uzama. Sa\u00e7 ekimini d\u00fc\u015f\u00fcnen herkes t\u0131bbi ge\u00e7mi\u015fini payla\u015fmal\u0131, bak\u0131m sonras\u0131 talimatlara titizlikle uymal\u0131 ve yaln\u0131zca fiyata g\u00f6re se\u00e7im yapmaktan ka\u00e7\u0131nmal\u0131d\u0131r.<\/span><\/p>\n\n\n\n<h2 class=\"wp-block-heading\" id=\"gorunumunu-nasil-etkiledi\"><b>G\u00f6r\u00fcn\u00fcm\u00fcn\u00fc Nas\u0131l Etkiledi?<\/b><\/h2>\n\n\n\n<p><span style=\"font-weight: 400;\">Ekim sonras\u0131 foto\u011fraf ve g\u00f6r\u00fcn\u00fcmlerde Joe Swash\u2019\u0131n sa\u00e7 \u00e7izgisi daha dolgun ve daha belirgin g\u00f6r\u00fcnm\u00fc\u015ft\u00fcr. Bir\u00e7ok ki\u015fi i\u00e7in bu t\u00fcr bir de\u011fi\u015fim, \u00f6zellikle \u015fakaklar ve \u00f6n sa\u00e7 \u00e7izgisi \u00e7evresinde y\u00fcz\u00fcn daha dengeli g\u00f6r\u00fcnmesini sa\u011flayabilir.<\/span><\/p>\n\n\n\n<p><span style=\"font-weight: 400;\">Sonu\u00e7lar ki\u015fiden ki\u015fiye de\u011fi\u015fir ve \u015fekillendirme de \u201c\u00f6nce\u2013sonra\u201d etkisinin ne kadar \u00e7arp\u0131c\u0131 g\u00f6r\u00fcnece\u011fini etkileyebilir. Bir ekimi de\u011ferlendirmenin en g\u00fcvenilir yolu; sa\u00e7 \u00e7izgisi tasar\u0131m\u0131na, uzama y\u00f6n\u00fcne ve zaman i\u00e7inde ne kadar do\u011fal g\u00f6r\u00fcnd\u00fc\u011f\u00fcne bakmakt\u0131r.<\/span><\/p>\n\n\n\n<h2 class=\"wp-block-heading\" id=\"sss\">SSS<\/h2>\n\n\n<div id=\"rank-math-faq\" class=\"rank-math-block\">\n<div class=\"rank-math-list \">\n<div id=\"faq-question-1770708398231\" class=\"rank-math-list-item\">\n<h3 class=\"rank-math-question \">Joe Swash sa\u00e7 ekimi yapt\u0131rd\u0131 m\u0131?<\/h3>\n<div class=\"rank-math-answer \">\n\n<p>Evet, Joe Swash sa\u00e7 \u00e7izgisini toparlamak i\u00e7in sa\u00e7 ekimlerini do\u011frulad\u0131.<\/p>\n\n<\/div>\n<\/div>\n<div id=\"faq-question-1770708399915\" class=\"rank-math-list-item\">\n<h3 class=\"rank-math-question \">Joe Swash ka\u00e7 kez sa\u00e7 ekimi yapt\u0131rd\u0131?<\/h3>\n<div class=\"rank-math-answer \">\n\n<p>\u00dc\u00e7 kez sa\u00e7 ekimi yapt\u0131rd\u0131\u011f\u0131, sonuncusunun 2018\u2019de oldu\u011fu aktar\u0131l\u0131yor.<\/p>\n\n<\/div>\n<\/div>\n<div id=\"faq-question-1770708400776\" class=\"rank-math-list-item\">\n<h3 class=\"rank-math-question \">Joe Swash sa\u00e7 ekimini nerede yapt\u0131rd\u0131?<\/h3>\n<div class=\"rank-math-answer \">\n\n<p>Klini\u011fi do\u011frulamad\u0131; ancak 2018\u2019deki i\u015flemin KSL ile an\u0131ld\u0131\u011f\u0131 s\u00f6yleniyor.<\/p>\n\n<\/div>\n<\/div>\n<div id=\"faq-question-1770708401510\" class=\"rank-math-list-item\">\n<h3 class=\"rank-math-question \">Joe Swash hangi t\u00fcr sa\u00e7 ekimi yapt\u0131rd\u0131?<\/h3>\n<div class=\"rank-math-answer \">\n\n<p>Son i\u015flemi FUE olarak anlat\u0131l\u0131yor; \u00f6nceki i\u015flemler <a href=\"https:\/\/haircenterofturkey.com\/tr\/sac-ekimi-sonrasi-ne-zaman-ise-gidilebilir\/\">FUT<\/a> olabilir.<\/p>\n\n<\/div>\n<\/div>\n<div id=\"faq-question-1770708402377\" class=\"rank-math-list-item\">\n<h3 class=\"rank-math-question \">Joe Swash neden sa\u00e7 ekimine karar verdi?<\/h3>\n<div class=\"rank-math-answer \">\n\n<p>Sa\u00e7 seyrelmesini gidermek ve televizyonda daha \u00f6zg\u00fcvenli hissetmek i\u00e7in karar verdi.<\/p>\n\n<\/div>\n<\/div>\n<div id=\"faq-question-1770708403337\" class=\"rank-math-list-item\">\n<h3 class=\"rank-math-question \">Joe Swash\u2019a ka\u00e7 greft nakledildi?<\/h3>\n<div class=\"rank-math-answer \">\n\n<p>Do\u011frulanm\u0131\u015f say\u0131 yok; tahminler genellikle yakla\u015f\u0131k 2.500 greftten bahseder.<\/p>\n\n<\/div>\n<\/div>\n<\/div>\n<\/div>","protected":false},"excerpt":{"rendered":"<p>Joe Swash Sa\u00e7 Ekimi Yapt\u0131rd\u0131 m\u0131? Evet. Joe Swash, sa\u00e7 ekimi yapt\u0131rd\u0131\u011f\u0131n\u0131 do\u011frulad\u0131; deneyimi ve bunu neden tercih etti\u011fini a\u00e7\u0131k y\u00fcreklilikle anlatt\u0131. En \u00e7ok haber olan i\u015flemi, Haziran 2018\u2019de yap\u0131lan bir FUE sa\u00e7 ekimiydi. Ama\u00e7, sa\u00e7 \u00e7izgisi \u00e7evresindeki yo\u011funlu\u011fu geri kazanmak ve kamera kar\u015f\u0131s\u0131nda kendini daha \u00f6zg\u00fcvenli hissetmekti. Joe Swash\u2019\u0131n Kamuoyuna Yapt\u0131\u011f\u0131 A\u00e7\u0131klamalar Joe Swash, [&hellip;]<\/p>\n","protected":false},"author":2,"featured_media":8964,"comment_status":"closed","ping_status":"closed","sticky":false,"template":"","format":"standard","meta":{"footnotes":""},"categories":[2,156],"tags":[],"class_list":["post-8714","post","type-post","status-publish","format-standard","has-post-thumbnail","hentry","category-blog","category-unlulerde-sac-ekimi"],"_links":{"self":[{"href":"https:\/\/haircenterofturkey.com\/tr\/wp-json\/wp\/v2\/posts\/8714","targetHints":{"allow":["GET"]}}],"collection":[{"href":"https:\/\/haircenterofturkey.com\/tr\/wp-json\/wp\/v2\/posts"}],"about":[{"href":"https:\/\/haircenterofturkey.com\/tr\/wp-json\/wp\/v2\/types\/post"}],"author":[{"embeddable":true,"href":"https:\/\/haircenterofturkey.com\/tr\/wp-json\/wp\/v2\/users\/2"}],"replies":[{"embeddable":true,"href":"https:\/\/haircenterofturkey.com\/tr\/wp-json\/wp\/v2\/comments?post=8714"}],"version-history":[{"count":3,"href":"https:\/\/haircenterofturkey.com\/tr\/wp-json\/wp\/v2\/posts\/8714\/revisions"}],"predecessor-version":[{"id":21917,"href":"https:\/\/haircenterofturkey.com\/tr\/wp-json\/wp\/v2\/posts\/8714\/revisions\/21917"}],"wp:featuredmedia":[{"embeddable":true,"href":"https:\/\/haircenterofturkey.com\/tr\/wp-json\/wp\/v2\/media\/8964"}],"wp:attachment":[{"href":"https:\/\/haircenterofturkey.com\/tr\/wp-json\/wp\/v2\/media?parent=8714"}],"wp:term":[{"taxonomy":"category","embeddable":true,"href":"https:\/\/haircenterofturkey.com\/tr\/wp-json\/wp\/v2\/categories?post=8714"},{"taxonomy":"post_tag","embeddable":true,"href":"https:\/\/haircenterofturkey.com\/tr\/wp-json\/wp\/v2\/tags?post=8714"}],"curies":[{"name":"wp","href":"https:\/\/api.w.org\/{rel}","templated":true}]}}