{"id":8702,"date":"2025-08-12T10:32:17","date_gmt":"2025-08-12T07:32:17","guid":{"rendered":"https:\/\/haircenterofturkey.com\/peter-tubes-dale-sac-ekimi-yaptirdi-mi\/"},"modified":"2026-02-10T11:59:13","modified_gmt":"2026-02-10T08:59:13","slug":"peter-tubes-dale-sac-ekimi-yaptirdi-mi","status":"publish","type":"post","link":"https:\/\/haircenterofturkey.com\/tr\/peter-tubes-dale-sac-ekimi-yaptirdi-mi\/","title":{"rendered":"Peter \u201cTubes\u201d Dale Sa\u00e7 Ekimi Yapt\u0131rd\u0131 m\u0131?"},"content":{"rendered":"\n<h2 class=\"wp-block-heading\" id=\"peter-tubes-dale-sac-ekimi-yaptirdi-mi\"><span style=\"font-weight: 400;\">Peter \u201cTubes\u201d Dale Sa\u00e7 Ekimi Yapt\u0131rd\u0131 m\u0131?<\/span><\/h2>\n\n\n\n<p><span style=\"font-weight: 400;\">Peter \u201cTubes\u201d Dale tan\u0131nm\u0131\u015f bir TV ki\u015fili\u011fidir ve izleyiciler zamanla <a href=\"https:\/\/haircenterofturkey.com\/tr\/farkl-sac-cizgisi-turleri\/\">sa\u00e7 \u00e7izgisi<\/a> ve tepe b\u00f6lgesinde g\u00f6zle g\u00f6r\u00fcl\u00fcr bir seyrelme fark etti. G\u00f6r\u00fcn\u00fcm\u00fc de\u011fi\u015fmeye ba\u015flad\u0131k\u00e7a, her zamanki gibi internette spek\u00fclasyonlar da ortaya \u00e7\u0131kt\u0131.<\/span><\/p>\n\n\n\n<p><span style=\"font-weight: 400;\">Sessiz kalmak yerine Tubes konuyu do\u011frudan ele ald\u0131. Bu a\u00e7\u0131kl\u0131k, <a href=\"https:\/\/haircenterofturkey.com\/tr\/dunyada-ilk-sac-ekimi-ne-zaman-yapildi\/\">sa\u00e7 restorasyonu<\/a> hik\u00e2yesinin bu kadar s\u0131k referans g\u00f6sterilmesinin en b\u00fcy\u00fck nedenlerinden biri.<\/span><\/p>\n\n\n\n<figure class=\"wp-block-image\"><img decoding=\"async\" src=\"https:\/\/haircenterofturkey.com\/wp-content\/uploads\/2025\/08\/Did-Peter-Tubes-Dale-Have-a-Hair-Transplant-1.webp\" alt=\"Peter \u201cTubes\u201d Dale Sa\u00e7 Ekimi Yapt\u0131rd\u0131 m\u0131?\" title=\"\"><\/figure>\n\n\n\n<div class=\"wp-block-rank-math-toc-block\" id=\"rank-math-toc\"><h2>\u0130\u00e7indekiler<\/h2><nav><ul><li class=\"\"><a href=\"#peter-tubes-dale-sac-ekimi-yaptirdi-mi\">Peter \u201cTubes\u201d Dale Sa\u00e7 Ekimi Yapt\u0131rd\u0131 m\u0131?<\/a><\/li><li class=\"\"><a href=\"#tubestan-acik-dogrulama\">Tubes\u2019tan a\u00e7\u0131k do\u011frulama<\/a><\/li><li class=\"\"><a href=\"#saglik-faktorleri-goz-onunde-bulundurularak-planlama\">Sa\u011fl\u0131k fakt\u00f6rleri g\u00f6z \u00f6n\u00fcnde bulundurularak planlama<\/a><\/li><li class=\"\"><a href=\"#sonuclar-ve-kamuoyunun-tepkisi\">Sonu\u00e7lar ve kamuoyunun tepkisi<\/a><\/li><li class=\"\"><a href=\"#gundemde-sac-ekimi\">G\u00fcndemde sa\u00e7 ekimi<\/a><\/li><li class=\"\"><a href=\"#sikca-sorulan-sorular\">S\u0131k\u00e7a Sorulan Sorular<\/a><ul><li class=\"\"><a href=\"#faq-question-1770713773242\">Peter \u201cTubes\u201d Dale kimdir?<\/a><\/li><li class=\"\"><a href=\"#faq-question-1770713775736\">Tubes sa\u00e7 ekimi yapt\u0131rd\u0131 m\u0131?<\/a><\/li><li class=\"\"><a href=\"#faq-question-1770713776402\">Tubes neden sa\u00e7 ekimine ihtiya\u00e7 duydu?<\/a><\/li><li class=\"\"><a href=\"#faq-question-1770713777218\">Tubes hangi t\u00fcr sa\u00e7 ekimi yapt\u0131rd\u0131?<\/a><\/li><li class=\"\"><a href=\"#faq-question-1770713778637\">Tubes ka\u00e7 greft yapt\u0131rd\u0131?<\/a><\/li><li class=\"\"><a href=\"#faq-question-1770713779493\">Tubes\u2019\u0131n sa\u00e7 ekimi ne kadara mal oldu?<\/a><\/li><li class=\"\"><a href=\"#faq-question-1770713780254\">\u00dcnl\u00fcler sa\u00e7 ekimini nerede yapt\u0131r\u0131r?<\/a><\/li><li class=\"\"><a href=\"#faq-question-1770713780985\">En \u00e7ok sa\u00e7 ekimi yapt\u0131ran akt\u00f6r hangisi?<\/a><\/li><\/ul><\/li><\/ul><\/nav><\/div>\n\n\n\n<h2 class=\"wp-block-heading\" id=\"tubestan-acik-dogrulama\"><b>Tubes\u2019tan a\u00e7\u0131k do\u011frulama<\/b><\/h2>\n\n\n\n<p><span style=\"font-weight: 400;\">Tubes <a href=\"https:\/\/haircenterofturkey.com\/tr\/sac-ekimi-nerede-yaptirilir-ingiltere-ve-turkiye-karsilastirma-rehberi\/\">sa\u00e7 ekimi<\/a> yapt\u0131rd\u0131\u011f\u0131n\u0131 do\u011frulad\u0131 ve d\u00f6n\u00fc\u015f\u00fcm\u00fcn\u00fc kamuoyuyla payla\u015ft\u0131. Do\u011fal g\u00f6r\u00fcn\u00fcml\u00fc sonu\u00e7lar\u0131 ve minimum g\u00f6r\u00fcn\u00fcr iz b\u0131rakmas\u0131yla yayg\u0131n olarak kullan\u0131lan <\/span><b><a href=\"https:\/\/haircenterofturkey.com\/tr\/fue-2024-oncesi-ve-sonrasi\/\">FUE<\/a> (Folik\u00fcler \u00dcnite Ekstraksiyonu)<\/b><span style=\"font-weight: 400;\"> y\u00f6ntemini tercih etti.<\/span><\/p>\n\n\n\n<p><span style=\"font-weight: 400;\">Sa\u00e7l\u0131 derisinin arka k\u0131sm\u0131ndaki don\u00f6r b\u00f6lgeden yakla\u015f\u0131k <\/span><b>2.700 <a href=\"https:\/\/haircenterofturkey.com\/tr\/fue-sac-ekimi-sonrasi-greftlerin-tutunm-orani-nasil-maksimuma-cikarilir\/\">greft<\/a><\/b><span style=\"font-weight: 400;\"> al\u0131nd\u0131 ve \u00f6n sa\u00e7 \u00e7izgisi ile <a href=\"https:\/\/haircenterofturkey.com\/tr\/tepe-bolgesi-sac-ekimi\/\">tepe b\u00f6lgesi<\/a> d\u00e2hil olmak \u00fczere seyrelmi\u015f alanlara ekildi.<\/span><\/p>\n\n\n\n<h2 class=\"wp-block-heading\" id=\"saglik-faktorleri-goz-onunde-bulundurularak-planlama\"><b>Sa\u011fl\u0131k fakt\u00f6rleri g\u00f6z \u00f6n\u00fcnde bulundurularak planlama<\/b><\/h2>\n\n\n\n<p><span style=\"font-weight: 400;\">Tubes\u2019un s\u00fcrecinin \u00f6nemli bir k\u0131sm\u0131, t\u0131bbi ge\u00e7mi\u015fi g\u00f6z \u00f6n\u00fcne al\u0131nd\u0131\u011f\u0131nda i\u015flemin g\u00fcvenli olmas\u0131n\u0131 sa\u011flamakt\u0131. Daha \u00f6nce kalp sorunlar\u0131 ya\u015fam\u0131\u015f olmas\u0131 nedeniyle planlama a\u015famas\u0131 kardiyolo\u011fuyla yak\u0131n koordinasyon i\u00e7inde y\u00fcr\u00fct\u00fcld\u00fc.<\/span><\/p>\n\n\n\n<p><span style=\"font-weight: 400;\">Bu t\u00fcr t\u0131bbi g\u00f6zetim, altta yatan rahats\u0131zl\u0131klar\u0131 olan herkes i\u00e7in \u00f6nemlidir. Dikkatli bir plan, riski azaltabilir ve ameliyat g\u00fcn\u00fcn\u00fcn sorunsuz ge\u00e7mesine yard\u0131mc\u0131 olabilir.<\/span><\/p>\n\n\n\n<h2 class=\"wp-block-heading\" id=\"sonuclar-ve-kamuoyunun-tepkisi\"><b>Sonu\u00e7lar ve kamuoyunun tepkisi<\/b><\/h2>\n\n\n\n<p><span style=\"font-weight: 400;\">Aylar i\u00e7inde Tubes\u2019un sa\u00e7lar\u0131, \u00f6zellikle sa\u00e7 \u00e7izgisi \u00e7evresinde belirgin \u015fekilde daha g\u00fcr g\u00f6r\u00fcnmeye ba\u015flad\u0131. Genel de\u011fi\u015fim kademeli ve do\u011fal duruyordu; bu da iyi planlanm\u0131\u015f bir FUE ekiminden genellikle beklenen bir sonu\u00e7tur.<\/span><\/p>\n\n\n\n<p><span style=\"font-weight: 400;\">Kamuoyunun tepkisi b\u00fcy\u00fck \u00f6l\u00e7\u00fcde olumluydu. Pek \u00e7ok izleyici sonu\u00e7lar\u0131n ona yak\u0131\u015ft\u0131\u011f\u0131n\u0131 ve kamera \u00f6n\u00fcnde ve d\u0131\u015f\u0131nda daha \u00f6zg\u00fcvenli g\u00f6r\u00fcnd\u00fc\u011f\u00fcn\u00fc yorumlad\u0131.<\/span><\/p>\n\n\n\n<figure class=\"wp-block-image\"><img decoding=\"async\" src=\"https:\/\/haircenterofturkey.com\/wp-content\/uploads\/2025\/08\/Did-Peter-Tubes-Dale-Have-a-Hair-Transplant-2.webp\" alt=\"Peter \u201cTubes\u201d Dale Sa\u00e7 Ekimi Yapt\u0131rd\u0131 m\u0131?\" title=\"\"><\/figure>\n\n\n\n<p><\/p>\n\n\n\n<h2 class=\"wp-block-heading\" id=\"gundemde-sac-ekimi\"><b>G\u00fcndemde sa\u00e7 ekimi<\/b><\/h2>\n\n\n\n<p><span style=\"font-weight: 400;\">Sa\u00e7 restorasyonu televizyon ve medyada eskisine g\u00f6re \u00e7ok daha yayg\u0131n ve modern teknikler sonu\u00e7lar\u0131n daha az \u201cbelli\u201d g\u00f6r\u00fcnmesini sa\u011flad\u0131. Kamuoyundaki ki\u015filerin a\u00e7\u0131k\u00e7a konu\u015fmas\u0131, ba\u015fkalar\u0131 i\u00e7in de karar verme s\u00fcrecindeki bask\u0131y\u0131 azaltabiliyor.<\/span><\/p>\n\n\n\n<p><span style=\"font-weight: 400;\">Sa\u00e7 ekimini d\u00fc\u015f\u00fcn\u00fcyorsan\u0131z, \u00e7\u0131kar\u0131lacak ders ba\u015fkas\u0131n\u0131n greft say\u0131s\u0131n\u0131 veya sa\u00e7 \u00e7izgisini birebir kopyalamak de\u011fildir. \u00d6nemli olan, sa\u00e7 d\u00f6k\u00fclme modelinize, don\u00f6r kapasitenize ve uzun vadeli hedeflerinize g\u00f6re olu\u015fturulmu\u015f bir plan yapt\u0131rmakt\u0131r.<\/span><\/p>\n\n\n\n<h2 class=\"wp-block-heading\" id=\"sikca-sorulan-sorular\">S\u0131k\u00e7a Sorulan Sorular<\/h2>\n\n\n<div id=\"rank-math-faq\" class=\"rank-math-block\">\n<div class=\"rank-math-list \">\n<div id=\"faq-question-1770713773242\" class=\"rank-math-list-item\">\n<h3 class=\"rank-math-question \">Peter \u201cTubes\u201d Dale kimdir?<\/h3>\n<div class=\"rank-math-answer \">\n\n<p>Peter \u201cTubes\u201d Dale, Soccer AM ile tan\u0131nan Britanyal\u0131 bir TV ki\u015fili\u011fidir.<\/p>\n\n<\/div>\n<\/div>\n<div id=\"faq-question-1770713775736\" class=\"rank-math-list-item\">\n<h3 class=\"rank-math-question \">Tubes sa\u00e7 ekimi yapt\u0131rd\u0131 m\u0131?<\/h3>\n<div class=\"rank-math-answer \">\n\n<p>Evet, sa\u00e7 ekimi yapt\u0131rd\u0131\u011f\u0131n\u0131 kamuoyuna a\u00e7\u0131k \u015fekilde do\u011frulad\u0131.<\/p>\n\n<\/div>\n<\/div>\n<div id=\"faq-question-1770713776402\" class=\"rank-math-list-item\">\n<h3 class=\"rank-math-question \">Tubes neden sa\u00e7 ekimine ihtiya\u00e7 duydu?<\/h3>\n<div class=\"rank-math-answer \">\n\n<p>Geri \u00e7ekilen sa\u00e7 \u00e7izgisini ve \u00f6n b\u00f6lgedeki seyrelmeyi d\u00fczeltmek istedi.<\/p>\n\n<\/div>\n<\/div>\n<div id=\"faq-question-1770713777218\" class=\"rank-math-list-item\">\n<h3 class=\"rank-math-question \">Tubes hangi t\u00fcr sa\u00e7 ekimi yapt\u0131rd\u0131?<\/h3>\n<div class=\"rank-math-answer \">\n\n<p><a href=\"https:\/\/haircenterofturkey.com\/tr\/fue-2024-oncesi-ve-sonrasi\/\">FUE sa\u00e7 ekimi<\/a> yapt\u0131rd\u0131.<\/p>\n\n<\/div>\n<\/div>\n<div id=\"faq-question-1770713778637\" class=\"rank-math-list-item\">\n<h3 class=\"rank-math-question \">Tubes ka\u00e7 greft yapt\u0131rd\u0131?<\/h3>\n<div class=\"rank-math-answer \">\n\n<p>Kaynaklar yakla\u015f\u0131k 2.000\u20132.700 greft oldu\u011funu s\u00f6yl\u00fcyor.<\/p>\n\n<\/div>\n<\/div>\n<div id=\"faq-question-1770713779493\" class=\"rank-math-list-item\">\n<h3 class=\"rank-math-question \">Tubes\u2019\u0131n sa\u00e7 ekimi ne kadara mal oldu?<\/h3>\n<div class=\"rank-math-answer \">\n\n<p>Kesin \u00fccret a\u00e7\u0131klanmad\u0131; greft say\u0131s\u0131na g\u00f6re tahminler klini\u011fe g\u00f6re de\u011fi\u015fir.<\/p>\n\n<\/div>\n<\/div>\n<div id=\"faq-question-1770713780254\" class=\"rank-math-list-item\">\n<h3 class=\"rank-math-question \">\u00dcnl\u00fcler sa\u00e7 ekimini nerede yapt\u0131r\u0131r?<\/h3>\n<div class=\"rank-math-answer \">\n\n<p>\u00dcnl\u00fcler s\u0131k\u00e7a Birle\u015fik Krall\u0131k, ABD, T\u00fcrkiye ve \u0130spanya\u2019daki iyi klinikleri se\u00e7er.<\/p>\n\n<\/div>\n<\/div>\n<div id=\"faq-question-1770713780985\" class=\"rank-math-list-item\">\n<h3 class=\"rank-math-question \">En \u00e7ok sa\u00e7 ekimi yapt\u0131ran akt\u00f6r hangisi?<\/h3>\n<div class=\"rank-math-answer \">\n\n<p>En \u00e7ok i\u015flem yapt\u0131ran tek bir akt\u00f6r\u00fc do\u011frulayan g\u00fcvenilir a\u00e7\u0131k kay\u0131t yok.<\/p>\n\n<\/div>\n<\/div>\n<\/div>\n<\/div>","protected":false},"excerpt":{"rendered":"<p>Peter \u201cTubes\u201d Dale Sa\u00e7 Ekimi Yapt\u0131rd\u0131 m\u0131? Peter \u201cTubes\u201d Dale tan\u0131nm\u0131\u015f bir TV ki\u015fili\u011fidir ve izleyiciler zamanla sa\u00e7 \u00e7izgisi ve tepe b\u00f6lgesinde g\u00f6zle g\u00f6r\u00fcl\u00fcr bir seyrelme fark etti. G\u00f6r\u00fcn\u00fcm\u00fc de\u011fi\u015fmeye ba\u015flad\u0131k\u00e7a, her zamanki gibi internette spek\u00fclasyonlar da ortaya \u00e7\u0131kt\u0131. Sessiz kalmak yerine Tubes konuyu do\u011frudan ele ald\u0131. Bu a\u00e7\u0131kl\u0131k, sa\u00e7 restorasyonu hik\u00e2yesinin bu kadar s\u0131k [&hellip;]<\/p>\n","protected":false},"author":2,"featured_media":8959,"comment_status":"closed","ping_status":"closed","sticky":false,"template":"","format":"standard","meta":{"footnotes":""},"categories":[2,156],"tags":[],"class_list":["post-8702","post","type-post","status-publish","format-standard","has-post-thumbnail","hentry","category-blog","category-unlulerde-sac-ekimi"],"_links":{"self":[{"href":"https:\/\/haircenterofturkey.com\/tr\/wp-json\/wp\/v2\/posts\/8702","targetHints":{"allow":["GET"]}}],"collection":[{"href":"https:\/\/haircenterofturkey.com\/tr\/wp-json\/wp\/v2\/posts"}],"about":[{"href":"https:\/\/haircenterofturkey.com\/tr\/wp-json\/wp\/v2\/types\/post"}],"author":[{"embeddable":true,"href":"https:\/\/haircenterofturkey.com\/tr\/wp-json\/wp\/v2\/users\/2"}],"replies":[{"embeddable":true,"href":"https:\/\/haircenterofturkey.com\/tr\/wp-json\/wp\/v2\/comments?post=8702"}],"version-history":[{"count":3,"href":"https:\/\/haircenterofturkey.com\/tr\/wp-json\/wp\/v2\/posts\/8702\/revisions"}],"predecessor-version":[{"id":22110,"href":"https:\/\/haircenterofturkey.com\/tr\/wp-json\/wp\/v2\/posts\/8702\/revisions\/22110"}],"wp:featuredmedia":[{"embeddable":true,"href":"https:\/\/haircenterofturkey.com\/tr\/wp-json\/wp\/v2\/media\/8959"}],"wp:attachment":[{"href":"https:\/\/haircenterofturkey.com\/tr\/wp-json\/wp\/v2\/media?parent=8702"}],"wp:term":[{"taxonomy":"category","embeddable":true,"href":"https:\/\/haircenterofturkey.com\/tr\/wp-json\/wp\/v2\/categories?post=8702"},{"taxonomy":"post_tag","embeddable":true,"href":"https:\/\/haircenterofturkey.com\/tr\/wp-json\/wp\/v2\/tags?post=8702"}],"curies":[{"name":"wp","href":"https:\/\/api.w.org\/{rel}","templated":true}]}}