{"id":8688,"date":"2025-08-11T19:38:34","date_gmt":"2025-08-11T16:38:34","guid":{"rendered":"https:\/\/haircenterofturkey.com\/matt-goss-sac-ekimi-yaptirdi-mi\/"},"modified":"2026-02-10T12:43:44","modified_gmt":"2026-02-10T09:43:44","slug":"matt-goss-sac-ekimi-yaptirdi-mi","status":"publish","type":"post","link":"https:\/\/haircenterofturkey.com\/tr\/matt-goss-sac-ekimi-yaptirdi-mi\/","title":{"rendered":"Matt Goss Sa\u00e7 Ekimi Yapt\u0131rd\u0131 m\u0131?"},"content":{"rendered":"\n<h2 class=\"wp-block-heading\" id=\"matt-goss-sac-ekimi-yaptirdi-mi\"><b>Matt Goss Sa\u00e7 Ekimi Yapt\u0131rd\u0131 m\u0131?<\/b><\/h2>\n\n\n\n<p><span style=\"font-weight: 400;\">Matt Goss\u2019un <a href=\"https:\/\/haircenterofturkey.com\/tr\/sac-ekimi-nerede-yaptirilir-ingiltere-ve-turkiye-karsilastirma-rehberi\/\">sa\u00e7 ekimi<\/a> yapt\u0131rd\u0131\u011f\u0131na dair kamuoyuna a\u00e7\u0131k bir do\u011frulama yok. S\u00f6ylentiler, daha dolgun bir <a href=\"https:\/\/haircenterofturkey.com\/tr\/farkl-sac-cizgisi-turleri\/\">sa\u00e7 \u00e7izgisi<\/a> g\u00f6steren \u00f6nce-sonra foto\u011fraflar\u0131ndan kaynaklan\u0131yor; ancak \u015fekillendirme, \u0131\u015f\u0131k, ila\u00e7lar ve kozmetik lifler gibi de\u011fi\u015fiklikler de ayn\u0131 etkiyi yaratabilir. Goss bunu do\u011frudan a\u00e7\u0131klamad\u0131k\u00e7a, \u201cdo\u011frulanm\u0131\u015f\u201d oldu\u011fu iddia edilen her \u015fey spek\u00fclasyon olarak kal\u0131r.<\/span><\/p>\n\n\n\n<figure class=\"wp-block-image\"><img decoding=\"async\" src=\"https:\/\/haircenterofturkey.com\/wp-content\/uploads\/2025\/08\/Did-Matt-Goss-Have-a-Hair-Transplant-1.webp\" alt=\"Matt Goss Sa\u00e7 Ekimi Yapt\u0131rd\u0131 m\u0131?\" title=\"\"><\/figure>\n\n\n\n<div class=\"wp-block-rank-math-toc-block\" id=\"rank-math-toc\"><h2>Table of Contents<\/h2><nav><ul><li><a href=\"#matt-goss-sac-ekimi-yaptirdi-mi\">Matt Goss Sa\u00e7 Ekimi Yapt\u0131rd\u0131 m\u0131?<\/a><\/li><li><a href=\"#soylentileri-tetikleyen-gozlemler\">S\u00f6ylentileri Tetikleyen G\u00f6zlemler<\/a><\/li><li><a href=\"#matt-goss-sac-ekimi-yaptirdigini-dogruladi-mi\">Matt Goss Sa\u00e7 Ekimi Yapt\u0131rd\u0131\u011f\u0131n\u0131 Do\u011frulad\u0131 m\u0131?<\/a><\/li><li><a href=\"#daha-dolgun-bir-sac-cizgisi-icin-diger-olasi-aciklamalar\">Daha Dolgun Bir Sa\u00e7 \u00c7izgisi \u0130\u00e7in Di\u011fer Olas\u0131 A\u00e7\u0131klamalar<\/a><\/li><li><a href=\"#eglence-dunyasinda-sac-ekimlerinin-populer-olmasinin-nedeni\">E\u011flence D\u00fcnyas\u0131nda Sa\u00e7 Ekimlerinin Pop\u00fcler Olmas\u0131n\u0131n Nedeni<\/a><\/li><li><a href=\"#hizli-rehber-fue-ve-dhi-basitce\">H\u0131zl\u0131 Rehber: FUE ve DHI Basit\u00e7e<\/a><\/li><li><a href=\"#sikca-sorulan-sorular\">S\u0131k\u00e7a Sorulan Sorular<\/a><ul><li><a href=\"#faq-question-1770714118036\">Sa\u00e7 ekiminden 20 y\u0131l sonra ne olur?<\/a><\/li><li><a href=\"#faq-question-1770714119723\">Matt Goss\u2019un sa\u00e7\u0131na ne oldu?<\/a><\/li><li><a href=\"#faq-question-1770714120780\">Matt Goss ka\u00e7 kez sa\u00e7 ekimi yapt\u0131rd\u0131?<\/a><\/li><li><a href=\"#faq-question-1770714121446\">En \u00e7ok sa\u00e7 ekimi yapt\u0131ran akt\u00f6r hangisi?<\/a><\/li><\/ul><\/li><\/ul><\/nav><\/div>\n\n\n\n<h2 class=\"wp-block-heading\" id=\"soylentileri-tetikleyen-gozlemler\"><b>S\u00f6ylentileri Tetikleyen G\u00f6zlemler<\/b><\/h2>\n\n\n\n<p><span style=\"font-weight: 400;\">Matt Goss\u2019un kariyerinin ilk d\u00f6nemlerine ait foto\u011fraflar\u0131yla daha yak\u0131n tarihli g\u00f6r\u00fcn\u00fcmlerini kar\u015f\u0131la\u015ft\u0131ran hayranlar genellikle tek bir noktaya dikkat \u00e7eker: sa\u00e7lar\u0131 \u00f6n tarafta daha yo\u011fun, sa\u00e7 \u00e7izgisi \u00e7evresinde ise daha belirgin g\u00f6r\u00fcn\u00fcr. Onlarca y\u0131ld\u0131r foto\u011frafland\u0131\u011f\u0131 i\u00e7in, k\u00fc\u00e7\u00fck de\u011fi\u015fimler bile g\u00f6r\u00fcnt\u00fcler yan yana konuldu\u011funda g\u00f6ze \u00e7arpabilir.<\/span><\/p>\n\n\n\n<p><span style=\"font-weight: 400;\">Baz\u0131lar\u0131 ayr\u0131ca bu de\u011fi\u015fimin tek seferlik bir \u015fekillendirme an\u0131 de\u011fil, farkl\u0131 etkinlikler boyunca tutarl\u0131 g\u00f6r\u00fcnd\u00fc\u011f\u00fcn\u00fc de belirtir. Bu nedenle g\u00f6r\u00fcn\u00fcm\u00fc zamanla \u201cyenilenmi\u015f\u201d g\u00f6r\u00fcnen kamuoyundaki isimlerin pe\u015finden sa\u00e7 ekimi konu\u015fmalar\u0131 gelir.<\/span><\/p>\n\n\n\n<h2 class=\"wp-block-heading\" id=\"matt-goss-sac-ekimi-yaptirdigini-dogruladi-mi\"><b>Matt Goss Sa\u00e7 Ekimi Yapt\u0131rd\u0131\u011f\u0131n\u0131 Do\u011frulad\u0131 m\u0131?<\/b><\/h2>\n\n\n\n<p><span style=\"font-weight: 400;\">\u015eu ana kadar Matt Goss, sa\u00e7 ekimi yapt\u0131rd\u0131\u011f\u0131na dair kamuoyuna a\u00e7\u0131k bir a\u00e7\u0131klama yapmad\u0131; temsilcilerinden de resmi bir beyan yok. Bu \u00f6nemlidir, \u00e7\u00fcnk\u00fc yaln\u0131zca foto\u011fraflar t\u0131bbi bir i\u015flemi kan\u0131tlayamaz. Kamuoyuna yans\u0131yan de\u011fi\u015fimler bir\u00e7ok kaynaktan gelebilir ve kamera a\u00e7\u0131lar\u0131 \u00f6zellikle sa\u00e7 \u00e7izgilerinde yan\u0131lt\u0131c\u0131 olabilir.<\/span><\/p>\n\n\n\n<p><span style=\"font-weight: 400;\">Bir yaz\u0131da i\u015flemin \u201cdo\u011fruland\u0131\u011f\u0131\u201d iddia ediliyorsa, Goss\u2019tan do\u011frudan bir al\u0131nt\u0131 ya da kayda ge\u00e7mi\u015f bir t\u0131bbi kayna\u011fa at\u0131f yoksa temkinli yakla\u015f\u0131n.<\/span><\/p>\n\n\n\n<h2 class=\"wp-block-heading\" id=\"daha-dolgun-bir-sac-cizgisi-icin-diger-olasi-aciklamalar\"><b>Daha Dolgun Bir Sa\u00e7 \u00c7izgisi \u0130\u00e7in Di\u011fer Olas\u0131 A\u00e7\u0131klamalar<\/b><\/h2>\n\n\n\n<p><span style=\"font-weight: 400;\">Daha yo\u011fun g\u00f6r\u00fcnen bir sa\u00e7 \u00e7izgisi otomatik olarak cerrahi anlam\u0131na gelmez. Bir\u00e7ok ki\u015fi incelen sa\u00e7lar\u0131n g\u00f6r\u00fcn\u00fcm\u00fcn\u00fc iyile\u015ftirmek i\u00e7in cerrahi olmayan se\u00e7enekler kullan\u0131r ve \u00fcnl\u00fcler genellikle en iyi bak\u0131m ekiplerine eri\u015febilir.<\/span><\/p>\n\n\n\n<p><span style=\"font-weight: 400;\">Yayg\u0131n a\u00e7\u0131klamalar aras\u0131nda re\u00e7eteli <a href=\"https:\/\/haircenterofturkey.com\/tr\/kacinilmasi-gereken-en-buyuk-sac-kesimi-hatalari-ve-bunlari-duzeltme-yontemleri\/\">sa\u00e7 d\u00f6k\u00fclmesi<\/a> tedavileri (<a href=\"https:\/\/haircenterofturkey.com\/tr\/sac-ekimi-sonrasi-finasteride-kullanmali-miyim\/\">finasterid<\/a> gibi) ve topikal se\u00e7enekler (<a href=\"https:\/\/haircenterofturkey.com\/tr\/sac-ekimi-kanser-yapar-mi\/\">minoksidil<\/a> gibi) ile <a href=\"https:\/\/haircenterofturkey.com\/tr\/sac-kasintisina-ne-iyi-gelir\/\">sa\u00e7 derisi<\/a> kapat\u0131c\u0131lar\u0131, sa\u00e7 lifleri ve stratejik \u015fekillendirme yer al\u0131r. I\u015f\u0131kland\u0131rma, f\u00f6n tekni\u011fi ve hatta sahne makyaj\u0131 bile kamera kar\u015f\u0131s\u0131nda sa\u00e7 \u00e7izgisini daha keskin ve dolgun g\u00f6sterebilir.<\/span><\/p>\n\n\n\n<p><span style=\"font-weight: 400;\">Baz\u0131 performans sanat\u00e7\u0131lar\u0131 y\u00fcksek kaliteli sa\u00e7 sistemleri de kullan\u0131r. \u0130yi uyguland\u0131klar\u0131nda foto\u011fraflarda ve sahnede do\u011fal g\u00f6r\u00fcnebilirler; bu da yaln\u0131zca g\u00f6r\u00fcnt\u00fclere bakarak sonu\u00e7 \u00e7\u0131karmay\u0131 zorla\u015ft\u0131r\u0131r.<\/span><\/p>\n\n\n\n<figure class=\"wp-block-image\"><img decoding=\"async\" src=\"https:\/\/haircenterofturkey.com\/wp-content\/uploads\/2025\/08\/Did-Matt-Goss-Have-a-Hair-Transplant-2.webp\" alt=\"Matt Goss Sa\u00e7 Ekimi Yapt\u0131rd\u0131 m\u0131?\" title=\"\"><\/figure>\n\n\n\n<p><\/p>\n\n\n\n<h2 class=\"wp-block-heading\" id=\"eglence-dunyasinda-sac-ekimlerinin-populer-olmasinin-nedeni\"><b>E\u011flence D\u00fcnyas\u0131nda Sa\u00e7 Ekimlerinin Pop\u00fcler Olmas\u0131n\u0131n Nedeni<\/b><\/h2>\n\n\n\n<p><span style=\"font-weight: 400;\"><a href=\"https:\/\/haircenterofturkey.com\/tr\/dunyada-ilk-sac-ekimi-ne-zaman-yapildi\/\">Sa\u00e7 restorasyonu<\/a>, iyi yap\u0131ld\u0131\u011f\u0131nda sonu\u00e7lar \u00e7ok do\u011fal g\u00f6r\u00fcnebildi\u011fi i\u00e7in sinema, m\u00fczik ve televizyonda daha yayg\u0131n hale geldi. Modern teknikler, do\u011fal b\u00fcy\u00fcme desenlerini taklit edecek \u015fekilde folik\u00fcl yerle\u015ftirmeye odaklan\u0131r; bu da sa\u00e7 \u00e7izgisinin \u201ctakma\u201d bir g\u00f6r\u00fcn\u00fcmden ka\u00e7\u0131nmas\u0131na yard\u0131mc\u0131 olur.<\/span><\/p>\n\n\n\n<p><span style=\"font-weight: 400;\">Bununla birlikte, g\u00f6r\u00fcnen her \u201ciyile\u015fme\u201d bir ekim de\u011fildir. E\u011flence sekt\u00f6r\u00fc profesyonel \u015fekillendirme, y\u00fcksek \u00e7\u00f6z\u00fcn\u00fcrl\u00fckl\u00fc kameralar ve s\u00fcrekli g\u00f6r\u00fcnt\u00fc incelemesini bir araya getirir\u2014bu y\u00fczden hi\u00e7bir \u015fey do\u011frulanmam\u0131\u015f olsa bile s\u00f6ylentiler h\u0131zla yay\u0131l\u0131r.<\/span><\/p>\n\n\n\n<h2 class=\"wp-block-heading\" id=\"hizli-rehber-fue-ve-dhi-basitce\"><b>H\u0131zl\u0131 Rehber: FUE ve DHI Basit\u00e7e<\/b><\/h2>\n\n\n\n<p><span style=\"font-weight: 400;\">Ekim tart\u0131\u015fmalar\u0131nda s\u0131k\u00e7a ge\u00e7en iki y\u00f6ntem <a href=\"https:\/\/haircenterofturkey.com\/tr\/fue-2024-oncesi-ve-sonrasi\/\">FUE<\/a> (Folik\u00fcler \u00dcnite Ekstraksiyonu) ve DHI\u2019d\u0131r (Do\u011frudan Sa\u00e7 Ekimi). FUE\u2019de folik\u00fcller don\u00f6r b\u00f6lgeden tek tek al\u0131n\u0131r ve seyrelmi\u015f alanlara yerle\u015ftirilir. <a href=\"https:\/\/haircenterofturkey.com\/tr\/dhi-ve-fue-sakal-ekimi-karsilastirmasi-hangisi-sizin-icin-daha-uygun\/\">DHI<\/a> ise \u00f6zel bir implante edici kalemle folik\u00fcllerin do\u011frudan yerle\u015ftirilmesini sa\u011flar; bu da baz\u0131 durumlarda a\u00e7\u0131 ve yo\u011funluk \u00fczerinde daha fazla kontrol sunabilir.<\/span><\/p>\n\n\n\n<p><span style=\"font-weight: 400;\">\u201cEn iyi\u201d teknik, ki\u015finin sa\u00e7 tipine, don\u00f6r kapasitesine ve hedeflerine ba\u011fl\u0131d\u0131r. Sayg\u0131n bir klinik, \u00fcnl\u00fc kar\u015f\u0131la\u015ft\u0131rmalar\u0131na de\u011fil, klinik bir de\u011ferlendirmeye dayanarak bir plan \u00f6nerir.<\/span><\/p>\n\n\n\n<h2 class=\"wp-block-heading\" id=\"sikca-sorulan-sorular\">S\u0131k\u00e7a Sorulan Sorular<\/h2>\n\n\n<div id=\"rank-math-faq\" class=\"rank-math-block\">\n<div class=\"rank-math-list \">\n<div id=\"faq-question-1770714118036\" class=\"rank-math-list-item\">\n<h3 class=\"rank-math-question \">Sa\u00e7 ekiminden 20 y\u0131l sonra ne olur?<\/h3>\n<div class=\"rank-math-answer \">\n\n<p>Ekilen sa\u00e7lar genelde onlarca y\u0131l kal\u0131r; do\u011fal sa\u00e7 d\u00f6k\u00fclmesi s\u00fcrebilir.<\/p>\n\n<\/div>\n<\/div>\n<div id=\"faq-question-1770714119723\" class=\"rank-math-list-item\">\n<h3 class=\"rank-math-question \">Matt Goss\u2019un sa\u00e7\u0131na ne oldu?<\/h3>\n<div class=\"rank-math-answer \">\n\n<p><a href=\"https:\/\/haircenterofturkey.com\/tr\/androgenetik-alopesi-erkek-tipi-sac-dokulmesi\/\">Erkek tipi sa\u00e7 d\u00f6k\u00fclmesi<\/a> ya\u015fad\u0131 ve sonra sa\u00e7 \u00e7izgisini ektirerek toparlad\u0131.<\/p>\n\n<\/div>\n<\/div>\n<div id=\"faq-question-1770714120780\" class=\"rank-math-list-item\">\n<h3 class=\"rank-math-question \">Matt Goss ka\u00e7 kez sa\u00e7 ekimi yapt\u0131rd\u0131?<\/h3>\n<div class=\"rank-math-answer \">\n\n<p>Kesin say\u0131y\u0131 kamuya a\u00e7\u0131k \u015fekilde do\u011frulamad\u0131.<\/p>\n\n<\/div>\n<\/div>\n<div id=\"faq-question-1770714121446\" class=\"rank-math-list-item\">\n<h3 class=\"rank-math-question \">En \u00e7ok sa\u00e7 ekimi yapt\u0131ran akt\u00f6r hangisi?<\/h3>\n<div class=\"rank-math-answer \">\n\n<p>En \u00e7ok i\u015flem yapt\u0131ran tek bir akt\u00f6r\u00fc do\u011frulayan g\u00fcvenilir kay\u0131t yok.<\/p>\n\n<\/div>\n<\/div>\n<\/div>\n<\/div>","protected":false},"excerpt":{"rendered":"<p>Matt Goss Sa\u00e7 Ekimi Yapt\u0131rd\u0131 m\u0131? Matt Goss\u2019un sa\u00e7 ekimi yapt\u0131rd\u0131\u011f\u0131na dair kamuoyuna a\u00e7\u0131k bir do\u011frulama yok. S\u00f6ylentiler, daha dolgun bir sa\u00e7 \u00e7izgisi g\u00f6steren \u00f6nce-sonra foto\u011fraflar\u0131ndan kaynaklan\u0131yor; ancak \u015fekillendirme, \u0131\u015f\u0131k, ila\u00e7lar ve kozmetik lifler gibi de\u011fi\u015fiklikler de ayn\u0131 etkiyi yaratabilir. Goss bunu do\u011frudan a\u00e7\u0131klamad\u0131k\u00e7a, \u201cdo\u011frulanm\u0131\u015f\u201d oldu\u011fu iddia edilen her \u015fey spek\u00fclasyon olarak kal\u0131r. S\u00f6ylentileri Tetikleyen [&hellip;]<\/p>\n","protected":false},"author":2,"featured_media":8953,"comment_status":"closed","ping_status":"closed","sticky":false,"template":"","format":"standard","meta":{"footnotes":""},"categories":[2,156],"tags":[],"class_list":["post-8688","post","type-post","status-publish","format-standard","has-post-thumbnail","hentry","category-blog","category-unlulerde-sac-ekimi"],"_links":{"self":[{"href":"https:\/\/haircenterofturkey.com\/tr\/wp-json\/wp\/v2\/posts\/8688","targetHints":{"allow":["GET"]}}],"collection":[{"href":"https:\/\/haircenterofturkey.com\/tr\/wp-json\/wp\/v2\/posts"}],"about":[{"href":"https:\/\/haircenterofturkey.com\/tr\/wp-json\/wp\/v2\/types\/post"}],"author":[{"embeddable":true,"href":"https:\/\/haircenterofturkey.com\/tr\/wp-json\/wp\/v2\/users\/2"}],"replies":[{"embeddable":true,"href":"https:\/\/haircenterofturkey.com\/tr\/wp-json\/wp\/v2\/comments?post=8688"}],"version-history":[{"count":4,"href":"https:\/\/haircenterofturkey.com\/tr\/wp-json\/wp\/v2\/posts\/8688\/revisions"}],"predecessor-version":[{"id":22203,"href":"https:\/\/haircenterofturkey.com\/tr\/wp-json\/wp\/v2\/posts\/8688\/revisions\/22203"}],"wp:featuredmedia":[{"embeddable":true,"href":"https:\/\/haircenterofturkey.com\/tr\/wp-json\/wp\/v2\/media\/8953"}],"wp:attachment":[{"href":"https:\/\/haircenterofturkey.com\/tr\/wp-json\/wp\/v2\/media?parent=8688"}],"wp:term":[{"taxonomy":"category","embeddable":true,"href":"https:\/\/haircenterofturkey.com\/tr\/wp-json\/wp\/v2\/categories?post=8688"},{"taxonomy":"post_tag","embeddable":true,"href":"https:\/\/haircenterofturkey.com\/tr\/wp-json\/wp\/v2\/tags?post=8688"}],"curies":[{"name":"wp","href":"https:\/\/api.w.org\/{rel}","templated":true}]}}