{"id":8674,"date":"2025-08-11T16:33:56","date_gmt":"2025-08-11T13:33:56","guid":{"rendered":"https:\/\/haircenterofturkey.com\/danny-ing-sac-ekimi-yaptirdi-mi\/"},"modified":"2026-02-10T13:14:25","modified_gmt":"2026-02-10T10:14:25","slug":"danny-ing-sac-ekimi-yaptirdi-mi","status":"publish","type":"post","link":"https:\/\/haircenterofturkey.com\/tr\/danny-ing-sac-ekimi-yaptirdi-mi\/","title":{"rendered":"Danny Ings Sa\u00e7 Ekimi Yapt\u0131rd\u0131 m\u0131?"},"content":{"rendered":"\n<h2 class=\"wp-block-heading\" id=\"danny-ings-sac-ekimi-yaptirdi-mi\"><b>Danny Ings Sa\u00e7 Ekimi Yapt\u0131rd\u0131 m\u0131?<\/b><\/h2>\n\n\n\n<p><span style=\"font-weight: 400;\">Danny Ings\u2019in <a href=\"https:\/\/haircenterofturkey.com\/tr\/sac-ekimi-nerede-yaptirilir-ingiltere-ve-turkiye-karsilastirma-rehberi\/\">sa\u00e7 ekimi<\/a> yapt\u0131rd\u0131\u011f\u0131na dair do\u011frulanm\u0131\u015f bir kamuoyu a\u00e7\u0131klamas\u0131 bulunmuyor. Hayranlar, yeni foto\u011fraflarda daha keskin bir <a href=\"https:\/\/haircenterofturkey.com\/tr\/farkl-sac-cizgisi-turleri\/\">sa\u00e7 \u00e7izgisi<\/a> ve \u00f6n k\u0131s\u0131mda daha g\u00fcr g\u00f6r\u00fcnen sa\u00e7lara dikkat \u00e7ekiyor; bu da sa\u00e7 ekimi sonu\u00e7lar\u0131n\u0131 and\u0131rabiliyor. <a href=\"https:\/\/haircenterofturkey.com\/tr\/sac-yapisi-aciklamasi-katmanlar-buyume-dongusu-ve-sekillendirme-sonuclari\/\">Sa\u00e7 \u015fekillendirme<\/a>, \u0131\u015f\u0131k, medikal tedaviler ve do\u011fal de\u011fi\u015fimler de sa\u00e7\u0131n ne kadar yo\u011fun g\u00f6r\u00fcnd\u00fc\u011f\u00fcn\u00fc etkileyebilir.<\/span><\/p>\n\n\n\n<figure class=\"wp-block-image\"><img decoding=\"async\" src=\"https:\/\/haircenterofturkey.com\/wp-content\/uploads\/2025\/08\/Did-Danny-Ings-Have-a-Hair-Transplant-1.webp\" alt=\"Did Danny Ings Have a Hair Transplant\" title=\"\"><\/figure>\n\n\n\n<p><\/p>\n\n\n\n<h2 class=\"wp-block-heading\" id=\"insanlar-neden-danny-ingsin-sac-ekimi-yaptirdigini-dusunuyor\"><b>\u0130nsanlar neden Danny Ings\u2019in sa\u00e7 ekimi yapt\u0131rd\u0131\u011f\u0131n\u0131 d\u00fc\u015f\u00fcn\u00fcyor?<\/b><\/h2>\n\n\n\n<p><span style=\"font-weight: 400;\">Danny Ings\u2019in sa\u00e7lar\u0131 etraf\u0131ndaki tart\u0131\u015fma genellikle tek bir noktaya dayan\u0131yor: Sa\u00e7 \u00e7izgisi, kariyerinin ilk d\u00f6nemlerine k\u0131yasla daha belirgin g\u00f6r\u00fcn\u00fcyor. Yan yana payla\u015f\u0131lan foto\u011fraflarda, \u00f6n \u00e7izgi daha d\u00fcz ve daha e\u015fit duruyor; \u015fakaklardaki geri \u00e7ekilme daha az fark ediliyor.<\/span><\/p>\n\n\n\n<p><span style=\"font-weight: 400;\">Bu t\u00fcr bir de\u011fi\u015fim, iyi yap\u0131ld\u0131\u011f\u0131nda sonu\u00e7lar\u0131n ince ve \u201cdo\u011fal\u201d g\u00f6r\u00fcnebilmesi nedeniyle insanlara modern sa\u00e7 restorasyonunu d\u00fc\u015f\u00fcnd\u00fcr\u00fcyor. Ancak tek ba\u015f\u0131na foto\u011fraflar bir i\u015flemi do\u011frulayamaz; a\u00e7\u0131, <a href=\"https:\/\/haircenterofturkey.com\/tr\/sac-kesimi-sonrasi-bakim\/\">sa\u00e7 kesimi<\/a> ve bak\u0131m, kameran\u0131n yakalad\u0131\u011f\u0131n\u0131 ciddi \u015fekilde de\u011fi\u015ftirebilir.<\/span><\/p>\n\n\n\n<h3 class=\"wp-block-heading\" id=\"fotograf-karsilastirmalari-ve-sac-cizgisi-sekli\"><b>Foto\u011fraf kar\u015f\u0131la\u015ft\u0131rmalar\u0131 ve sa\u00e7 \u00e7izgisi \u015fekli<\/b><\/h3>\n\n\n\n<p><span style=\"font-weight: 400;\">\u00c7o\u011fu s\u00f6ylenti, eski ma\u00e7 g\u00fcn\u00fc foto\u011fraflar\u0131n\u0131n r\u00f6portajlar ya da sosyal payla\u015f\u0131mlardaki daha yeni g\u00f6r\u00fcnt\u00fclerle kar\u015f\u0131la\u015ft\u0131r\u0131lmas\u0131na dayan\u0131yor. \u00d6zellikle farkl\u0131 sa\u00e7 kesimlerinde bile \u00f6n hat keskinli\u011fini koruyorsa, bu durum insanlar\u0131n sa\u00e7 ekiminden \u015f\u00fcphelenmesinin en yayg\u0131n nedenlerinden biridir.<\/span><\/p>\n\n\n\n<p><span style=\"font-weight: 400;\">\u00d6te yandan, kamera lensleri, sert stadyum \u0131\u015f\u0131klar\u0131 ve \u0131slak sa\u00e7 incelmeyi abartabilir. Daha yumu\u015fak \u0131\u015f\u0131k alt\u0131nda, kuru ve \u015fekillendirilmi\u015f bir g\u00f6r\u00fcn\u00fcm ayn\u0131 sa\u00e7 \u00e7izgisini \u00e7ok daha dolgun g\u00f6sterebilir.<\/span><\/p>\n\n\n\n<h3 class=\"wp-block-heading\" id=\"yogunlukta-fark-edilir-bir-artis\"><b>Yo\u011funlukta fark edilir bir art\u0131\u015f<\/b><\/h3>\n\n\n\n<p><span style=\"font-weight: 400;\">\u0130nsanlar ayr\u0131ca sa\u00e7 \u00e7izgisi ve orta tepedeki yo\u011funlu\u011fa da i\u015faret ediyor. Bu b\u00f6lgede sa\u00e7 daha kal\u0131n g\u00f6r\u00fcnd\u00fc\u011f\u00fcnde, b\u00fcy\u00fcme olgunla\u015ft\u0131ktan sonra <a href=\"https:\/\/haircenterofturkey.com\/tr\/fue-2024-oncesi-ve-sonrasi\/\">FUE<\/a> veya <a href=\"https:\/\/haircenterofturkey.com\/tr\/dhi-ve-fue-sakal-ekimi-karsilastirmasi-hangisi-sizin-icin-daha-uygun\/\">DHI<\/a> ekimi sonras\u0131 g\u00f6r\u00fclen \u201cdoldurulmu\u015f\u201d etkiyi and\u0131rabilir.<\/span><\/p>\n\n\n\n<p><span style=\"font-weight: 400;\">Yo\u011funluktaki de\u011fi\u015fimler cerrahi olmayan fakt\u00f6rlerden de kaynaklanabilir; yeni bir sa\u00e7 kesimi, daha uzun bir per\u00e7em ya da hacim veren \u00fcr\u00fcnler gibi. Sa\u00e7\u0131n y\u00f6n\u00fcndeki ve f\u00f6nlemedeki k\u00fc\u00e7\u00fck de\u011fi\u015fiklikler bile daha fazla kapat\u0131c\u0131l\u0131k izlenimi yaratabilir.<\/span><\/p>\n\n\n\n<figure class=\"wp-block-image\"><img decoding=\"async\" src=\"https:\/\/haircenterofturkey.com\/wp-content\/uploads\/2025\/08\/Did-Danny-Ings-Have-a-Hair-Transplant-2.webp\" alt=\"Did Danny Ings Have a Hair Transplant\" title=\"\"><\/figure>\n\n\n\n<div class=\"wp-block-rank-math-toc-block\" id=\"rank-math-toc\"><h2>\u0130\u00e7indekiler<\/h2><nav><ul><li class=\"\"><a href=\"#danny-ings-sac-ekimi-yaptirdi-mi\">Danny Ings Sa\u00e7 Ekimi Yapt\u0131rd\u0131 m\u0131?<\/a><\/li><li class=\"\"><a href=\"#insanlar-neden-danny-ingsin-sac-ekimi-yaptirdigini-dusunuyor\">\u0130nsanlar neden Danny Ings\u2019in sa\u00e7 ekimi yapt\u0131rd\u0131\u011f\u0131n\u0131 d\u00fc\u015f\u00fcn\u00fcyor?<\/a><ul><li class=\"\"><a href=\"#fotograf-karsilastirmalari-ve-sac-cizgisi-sekli\">Foto\u011fraf kar\u015f\u0131la\u015ft\u0131rmalar\u0131 ve sa\u00e7 \u00e7izgisi \u015fekli<\/a><\/li><li class=\"\"><a href=\"#yogunlukta-fark-edilir-bir-artis\">Yo\u011funlukta fark edilir bir art\u0131\u015f<\/a><\/li><\/ul><\/li><li class=\"\"><a href=\"#danny-ings-sac-ekimini-dogruladi-mi\">Danny Ings sa\u00e7 ekimini do\u011frulad\u0131 m\u0131?<\/a><\/li><li class=\"\"><a href=\"#daha-dolgun-gorunen-bir-sac-cizgisi-icin-diger-aciklamalar\">Daha dolgun g\u00f6r\u00fcnen bir sa\u00e7 \u00e7izgisi i\u00e7in di\u011fer a\u00e7\u0131klamalar<\/a><ul><li class=\"\"><a href=\"#tibbi-ve-cerrahi-olmayan-secenekler\">T\u0131bbi ve cerrahi olmayan se\u00e7enekler<\/a><\/li><\/ul><\/li><li class=\"\"><a href=\"#profesyonel-futbolda-sac-ekimi\">Profesyonel futbolda sa\u00e7 ekimi<\/a><ul><li class=\"\"><a href=\"#basitce-fue-ve-dhi\">Basit\u00e7e FUE ve DHI<\/a><\/li><\/ul><\/li><li class=\"\"><a href=\"#kendiniz-icin-sac-ekimi-dusunuyorsaniz\">Kendiniz i\u00e7in sa\u00e7 ekimi d\u00fc\u015f\u00fcn\u00fcyorsan\u0131z<\/a><\/li><li class=\"\"><a href=\"#sikca-sorulan-sorular\">S\u0131k\u00e7a Sorulan Sorular<\/a><ul><li class=\"\"><a href=\"#faq-question-1770716699030\">1 greft 1 sa\u00e7 teli midir?<\/a><\/li><li class=\"\"><a href=\"#faq-question-1770716702990\">1 greftte ka\u00e7 sa\u00e7 teli olur?<\/a><\/li><li class=\"\"><a href=\"#faq-question-1770716703821\">Sa\u00e7 ekimi i\u00e7in en uygun ya\u015f nedir?<\/a><\/li><li class=\"\"><a href=\"#faq-question-1770716704474\">Sa\u00e7 ekiminde ya\u015f s\u0131n\u0131r\u0131 var m\u0131?<\/a><\/li><li class=\"\"><a href=\"#faq-question-1770716705342\">Sa\u00e7 ekimi ac\u0131t\u0131r m\u0131?<\/a><\/li><li class=\"\"><a href=\"#faq-question-1770718435017\">Sa\u00e7 ekimi sonu\u00e7lar\u0131 ne zaman g\u00f6r\u00fcl\u00fcr?<\/a><\/li><li class=\"\"><a href=\"#faq-question-1770718435649\">Sa\u00e7 ekimi i\u00e7in ka\u00e7 greft gerekir?<\/a><\/li><li class=\"\"><a href=\"#faq-question-1770718436681\">Sa\u00e7 ekimi kal\u0131c\u0131 m\u0131?<\/a><\/li><\/ul><\/li><\/ul><\/nav><\/div>\n\n\n\n<h2 class=\"wp-block-heading\" id=\"danny-ings-sac-ekimini-dogruladi-mi\"><b>Danny Ings sa\u00e7 ekimini do\u011frulad\u0131 m\u0131?<\/b><\/h2>\n\n\n\n<p><span style=\"font-weight: 400;\">\u015eu ana kadar Danny Ings, sa\u00e7 ekimi yapt\u0131rd\u0131\u011f\u0131na dair kamuoyuna a\u00e7\u0131k bir a\u00e7\u0131klama yapmad\u0131. Kendisi ya da resmi bir kaynaktan do\u011frudan bir yorum gelmedik\u00e7e, g\u00f6zlemlerin \u00f6tesindeki her \u015fey spek\u00fclasyon olarak kal\u0131r.<\/span><\/p>\n\n\n\n<p><span style=\"font-weight: 400;\">Bu durum kamuoyundaki isimler i\u00e7in yayg\u0131nd\u0131r. Baz\u0131 oyuncular <a href=\"https:\/\/haircenterofturkey.com\/tr\/dunyada-ilk-sac-ekimi-ne-zaman-yapildi\/\">sa\u00e7 restorasyonu<\/a> hakk\u0131nda a\u00e7\u0131k\u00e7a konu\u015furken, baz\u0131lar\u0131 bunu \u00f6zel tutar ve her iki tercih de ola\u011fand\u0131\u015f\u0131 de\u011fildir.<\/span><\/p>\n\n\n\n<h2 class=\"wp-block-heading\" id=\"daha-dolgun-gorunen-bir-sac-cizgisi-icin-diger-aciklamalar\"><b>Daha dolgun g\u00f6r\u00fcnen bir sa\u00e7 \u00e7izgisi i\u00e7in di\u011fer a\u00e7\u0131klamalar<\/b><\/h2>\n\n\n\n<p><span style=\"font-weight: 400;\">G\u00f6r\u00fcn\u00fcmdeki her iyile\u015fme ameliyata i\u015faret etmez. <a href=\"https:\/\/haircenterofturkey.com\/tr\/kacinilmasi-gereken-en-buyuk-sac-kesimi-hatalari-ve-bunlari-duzeltme-yontemleri\/\">Sa\u00e7 d\u00f6k\u00fclmesi<\/a> yava\u015flad\u0131\u011f\u0131nda, sa\u00e7 farkl\u0131 kesilip \u015fekillendirildi\u011finde ya da bir oyuncu bak\u0131m rutinini de\u011fi\u015ftirdi\u011finde sa\u00e7 daha sa\u011fl\u0131kl\u0131 ve g\u00fcr g\u00f6r\u00fcnebilir.<\/span><\/p>\n\n\n\n<h3 class=\"wp-block-heading\" id=\"tibbi-ve-cerrahi-olmayan-secenekler\"><b>T\u0131bbi ve cerrahi olmayan se\u00e7enekler<\/b><\/h3>\n\n\n\n<p><span style=\"font-weight: 400;\">Bir\u00e7ok erkek, <a href=\"https:\/\/haircenterofturkey.com\/tr\/androgenetik-alopesi-erkek-tipi-sac-dokulmesi\/\">erkek tipi sa\u00e7 d\u00f6k\u00fclmesi<\/a> i\u00e7in kan\u0131ta dayal\u0131 tedaviler kullan\u0131r; \u00f6rne\u011fin topikal <a href=\"https:\/\/haircenterofturkey.com\/tr\/sac-ekimi-kanser-yapar-mi\/\">minoksidil<\/a> ve bir hekimle g\u00f6r\u00fc\u015f\u00fclerek kullan\u0131lan re\u00e7eteli ila\u00e7lar. Bunlar, \u00f6zellikle erken ba\u015fland\u0131\u011f\u0131nda zamanla kapat\u0131c\u0131l\u0131\u011f\u0131 art\u0131rabilir; ancak sonu\u00e7lar ki\u015fiden ki\u015fiye de\u011fi\u015fir.<\/span><\/p>\n\n\n\n<p><span style=\"font-weight: 400;\">Ayr\u0131ca sa\u00e7 fiberleri, kal\u0131nla\u015ft\u0131r\u0131c\u0131 spreyler ve <a href=\"https:\/\/haircenterofturkey.com\/tr\/sac-kasintisina-ne-iyi-gelir\/\">sa\u00e7 derisi<\/a> mikropigmentasyonu gibi cerrahi olmayan kozmetik se\u00e7enekler de vard\u0131r. Foto\u011fraflarda ve televizyonda, incelme g\u00f6r\u00fcn\u00fcm\u00fcn\u00fc azaltmada \u015fa\u015f\u0131rt\u0131c\u0131 derecede etkili olabilirler.<\/span><\/p>\n\n\n\n<p><b>\u015eekillendirme, \u0131\u015f\u0131k ve \u201cTV sa\u00e7\u0131\u201d<\/b><\/p>\n\n\n\n<p><span style=\"font-weight: 400;\">Sa\u00e7, bir yay\u0131n ya da halka a\u00e7\u0131k bir g\u00f6r\u00fcn\u00fcm i\u00e7in nas\u0131l haz\u0131rland\u0131\u011f\u0131na ba\u011fl\u0131 olarak dramatik \u015fekilde farkl\u0131 g\u00f6r\u00fcnebilir. Profesyonel bir kesim, mat \u015fekillendirici \u00fcr\u00fcnler ve kontroll\u00fc \u0131\u015f\u0131kland\u0131rma, ince bir sa\u00e7 \u00e7izgisini samimi bir foto\u011frafa k\u0131yasla \u00e7ok daha yo\u011fun g\u00f6sterebilir.<\/span><\/p>\n\n\n\n<p><span style=\"font-weight: 400;\">Ter, ya\u011fmur ve j\u00f6le ise sa\u00e7lar\u0131 birbirine yap\u0131\u015ft\u0131rarak tam tersini yapabilir ve sa\u00e7 derisini ortaya \u00e7\u0131karabilir. Bu da ma\u00e7 g\u00fcn\u00fc g\u00f6r\u00fcnt\u00fclerinin \u201ckan\u0131t\u201d olarak kullan\u0131ld\u0131\u011f\u0131nda neden yan\u0131lt\u0131c\u0131 olabildi\u011fini a\u00e7\u0131klar.<\/span><\/p>\n\n\n\n<h2 class=\"wp-block-heading\" id=\"profesyonel-futbolda-sac-ekimi\"><b>Profesyonel futbolda sa\u00e7 ekimi<\/b><\/h2>\n\n\n\n<p><span style=\"font-weight: 400;\">Sa\u00e7 ekimi, g\u00fcn\u00fcm\u00fcz tekniklerinin gizli olmas\u0131 ve iyile\u015fmenin bir oyuncunun program\u0131na g\u00f6re ayarlanabilmesi sayesinde futbolda daha yayg\u0131n hale gelmi\u015ftir. \u0130\u015flemler genellikle <a href=\"https:\/\/haircenterofturkey.com\/tr\/sac-ekimi-ameliyatinda-hangi-anestezi-turu-tercih-edilmelidir\/\">lokal anestezi<\/a> alt\u0131nda yap\u0131l\u0131r ve <a href=\"https:\/\/haircenterofturkey.com\/tr\/sac-ekimi-sonrasi-donor-bolgesi-nasil-gorunur-ve-nasil-iyilesir\/\">don\u00f6r b\u00f6lge<\/a>, g\u00f6zle g\u00f6r\u00fcl\u00fcr de\u011fi\u015fimi en aza indirecek \u015fekilde iyile\u015fecek bi\u00e7imde planlan\u0131r.<\/span><\/p>\n\n\n\n<p><span style=\"font-weight: 400;\">Modern kliniklerde en s\u0131k bahsedilen iki y\u00f6ntem FUE ve DHI\u2019d\u0131r. Her ikisi de k\u00f6kleri don\u00f6r b\u00f6lgeden (genellikle enseden) al\u0131p seyrelmeden etkilenen alanlara ta\u015f\u0131r.<\/span><\/p>\n\n\n\n<h3 class=\"wp-block-heading\" id=\"basitce-fue-ve-dhi\"><b>Basit\u00e7e FUE ve DHI<\/b><\/h3>\n\n\n\n<p><span style=\"font-weight: 400;\">FUE, folik\u00fcler \u00fcniteleri tek tek \u00e7\u0131kar\u0131r ve k\u00fc\u00e7\u00fck al\u0131c\u0131 kanallara yerle\u015ftirir. DHI ise greftleri do\u011frudan yerle\u015ftirmek i\u00e7in kalem benzeri bir implante edici kullan\u0131r; bu da cerrahlara a\u00e7\u0131 ve y\u00f6n \u00fczerinde hassas kontrol sa\u011flayabilir.<\/span><\/p>\n\n\n\n<p><span style=\"font-weight: 400;\">Hi\u00e7bir teknik herkes i\u00e7in otomatik olarak \u201cdaha iyi\u201d de\u011fildir. Do\u011fru se\u00e7im; d\u00f6k\u00fclme paterni, don\u00f6r sa\u00e7\u0131n kalitesi, istenen yo\u011funluk ve t\u0131bbi ekibin deneyimine ba\u011fl\u0131d\u0131r.<\/span><\/p>\n\n\n\n<h2 class=\"wp-block-heading\" id=\"kendiniz-icin-sac-ekimi-dusunuyorsaniz\"><b>Kendiniz i\u00e7in sa\u00e7 ekimi d\u00fc\u015f\u00fcn\u00fcyorsan\u0131z<\/b><\/h2>\n\n\n\n<p><span style=\"font-weight: 400;\">\u00dcnl\u00fc s\u00f6ylentileri ilgi \u00e7ekici olabilir, ancak kendi karar\u0131n\u0131z i\u00e7in iyi bir yol haritas\u0131 de\u011fildir. \u00d6nemli olan, uygun bir aday olup olmad\u0131\u011f\u0131n\u0131z ve plan\u0131n sa\u00e7 tipiniz ile uzun vadeli d\u00f6k\u00fclme paterniniz i\u00e7in ger\u00e7ek\u00e7i olup olmad\u0131\u011f\u0131d\u0131r.<\/span><\/p>\n\n\n\n<p><span style=\"font-weight: 400;\">Do\u011fru bir dan\u0131\u015fmanl\u0131k; don\u00f6r kapasitesi, beklenen yo\u011funluk, do\u011fal bir sa\u00e7 \u00e7izgisi tasar\u0131m\u0131 ve y\u0131llar i\u00e7inde bak\u0131m\u0131n nas\u0131l olabilece\u011fini kapsamal\u0131d\u0131r. Deneyimli bir klinik se\u00e7mek ve bak\u0131m talimatlar\u0131n\u0131 yak\u0131ndan takip etmek, belirli bir tekni\u011fin pe\u015finden ko\u015fmaktan daha b\u00fcy\u00fck bir etkiye sahiptir.<\/span><\/p>\n\n\n\n<h2 class=\"wp-block-heading\" id=\"sikca-sorulan-sorular\">S\u0131k\u00e7a Sorulan Sorular<\/h2>\n\n\n<div id=\"rank-math-faq\" class=\"rank-math-block\">\n<div class=\"rank-math-list \">\n<div id=\"faq-question-1770716699030\" class=\"rank-math-list-item\">\n<h3 class=\"rank-math-question \">1 greft 1 sa\u00e7 teli midir?<\/h3>\n<div class=\"rank-math-answer \">\n\n<p>Hay\u0131r; bir <a href=\"https:\/\/haircenterofturkey.com\/tr\/fue-sac-ekimi-sonrasi-greftlerin-tutunm-orani-nasil-maksimuma-cikarilir\/\">greft<\/a> 1\u20134 sa\u00e7 teli i\u00e7erir.<\/p>\n\n<\/div>\n<\/div>\n<div id=\"faq-question-1770716702990\" class=\"rank-math-list-item\">\n<h3 class=\"rank-math-question \">1 greftte ka\u00e7 sa\u00e7 teli olur?<\/h3>\n<div class=\"rank-math-answer \">\n\n<p>Bir greft 1\u20134 sa\u00e7 teli i\u00e7erir; ortalama iki tel olur.<\/p>\n\n<\/div>\n<\/div>\n<div id=\"faq-question-1770716703821\" class=\"rank-math-list-item\">\n<h3 class=\"rank-math-question \">Sa\u00e7 ekimi i\u00e7in en uygun ya\u015f nedir?<\/h3>\n<div class=\"rank-math-answer \">\n\n<p>Sa\u00e7 d\u00f6k\u00fclmesi sabitle\u015fince 30\u201340 ya\u015f aral\u0131\u011f\u0131 uygundur.<\/p>\n\n<\/div>\n<\/div>\n<div id=\"faq-question-1770716704474\" class=\"rank-math-list-item\">\n<h3 class=\"rank-math-question \">Sa\u00e7 ekiminde ya\u015f s\u0131n\u0131r\u0131 var m\u0131?<\/h3>\n<div class=\"rank-math-answer \">\n\n<p>En az 25 ya\u015f\u0131 bekleyin; kat\u0131 bir \u00fcst ya\u015f s\u0131n\u0131r\u0131 yoktur.<\/p>\n\n<\/div>\n<\/div>\n<div id=\"faq-question-1770716705342\" class=\"rank-math-list-item\">\n<h3 class=\"rank-math-question \">Sa\u00e7 ekimi ac\u0131t\u0131r m\u0131?<\/h3>\n<div class=\"rank-math-answer \">\n\n<p>A\u011fr\u0131 d\u00fc\u015f\u00fckt\u00fcr \u00e7\u00fcnk\u00fc lokal <a href=\"https:\/\/haircenterofturkey.com\/tr\/sac-ekimi-ameliyatinda-hangi-anestezi-turu-tercih-edilmelidir\/\">anestezi<\/a> kullan\u0131l\u0131r.<\/p>\n\n<\/div>\n<\/div>\n<div id=\"faq-question-1770718435017\" class=\"rank-math-list-item\">\n<h3 class=\"rank-math-question \">Sa\u00e7 ekimi sonu\u00e7lar\u0131 ne zaman g\u00f6r\u00fcl\u00fcr?<\/h3>\n<div class=\"rank-math-answer \">\n\n<p>Yeni \u00e7\u0131k\u0131\u015f 3\u20134 ayda ba\u015flar; nihai sonu\u00e7 9\u201312 ayda g\u00f6r\u00fcn\u00fcr.<\/p>\n\n<\/div>\n<\/div>\n<div id=\"faq-question-1770718435649\" class=\"rank-math-list-item\">\n<h3 class=\"rank-math-question \">Sa\u00e7 ekimi i\u00e7in ka\u00e7 greft gerekir?<\/h3>\n<div class=\"rank-math-answer \">\n\n<p>Hafif d\u00f6k\u00fclmede 1.000\u20132.000 greft yeter; yayg\u0131nda 4.000+ gerekebilir.<\/p>\n\n<\/div>\n<\/div>\n<div id=\"faq-question-1770718436681\" class=\"rank-math-list-item\">\n<h3 class=\"rank-math-question \">Sa\u00e7 ekimi kal\u0131c\u0131 m\u0131?<\/h3>\n<div class=\"rank-math-answer \">\n\n<p>Ekilen sa\u00e7 uzun s\u00fcre kal\u0131r, ama ekilmemi\u015f sa\u00e7lar incelmeye devam edebilir.<\/p>\n\n<\/div>\n<\/div>\n<\/div>\n<\/div>","protected":false},"excerpt":{"rendered":"<p>Danny Ings Sa\u00e7 Ekimi Yapt\u0131rd\u0131 m\u0131? Danny Ings\u2019in sa\u00e7 ekimi yapt\u0131rd\u0131\u011f\u0131na dair do\u011frulanm\u0131\u015f bir kamuoyu a\u00e7\u0131klamas\u0131 bulunmuyor. Hayranlar, yeni foto\u011fraflarda daha keskin bir sa\u00e7 \u00e7izgisi ve \u00f6n k\u0131s\u0131mda daha g\u00fcr g\u00f6r\u00fcnen sa\u00e7lara dikkat \u00e7ekiyor; bu da sa\u00e7 ekimi sonu\u00e7lar\u0131n\u0131 and\u0131rabiliyor. Sa\u00e7 \u015fekillendirme, \u0131\u015f\u0131k, medikal tedaviler ve do\u011fal de\u011fi\u015fimler de sa\u00e7\u0131n ne kadar yo\u011fun g\u00f6r\u00fcnd\u00fc\u011f\u00fcn\u00fc etkileyebilir. [&hellip;]<\/p>\n","protected":false},"author":2,"featured_media":8947,"comment_status":"open","ping_status":"open","sticky":false,"template":"","format":"standard","meta":{"footnotes":""},"categories":[2,156],"tags":[],"class_list":["post-8674","post","type-post","status-publish","format-standard","has-post-thumbnail","hentry","category-blog","category-unlulerde-sac-ekimi"],"_links":{"self":[{"href":"https:\/\/haircenterofturkey.com\/tr\/wp-json\/wp\/v2\/posts\/8674","targetHints":{"allow":["GET"]}}],"collection":[{"href":"https:\/\/haircenterofturkey.com\/tr\/wp-json\/wp\/v2\/posts"}],"about":[{"href":"https:\/\/haircenterofturkey.com\/tr\/wp-json\/wp\/v2\/types\/post"}],"author":[{"embeddable":true,"href":"https:\/\/haircenterofturkey.com\/tr\/wp-json\/wp\/v2\/users\/2"}],"replies":[{"embeddable":true,"href":"https:\/\/haircenterofturkey.com\/tr\/wp-json\/wp\/v2\/comments?post=8674"}],"version-history":[{"count":3,"href":"https:\/\/haircenterofturkey.com\/tr\/wp-json\/wp\/v2\/posts\/8674\/revisions"}],"predecessor-version":[{"id":22265,"href":"https:\/\/haircenterofturkey.com\/tr\/wp-json\/wp\/v2\/posts\/8674\/revisions\/22265"}],"wp:featuredmedia":[{"embeddable":true,"href":"https:\/\/haircenterofturkey.com\/tr\/wp-json\/wp\/v2\/media\/8947"}],"wp:attachment":[{"href":"https:\/\/haircenterofturkey.com\/tr\/wp-json\/wp\/v2\/media?parent=8674"}],"wp:term":[{"taxonomy":"category","embeddable":true,"href":"https:\/\/haircenterofturkey.com\/tr\/wp-json\/wp\/v2\/categories?post=8674"},{"taxonomy":"post_tag","embeddable":true,"href":"https:\/\/haircenterofturkey.com\/tr\/wp-json\/wp\/v2\/tags?post=8674"}],"curies":[{"name":"wp","href":"https:\/\/api.w.org\/{rel}","templated":true}]}}