{"id":7016,"date":"2025-03-12T06:57:47","date_gmt":"2025-03-12T03:57:47","guid":{"rendered":"https:\/\/haircenterofturkey.com\/frontal-fibrozan-alopesi-ffa\/"},"modified":"2026-03-02T15:11:30","modified_gmt":"2026-03-02T12:11:30","slug":"frontal-fibrozan-alopesi-ffa","status":"publish","type":"post","link":"https:\/\/haircenterofturkey.com\/tr\/frontal-fibrozan-alopesi-ffa\/","title":{"rendered":"Frontal Fibrozan Alopesi (FFA)"},"content":{"rendered":"\n<h2 class=\"wp-block-heading\" id=\"frontal-fibrozan-alopesi-ffa\">Frontal Fibrozan Alopesi (FFA)<\/h2>\n\n\n\n<p><strong data-start=\"366\" data-end=\"508\">Frontal fibrozan alopesi, al\u0131n \u00e7izgisi, \u015fakaklar ve ka\u015flarda kal\u0131c\u0131 gerilemeye neden olan bir t\u00fcr skarl\u0131 sa\u00e7 d\u00f6k\u00fclmesidir.<\/strong><br data-start=\"508\" data-end=\"511\">Genellikle menopoz sonras\u0131 kad\u0131nlar\u0131 etkiler, yava\u015f ilerler ve geri d\u00f6n\u00fc\u015f\u00fc olmayan folik\u00fcl hasar\u0131n\u0131 s\u0131n\u0131rlamak i\u00e7in erken te\u015fhis gerektirir.<\/p>\n\n\n\n<div class=\"wp-block-rank-math-toc-block\" id=\"rank-math-toc\"><h2>\u0130\u00e7indekiler<\/h2><nav><ul><li class=\"\"><a href=\"#frontal-fibrozan-alopesi-ffa\">Frontal Fibrozan Alopesi (FFA)<\/a><\/li><li class=\"\"><a href=\"#frontal-fibrozan-alopesi-nedir\">Frontal Fibrozan Alopesi Nedir?<\/a><\/li><li class=\"\"><a href=\"#frontal-fibrozan-alopesinin-nedenleri-nelerdir\">Frontal Fibrozan Alopesinin Nedenleri Nelerdir?<\/a><\/li><li class=\"\"><a href=\"#frontal-fibrozan-alopesi-icin-kimler-risk-altindadir\">Frontal Fibrozan Alopesi \u0130\u00e7in Kimler Risk Alt\u0131ndad\u0131r?<\/a><\/li><li class=\"\"><a href=\"#frontal-fibrozan-alopesi-belirtileri\">Frontal Fibrozan Alopesi Belirtileri<\/a><\/li><li class=\"\"><a href=\"#frontal-fibrozan-alopesi-nasil-teshis-edilir\">Frontal Fibrozan Alopesi Nas\u0131l Te\u015fhis Edilir?<\/a><\/li><li class=\"\"><a href=\"#frontal-fibrozan-alopesi-tedavi-secenekleri\">Frontal Fibrozan Alopesi Tedavi Se\u00e7enekleri<\/a><\/li><li class=\"\"><a href=\"#sac-kaybini-yonetme-ve-ilerlemesini-sinirlama\">Sa\u00e7 Kayb\u0131n\u0131 Y\u00f6netme ve \u0130lerlemesini S\u0131n\u0131rlama<\/a><\/li><li class=\"\"><a href=\"#sikca-sorulan-sorular\">S\u0131k\u00e7a Sorulan Sorular<\/a><ul><li class=\"\"><a href=\"#faq-question-1771479015819\">FFA\u2019n\u0131n ilk belirtileri nelerdir?<\/a><\/li><li class=\"\"><a href=\"#faq-question-1771479016580\">FFA\u2019dan sonra sa\u00e7 geri \u00e7\u0131kabilir mi?<\/a><\/li><li class=\"\"><a href=\"#faq-question-1771479017136\">FFA ne kadar h\u0131zl\u0131 ilerler?<\/a><\/li><li class=\"\"><a href=\"#faq-question-1771479017986\">FFA geri d\u00f6nd\u00fcr\u00fclebilir mi?<\/a><\/li><li class=\"\"><a href=\"#faq-question-1771479018569\">Frontal fibrosan alopesiyi ne tetikler?<\/a><\/li><\/ul><\/li><\/ul><\/nav><\/div>\n\n\n\n<h2 class=\"wp-block-heading\" id=\"frontal-fibrozan-alopesi-nedir\">Frontal Fibrozan Alopesi Nedir?<\/h2>\n\n\n\n<p>Frontal fibrozan alopesi (FFA), geri d\u00f6n\u00fc\u015f\u00fc olmayan sa\u00e7 d\u00f6k\u00fclmesine yol a\u00e7an skarl\u0131 (sikatrisiyel) bir alopesi t\u00fcr\u00fcd\u00fcr. Tipik olarak al\u0131n \u00e7izgisini, \u015fakaklar\u0131 ve ka\u015flar\u0131 etkiler, zamanla ba\u015f\u0131n arka k\u0131sm\u0131na do\u011fru ilerler.<\/p>\n\n\n\n<p>Skars\u0131z <a href=\"https:\/\/haircenterofturkey.com\/tr\/kacinilmasi-gereken-en-buyuk-sac-kesimi-hatalari-ve-bunlari-duzeltme-yontemleri\/\">sa\u00e7 d\u00f6k\u00fclmesi<\/a> durumlar\u0131n\u0131n aksine, FFA sa\u00e7 k\u00f6klerini yok eder ve yerlerine skar dokusu b\u0131rak\u0131r. K\u00f6kler hasar g\u00f6rd\u00fc\u011f\u00fcnde yeniden b\u00fcy\u00fcme m\u00fcmk\u00fcn de\u011fildir, bu nedenle erken tan\u0131 ve tedavi \u00e7ok \u00f6nemlidir.<\/p>\n\n\n\n<p>Vakalar\u0131n \u00e7o\u011fu menopoz sonras\u0131 kad\u0131nlarda g\u00f6r\u00fclse de, FFA daha gen\u00e7 kad\u0131nlarda ve nadiren erkeklerde de geli\u015febilir.<\/p>\n\n\n\n<figure class=\"wp-block-image\"><img decoding=\"async\" src=\"https:\/\/haircenterofturkey.com\/wp-content\/uploads\/2025\/03\/frontal-fibrosing-alopecia-1.webp\" alt=\"Frontal Fibrozan Alopesi (FFA)\" title=\"\"><\/figure>\n\n\n\n<p><\/p>\n\n\n\n<h2 class=\"wp-block-heading\" id=\"frontal-fibrozan-alopesinin-nedenleri-nelerdir\">Frontal Fibrozan Alopesinin Nedenleri Nelerdir?<\/h2>\n\n\n\n<p>FFA&#8217;n\u0131n kesin nedeni tam olarak bilinmemektedir. Mevcut bulgular, ba\u011f\u0131\u015f\u0131kl\u0131k sistemi, hormonal, genetik ve \u00e7evresel etkenlerin rol oynad\u0131\u011f\u0131 \u00e7ok fakt\u00f6rl\u00fc bir k\u00f6keni i\u015faret etmektedir.<\/p>\n\n\n\n<p>Ba\u015fl\u0131ca katk\u0131 sa\u011flayan fakt\u00f6rler \u015funlar olabilir:<\/p>\n\n\n\n<ul class=\"wp-block-list\">\n<li><br><p data-start=\"1788\" data-end=\"1861\"><strong data-start=\"1788\" data-end=\"1811\">Otoimm\u00fcn aktivite<\/strong>, ba\u011f\u0131\u015f\u0131kl\u0131k sisteminin sa\u00e7 k\u00f6klerini hedef almas\u0131<\/p><br><\/li>\n\n\n\n<li><br><p data-start=\"1864\" data-end=\"1924\"><strong data-start=\"1864\" data-end=\"1884\">Hormonal de\u011fi\u015fiklikler<\/strong>, \u00f6zellikle \u00f6strojen seviyelerinde azalma<\/p><br><\/li>\n\n\n\n<li><br><p data-start=\"1927\" data-end=\"1995\"><strong data-start=\"1927\" data-end=\"1953\">Genetik yatk\u0131nl\u0131k<\/strong>, baz\u0131 ailevi k\u00fcmelenmeler bildirilmi\u015ftir<\/p><br><\/li>\n\n\n\n<li><br><p data-start=\"1998\" data-end=\"2099\"><strong data-start=\"1998\" data-end=\"2024\">\u00c7evresel tetikleyiciler<\/strong>, baz\u0131 cilt bak\u0131m \u00fcr\u00fcnlerine veya kirleticilere uzun s\u00fcreli maruz kalma dahil<\/p><br><\/li>\n<\/ul>\n\n\n\n<p>FFA ilerleyici bir durumdur ve katk\u0131 sa\u011flayan fakt\u00f6rlerin erken belirlenmesi s\u00fcreci yava\u015flatabilir.<\/p>\n\n\n\n<figure class=\"wp-block-image\"><img decoding=\"async\" src=\"https:\/\/haircenterofturkey.com\/wp-content\/uploads\/2025\/03\/frontal-fibrosing-alopecia-2.webp\" alt=\"Frontal Fibrozan Alopesi (FFA)\" title=\"\"><\/figure>\n\n\n\n<p><\/p>\n\n\n\n<hr class=\"wp-block-separator has-alpha-channel-opacity\"\/>\n\n\n\n<h2 class=\"wp-block-heading\" id=\"frontal-fibrozan-alopesi-icin-kimler-risk-altindadir\">Frontal Fibrozan Alopesi \u0130\u00e7in Kimler Risk Alt\u0131ndad\u0131r?<\/h2>\n\n\n\n<p>FFA \u00e7e\u015fitli bireyleri etkileyebilir, ancak baz\u0131 gruplar daha y\u00fcksek risk alt\u0131ndad\u0131r:<\/p>\n\n\n\n<ul class=\"wp-block-list\">\n<li><br><p data-start=\"2356\" data-end=\"2409\">\u00d6zellikle 50 ya\u015f \u00fcst\u00fc menopoz sonras\u0131 kad\u0131nlar<\/p><br><\/li>\n\n\n\n<li><br><p data-start=\"2412\" data-end=\"2479\">Ailesinde sa\u00e7 veya otoimm\u00fcn hastal\u0131k \u00f6yk\u00fcs\u00fc olan bireyler<\/p><br><\/li>\n\n\n\n<li><br><p data-start=\"2482\" data-end=\"2550\">Tiroid hastal\u0131\u011f\u0131 veya <a href=\"https:\/\/haircenterofturkey.com\/tr\/lupus-hastalarina-sac-ekimi\/\">lupus<\/a> gibi otoimm\u00fcn hastal\u0131klar\u0131 olan ki\u015filer<\/p><br><\/li>\n\n\n\n<li><br><p data-start=\"2553\" data-end=\"2624\">Sa\u00e7 \u00e7izgisine yak\u0131n uygulanan y\u00fcz bak\u0131m \u00fcr\u00fcnlerini uzun s\u00fcre kullananlar<\/p><br><\/li>\n<\/ul>\n\n\n\n<p>Bu ili\u015fkiler \u00fczerine ara\u015ft\u0131rmalar devam etmektedir.<\/p>\n\n\n\n<h2 class=\"wp-block-heading\" id=\"frontal-fibrozan-alopesi-belirtileri\">Frontal Fibrozan Alopesi Belirtileri<\/h2>\n\n\n\n<p>FFA yava\u015f geli\u015fir ve erken belirtiler genellikle fark edilmez. Yayg\u0131n belirtiler \u015funlard\u0131r:<\/p>\n\n\n\n<ul class=\"wp-block-list\">\n<li><br><p data-start=\"2819\" data-end=\"2872\">Al\u0131n \u00e7izgisinin yava\u015f ve simetrik bir \u015fekilde gerilemesi<\/p><br><\/li>\n\n\n\n<li><br><p data-start=\"2875\" data-end=\"2914\">Ka\u015flarda seyrelme veya tamamen d\u00f6k\u00fclme<\/p><br><\/li>\n\n\n\n<li><br><p data-start=\"2917\" data-end=\"2968\">Etkilenen k\u00f6kler \u00e7evresinde k\u0131zar\u0131kl\u0131k veya iltihap<\/p><br><\/li>\n\n\n\n<li><br><p data-start=\"2971\" data-end=\"3016\">Ka\u015f\u0131nt\u0131, yanma hissi veya ba\u015f derisinde gerginlik<\/p><br><\/li>\n\n\n\n<li><br><p data-start=\"3019\" data-end=\"3075\">K\u00f6klerin yok oldu\u011fu b\u00f6lgelerde p\u00fcr\u00fczs\u00fcz ve parlak cilt<\/p><br><\/li>\n<\/ul>\n\n\n\n<p>Baz\u0131 hastalarda sa\u00e7 d\u00f6k\u00fclmesinden \u00f6nce ka\u015f kayb\u0131 g\u00f6r\u00fclebilir.<\/p>\n\n\n\n<figure class=\"wp-block-image\"><img decoding=\"async\" src=\"https:\/\/haircenterofturkey.com\/wp-content\/uploads\/2025\/03\/frontal-fibrosing-alopecia-3.webp\" alt=\"Frontal Fibrozan Alopesi (FFA)\" title=\"\"><\/figure>\n\n\n\n<p><\/p>\n\n\n\n<h2 class=\"wp-block-heading\" id=\"frontal-fibrozan-alopesi-nasil-teshis-edilir\">Frontal Fibrozan Alopesi Nas\u0131l Te\u015fhis Edilir?<\/h2>\n\n\n\n<p>Te\u015fhis genellikle sa\u00e7 hastal\u0131klar\u0131nda deneyimli bir dermatolog taraf\u0131ndan konulur. De\u011ferlendirme \u015funlar\u0131 i\u00e7erebilir:<\/p>\n\n\n\n<ul class=\"wp-block-list\">\n<li><br><p data-start=\"3303\" data-end=\"3379\"><strong data-start=\"3303\" data-end=\"3333\">Klinik sa\u00e7l\u0131 deri muayenesi<\/strong>, <a href=\"https:\/\/haircenterofturkey.com\/tr\/farkl-sac-cizgisi-turleri\/\">sa\u00e7 \u00e7izgisi<\/a> de\u011fi\u015fiklikleri ve iltihaplar\u0131 de\u011ferlendirmek i\u00e7in<\/p><br><\/li>\n\n\n\n<li><br><p data-start=\"3382\" data-end=\"3454\"><strong data-start=\"3382\" data-end=\"3397\">Trikoskopi<\/strong>, k\u00f6k hasar\u0131n\u0131n b\u00fcy\u00fctmeli g\u00f6r\u00fcnt\u00fclenmesini sa\u011flar<\/p><br><\/li>\n\n\n\n<li><br><p data-start=\"3457\" data-end=\"3521\"><strong data-start=\"3457\" data-end=\"3473\">Sa\u00e7l\u0131 deri biyopsisi<\/strong>, skarla\u015fma ve iltihap paternlerini do\u011frulamak i\u00e7in<\/p><br><\/li>\n\n\n\n<li><br><p data-start=\"3524\" data-end=\"3592\"><strong data-start=\"3524\" data-end=\"3539\">Kan testleri<\/strong>, di\u011fer otoimm\u00fcn veya hormonal hastal\u0131klar\u0131 d\u0131\u015flamak i\u00e7in<\/p><br><\/li>\n<\/ul>\n\n\n\n<p>Erken te\u015fhis, kalan sa\u00e7lar\u0131n korunma \u015fans\u0131n\u0131 art\u0131r\u0131r.<\/p>\n\n\n\n<h2 class=\"wp-block-heading\" id=\"frontal-fibrozan-alopesi-tedavi-secenekleri\">Frontal Fibrozan Alopesi Tedavi Se\u00e7enekleri<\/h2>\n\n\n\n<p>FFA i\u00e7in kesin bir tedavi yoktur, ancak tedavi ilerlemeyi yava\u015flatmay\u0131 ve semptomlar\u0131 hafifletmeyi ama\u00e7lar. Y\u00f6netim genellikle birden fazla y\u00f6ntemin kombinasyonunu gerektirir.<\/p>\n\n\n\n<p>Yayg\u0131n tedavi se\u00e7enekleri \u015funlard\u0131r:<\/p>\n\n\n\n<ul class=\"wp-block-list\">\n<li><br><p data-start=\"3889\" data-end=\"3979\"><strong data-start=\"3889\" data-end=\"3908\">Kortikosteroidler<\/strong>, iltihab\u0131 azaltmak i\u00e7in topikal, enjeksiyonla veya a\u011f\u0131zdan al\u0131narak uygulanabilir<\/p><br><\/li>\n\n\n\n<li><br><p data-start=\"3982\" data-end=\"4049\"><strong data-start=\"3982\" data-end=\"4011\">Anti-androjen ila\u00e7lar<\/strong>, \u00f6rne\u011fin <a href=\"https:\/\/haircenterofturkey.com\/tr\/sac-ekimi-sonrasi-finasteride-kullanmali-miyim\/\">finasterid<\/a> veya dutasterid<\/p><br><\/li>\n\n\n\n<li><br><p data-start=\"4052\" data-end=\"4125\"><strong data-start=\"4052\" data-end=\"4074\">Hidroksiklorokin<\/strong>, otoimm\u00fcn \u00f6zellikli durumlarda kullan\u0131l\u0131r<\/p><br><\/li>\n\n\n\n<li><br><p data-start=\"4128\" data-end=\"4192\"><strong data-start=\"4128\" data-end=\"4158\">Trombositten zengin plazma (<a href=\"https:\/\/haircenterofturkey.com\/tr\/sac-ekiminin-yan-etkileri\/\">PRP<\/a>)<\/strong> tedavisi sa\u00e7l\u0131 deri sa\u011fl\u0131\u011f\u0131n\u0131 destekler<\/p><br><\/li>\n\n\n\n<li><br><p data-start=\"4195\" data-end=\"4297\"><strong data-start=\"4195\" data-end=\"4219\"><a href=\"https:\/\/haircenterofturkey.com\/tr\/sac-ekimi-nerede-yaptirilir-ingiltere-ve-turkiye-karsilastirma-rehberi\/\">Sa\u00e7 ekimi<\/a><\/strong>, yaln\u0131zca hastal\u0131k uzun s\u00fcre aktif olmad\u0131\u011f\u0131nda d\u00fc\u015f\u00fcn\u00fclmelidir<\/p><br><\/li>\n<\/ul>\n\n\n\n<p>Tedaviye verilen yan\u0131t de\u011fi\u015fkendir ve uzun s\u00fcreli takip \u00f6nemlidir.<\/p>\n\n\n\n<figure class=\"wp-block-image\"><img decoding=\"async\" src=\"https:\/\/haircenterofturkey.com\/wp-content\/uploads\/2025\/03\/frontal-fibrosing-alopecia-4.webp\" alt=\"Frontal Fibrozan Alopesi (FFA)\" title=\"\"><\/figure>\n\n\n\n<p><\/p>\n\n\n\n<h2 class=\"wp-block-heading\" id=\"sac-kaybini-yonetme-ve-ilerlemesini-sinirlama\">Sa\u00e7 Kayb\u0131n\u0131 Y\u00f6netme ve \u0130lerlemesini S\u0131n\u0131rlama<\/h2>\n\n\n\n<p>Kay\u0131p sa\u00e7lar geri getirilemese de, destekleyici \u00f6nlemler kalan k\u00f6kleri korumaya yard\u0131mc\u0131 olabilir:<\/p>\n\n\n\n<ul class=\"wp-block-list\">\n<li><br><p data-start=\"4517\" data-end=\"4582\">S\u0131k\u0131 sa\u00e7 modelleri, kimyasal i\u015flemler ve a\u015f\u0131r\u0131 s\u0131cakl\u0131ktan ka\u00e7\u0131n\u0131n<\/p><br><\/li>\n\n\n\n<li><br><p data-start=\"4585\" data-end=\"4637\">Nazik, parf\u00fcms\u00fcz sa\u00e7 ve <a href=\"https:\/\/haircenterofturkey.com\/tr\/sac-kasintisina-ne-iyi-gelir\/\">sa\u00e7 derisi<\/a> \u00fcr\u00fcnleri kullan\u0131n<\/p><br><\/li>\n\n\n\n<li><br><p data-start=\"4640\" data-end=\"4710\">Sa\u00e7l\u0131 deriyi g\u00fcne\u015fe maruz kalmaktan <a href=\"https:\/\/haircenterofturkey.com\/tr\/sac-ekimi-sonrasi-sapka-takmak\/\">\u015fapka<\/a> veya fiziksel g\u00fcne\u015f koruyucularla koruyun<\/p><br><\/li>\n\n\n\n<li><br><p data-start=\"4713\" data-end=\"4783\">Demir, D vitamini ve di\u011fer temel besinlerin yeterli seviyede olmas\u0131na dikkat edin<\/p><br><\/li>\n\n\n\n<li><br><p data-start=\"4786\" data-end=\"4846\">Stresi y\u00f6netin, \u00e7\u00fcnk\u00fc iltihapl\u0131 durumlar\u0131 k\u00f6t\u00fcle\u015ftirebilir<\/p><br><\/li>\n<\/ul>\n\n\n\n<p>Ya\u015fam tarz\u0131 d\u00fczenlemeleri t\u0131bbi tedaviyi destekleyebilir ancak onun yerini tutmaz.<\/p>\n\n\n\n<h2 class=\"wp-block-heading\" id=\"sikca-sorulan-sorular\">S\u0131k\u00e7a Sorulan Sorular<\/h2>\n\n\n<div id=\"rank-math-faq\" class=\"rank-math-block\">\n<div class=\"rank-math-list \">\n<div id=\"faq-question-1771479015819\" class=\"rank-math-list-item\">\n<h3 class=\"rank-math-question \">FFA\u2019n\u0131n ilk belirtileri nelerdir?<\/h3>\n<div class=\"rank-math-answer \">\n\n<p>\u00d6n sa\u00e7 \u00e7izgisinde gerileme, ka\u015f seyrelmesi ve perifolik\u00fcler k\u0131zar\u0131kl\u0131k\/kepeklenme erken belirtidir.<\/p>\n\n<\/div>\n<\/div>\n<div id=\"faq-question-1771479016580\" class=\"rank-math-list-item\">\n<h3 class=\"rank-math-question \">FFA\u2019dan sonra sa\u00e7 geri \u00e7\u0131kabilir mi?<\/h3>\n<div class=\"rank-math-answer \">\n\n<p>Geri \u00e7\u0131k\u0131\u015f nadirdir; erken tedavi, folik\u00fcller skarla\u015fmad\u0131ysa sa\u00e7\u0131n korunmas\u0131na yard\u0131mc\u0131 olur.<\/p>\n\n<\/div>\n<\/div>\n<div id=\"faq-question-1771479017136\" class=\"rank-math-list-item\">\n<h3 class=\"rank-math-question \">FFA ne kadar h\u0131zl\u0131 ilerler?<\/h3>\n<div class=\"rank-math-answer \">\n\n<p>FFA genellikle y\u0131llar i\u00e7inde yava\u015f ilerler ve sonra stabil hale gelebilir.<\/p>\n\n<\/div>\n<\/div>\n<div id=\"faq-question-1771479017986\" class=\"rank-math-list-item\">\n<h3 class=\"rank-math-question \">FFA geri d\u00f6nd\u00fcr\u00fclebilir mi?<\/h3>\n<div class=\"rank-math-answer \">\n\n<p>Hay\u0131r; skar kal\u0131c\u0131d\u0131r, ancak tedavi daha fazla kayb\u0131 yava\u015flatabilir veya durdurabilir.<\/p>\n\n<\/div>\n<\/div>\n<div id=\"faq-question-1771479018569\" class=\"rank-math-list-item\">\n<h3 class=\"rank-math-question \">Frontal fibrosan alopesiyi ne tetikler?<\/h3>\n<div class=\"rank-math-answer \">\n\n<p>Nedeni bilinmiyor; ba\u011f\u0131\u015f\u0131kl\u0131k, hormonal, genetik ve olas\u0131 \u00e7evresel etkenler rol oynar.<\/p>\n\n<\/div>\n<\/div>\n<\/div>\n<\/div>","protected":false},"excerpt":{"rendered":"<p>Frontal Fibrozan Alopesi (FFA) Frontal fibrozan alopesi, al\u0131n \u00e7izgisi, \u015fakaklar ve ka\u015flarda kal\u0131c\u0131 gerilemeye neden olan bir t\u00fcr skarl\u0131 sa\u00e7 d\u00f6k\u00fclmesidir.Genellikle menopoz sonras\u0131 kad\u0131nlar\u0131 etkiler, yava\u015f ilerler ve geri d\u00f6n\u00fc\u015f\u00fc olmayan folik\u00fcl hasar\u0131n\u0131 s\u0131n\u0131rlamak i\u00e7in erken te\u015fhis gerektirir. Frontal Fibrozan Alopesi Nedir? Frontal fibrozan alopesi (FFA), geri d\u00f6n\u00fc\u015f\u00fc olmayan sa\u00e7 d\u00f6k\u00fclmesine yol a\u00e7an skarl\u0131 (sikatrisiyel) [&hellip;]<\/p>\n","protected":false},"author":2,"featured_media":7453,"comment_status":"closed","ping_status":"closed","sticky":false,"template":"","format":"standard","meta":{"footnotes":""},"categories":[2,149],"tags":[],"class_list":["post-7016","post","type-post","status-publish","format-standard","has-post-thumbnail","hentry","category-blog","category-sac-dokulmesi"],"_links":{"self":[{"href":"https:\/\/haircenterofturkey.com\/tr\/wp-json\/wp\/v2\/posts\/7016","targetHints":{"allow":["GET"]}}],"collection":[{"href":"https:\/\/haircenterofturkey.com\/tr\/wp-json\/wp\/v2\/posts"}],"about":[{"href":"https:\/\/haircenterofturkey.com\/tr\/wp-json\/wp\/v2\/types\/post"}],"author":[{"embeddable":true,"href":"https:\/\/haircenterofturkey.com\/tr\/wp-json\/wp\/v2\/users\/2"}],"replies":[{"embeddable":true,"href":"https:\/\/haircenterofturkey.com\/tr\/wp-json\/wp\/v2\/comments?post=7016"}],"version-history":[{"count":4,"href":"https:\/\/haircenterofturkey.com\/tr\/wp-json\/wp\/v2\/posts\/7016\/revisions"}],"predecessor-version":[{"id":28264,"href":"https:\/\/haircenterofturkey.com\/tr\/wp-json\/wp\/v2\/posts\/7016\/revisions\/28264"}],"wp:featuredmedia":[{"embeddable":true,"href":"https:\/\/haircenterofturkey.com\/tr\/wp-json\/wp\/v2\/media\/7453"}],"wp:attachment":[{"href":"https:\/\/haircenterofturkey.com\/tr\/wp-json\/wp\/v2\/media?parent=7016"}],"wp:term":[{"taxonomy":"category","embeddable":true,"href":"https:\/\/haircenterofturkey.com\/tr\/wp-json\/wp\/v2\/categories?post=7016"},{"taxonomy":"post_tag","embeddable":true,"href":"https:\/\/haircenterofturkey.com\/tr\/wp-json\/wp\/v2\/tags?post=7016"}],"curies":[{"name":"wp","href":"https:\/\/api.w.org\/{rel}","templated":true}]}}