{"id":6964,"date":"2025-03-08T07:05:14","date_gmt":"2025-03-08T04:05:14","guid":{"rendered":"https:\/\/haircenterofturkey.com\/v-sekilli-sac-cizgisi-nedir\/"},"modified":"2026-03-02T15:11:33","modified_gmt":"2026-03-02T12:11:33","slug":"v-sekilli-sac-cizgisi-nedir","status":"publish","type":"post","link":"https:\/\/haircenterofturkey.com\/tr\/v-sekilli-sac-cizgisi-nedir\/","title":{"rendered":"Dul Tepe Sa\u00e7 \u00c7izgisi Nedir? Genetik, Yayg\u0131nl\u0131k ve Estetik Bilgiler"},"content":{"rendered":"\n<h2 class=\"wp-block-heading\" id=\"widows-peak-dul-tepesi-sac-cizgisi-nedir\">Widow\u2019s Peak (Dul Tepesi) Sa\u00e7 \u00c7izgisi Nedir?<\/h2>\n\n\n\n<p><strong>Widow\u2019s peak <a href=\"https:\/\/haircenterofturkey.com\/tr\/farkl-sac-cizgisi-turleri\/\">sa\u00e7 \u00e7izgisi<\/a><\/strong>, aln\u0131n ortas\u0131nda do\u011fal olarak olu\u015fan V \u015feklindeki bir \u00e7\u0131k\u0131nt\u0131d\u0131r.<br>Hem kad\u0131nlarda hem de erkeklerde g\u00f6r\u00fclen genetik bir \u00f6zelliktir ve tek ba\u015f\u0131na <a href=\"https:\/\/haircenterofturkey.com\/tr\/kacinilmasi-gereken-en-buyuk-sac-kesimi-hatalari-ve-bunlari-duzeltme-yontemleri\/\">sa\u00e7 d\u00f6k\u00fclmesi<\/a> ya da kellik belirtisi de\u011fildir.<\/p>\n\n\n\n<div class=\"wp-block-rank-math-toc-block\" id=\"rank-math-toc\"><h2>\u0130\u00e7indekiler<\/h2><nav><ul><li class=\"\"><a href=\"#widows-peak-dul-tepesi-sac-cizgisi-nedir\">Widow\u2019s Peak (Dul Tepesi) Sa\u00e7 \u00c7izgisi Nedir?<\/a><\/li><li class=\"\"><a href=\"#widows-peaki-tanimlayan-ozellikler-nelerdir\">Widow\u2019s Peak\u2019i Tan\u0131mlayan \u00d6zellikler Nelerdir?<\/a><\/li><li class=\"\"><a href=\"#widows-peak-yaygin-midir\">Widow\u2019s Peak Yayg\u0131n m\u0131d\u0131r?<\/a><\/li><li class=\"\"><a href=\"#widows-peak-sac-dokulmesi-anlamina-mi-gelir\">Widow\u2019s Peak Sa\u00e7 D\u00f6k\u00fclmesi Anlam\u0131na m\u0131 Gelir?<\/a><\/li><li class=\"\"><a href=\"#widows-peak-zamanla-degisir-mi\">Widow\u2019s Peak Zamanla De\u011fi\u015fir mi?<\/a><\/li><li class=\"\"><a href=\"#widows-peak-icin-tedavi-var-mi\">Widow\u2019s Peak \u0130\u00e7in Tedavi Var m\u0131?<\/a><\/li><li class=\"\"><a href=\"#widows-peak-gorunumu-nasil-etkiler\">Widow\u2019s Peak G\u00f6r\u00fcn\u00fcm\u00fc Nas\u0131l Etkiler?<\/a><\/li><li class=\"\"><a href=\"#neden-bazi-insanlar-widows-peaklerini-degistirmek-ister\">Neden Baz\u0131 \u0130nsanlar Widow\u2019s Peak\u2019lerini De\u011fi\u015ftirmek \u0130ster?<\/a><\/li><li class=\"\"><a href=\"#widows-peak-onlenebilir-mi\">Widow\u2019s Peak \u00d6nlenebilir mi?<\/a><\/li><li class=\"\"><a href=\"#widows-peak-ve-kellik-bir-baglanti-var-mi\">Widow\u2019s Peak ve Kellik: Bir Ba\u011flant\u0131 Var m\u0131?<\/a><\/li><li class=\"\"><a href=\"#sikca-sorulan-sorular\">S\u0131k\u00e7a Sorulan Sorular<\/a><ul><li class=\"\"><a href=\"#faq-question-1771484470111\">Dul tepesi olan bir ki\u015fi hangi genotipe sahip olabilir?<\/a><\/li><li class=\"\"><a href=\"#faq-question-1771484472035\">Hangi y\u00fcz \u015feklinin dul tepesi vard\u0131r?<\/a><\/li><li class=\"\"><a href=\"#faq-question-1771484473316\">Dul tepesi genellikle ka\u00e7 ya\u015f\u0131nda ortaya \u00e7\u0131kar?<\/a><\/li><li class=\"\"><a href=\"#faq-question-1771484473652\">En \u00e7ekici sa\u00e7 \u00e7izgisi hangisidir?<\/a><\/li><li class=\"\"><a href=\"#faq-question-1771484476166\">Annenin babas\u0131n\u0131n sa\u00e7 genleri olay\u0131 do\u011fru mu?<\/a><\/li><\/ul><\/li><\/ul><\/nav><\/div>\n\n\n\n<h2 class=\"wp-block-heading\" id=\"widows-peaki-tanimlayan-ozellikler-nelerdir\">Widow\u2019s Peak\u2019i Tan\u0131mlayan \u00d6zellikler Nelerdir?<\/h2>\n\n\n\n<p>Widow\u2019s peak, sa\u00e7 \u00e7izgisinin ortas\u0131nda belirgin bir \u00e7\u00f6k\u00fcnt\u00fc ve \u015fakaklara do\u011fru y\u00fckselen bir yap\u0131 ile tan\u0131mlan\u0131r ve bu da V \u015feklini olu\u015fturur. Bu \u015fekil genetik fakt\u00f6rlere ba\u011fl\u0131 olarak keskin ve belirgin ya da yumu\u015fak ve hafif olabilir.<\/p>\n\n\n\n<p>Baz\u0131 insanlar widow\u2019s peak ile do\u011farken, baz\u0131lar\u0131 y\u00fcz hatlar\u0131 ve <a href=\"https:\/\/haircenterofturkey.com\/tr\/sac-yapisi-aciklamasi-katmanlar-buyume-dongusu-ve-sekillendirme-sonuclari\/\">sa\u00e7 yap\u0131s\u0131<\/a> zamanla olgunla\u015ft\u0131k\u00e7a bu g\u00f6r\u00fcn\u00fcm\u00fc daha belirgin fark eder.<\/p>\n\n\n\n<figure class=\"wp-block-image\"><img decoding=\"async\" src=\"https:\/\/haircenterofturkey.com\/wp-content\/uploads\/2025\/03\/Widows-Peak-Hairline-1.webp\" alt=\"Widow\u2019s Peak Sa\u00e7 \u00c7izgisi Nedir?\" title=\"\"><\/figure>\n\n\n\n<p><\/p>\n\n\n\n<h2 class=\"wp-block-heading\" id=\"widows-peak-yaygin-midir\">Widow\u2019s Peak Yayg\u0131n m\u0131d\u0131r?<\/h2>\n\n\n\n<p>Evet. Widow\u2019s peak sa\u00e7 \u00e7izgisi farkl\u0131 toplumlarda olduk\u00e7a yayg\u0131nd\u0131r. Hem kad\u0131nlarda hem de erkeklerde g\u00f6r\u00fcl\u00fcr ve her ya\u015fta mevcut olabilir.<\/p>\n\n\n\n<p>Ya\u015f ilerledik\u00e7e, <a href=\"https:\/\/haircenterofturkey.com\/tr\/sac-yapisi-aciklamasi-katmanlar-buyume-dongusu-ve-sekillendirme-sonuclari\/\">sa\u00e7 \u015fekillendirme<\/a> al\u0131\u015fkanl\u0131klar\u0131 de\u011fi\u015ftik\u00e7e veya sa\u00e7 yo\u011funlu\u011fu azald\u0131k\u00e7a daha belirgin hale gelebilir; ancak sa\u00e7 \u00e7izgisinin \u015fekli kal\u0131tsald\u0131r.<\/p>\n\n\n\n<h2 class=\"wp-block-heading\" id=\"widows-peak-sac-dokulmesi-anlamina-mi-gelir\">Widow\u2019s Peak Sa\u00e7 D\u00f6k\u00fclmesi Anlam\u0131na m\u0131 Gelir?<\/h2>\n\n\n\n<p>Hay\u0131r. Widow\u2019s peak <strong>sa\u00e7 d\u00f6k\u00fclmesine neden olmaz<\/strong> ve t\u0131bbi bir durum de\u011fildir.<\/p>\n\n\n\n<p>Ancak widow\u2019s peak\u2019e sahip ki\u015filer; genetik, ya\u015flanma, hormonal de\u011fi\u015fiklikler veya <a href=\"https:\/\/haircenterofturkey.com\/tr\/sac-uzamasi-icin-biberiye-yagi-kullanim-alanlari-faydalari-ve-guvenligi\/\">androjenetik alopesi<\/a> gibi farkl\u0131 nedenlerle sa\u00e7 d\u00f6k\u00fclmesi ya\u015fayabilir. Bu durumlarda widow\u2019s peak sa\u00e7 \u00e7izgisinin bir par\u00e7as\u0131 olarak kal\u0131r, d\u00f6k\u00fclme veya gerileme ise farkl\u0131 b\u00f6lgelerde g\u00f6r\u00fcl\u00fcr.<\/p>\n\n\n\n<figure class=\"wp-block-image\"><img decoding=\"async\" src=\"https:\/\/haircenterofturkey.com\/wp-content\/uploads\/2025\/03\/Widows-Peak-Hairline-2.webp\" alt=\"Widow\u2019s Peak ve Sa\u00e7 D\u00f6k\u00fclmesi\" title=\"\"><\/figure>\n\n\n\n<p><\/p>\n\n\n\n<h2 class=\"wp-block-heading\" id=\"widows-peak-zamanla-degisir-mi\">Widow\u2019s Peak Zamanla De\u011fi\u015fir mi?<\/h2>\n\n\n\n<p>Widow\u2019s peak\u2019in temel \u015fekli genetiktir ve kal\u0131c\u0131d\u0131r. Ancak sa\u00e7 yo\u011funlu\u011fu azald\u0131\u011f\u0131nda veya \u015fakaklarda gerileme olu\u015ftu\u011funda g\u00f6r\u00fcn\u00fcm\u00fc de\u011fi\u015febilir.<\/p>\n\n\n\n<p>Sa\u00e7 d\u00f6k\u00fclmesi widow\u2019s peak\u2019i daha belirgin hale getirebilir, fakat gerilemenin nedeni widow\u2019s peak\u2019in kendisi de\u011fildir.<\/p>\n\n\n\n<h2 class=\"wp-block-heading\" id=\"widows-peak-icin-tedavi-var-mi\">Widow\u2019s Peak \u0130\u00e7in Tedavi Var m\u0131?<\/h2>\n\n\n\n<p>Widow\u2019s peak tedavi gerektirmez. Yap\u0131lacak estetik de\u011fi\u015fiklikler tamamen ki\u015fisel tercihe ba\u011fl\u0131d\u0131r.<\/p>\n\n\n\n<p>Baz\u0131 ki\u015filerin de\u011ferlendirdi\u011fi se\u00e7enekler \u015funlard\u0131r:<\/p>\n\n\n\n<ul class=\"wp-block-list\">\n<li><br><p><strong><a href=\"https:\/\/haircenterofturkey.com\/tr\/sac-ekimi-nerede-yaptirilir-ingiltere-ve-turkiye-karsilastirma-rehberi\/\">Sa\u00e7 ekimi<\/a> i\u015flemleri<\/strong>, sa\u00e7 \u00e7izgisini yumu\u015fatmak veya yeniden \u015fekillendirmek i\u00e7in<\/p><br><\/li>\n\n\n\n<li><br><p><strong>Skalp mikropigmentasyonu<\/strong>, daha dolgun ve d\u00fcz bir sa\u00e7 \u00e7izgisi g\u00f6r\u00fcn\u00fcm\u00fc olu\u015fturmak i\u00e7in<\/p><br><\/li>\n\n\n\n<li><br><p><strong>Sa\u00e7 \u015fekillendirme teknikleri<\/strong>, katl\u0131 kesimler veya per\u00e7em modelleri ile y\u00fcz oranlar\u0131n\u0131 dengelemek i\u00e7in<\/p><br><\/li>\n<\/ul>\n\n\n\n<p>Her t\u00fcrl\u00fc medikal veya estetik m\u00fcdahale, alan\u0131nda uzman bir profesyonel taraf\u0131ndan y\u00f6nlendirilmelidir.<\/p>\n\n\n\n<figure class=\"wp-block-image\"><img decoding=\"async\" src=\"https:\/\/haircenterofturkey.com\/wp-content\/uploads\/2025\/03\/Widows-Peak-Hairline-3.webp\" alt=\"Widow\u2019s Peak Tedavi Se\u00e7enekleri\" title=\"\"><\/figure>\n\n\n\n<p><\/p>\n\n\n\n<h2 class=\"wp-block-heading\" id=\"widows-peak-gorunumu-nasil-etkiler\">Widow\u2019s Peak G\u00f6r\u00fcn\u00fcm\u00fc Nas\u0131l Etkiler?<\/h2>\n\n\n\n<p>Widow\u2019s peak y\u00fcz esteti\u011fini farkl\u0131 \u015fekillerde etkileyebilir. Baz\u0131 ki\u015filerde karakteristik bir g\u00f6r\u00fcn\u00fcm kazand\u0131r\u0131r ve dikkati g\u00f6zlere \u00e7eker. Baz\u0131lar\u0131 i\u00e7in ise aln\u0131 daha belirgin g\u00f6sterebilir veya asimetrik bir his yaratabilir.<\/p>\n\n\n\n<p>Bu noktada ki\u015fisel alg\u0131 b\u00fcy\u00fck rol oynar; bu nedenle sa\u00e7 \u015fekillendirme ve estetik tercihler ki\u015fiden ki\u015fiye de\u011fi\u015fir.<\/p>\n\n\n\n<figure class=\"wp-block-image\"><img decoding=\"async\" src=\"https:\/\/haircenterofturkey.com\/wp-content\/uploads\/2025\/03\/Widows-Peak-Hairline-4.webp\" alt=\"Widow\u2019s Peak ve Y\u00fcz Esteti\u011fi\" title=\"\"><\/figure>\n\n\n\n<p><\/p>\n\n\n\n<h2 class=\"wp-block-heading\" id=\"neden-bazi-insanlar-widows-peaklerini-degistirmek-ister\">Neden Baz\u0131 \u0130nsanlar Widow\u2019s Peak\u2019lerini De\u011fi\u015ftirmek \u0130ster?<\/h2>\n\n\n\n<p>Nedenler ki\u015fiye g\u00f6re de\u011fi\u015fir ve genellikle estetik tercih, y\u00fcz simetrisi veya \u00f6zg\u00fcvenle ilgilidir. Baz\u0131 ki\u015filer daha d\u00fcz bir sa\u00e7 \u00e7izgisini tercih ederken, baz\u0131lar\u0131 widow\u2019s peak\u2019in kendine \u00f6zg\u00fc g\u00f6r\u00fcn\u00fcm\u00fcn\u00fc benimser.<\/p>\n\n\n\n<p>G\u00fcn\u00fcm\u00fczde <a href=\"https:\/\/haircenterofturkey.com\/tr\/dunyada-ilk-sac-ekimi-ne-zaman-yapildi\/\">sa\u00e7 restorasyonu<\/a> ve kozmetik uygulamalar, bireylerin kendilerini nas\u0131l g\u00f6rmek istediklerine g\u00f6re se\u00e7im yapmalar\u0131na olanak tan\u0131r.<\/p>\n\n\n\n<h2 class=\"wp-block-heading\" id=\"widows-peak-onlenebilir-mi\">Widow\u2019s Peak \u00d6nlenebilir mi?<\/h2>\n\n\n\n<p>Hay\u0131r. Widow\u2019s peak genetik olarak belirlendi\u011fi i\u00e7in \u00f6nlenemez.<\/p>\n\n\n\n<p>Ancak nazik <a href=\"https:\/\/haircenterofturkey.com\/tr\/sac-bakiminda-hindistan-cevizi-yagi-nasil-kullanilir\/\">sa\u00e7 bak\u0131m\u0131<\/a>, dengeli beslenme ve sa\u00e7 \u00e7ekilmesine ya da kimyasal hasara neden olabilecek uygulamalardan ka\u00e7\u0131nmak, zamanla sa\u00e7 \u00e7izgisinin daha belirgin hale gelmesini \u00f6nlemeye yard\u0131mc\u0131 olabilir.<\/p>\n\n\n\n<figure class=\"wp-block-image\"><img decoding=\"async\" src=\"https:\/\/haircenterofturkey.com\/wp-content\/uploads\/2025\/03\/Widows-Peak-Hairline-5.webp\" alt=\"Widow\u2019s Peak \u00d6nlenebilir mi?\" title=\"\"><\/figure>\n\n\n\n<p><\/p>\n\n\n\n<h2 class=\"wp-block-heading\" id=\"widows-peak-ve-kellik-bir-baglanti-var-mi\">Widow\u2019s Peak ve Kellik: Bir Ba\u011flant\u0131 Var m\u0131?<\/h2>\n\n\n\n<p>Widow\u2019s peak kellik nedeni de\u011fildir. Bu sa\u00e7 \u00e7izgisine sahip baz\u0131 ki\u015filer ilerleyen d\u00f6nemlerde erkek tipi veya kad\u0131n tipi sa\u00e7 d\u00f6k\u00fclmesi ya\u015fayabilir; ancak iki durum do\u011frudan ba\u011flant\u0131l\u0131 de\u011fildir.<\/p>\n\n\n\n<p>Widow\u2019s peak varl\u0131\u011f\u0131, bir ki\u015finin ileride kel kalaca\u011f\u0131n\u0131 g\u00f6stermez.<\/p>\n\n\n\n<h2 class=\"wp-block-heading\" id=\"sikca-sorulan-sorular\">S\u0131k\u00e7a Sorulan Sorular<\/h2>\n\n\n<div id=\"rank-math-faq\" class=\"rank-math-block\">\n<div class=\"rank-math-list \">\n<div id=\"faq-question-1771484470111\" class=\"rank-math-list-item\">\n<h3 class=\"rank-math-question \">Dul tepesi olan bir ki\u015fi hangi genotipe sahip olabilir?<\/h3>\n<div class=\"rank-math-answer \">\n\n<p>WW veya Ww; yani en az bir bask\u0131n dul tepesi aleli.<\/p>\n\n<\/div>\n<\/div>\n<div id=\"faq-question-1771484472035\" class=\"rank-math-list-item\">\n<h3 class=\"rank-math-question \">Hangi y\u00fcz \u015feklinin dul tepesi vard\u0131r?<\/h3>\n<div class=\"rank-math-answer \">\n\n<p>Her y\u00fcz \u015fekli dul tepesine sahip olabilir; belirli bir y\u00fcz \u015fekline ba\u011fl\u0131 de\u011fildir.<\/p>\n\n<\/div>\n<\/div>\n<div id=\"faq-question-1771484473316\" class=\"rank-math-list-item\">\n<h3 class=\"rank-math-question \">Dul tepesi genellikle ka\u00e7 ya\u015f\u0131nda ortaya \u00e7\u0131kar?<\/h3>\n<div class=\"rank-math-answer \">\n\n<p>Do\u011fu\u015ftan vard\u0131r; \u00e7ocuklukta veya ergenlikte daha belirginle\u015febilir.<\/p>\n\n<\/div>\n<\/div>\n<div id=\"faq-question-1771484473652\" class=\"rank-math-list-item\">\n<h3 class=\"rank-math-question \">En \u00e7ekici sa\u00e7 \u00e7izgisi hangisidir?<\/h3>\n<div class=\"rank-math-answer \">\n\n<p>Y\u00fcze uyan do\u011fal, simetrik sa\u00e7 \u00e7izgisi en \u00e7ok be\u011fenilendir.<\/p>\n\n<\/div>\n<\/div>\n<div id=\"faq-question-1771484476166\" class=\"rank-math-list-item\">\n<h3 class=\"rank-math-question \">Annenin babas\u0131n\u0131n sa\u00e7 genleri olay\u0131 do\u011fru mu?<\/h3>\n<div class=\"rank-math-answer \">\n\n<p>K\u0131smen: sa\u00e7 d\u00f6k\u00fclmesi poligeniktir; anne taraf\u0131ndan dede etkileyebilir, belirleyemez.<\/p>\n\n<\/div>\n<\/div>\n<\/div>\n<\/div>","protected":false},"excerpt":{"rendered":"<p>Widow\u2019s Peak (Dul Tepesi) Sa\u00e7 \u00c7izgisi Nedir? Widow\u2019s peak sa\u00e7 \u00e7izgisi, aln\u0131n ortas\u0131nda do\u011fal olarak olu\u015fan V \u015feklindeki bir \u00e7\u0131k\u0131nt\u0131d\u0131r.Hem kad\u0131nlarda hem de erkeklerde g\u00f6r\u00fclen genetik bir \u00f6zelliktir ve tek ba\u015f\u0131na sa\u00e7 d\u00f6k\u00fclmesi ya da kellik belirtisi de\u011fildir. Widow\u2019s Peak\u2019i Tan\u0131mlayan \u00d6zellikler Nelerdir? Widow\u2019s peak, sa\u00e7 \u00e7izgisinin ortas\u0131nda belirgin bir \u00e7\u00f6k\u00fcnt\u00fc ve \u015fakaklara do\u011fru y\u00fckselen [&hellip;]<\/p>\n","protected":false},"author":2,"featured_media":7431,"comment_status":"closed","ping_status":"closed","sticky":false,"template":"","format":"standard","meta":{"footnotes":""},"categories":[2,149],"tags":[],"class_list":["post-6964","post","type-post","status-publish","format-standard","has-post-thumbnail","hentry","category-blog","category-sac-dokulmesi"],"_links":{"self":[{"href":"https:\/\/haircenterofturkey.com\/tr\/wp-json\/wp\/v2\/posts\/6964","targetHints":{"allow":["GET"]}}],"collection":[{"href":"https:\/\/haircenterofturkey.com\/tr\/wp-json\/wp\/v2\/posts"}],"about":[{"href":"https:\/\/haircenterofturkey.com\/tr\/wp-json\/wp\/v2\/types\/post"}],"author":[{"embeddable":true,"href":"https:\/\/haircenterofturkey.com\/tr\/wp-json\/wp\/v2\/users\/2"}],"replies":[{"embeddable":true,"href":"https:\/\/haircenterofturkey.com\/tr\/wp-json\/wp\/v2\/comments?post=6964"}],"version-history":[{"count":3,"href":"https:\/\/haircenterofturkey.com\/tr\/wp-json\/wp\/v2\/posts\/6964\/revisions"}],"predecessor-version":[{"id":28504,"href":"https:\/\/haircenterofturkey.com\/tr\/wp-json\/wp\/v2\/posts\/6964\/revisions\/28504"}],"wp:featuredmedia":[{"embeddable":true,"href":"https:\/\/haircenterofturkey.com\/tr\/wp-json\/wp\/v2\/media\/7431"}],"wp:attachment":[{"href":"https:\/\/haircenterofturkey.com\/tr\/wp-json\/wp\/v2\/media?parent=6964"}],"wp:term":[{"taxonomy":"category","embeddable":true,"href":"https:\/\/haircenterofturkey.com\/tr\/wp-json\/wp\/v2\/categories?post=6964"},{"taxonomy":"post_tag","embeddable":true,"href":"https:\/\/haircenterofturkey.com\/tr\/wp-json\/wp\/v2\/tags?post=6964"}],"curies":[{"name":"wp","href":"https:\/\/api.w.org\/{rel}","templated":true}]}}