{"id":5733,"date":"2025-01-08T10:28:01","date_gmt":"2025-01-08T07:28:01","guid":{"rendered":"https:\/\/haircenterofturkey.com\/machine-gun-kelly-sac-ekimi\/"},"modified":"2026-02-13T17:37:33","modified_gmt":"2026-02-13T14:37:33","slug":"machine-gun-kelly-sac-ekimi","status":"publish","type":"post","link":"https:\/\/haircenterofturkey.com\/tr\/machine-gun-kelly-sac-ekimi\/","title":{"rendered":"Machine Gun Kelly Sa\u00e7 Ekimi"},"content":{"rendered":"\n<h2 class=\"wp-block-heading\"><b>Machine Gun Kelly Sa\u00e7 Ekimi: MGK Sa\u00e7 Ektirdi Mi?<\/b><\/h2>\n\n\n\n<p><span style=\"font-weight: 400;\">Machine Gun Kelly (MGK), <a href=\"https:\/\/haircenterofturkey.com\/tr\/sac-ekimi-nerede-yaptirilir-ingiltere-ve-turkiye-karsilastirma-rehberi\/\">sa\u00e7 ekimi<\/a> yapt\u0131rd\u0131\u011f\u0131n\u0131 kamuoyuna a\u00e7\u0131k\u00e7a do\u011frulamad\u0131. Eski ve yeni foto\u011fraflar kar\u015f\u0131la\u015ft\u0131r\u0131ld\u0131\u011f\u0131nda sa\u00e7 \u00e7izgisinin daha dolgun oldu\u011fu g\u00f6r\u00fcl\u00fcyor, ancak stil, \u0131\u015f\u0131kland\u0131rma, sa\u00e7 fiberleri, kaynaklar ve cerrahi olmayan tedaviler de benzer de\u011fi\u015fiklikler yaratabilir. G\u00fcvenilir bir do\u011frulama yaln\u0131zca MGK veya tedaviyi ger\u00e7ekle\u015ftiren bir klinikten gelebilir.<\/span><\/p>\n\n\n\n<h2 class=\"wp-block-heading\"><b>Machine Gun Kelly Kimdir?<\/b><\/h2>\n\n\n\n<p><span style=\"font-weight: 400;\">Machine Gun Kelly\u2014genellikle MGK olarak bilinir\u2014m\u00fczisyen ve akt\u00f6r Colson Baker\u2019\u0131n sahne ad\u0131d\u0131r. Rap ve pop\u2011punk tarzlar\u0131 aras\u0131nda ge\u00e7i\u015f yapmas\u0131yla ve sahnede s\u0131k s\u0131k sa\u00e7 ve renk de\u011fi\u015ftirmesiyle bilinir.<\/span><\/p>\n\n\n\n<figure class=\"wp-block-image\"><img decoding=\"async\" src=\"https:\/\/haircenterofturkey.com\/wp-content\/uploads\/2025\/01\/MGK-Hair-Transplant-1.webp\" alt=\"Machine Gun Kelly Sa\u00e7 Ekimi\" title=\"\"><\/figure>\n\n\n\n<p><\/p>\n\n\n\n<h2 class=\"wp-block-heading\"><b>Machine Gun Kelly Sa\u00e7 Ektirdi Mi?<\/b><\/h2>\n\n\n\n<p><span style=\"font-weight: 400;\">MGK\u2019nin sa\u00e7 ekimi yapt\u0131rd\u0131\u011f\u0131n\u0131 do\u011frulayan herhangi bir kamuya a\u00e7\u0131k a\u00e7\u0131klama bulunmamaktad\u0131r. \u0130nternetteki konu\u015fmalar\u0131n \u00e7o\u011fu, farkl\u0131 d\u00f6nemlerden kar\u015f\u0131la\u015ft\u0131rmal\u0131 foto\u011fraflar ve de\u011fi\u015fen sa\u00e7 stilleri \u00fczerine kuruludur.<\/span><\/p>\n\n\n\n<p><span style=\"font-weight: 400;\">Sa\u00e7\u0131n uzunlu\u011fu, dokusu, kullan\u0131lan \u00fcr\u00fcnler ve kamera a\u00e7\u0131lar\u0131 gibi etkenlere ba\u011fl\u0131 olarak g\u00f6r\u00fcn\u00fcm\u00fc b\u00fcy\u00fck \u00f6l\u00e7\u00fcde de\u011fi\u015febilir, bu nedenle \u201c\u00f6ncesi ve sonras\u0131\u201d kar\u015f\u0131la\u015ft\u0131rmalar\u0131 tek ba\u015f\u0131na kan\u0131t say\u0131lmaz.<\/span><\/p>\n\n\n\n<figure class=\"wp-block-image\"><img decoding=\"async\" src=\"https:\/\/haircenterofturkey.com\/wp-content\/uploads\/2025\/01\/MGK-Hair-Transplant-2.webp\" alt=\"Machine Gun Kelly Sa\u00e7 Ekimi\" title=\"\"><\/figure>\n\n\n\n<p><\/p>\n\n\n\n<h2 class=\"wp-block-heading\"><b>\u0130nsanlar Neden MGK\u2019nin Sa\u00e7 Ekimi Yapt\u0131rd\u0131\u011f\u0131n\u0131 D\u00fc\u015f\u00fcn\u00fcyor?<\/b><\/h2>\n\n\n\n<p><span style=\"font-weight: 400;\">Hayranlar genellikle iki noktaya dikkat \u00e7eker: \u015fakak b\u00f6lgesindeki daha g\u00fc\u00e7l\u00fc g\u00f6r\u00fcnen <a href=\"https:\/\/haircenterofturkey.com\/tr\/farkl-sac-cizgisi-turleri\/\">sa\u00e7 \u00e7izgisi<\/a> ve genel yo\u011funluk art\u0131\u015f\u0131. Bu de\u011fi\u015fiklikler \u00e7e\u015fitli nedenlerle olabilir\u2014baz\u0131lar\u0131 cerrahi, bir\u00e7o\u011fu ise cerrahi d\u0131\u015f\u0131d\u0131r.<\/span><\/p>\n\n\n\n<p><span style=\"font-weight: 400;\">Erken evrede sa\u00e7 seyrelmesi olan biri i\u00e7in, stil, <a href=\"https:\/\/haircenterofturkey.com\/tr\/sac-bakiminda-hindistan-cevizi-yagi-nasil-kullanilir\/\">sa\u00e7 bak\u0131m\u0131<\/a> veya t\u0131bbi destekle yap\u0131lan k\u00fc\u00e7\u00fck iyile\u015ftirmeler bile sa\u00e7 \u00e7izgisinin kamerada daha keskin g\u00f6r\u00fcnmesini sa\u011flayabilir.<\/span><\/p>\n\n\n\n<figure class=\"wp-block-image\"><img decoding=\"async\" src=\"https:\/\/haircenterofturkey.com\/wp-content\/uploads\/2025\/01\/MGK-Hair-Transplant-3.webp\" alt=\"Machine Gun Kelly Sa\u00e7 Ekimi\" title=\"\"><\/figure>\n\n\n\n<p><\/p>\n\n\n\n<h2 class=\"wp-block-heading\"><b>Sa\u00e7 Ekimiyle Ayn\u0131 Etkiyi Veren Neler Var?<\/b><\/h2>\n\n\n\n<p><span style=\"font-weight: 400;\">Cerrahi m\u00fcdahale olmadan sa\u00e7\u0131n daha dolgun g\u00f6r\u00fcnmesini sa\u011flayabilecek birka\u00e7 se\u00e7enek vard\u0131r:<\/span><\/p>\n\n\n\n<ul class=\"wp-block-list\">\n<li><span style=\"font-weight: 400;\">\u015eakaklardaki a\u00e7\u0131lmay\u0131 gizleyen sa\u00e7 stilleri ve stratejik <a href=\"https:\/\/haircenterofturkey.com\/tr\/geri-cekilen-sac-cizgisi-icin-en-iyi-sac-kesimleri-erkeklere-yakisan-stiller\/\">sa\u00e7 kesimleri<\/a>.<\/span><\/li>\n\n\n\n<li><span style=\"font-weight: 400;\">I\u015f\u0131k alt\u0131nda kafa derisinin g\u00f6r\u00fcn\u00fcm\u00fcn\u00fc azaltan sa\u00e7 fiberleri veya kal\u0131nla\u015ft\u0131r\u0131c\u0131 tozlar.<\/span><\/li>\n\n\n\n<li><span style=\"font-weight: 400;\">\u00c7ekimler veya performanslar i\u00e7in kullan\u0131lan kaynaklar, peruklar veya k\u0131smi sistemler.<\/span><\/li>\n\n\n\n<li><span style=\"font-weight: 400;\">Yo\u011funluk hissi yaratmak i\u00e7in uygulanan <a href=\"https:\/\/haircenterofturkey.com\/tr\/sac-kasintisina-ne-iyi-gelir\/\">sa\u00e7 derisi<\/a> mikropigmentasyonu (SMP).<\/span><\/li>\n\n\n\n<li><span style=\"font-weight: 400;\">Klinik taraf\u0131ndan re\u00e7ete edilen t\u0131bbi tedaviler (\u00f6rne\u011fin, uygun oldu\u011fu durumlarda <a href=\"https:\/\/haircenterofturkey.com\/tr\/sac-ekimi-kanser-yapar-mi\/\">minoksidil<\/a> veya <a href=\"https:\/\/haircenterofturkey.com\/tr\/sac-ekimi-sonrasi-finasteride-kullanmali-miyim\/\">finasterid<\/a>).<\/span><\/li>\n\n\n\n<li><span style=\"font-weight: 400;\"><a href=\"https:\/\/haircenterofturkey.com\/tr\/sac-ekiminin-yan-etkileri\/\">PRP<\/a> gibi yenileyici veya destekleyici tedaviler, uygunlu\u011fa ba\u011fl\u0131 olarak.<\/span><\/li>\n<\/ul>\n\n\n\n<h2 class=\"wp-block-heading\"><b>MGK Gibi Biri Sa\u00e7 Ekimi Yapt\u0131rsayd\u0131, Bu Nas\u0131l G\u00f6r\u00fcn\u00fcrd\u00fc?<\/b><\/h2>\n\n\n\n<p><span style=\"font-weight: 400;\">Bir ekim plan\u0131, d\u00f6k\u00fclme modeli, don\u00f6r sa\u00e7\u0131n g\u00fcc\u00fc ve gelecekteki sa\u00e7 d\u00f6k\u00fclme riski gibi fakt\u00f6rlere ba\u011fl\u0131d\u0131r. Pek \u00e7ok durumda ama\u00e7 sadedir: \u015fakaklar\u0131 g\u00fc\u00e7lendirmek, a\u00e7\u0131lmay\u0131 yumu\u015fatmak ve ki\u015finin ya\u015f\u0131na uygun do\u011fal bir sa\u00e7 \u00e7izgisi olu\u015fturmakt\u0131r.<\/span><\/p>\n\n\n\n<h3 class=\"wp-block-heading\"><b>Yayg\u0131n Teknikler<\/b><\/h3>\n\n\n\n<p><span style=\"font-weight: 400;\">Klinikler genellikle \u015fu y\u00f6ntemlerden birini veya birka\u00e7\u0131n\u0131 birlikte kullan\u0131r:<\/span><\/p>\n\n\n\n<ul class=\"wp-block-list\">\n<li><span style=\"font-weight: 400;\"><a href=\"https:\/\/haircenterofturkey.com\/tr\/fue-2024-oncesi-ve-sonrasi\/\">FUE<\/a> (Folik\u00fcler \u00dcnite Ekstraksiyonu): don\u00f6r b\u00f6lgeden tek tek greftler al\u0131n\u0131r, uzun sa\u00e7la g\u00f6r\u00fcnmesi zor k\u00fc\u00e7\u00fck nokta izleri b\u0131rak\u0131r.<\/span><\/li>\n\n\n\n<li><span style=\"font-weight: 400;\"><a href=\"https:\/\/haircenterofturkey.com\/tr\/dhi-ve-fue-sakal-ekimi-karsilastirmasi-hangisi-sizin-icin-daha-uygun\/\">DHI<\/a> (Do\u011frudan Sa\u00e7 Ekimi): \u00f6zellikle sa\u00e7 \u00e7izgisinde a\u00e7\u0131 ve y\u00f6n kontrol\u00fc i\u00e7in kullan\u0131lan bir yerle\u015ftirme y\u00f6ntemidir.<\/span><\/li>\n\n\n\n<li><span style=\"font-weight: 400;\"><a href=\"https:\/\/haircenterofturkey.com\/tr\/sac-ekimi-sonrasi-ne-zaman-ise-gidilebilir\/\">FUT<\/a> (\u015eerit y\u00f6ntemi): don\u00f6r b\u00f6lgeden bir \u015ferit halinde deri al\u0131n\u0131r, bu da do\u011frusal bir iz b\u0131rakabilir ve \u00e7ok k\u0131sa sa\u00e7 kullanan hastalar taraf\u0131ndan daha az tercih edilir.<\/span><\/li>\n<\/ul>\n\n\n\n<h3 class=\"wp-block-heading\"><b>Ka\u00e7 Greft Gerekebilir?<\/b><\/h3>\n\n\n\n<p><span style=\"font-weight: 400;\">MGK\u2019nin <a href=\"https:\/\/haircenterofturkey.com\/tr\/fue-sac-ekimi-sonrasi-greftlerin-tutunm-orani-nasil-maksimuma-cikarilir\/\">greft<\/a> say\u0131s\u0131n\u0131 y\u00fcz y\u00fcze de\u011ferlendirme olmadan tahmin etmek m\u00fcmk\u00fcn de\u011fildir. Hafif \u015fakak a\u00e7\u0131lmas\u0131 olan biri i\u00e7in klinikler genellikle 1.500\u20132.500 greft gibi aral\u0131klardan bahsederken, daha geni\u015f alanlar daha fazlas\u0131n\u0131 gerektirebilir. Uygun say\u0131, <a href=\"https:\/\/haircenterofturkey.com\/tr\/kimler-sac-ekimine-uygun-degil\/\">don\u00f6r sa\u00e7<\/a> miktar\u0131, sa\u00e7 kal\u0131nl\u0131\u011f\u0131 ve istenen yo\u011funlu\u011fa ba\u011fl\u0131d\u0131r.<\/span><\/p>\n\n\n\n<figure class=\"wp-block-image\"><img decoding=\"async\" src=\"https:\/\/haircenterofturkey.com\/wp-content\/uploads\/2025\/01\/MGK-Hair-Transplant-4.webp\" alt=\"Machine Gun Kelly Sa\u00e7 Ekimi\" title=\"\"><\/figure>\n\n\n\n<p><\/p>\n\n\n\n<h2 class=\"wp-block-heading\"><b>\u0130yile\u015fme S\u00fcreci ve Sonu\u00e7 Takvimi<\/b><\/h2>\n\n\n\n<p><span style=\"font-weight: 400;\">\u00c7o\u011fu ki\u015fi masa ba\u015f\u0131 i\u015fe h\u0131zla d\u00f6nebilir, ancak g\u00f6r\u00fcn\u00fcr k\u0131zar\u0131kl\u0131k veya kabuklanma cilt hassasiyetine ve kullan\u0131lan tekni\u011fe ba\u011fl\u0131 olarak g\u00fcnler veya haftalar s\u00fcrebilir.<\/span><\/p>\n\n\n\n<ul class=\"wp-block-list\">\n<li><span style=\"font-weight: 400;\">\u0130lk 1\u20132 hafta: iyile\u015fme d\u00f6nemi; kabuklar d\u00f6k\u00fcl\u00fcr, sa\u00e7 derisi sakinle\u015fir.<\/span><\/li>\n\n\n\n<li><span style=\"font-weight: 400;\">2\u20138. haftalar: \u201c\u015fok d\u00f6k\u00fclmesi\u201d yayg\u0131nd\u0131r; ekilen sa\u00e7lar d\u00f6k\u00fcl\u00fcr, ard\u0131ndan yeniden b\u00fcy\u00fcme ba\u015flar.<\/span><\/li>\n\n\n\n<li><span style=\"font-weight: 400;\">3\u20134. aylar: erken yeni sa\u00e7 \u00e7\u0131k\u0131\u015f\u0131 g\u00f6r\u00fclebilir.<\/span><\/li>\n\n\n\n<li><span style=\"font-weight: 400;\">6\u201312. aylar: yo\u011funluk kademeli olarak artar; nihai olgunla\u015fma bir y\u0131la kadar s\u00fcrebilir.<\/span><\/li>\n<\/ul>\n\n\n\n<figure class=\"wp-block-image\"><img decoding=\"async\" src=\"https:\/\/haircenterofturkey.com\/wp-content\/uploads\/2025\/01\/MGK-Hair-Transplant-5.webp\" alt=\"Machine Gun Kelly Sa\u00e7 Ekimi\" title=\"\"><\/figure>\n\n\n\n<p><\/p>\n\n\n\n<h2 class=\"wp-block-heading\"><b>Machine Gun Kelly \u00d6ncesi ve Sonras\u0131<\/b><\/h2>\n\n\n\n<p><span style=\"font-weight: 400;\">\u201cMGK sa\u00e7 ekimi \u00f6ncesi ve sonras\u0131\u201d aramas\u0131 yap\u0131yorsan\u0131z, foto\u011fraflar\u0131n neyi kan\u0131tlayabilece\u011fi konusunda beklentilerinizi ger\u00e7ek\u00e7i tutun. I\u015f\u0131kland\u0131rma, <a href=\"https:\/\/haircenterofturkey.com\/tr\/sac-boyasi-sonrasi-bakim\/\">sa\u00e7 rengi<\/a>, uzunlu\u011fu, \u00fcr\u00fcn kullan\u0131m\u0131 ve stil, sa\u00e7\u0131n ne kadar yo\u011fun g\u00f6r\u00fcnd\u00fc\u011f\u00fcn\u00fc dramatik \u015fekilde etkileyebilir. Do\u011frudan bir do\u011frulama olmadan, MGK\u2019nin sa\u00e7\u0131n\u0131n zamanla de\u011fi\u015fti\u011fini s\u00f6ylemek, bunu kesin bir ekim olarak etiketlemekten daha do\u011frudur.<\/span><\/p>\n\n\n\n<figure class=\"wp-block-image\"><img decoding=\"async\" src=\"https:\/\/haircenterofturkey.com\/wp-content\/uploads\/2025\/01\/MGK-Hair-Transplant-6.webp\" alt=\"Machine Gun Kelly Sa\u00e7 Ekimi\" title=\"\"><\/figure>\n\n\n\n<p><\/p>\n\n\n\n<h2 class=\"wp-block-heading\"><b>T\u00fcrkiye\u2019de Sa\u00e7 Ekimi D\u00fc\u015f\u00fcn\u00fcyor Musunuz?<\/b><\/h2>\n\n\n\n<p><span style=\"font-weight: 400;\"><a href=\"https:\/\/haircenterofturkey.com\/tr\/dunyada-ilk-sac-ekimi-ne-zaman-yapildi\/\">Sa\u00e7 restorasyonu<\/a> d\u00fc\u015f\u00fcn\u00fcyorsan\u0131z, \u00fcnl\u00fc kar\u015f\u0131la\u015ft\u0131rmalar yerine t\u0131bbi standartlara ve ki\u015fiselle\u015ftirilmi\u015f bir plana odaklan\u0131n. <a href=\"https:\/\/haircenterofturkey.com\/tr\/neden-hair-center-of-turkeyi-tercih-etmelisiniz\/\">Hair Center of Turkey<\/a>, ki\u015fiye \u00f6zel, VIP tarz\u0131 bir hasta deneyimi sunan butik bir kliniktir ve i\u015flem \u00f6ncesi net rehberlik sa\u011flayarak hastalar\u0131n adayl\u0131k, teknik se\u00e7enekler ve ger\u00e7ek\u00e7i sonu\u00e7lar hakk\u0131nda bilgi sahibi olmas\u0131na yard\u0131mc\u0131 olur.<\/span><\/p>\n\n\n\n<figure class=\"wp-block-image\"><img decoding=\"async\" src=\"https:\/\/haircenterofturkey.com\/wp-content\/uploads\/2025\/01\/MGK-Hair-Transplant-7.webp\" alt=\"Machine Gun Kelly Sa\u00e7 Ekimi\" title=\"\"><\/figure>\n\n\n\n<p><\/p>\n\n\n\n<h2 class=\"wp-block-heading\"><b>SSS<\/b><\/h2>\n\n\n<div id=\"rank-math-faq\" class=\"rank-math-block\">\n<div class=\"rank-math-list \">\n<div id=\"faq-question-1770992893637\" class=\"rank-math-list-item\">\n<h3 class=\"rank-math-question \">Timbaland&#8217;\u0131n sa\u00e7 ekimi maliyeti nedir?<\/h3>\n<div class=\"rank-math-answer \">\n\n<p>Bu bilgi a\u00e7\u0131klanmam\u0131\u015ft\u0131r; Natural Transplants genellikle fiyat aral\u0131\u011f\u0131n\u0131 6.000-15.000 dolar olarak belirtmektedir.<\/p>\n\n<\/div>\n<\/div>\n<div id=\"faq-question-1770992895403\" class=\"rank-math-list-item\">\n<h3 class=\"rank-math-question \">Timbaland&#8217;\u0131n sa\u00e7lar\u0131na ne oldu?<\/h3>\n<div class=\"rank-math-answer \">\n\n<p>Sa\u00e7lar\u0131 seyrekle\u015fti\/sa\u00e7 \u00e7izgisi geriledi; 2023 y\u0131l\u0131nda Dr. Harold Siegel \/ Natural Transplants&#8217;a sa\u00e7 \u00e7izgisi ekimi yapt\u0131rd\u0131\u011f\u0131n\u0131 a\u00e7\u0131klad\u0131.<\/p>\n\n<\/div>\n<\/div>\n<div id=\"faq-question-1770992895952\" class=\"rank-math-list-item\">\n<h3 class=\"rank-math-question \">Timbaland ka\u00e7 kez sa\u00e7 ekimi ameliyat\u0131 oldu?<\/h3>\n<div class=\"rank-math-answer \">\n\n<p>Sadece bir sa\u00e7 ekimi ameliyat\u0131 kamuoyuna a\u00e7\u0131k; daha fazlas\u0131 do\u011frulanmad\u0131.<\/p>\n\n<\/div>\n<\/div>\n<div id=\"faq-question-1770992896830\" class=\"rank-math-list-item\">\n<h3 class=\"rank-math-question \">Sa\u00e7 ekimi yapt\u0131ran en \u00fcnl\u00fc \u00fcnl\u00fcler kimlerdir?<\/h3>\n<div class=\"rank-math-answer \">\n\n<p>Wayne Rooney, Ben Stokes, James Nesbitt, Elton John, Jimmy Carr, Timbaland.<\/p>\n\n<\/div>\n<\/div>\n<div id=\"faq-question-1770992897514\" class=\"rank-math-list-item\">\n<h3 class=\"rank-math-question \">Timbaland ka\u00e7 greft nakli yapt\u0131rd\u0131?<\/h3>\n<div class=\"rank-math-answer \">\n\n<p>Resmi greft say\u0131s\u0131 a\u00e7\u0131klanmad\u0131; benzer sa\u00e7 \u00e7izgisi restorasyonlar\u0131 genellikle 1.500 ila 3.000 greft aras\u0131nda de\u011fi\u015fir.<\/p>\n\n<\/div>\n<\/div>\n<\/div>\n<\/div>","protected":false},"excerpt":{"rendered":"<p>Machine Gun Kelly Sa\u00e7 Ekimi: MGK Sa\u00e7 Ektirdi Mi? Machine Gun Kelly (MGK), sa\u00e7 ekimi yapt\u0131rd\u0131\u011f\u0131n\u0131 kamuoyuna a\u00e7\u0131k\u00e7a do\u011frulamad\u0131. Eski ve yeni foto\u011fraflar kar\u015f\u0131la\u015ft\u0131r\u0131ld\u0131\u011f\u0131nda sa\u00e7 \u00e7izgisinin daha dolgun oldu\u011fu g\u00f6r\u00fcl\u00fcyor, ancak stil, \u0131\u015f\u0131kland\u0131rma, sa\u00e7 fiberleri, kaynaklar ve cerrahi olmayan tedaviler de benzer de\u011fi\u015fiklikler yaratabilir. G\u00fcvenilir bir do\u011frulama yaln\u0131zca MGK veya tedaviyi ger\u00e7ekle\u015ftiren bir klinikten gelebilir. [&hellip;]<\/p>\n","protected":false},"author":2,"featured_media":5734,"comment_status":"closed","ping_status":"closed","sticky":false,"template":"","format":"standard","meta":{"footnotes":""},"categories":[2,156],"tags":[],"class_list":["post-5733","post","type-post","status-publish","format-standard","has-post-thumbnail","hentry","category-blog","category-unlulerde-sac-ekimi"],"_links":{"self":[{"href":"https:\/\/haircenterofturkey.com\/tr\/wp-json\/wp\/v2\/posts\/5733","targetHints":{"allow":["GET"]}}],"collection":[{"href":"https:\/\/haircenterofturkey.com\/tr\/wp-json\/wp\/v2\/posts"}],"about":[{"href":"https:\/\/haircenterofturkey.com\/tr\/wp-json\/wp\/v2\/types\/post"}],"author":[{"embeddable":true,"href":"https:\/\/haircenterofturkey.com\/tr\/wp-json\/wp\/v2\/users\/2"}],"replies":[{"embeddable":true,"href":"https:\/\/haircenterofturkey.com\/tr\/wp-json\/wp\/v2\/comments?post=5733"}],"version-history":[{"count":3,"href":"https:\/\/haircenterofturkey.com\/tr\/wp-json\/wp\/v2\/posts\/5733\/revisions"}],"predecessor-version":[{"id":24160,"href":"https:\/\/haircenterofturkey.com\/tr\/wp-json\/wp\/v2\/posts\/5733\/revisions\/24160"}],"wp:featuredmedia":[{"embeddable":true,"href":"https:\/\/haircenterofturkey.com\/tr\/wp-json\/wp\/v2\/media\/5734"}],"wp:attachment":[{"href":"https:\/\/haircenterofturkey.com\/tr\/wp-json\/wp\/v2\/media?parent=5733"}],"wp:term":[{"taxonomy":"category","embeddable":true,"href":"https:\/\/haircenterofturkey.com\/tr\/wp-json\/wp\/v2\/categories?post=5733"},{"taxonomy":"post_tag","embeddable":true,"href":"https:\/\/haircenterofturkey.com\/tr\/wp-json\/wp\/v2\/tags?post=5733"}],"curies":[{"name":"wp","href":"https:\/\/api.w.org\/{rel}","templated":true}]}}