{"id":5349,"date":"2024-12-25T06:44:30","date_gmt":"2024-12-25T03:44:30","guid":{"rendered":"https:\/\/haircenterofturkey.com\/trae-young-sac-ekimi\/"},"modified":"2026-02-17T09:35:22","modified_gmt":"2026-02-17T06:35:22","slug":"trae-young-sac-ekimi","status":"publish","type":"post","link":"https:\/\/haircenterofturkey.com\/tr\/trae-young-sac-ekimi\/","title":{"rendered":"Trae Young Sa\u00e7 Ekimi"},"content":{"rendered":"\n<h2 class=\"wp-block-heading\" id=\"trae-young-sac-ekimi\"><b>Trae Young Sa\u00e7 Ekimi<\/b><\/h2>\n\n\n\n<p><span style=\"font-weight: 400;\">Trae Young hi\u00e7bir zaman <a href=\"https:\/\/haircenterofturkey.com\/tr\/sac-ekimi-nerede-yaptirilir-ingiltere-ve-turkiye-karsilastirma-rehberi\/\">sa\u00e7 ekimi<\/a> yapt\u0131rd\u0131\u011f\u0131n\u0131 kamuoyuna a\u00e7\u0131klamad\u0131. Yine de, yan yana foto\u011fraflar kar\u015f\u0131la\u015ft\u0131r\u0131ld\u0131\u011f\u0131nda sa\u00e7 \u00e7izgisinin \u00f6nceki sezonlara g\u00f6re daha keskin ve dolgun g\u00f6r\u00fcnmesi spek\u00fclasyonlar\u0131 art\u0131rd\u0131. Herhangi bir restorasyon yap\u0131ld\u0131ysa, muhtemelen <a href=\"https:\/\/haircenterofturkey.com\/tr\/fue-2024-oncesi-ve-sonrasi\/\">FUE<\/a> veya <a href=\"https:\/\/haircenterofturkey.com\/tr\/dhi-ve-fue-sakal-ekimi-karsilastirmasi-hangisi-sizin-icin-daha-uygun\/\">DHI<\/a> gibi bir teknikle yap\u0131lan ince bir <a href=\"https:\/\/haircenterofturkey.com\/tr\/farkl-sac-cizgisi-turleri\/\">sa\u00e7 \u00e7izgisi<\/a> d\u00fczenlemesiydi \u2014 genellikle 1.500\u20132.500 <a href=\"https:\/\/haircenterofturkey.com\/tr\/fue-sac-ekimi-sonrasi-greftlerin-tutunm-orani-nasil-maksimuma-cikarilir\/\">greft<\/a> aral\u0131\u011f\u0131nda.<\/span><\/p>\n\n\n\n<div class=\"wp-block-rank-math-toc-block\" id=\"rank-math-toc\"><h2>\u0130\u00e7indekiler<\/h2><nav><ul><li class=\"\"><a href=\"#trae-young-sac-ekimi\">Trae Young Sa\u00e7 Ekimi<\/a><\/li><li class=\"\"><a href=\"#trae-young-kimdir\">Trae Young Kimdir?<\/a><\/li><li class=\"\"><a href=\"#trae-youngin-kariyerinden-one-cikanlar\">Trae Young\u2019\u0131n Kariyerinden \u00d6ne \u00c7\u0131kanlar<\/a><\/li><li class=\"\"><a href=\"#trae-young-sac-ektirdi-mi\">Trae Young Sa\u00e7 Ektirdi Mi?<\/a><\/li><li class=\"\"><a href=\"#trae-youngda-sac-dokulmesi-ve-seyrelme-hayranlarin-fark-ettigi-seyler\">Trae Young\u2019da Sa\u00e7 D\u00f6k\u00fclmesi ve Seyrelme: Hayranlar\u0131n Fark Etti\u011fi \u015eeyler<\/a><\/li><li class=\"\"><a href=\"#trae-young-sac-ekimi-oncesi-ve-sonrasi-fotograflar\">Trae Young Sa\u00e7 Ekimi \u00d6ncesi ve Sonras\u0131 Foto\u011fraflar<\/a><\/li><li class=\"\"><a href=\"#hangi-sac-ekimi-teknigi-daha-olasi\">Hangi Sa\u00e7 Ekimi Tekni\u011fi Daha Olas\u0131?<\/a><ul><li class=\"\"><a href=\"#fue-folikuler-unite-ekstraksiyonu\">FUE (Folik\u00fcler \u00dcnite Ekstraksiyonu)<\/a><\/li><li class=\"\"><a href=\"#dhi-dogrudan-sac-ekimi\">DHI (Do\u011frudan Sa\u00e7 Ekimi)<\/a><\/li><\/ul><\/li><li class=\"\"><a href=\"#kac-greft-gerekebilir\">Ka\u00e7 Greft Gerekebilir?<\/a><\/li><li class=\"\"><a href=\"#sac-ekimi-sonuclari-genellikle-nasil-gorunur\">Sa\u00e7 Ekimi Sonu\u00e7lar\u0131 Genellikle Nas\u0131l G\u00f6r\u00fcn\u00fcr?<\/a><\/li><li class=\"\"><a href=\"#kendiniz-sac-restorasyonu-dusunuyor-musunuz\">Kendiniz Sa\u00e7 Restorasyonu D\u00fc\u015f\u00fcn\u00fcyor Musunuz?<\/a><\/li><li class=\"\"><a href=\"#hair-center-of-turkey\">Hair Center Of Turkey<\/a><\/li><li class=\"\"><a href=\"#s-s-s-sikca-sorulan-sorular\">S.S.S. (S\u0131k\u00e7a Sorulan Sorular)<\/a><ul><li class=\"\"><a href=\"#faq-question-1771309889623\">Trae Young&#8217;\u0131n sa\u00e7 ekimi maliyeti nedir?<\/a><\/li><li class=\"\"><a href=\"#faq-question-1771309890613\">Trae Young&#8217;\u0131n sa\u00e7lar\u0131na ne oldu?<\/a><\/li><li class=\"\"><a href=\"#faq-question-1771309890949\">Trae Young ka\u00e7 kez sa\u00e7 ekimi yapt\u0131rd\u0131?<\/a><\/li><li class=\"\"><a href=\"#faq-question-1771309891141\">Sa\u00e7 ekimi yapt\u0131ran en \u00fcnl\u00fc \u00fcnl\u00fcler kimlerdir?<\/a><\/li><li class=\"\"><a href=\"#faq-question-1771309891317\">Trae Young ka\u00e7 greft ekimi yapt\u0131rd\u0131?<\/a><\/li><\/ul><\/li><\/ul><\/nav><\/div>\n\n\n\n<h2 class=\"wp-block-heading\" id=\"trae-young-kimdir\"><b>Trae Young Kimdir?<\/b><\/h2>\n\n\n\n<p><span style=\"font-weight: 400;\">Trae Young, <a href=\"https:\/\/haircenterofturkey.com\/tr\/atlantadaki-en-iyi-sac-ekimi-klinikleri-hangileri\/\">Atlanta<\/a> Hawks i\u00e7in oynayan bir NBA oyun kurucusudur ve uzak mesafe \u015futlar\u0131, h\u0131zl\u0131 karar verme yetene\u011fi ve \u00fcst d\u00fczey oyun kuruculu\u011fu ile tan\u0131n\u0131r. 2018\u2019de draft edilmesinden sonra h\u0131zla ligin en dikkat \u00e7eken gen\u00e7 y\u0131ld\u0131zlar\u0131ndan biri haline geldi. Sahada oldu\u011fu kadar d\u0131\u015f g\u00f6r\u00fcn\u00fc\u015f\u00fc de s\u0131k s\u0131k g\u00fcndeme gelir; bu y\u00fczden sa\u00e7 \u00e7izgisindeki de\u011fi\u015fiklikler kolayca fark edilir.<\/span><\/p>\n\n\n\n<figure class=\"wp-block-image\"><img decoding=\"async\" src=\"https:\/\/haircenterofturkey.com\/wp-content\/uploads\/2024\/12\/Trae-Young-Hair-Transplant-1.webp\" alt=\"Trae Young Sa\u00e7 Ekimi\" title=\"\"><\/figure>\n\n\n\n<p><\/p>\n\n\n\n<h2 class=\"wp-block-heading\" id=\"trae-youngin-kariyerinden-one-cikanlar\"><b>Trae Young\u2019\u0131n Kariyerinden \u00d6ne \u00c7\u0131kanlar<\/b><\/h2>\n\n\n\n<p><span style=\"font-weight: 400;\">NBA kariyerinin ilk y\u0131llar\u0131n\u0131 tan\u0131mlayan baz\u0131 anlar \u015funlard\u0131r:<\/span><\/p>\n\n\n\n<ul class=\"wp-block-list\">\n<li><span style=\"font-weight: 400;\">All-Star se\u00e7ilmeleri ve ligin en elit h\u00fccum oyuncular\u0131ndan biri olarak ulusal \u00e7apta tan\u0131nmas\u0131.<\/span><\/li>\n\n\n\n<li><span style=\"font-weight: 400;\">2021\u2019de New York Knicks\u2019e kar\u015f\u0131 dikkat \u00e7eken seriyi i\u00e7eren \u00e7arp\u0131c\u0131 bir playoff performans\u0131.<\/span><\/li>\n\n\n\n<li><span style=\"font-weight: 400;\">Atlanta\u2019y\u0131 2021\u2019de Do\u011fu Konferans\u0131 Finalleri\u2019ne ta\u015f\u0131yarak playoff bask\u0131s\u0131 alt\u0131nda da \u00fcretken olabilece\u011fini g\u00f6stermesi.<\/span><\/li>\n<\/ul>\n\n\n\n<figure class=\"wp-block-image\"><img decoding=\"async\" src=\"https:\/\/haircenterofturkey.com\/wp-content\/uploads\/2024\/12\/Trae-Young-Hair-Transplant-2.webp\" alt=\"Trae Young Sa\u00e7 Ekimi\" title=\"\"><\/figure>\n\n\n\n<p><\/p>\n\n\n\n<h2 class=\"wp-block-heading\" id=\"trae-young-sac-ektirdi-mi\"><b>Trae Young Sa\u00e7 Ektirdi Mi?<\/b><\/h2>\n\n\n\n<p><span style=\"font-weight: 400;\">Trae Young\u2019\u0131n sa\u00e7 ektirdi\u011fine dair resmi bir a\u00e7\u0131klama yok. Bu konudaki konu\u015fmalar \u00e7o\u011funlukla halka a\u00e7\u0131k foto\u011fraflar ve TV g\u00f6r\u00fcn\u00fcmlerine dayan\u0131yor; burada sa\u00e7 \u00e7izgisi kariyerinin ba\u015flar\u0131na g\u00f6re daha d\u00fczg\u00fcn ve yo\u011fun g\u00f6r\u00fcnebiliyor. Ayd\u0131nlatma, kamera a\u00e7\u0131lar\u0131, <a href=\"https:\/\/haircenterofturkey.com\/tr\/sac-yapisi-aciklamasi-katmanlar-buyume-dongusu-ve-sekillendirme-sonuclari\/\">sa\u00e7 \u015fekillendirme<\/a> ve kamera makyaj\u0131 da sa\u00e7\u0131n g\u00f6r\u00fcn\u00fcm\u00fcn\u00fc de\u011fi\u015ftirebilir; bu nedenle foto\u011fraf kar\u015f\u0131la\u015ft\u0131rmalar\u0131 yan\u0131lt\u0131c\u0131 olabilir.<\/span><\/p>\n\n\n\n<figure class=\"wp-block-image\"><img decoding=\"async\" src=\"https:\/\/haircenterofturkey.com\/wp-content\/uploads\/2024\/12\/Trae-Young-Hair-Transplant-3.webp\" alt=\"Trae Young Sa\u00e7 Ekimi\" title=\"\"><\/figure>\n\n\n\n<p><\/p>\n\n\n\n<h2 class=\"wp-block-heading\" id=\"trae-youngda-sac-dokulmesi-ve-seyrelme-hayranlarin-fark-ettigi-seyler\"><b>Trae Young\u2019da Sa\u00e7 D\u00f6k\u00fclmesi ve Seyrelme: Hayranlar\u0131n Fark Etti\u011fi \u015eeyler<\/b><\/h2>\n\n\n\n<p><span style=\"font-weight: 400;\">Eski g\u00f6r\u00fcnt\u00fclerde, \u015fakak \u00e7evresinde hafif bir gerileme ve daha az belirgin bir sa\u00e7 \u00e7izgisi g\u00f6r\u00fcl\u00fcyordu ki bu erkek tipi sa\u00e7 d\u00f6k\u00fclmesinde yayg\u0131nd\u0131r. Baz\u0131 izleyiciler, sa\u00e7\u0131n \u00f6nde seyrek g\u00f6r\u00fcnd\u00fc\u011f\u00fc, sezonlar aras\u0131nda yo\u011funlu\u011fun tutars\u0131z oldu\u011fu alanlara da dikkat \u00e7ekti. Bu de\u011fi\u015fkenlik, konunun spek\u00fclatif kalmas\u0131n\u0131n ba\u015fl\u0131ca nedenlerinden biri.<\/span><\/p>\n\n\n\n<h2 class=\"wp-block-heading\" id=\"trae-young-sac-ekimi-oncesi-ve-sonrasi-fotograflar\"><b>Trae Young Sa\u00e7 Ekimi \u00d6ncesi ve Sonras\u0131 Foto\u011fraflar<\/b><\/h2>\n\n\n\n<p><span style=\"font-weight: 400;\">Son d\u00f6nem g\u00f6r\u00fcn\u00fcmlerinde sa\u00e7 \u00e7izgisi genellikle daha temiz g\u00f6r\u00fcn\u00fcyor ve al\u0131n b\u00f6lgesi daha dolgun hissi veriyor. Bu de\u011fi\u015fiklikler bir i\u015flem sonucunda ger\u00e7ekle\u015ftiyse, muhtemelen sa\u00e7 \u00e7izgisini g\u00fc\u00e7lendirmeye y\u00f6nelik, dramatik bir d\u00fc\u015f\u00fcrme yapmadan uygulanan muhafazak\u00e2r bir yakla\u015f\u0131md\u0131r. Farkl\u0131 bir <a href=\"https:\/\/haircenterofturkey.com\/tr\/sac-kesimi-sonrasi-bakim\/\">sa\u00e7 kesimi<\/a>, yeni \u015fekillendirici \u00fcr\u00fcnler, <a href=\"https:\/\/haircenterofturkey.com\/tr\/sac-kasintisina-ne-iyi-gelir\/\">sa\u00e7 derisi<\/a> pigmentasyonu veya <a href=\"https:\/\/haircenterofturkey.com\/tr\/sac-ekimi-kanser-yapar-mi\/\">minoksidil<\/a> ya da <a href=\"https:\/\/haircenterofturkey.com\/tr\/sac-ekimi-sonrasi-finasteride-kullanmali-miyim\/\">finasterid<\/a> gibi t\u0131bbi tedaviler de (yaln\u0131zca bir doktorun \u00f6nerebilece\u011fi) bu fark\u0131 yaratm\u0131\u015f olabilir.<\/span><\/p>\n\n\n\n<figure class=\"wp-block-image\"><img decoding=\"async\" src=\"https:\/\/haircenterofturkey.com\/wp-content\/uploads\/2024\/12\/Trae-Young-Hair-Transplant-4.webp\" alt=\"Trae Young Sa\u00e7 Ekimi\" title=\"\"><\/figure>\n\n\n\n<p><\/p>\n\n\n\n<h2 class=\"wp-block-heading\" id=\"hangi-sac-ekimi-teknigi-daha-olasi\"><b>Hangi Sa\u00e7 Ekimi Tekni\u011fi Daha Olas\u0131?<\/b><\/h2>\n\n\n\n<p><span style=\"font-weight: 400;\">E\u011fer Trae Young sa\u00e7 ektirdiyse, en muhtemel se\u00e7enekler FUE veya DHI olurdu. Bu iki teknik de greft y\u00f6n\u00fc ve yo\u011funluk planlamas\u0131 dikkatle yap\u0131ld\u0131\u011f\u0131nda do\u011fal g\u00f6r\u00fcn\u00fcml\u00fc sa\u00e7 \u00e7izgileri olu\u015fturabilir.<\/span><\/p>\n\n\n\n<figure class=\"wp-block-image\"><img decoding=\"async\" src=\"https:\/\/haircenterofturkey.com\/wp-content\/uploads\/2024\/12\/Trae-Young-Hair-Transplant-5.webp\" alt=\"Trae Young Sa\u00e7 Ekimi\" title=\"\"><\/figure>\n\n\n\n<p><\/p>\n\n\n\n<h3 class=\"wp-block-heading\" id=\"fue-folikuler-unite-ekstraksiyonu\"><b>FUE (Folik\u00fcler \u00dcnite Ekstraksiyonu)<\/b><\/h3>\n\n\n\n<p><span style=\"font-weight: 400;\">FUE, don\u00f6r b\u00f6lgeden bireysel folik\u00fcler \u00fcnitelerin al\u0131narak seyrek b\u00f6lgelere yerle\u015ftirilmesini i\u00e7erir. Sa\u00e7 \u00e7izgisi \u00e7al\u0131\u015fmalar\u0131 i\u00e7in yayg\u0131n olarak kullan\u0131l\u0131r \u00e7\u00fcnk\u00fc hassas yerle\u015ftirmeye imk\u00e2n tan\u0131r ve genellikle k\u00fc\u00e7\u00fck, da\u011f\u0131n\u0131k izler b\u0131rak\u0131r.<\/span><\/p>\n\n\n\n<h3 class=\"wp-block-heading\" id=\"dhi-dogrudan-sac-ekimi\"><b>DHI (Do\u011frudan Sa\u00e7 Ekimi)<\/b><\/h3>\n\n\n\n<p><span style=\"font-weight: 400;\">DHI, FUE&#8217;nin bir varyasyonudur ve greftler kalem benzeri bir aletle implante edilir. Klinikler bunu genellikle detayl\u0131 sa\u00e7 \u00e7izgisi tasar\u0131m\u0131 veya a\u00e7\u0131 ve y\u00f6n \u00fczerinde s\u0131k\u0131 kontrol gerekti\u011finde \u00f6nerir. Sonu\u00e7lar, kullan\u0131lan teknik etiketinden \u00e7ok planlama ve uygulamaya ba\u011fl\u0131d\u0131r.<\/span><\/p>\n\n\n\n<figure class=\"wp-block-image\"><img decoding=\"async\" src=\"https:\/\/haircenterofturkey.com\/wp-content\/uploads\/2024\/12\/Trae-Young-Hair-Transplant-6.webp\" alt=\"Trae Young Sa\u00e7 Ekimi\" title=\"\"><\/figure>\n\n\n\n<p><\/p>\n\n\n\n<h2 class=\"wp-block-heading\" id=\"kac-greft-gerekebilir\"><b>Ka\u00e7 Greft Gerekebilir?<\/b><\/h2>\n\n\n\n<p><span style=\"font-weight: 400;\">Yaln\u0131zca g\u00f6rsel a\u00e7\u0131dan bak\u0131ld\u0131\u011f\u0131nda, sa\u00e7 \u00e7izgisi d\u00fczenlemesi ve \u015fakak doldurma i\u015flemleri genellikle 1.500\u20132.500 greft aral\u0131\u011f\u0131na girer. Ger\u00e7ek say\u0131, don\u00f6r yo\u011funlu\u011fu, restore edilecek alan\u0131n boyutu, sa\u00e7 kal\u0131nl\u0131\u011f\u0131, k\u0131vr\u0131m yap\u0131s\u0131 ve g\u00fc\u00e7l\u00fc \u0131\u015f\u0131k alt\u0131nda istenen yo\u011funluk g\u00f6r\u00fcn\u00fcm\u00fcne ba\u011fl\u0131d\u0131r. Sorumlu bir greft tahmini i\u00e7in y\u00fcz y\u00fcze de\u011ferlendirme \u015fartt\u0131r.<\/span><\/p>\n\n\n\n<figure class=\"wp-block-image\"><img decoding=\"async\" src=\"https:\/\/haircenterofturkey.com\/wp-content\/uploads\/2024\/12\/Trae-Young-Hair-Transplant-7.webp\" alt=\"Trae Young Sa\u00e7 Ekimi\" title=\"\"><\/figure>\n\n\n\n<p><\/p>\n\n\n\n<h2 class=\"wp-block-heading\" id=\"sac-ekimi-sonuclari-genellikle-nasil-gorunur\"><b>Sa\u00e7 Ekimi Sonu\u00e7lar\u0131 Genellikle Nas\u0131l G\u00f6r\u00fcn\u00fcr?<\/b><\/h2>\n\n\n\n<p><span style=\"font-weight: 400;\">\u00c7o\u011fu hastada ilk birka\u00e7 haftada erken d\u00f6k\u00fclme g\u00f6r\u00fcl\u00fcr ki bu normaldir. Yeni sa\u00e7 \u00e7\u0131k\u0131\u015f\u0131 genellikle 3\u20134. ay civar\u0131nda fark edilir hale gelir, 6\u20139. aylar aras\u0131nda daha belirgin kozmetik de\u011fi\u015fiklikler g\u00f6r\u00fcl\u00fcr. Nihai olgunla\u015fma ise genellikle 12 aya kadar s\u00fcrebilir; \u00f6zellikle sa\u00e7 \u00e7izgisi yumu\u015fakl\u0131\u011f\u0131 ve genel doku i\u00e7in.<\/span><\/p>\n\n\n\n<h2 class=\"wp-block-heading\" id=\"kendiniz-sac-restorasyonu-dusunuyor-musunuz\"><b>Kendiniz Sa\u00e7 Restorasyonu D\u00fc\u015f\u00fcn\u00fcyor Musunuz?<\/b><\/h2>\n\n\n\n<p><span style=\"font-weight: 400;\">E\u011fer sa\u00e7 ekimi d\u00fc\u015f\u00fcn\u00fcyorsan\u0131z, i\u015fe sa\u00e7 d\u00f6k\u00fclme tipini do\u011frulamak ve gerekiyorsa bunu stabilize etmekle ba\u015flamal\u0131s\u0131n\u0131z. Bir\u00e7ok ki\u015fi i\u015flemi, mevcut sa\u00e7\u0131 korumak i\u00e7in t\u0131bbi tedavi veya cerrahi olmayan se\u00e7eneklerle birle\u015ftirir. <a href=\"https:\/\/haircenterofturkey.com\/tr\/turkiye-neden-sac-ekimi-icin-bu-kadar-populer-bir-destinasyon\/\">G\u00fcvenilir bir klinik<\/a>, don\u00f6r kapasitenizi g\u00f6zden ge\u00e7irmeli, ger\u00e7ek\u00e7i yo\u011funluk hedefleri belirlemeli ve i\u015flem sonras\u0131 bak\u0131m\u0131n nas\u0131l olaca\u011f\u0131n\u0131 a\u00e7\u0131klamal\u0131d\u0131r.<\/span><\/p>\n\n\n\n<figure class=\"wp-block-image\"><img decoding=\"async\" src=\"https:\/\/haircenterofturkey.com\/wp-content\/uploads\/2024\/12\/Trae-Young-Hair-Transplant-8.webp\" alt=\"Trae Young Sa\u00e7 Ekimi\" title=\"\"><\/figure>\n\n\n\n<p><\/p>\n\n\n\n<h2 class=\"wp-block-heading\" id=\"hair-center-of-turkey\"><b>Hair Center Of Turkey<\/b><\/h2>\n\n\n\n<p><span style=\"font-weight: 400;\"><a href=\"https:\/\/haircenterofturkey.com\/tr\/neden-hair-center-of-turkeyi-tercih-etmelisiniz\/\">Hair Center of Turkey<\/a>, g\u00fcven temelli yakla\u015f\u0131m\u0131 ve VIP tarz\u0131 hasta deste\u011fiyle butik bir sa\u00e7 ekimi klini\u011fi olarak konumlanmaktad\u0131r. T\u00fcrkiye&#8217;deki klinikleri kar\u015f\u0131la\u015ft\u0131r\u0131rken t\u0131bbi denetim, \u015feffaf planlama ve net bak\u0131m protokollerine odaklanmal\u0131s\u0131n\u0131z \u2014 abart\u0131l\u0131 vaatlere de\u011fil.<\/span><\/p>\n\n\n\n<h2 class=\"wp-block-heading\" id=\"s-s-s-sikca-sorulan-sorular\"><b>S.S.S. (S\u0131k\u00e7a Sorulan Sorular)<\/b><\/h2>\n\n\n<div id=\"rank-math-faq\" class=\"rank-math-block\">\n<div class=\"rank-math-list \">\n<div id=\"faq-question-1771309889623\" class=\"rank-math-list-item\">\n<h3 class=\"rank-math-question \">Trae Young&#8217;\u0131n sa\u00e7 ekimi maliyeti nedir?<\/h3>\n<div class=\"rank-math-answer \">\n\n<p>Bu bilgi kamuya a\u00e7\u0131klanmam\u0131\u015ft\u0131r; ayr\u0131ca, sa\u00e7 ekimi yapt\u0131rd\u0131\u011f\u0131 kesin olarak do\u011frulanmad\u0131\u011f\u0131ndan, kesin maliyet bilinmemektedir.<\/p>\n\n<\/div>\n<\/div>\n<div id=\"faq-question-1771309890613\" class=\"rank-math-list-item\">\n<h3 class=\"rank-math-question \">Trae Young&#8217;\u0131n sa\u00e7lar\u0131na ne oldu?<\/h3>\n<div class=\"rank-math-answer \">\n\n<p>\u015eakak ve tepe b\u00f6lgelerinde seyrelme g\u00f6zlemlendi, bu da sa\u00e7 ekimi s\u00f6ylentilerini k\u00f6r\u00fckledi.<\/p>\n\n<\/div>\n<\/div>\n<div id=\"faq-question-1771309890949\" class=\"rank-math-list-item\">\n<h3 class=\"rank-math-question \">Trae Young ka\u00e7 kez sa\u00e7 ekimi yapt\u0131rd\u0131?<\/h3>\n<div class=\"rank-math-answer \">\n\n<p>Bu bilgi do\u011frulanmam\u0131\u015ft\u0131r; ka\u00e7 kez sa\u00e7 ekimi yapt\u0131rd\u0131\u011f\u0131na dair kesin bir bilgi kamuoyuna a\u00e7\u0131klanmam\u0131\u015ft\u0131r.<\/p>\n\n<\/div>\n<\/div>\n<div id=\"faq-question-1771309891141\" class=\"rank-math-list-item\">\n<h3 class=\"rank-math-question \">Sa\u00e7 ekimi yapt\u0131ran en \u00fcnl\u00fc \u00fcnl\u00fcler kimlerdir?<\/h3>\n<div class=\"rank-math-answer \">\n\n<p>Wayne Rooney, Elton John, Ben Stokes, Cheyenne Jackson, Jimmy Carr.<\/p>\n\n<\/div>\n<\/div>\n<div id=\"faq-question-1771309891317\" class=\"rank-math-list-item\">\n<h3 class=\"rank-math-question \">Trae Young ka\u00e7 greft ekimi yapt\u0131rd\u0131?<\/h3>\n<div class=\"rank-math-answer \">\n\n<p>Bu bilgi a\u00e7\u0131klanmam\u0131\u015ft\u0131r; tahminler genellikle yakla\u015f\u0131k 1.500 ila 2.500 greft aras\u0131nda de\u011fi\u015fmektedir.<\/p>\n\n<\/div>\n<\/div>\n<\/div>\n<\/div>","protected":false},"excerpt":{"rendered":"<p>Trae Young Sa\u00e7 Ekimi Trae Young hi\u00e7bir zaman sa\u00e7 ekimi yapt\u0131rd\u0131\u011f\u0131n\u0131 kamuoyuna a\u00e7\u0131klamad\u0131. Yine de, yan yana foto\u011fraflar kar\u015f\u0131la\u015ft\u0131r\u0131ld\u0131\u011f\u0131nda sa\u00e7 \u00e7izgisinin \u00f6nceki sezonlara g\u00f6re daha keskin ve dolgun g\u00f6r\u00fcnmesi spek\u00fclasyonlar\u0131 art\u0131rd\u0131. Herhangi bir restorasyon yap\u0131ld\u0131ysa, muhtemelen FUE veya DHI gibi bir teknikle yap\u0131lan ince bir sa\u00e7 \u00e7izgisi d\u00fczenlemesiydi \u2014 genellikle 1.500\u20132.500 greft aral\u0131\u011f\u0131nda. Trae Young [&hellip;]<\/p>\n","protected":false},"author":2,"featured_media":5350,"comment_status":"closed","ping_status":"closed","sticky":false,"template":"","format":"standard","meta":{"footnotes":""},"categories":[2,156],"tags":[],"class_list":["post-5349","post","type-post","status-publish","format-standard","has-post-thumbnail","hentry","category-blog","category-unlulerde-sac-ekimi"],"_links":{"self":[{"href":"https:\/\/haircenterofturkey.com\/tr\/wp-json\/wp\/v2\/posts\/5349","targetHints":{"allow":["GET"]}}],"collection":[{"href":"https:\/\/haircenterofturkey.com\/tr\/wp-json\/wp\/v2\/posts"}],"about":[{"href":"https:\/\/haircenterofturkey.com\/tr\/wp-json\/wp\/v2\/types\/post"}],"author":[{"embeddable":true,"href":"https:\/\/haircenterofturkey.com\/tr\/wp-json\/wp\/v2\/users\/2"}],"replies":[{"embeddable":true,"href":"https:\/\/haircenterofturkey.com\/tr\/wp-json\/wp\/v2\/comments?post=5349"}],"version-history":[{"count":3,"href":"https:\/\/haircenterofturkey.com\/tr\/wp-json\/wp\/v2\/posts\/5349\/revisions"}],"predecessor-version":[{"id":26312,"href":"https:\/\/haircenterofturkey.com\/tr\/wp-json\/wp\/v2\/posts\/5349\/revisions\/26312"}],"wp:featuredmedia":[{"embeddable":true,"href":"https:\/\/haircenterofturkey.com\/tr\/wp-json\/wp\/v2\/media\/5350"}],"wp:attachment":[{"href":"https:\/\/haircenterofturkey.com\/tr\/wp-json\/wp\/v2\/media?parent=5349"}],"wp:term":[{"taxonomy":"category","embeddable":true,"href":"https:\/\/haircenterofturkey.com\/tr\/wp-json\/wp\/v2\/categories?post=5349"},{"taxonomy":"post_tag","embeddable":true,"href":"https:\/\/haircenterofturkey.com\/tr\/wp-json\/wp\/v2\/tags?post=5349"}],"curies":[{"name":"wp","href":"https:\/\/api.w.org\/{rel}","templated":true}]}}