{"id":5003,"date":"2024-12-14T09:08:02","date_gmt":"2024-12-14T06:08:02","guid":{"rendered":"https:\/\/haircenterofturkey.com\/sylvester-stallone-sac-ekimi\/"},"modified":"2026-02-19T08:54:36","modified_gmt":"2026-02-19T05:54:36","slug":"sylvester-stallone-sac-ekimi","status":"publish","type":"post","link":"https:\/\/haircenterofturkey.com\/tr\/sylvester-stallone-sac-ekimi\/","title":{"rendered":"Sylvester Stallone Sa\u00e7 Ekimi"},"content":{"rendered":"\n<h2 class=\"wp-block-heading\" id=\"sylvester-stallone-sac-ekimi\"><b>Sylvester Stallone Sa\u00e7 Ekimi<\/b><\/h2>\n\n\n\n<p><b><\/b><span style=\"font-weight: 400;\">Sylvester Stallone hi\u00e7bir zaman <a href=\"https:\/\/haircenterofturkey.com\/tr\/sac-ekimi-nerede-yaptirilir-ingiltere-ve-turkiye-karsilastirma-rehberi\/\">sa\u00e7 ekimi<\/a> yapt\u0131rd\u0131\u011f\u0131n\u0131 kamuoyuna a\u00e7\u0131klamad\u0131. Yine de farkl\u0131 d\u00f6nemlere ait yan yana foto\u011fraflar, ya\u015fla birlikte \u00e7o\u011fu erkekte g\u00f6r\u00fclen seyrelmeye k\u0131yasla daha dolgun ve sabit bir <a href=\"https:\/\/haircenterofturkey.com\/tr\/farkl-sac-cizgisi-turleri\/\">sa\u00e7 \u00e7izgisi<\/a> g\u00f6steriyor, bu da spek\u00fclasyonlara neden oluyor. E\u011fer bir i\u015flem yap\u0131ld\u0131ysa, bu ince bir sa\u00e7 ekimi, sa\u00e7 \u00e7izgisi d\u00fc\u015f\u00fcrme ameliyat\u0131 veya cerrahi olmayan kamuflaj y\u00f6ntemlerini i\u00e7erebilir.<\/span><\/p>\n\n\n\n<p><span style=\"font-weight: 400;\">\u00dcnl\u00fclerin <a href=\"https:\/\/haircenterofturkey.com\/tr\/dunyada-ilk-sac-ekimi-ne-zaman-yapildi\/\">sa\u00e7 restorasyonu<\/a> hikayeleri e\u011flenceli olabilir ama ayn\u0131 zamanda bilgilendiricidir. Hastalar\u0131n genellikle ne istedi\u011fini g\u00f6sterirler: do\u011fal bir sa\u00e7 \u00e7izgisi, ya\u015fa uygun yo\u011funluk ve \u201cyap\u0131lm\u0131\u015f\u201d gibi g\u00f6r\u00fcnmeyen sonu\u00e7lar. A\u015fa\u011f\u0131da bilinenler, tahminler ve kendiniz i\u00e7in bir prosed\u00fcr ara\u015ft\u0131r\u0131yorsan\u0131z nelere odaklanman\u0131z gerekti\u011fi yer al\u0131yor.<\/span><\/p>\n\n\n\n<div class=\"wp-block-rank-math-toc-block\" id=\"rank-math-toc\"><h2>\u0130\u00e7indekiler<\/h2><nav><ul><li class=\"\"><a href=\"#sylvester-stallone-sac-ekimi\">Sylvester Stallone Sa\u00e7 Ekimi<\/a><\/li><li class=\"\"><a href=\"#sylvester-stallone-kimdir\">Sylvester Stallone Kimdir?<\/a><\/li><li class=\"\"><a href=\"#insanlarin-stallone-ile-ozdeslestirdigi-filmler\">\u0130nsanlar\u0131n Stallone \u0130le \u00d6zde\u015fle\u015ftirdi\u011fi Filmler<\/a><\/li><li class=\"\"><a href=\"#sylvester-stallone-sac-ekimi-yaptirdi-mi\">Sylvester Stallone Sa\u00e7 Ekimi Yapt\u0131rd\u0131 m\u0131?<\/a><\/li><li class=\"\"><a href=\"#onun-pozisyonundaki-biri-neden-sac-restorasyonunu-dusunur\">Onun Pozisyonundaki Biri Neden Sa\u00e7 Restorasyonunu D\u00fc\u015f\u00fcn\u00fcr?<\/a><\/li><li class=\"\"><a href=\"#sylvester-stalloneun-yillar-icindeki-sac-dokulmesi\">Sylvester Stallone\u2019un Y\u0131llar \u0130\u00e7indeki Sa\u00e7 D\u00f6k\u00fclmesi<\/a><\/li><li class=\"\"><a href=\"#oncesi-ve-sonrasi-ne-degismis-gozukuyor\">\u00d6ncesi ve Sonras\u0131: Ne De\u011fi\u015fmi\u015f G\u00f6z\u00fck\u00fcyor?<\/a><\/li><li class=\"\"><a href=\"#hangi-sac-ekimi-teknigi-kullanilmis-olabilir\">Hangi Sa\u00e7 Ekimi Tekni\u011fi Kullan\u0131lm\u0131\u015f Olabilir?<\/a><ul><li class=\"\"><a href=\"#fue\">FUE<\/a><\/li><li class=\"\"><a href=\"#fut-serit\">FUT\/\u015eerit<\/a><\/li><li class=\"\"><a href=\"#dhi\">DHI<\/a><\/li><\/ul><\/li><li class=\"\"><a href=\"#boyle-bir-vaka-kac-greft-gerektirir\">B\u00f6yle Bir Vaka Ka\u00e7 Greft Gerektirir?<\/a><\/li><li class=\"\"><a href=\"#iyilesme-sureci-ve-sonuclar-ne-zaman-gorunur\">\u0130yile\u015fme S\u00fcreci ve Sonu\u00e7lar Ne Zaman G\u00f6r\u00fcn\u00fcr?<\/a><\/li><li class=\"\"><a href=\"#kamerada-dogal-gorunen-sonuclar-nasil-elde-edilir\">Kamerada Do\u011fal G\u00f6r\u00fcnen Sonu\u00e7lar Nas\u0131l Elde Edilir?<\/a><\/li><li class=\"\"><a href=\"#turkiyede-sac-ekimi-dusunenler-icin\">T\u00fcrkiye\u2019de Sa\u00e7 Ekimi D\u00fc\u015f\u00fcnenler \u0130\u00e7in<\/a><\/li><li class=\"\"><a href=\"#s-s-s\">S.S.S.<\/a><ul><li class=\"\"><a href=\"#faq-question-1771479906359\">Sylvester Stallone&#8217;un sa\u00e7 ekimi ne kadara mal oldu?<\/a><\/li><li class=\"\"><a href=\"#faq-question-1771479907186\">Sylvester Stallone&#8217;un sa\u00e7lar\u0131na ne oldu?<\/a><\/li><li class=\"\"><a href=\"#faq-question-1771479907437\">Sylvester Stallone ka\u00e7 kez sa\u00e7 ekimi yapt\u0131rd\u0131?<\/a><\/li><li class=\"\"><a href=\"#faq-question-1771479907629\">Sa\u00e7 ekimi yapt\u0131ran en \u00fcnl\u00fc \u00fcnl\u00fcler kimlerdir?<\/a><\/li><li class=\"\"><a href=\"#faq-question-1771479907781\">Sylvester Stallone ka\u00e7 greft ekimi yapt\u0131rd\u0131?<\/a><\/li><\/ul><\/li><\/ul><\/nav><\/div>\n\n\n\n<h2 class=\"wp-block-heading\" id=\"sylvester-stallone-kimdir\"><b>Sylvester Stallone Kimdir?<\/b><\/h2>\n\n\n\n<p><span style=\"font-weight: 400;\">Sylvester Stallone, en \u00e7ok Rocky ve Rambo serileriyle tan\u0131nan Amerikal\u0131 bir akt\u00f6r, senarist ve y\u00f6netmendir. On y\u0131llar boyunca kameraya haz\u0131r g\u00f6r\u00fcn\u00fcm\u00fcn\u00fc korumas\u0131yla da bilinir, bu y\u00fczden sa\u00e7 \u00e7izgisindeki k\u00fc\u00e7\u00fck de\u011fi\u015fiklikler s\u0131k\u00e7a fark edilir ve tart\u0131\u015f\u0131l\u0131r.<\/span><\/p>\n\n\n\n<figure class=\"wp-block-image\"><img decoding=\"async\" src=\"https:\/\/haircenterofturkey.com\/wp-content\/uploads\/2024\/12\/sylvester-stallone-hair-transplant-1.webp\" alt=\"Sylvester Stallone Sa\u00e7 Ekimi\" title=\"\"><\/figure>\n\n\n\n<p><\/p>\n\n\n\n<h2 class=\"wp-block-heading\" id=\"insanlarin-stallone-ile-ozdeslestirdigi-filmler\"><b>\u0130nsanlar\u0131n Stallone \u0130le \u00d6zde\u015fle\u015ftirdi\u011fi Filmler<\/b><\/h2>\n\n\n\n<p><span style=\"font-weight: 400;\">K\u0131sa bir \u00f6zet, ekran ve kameralardaki g\u00f6r\u00fcn\u00fcm\u00fcn\u00fcn zaman \u00e7izelgesini anlamaya yard\u0131mc\u0131 olur.<\/span><\/p>\n\n\n\n<ol class=\"wp-block-list\">\n<li><span style=\"font-weight: 400;\">Rocky (1976) \u2014 Stallone&#8217;u k\u00fcresel bir y\u0131ld\u0131z yapan ve b\u00fcy\u00fck \u00f6d\u00fcller kazand\u0131ran azimli bir boks\u00f6r\u00fcn hikayesi.<\/span><\/li>\n\n\n\n<li><span style=\"font-weight: 400;\">Rambo: First Blood (1982) \u2014 Onun ekran imaj\u0131n\u0131 y\u0131llarca \u015fekillendiren efsanevi bir aksiyon rol\u00fc.<\/span><\/li>\n\n\n\n<li><span style=\"font-weight: 400;\">Creed (2015) \u2014 Rocky evrenine d\u00f6n\u00fc\u015f yapt\u0131\u011f\u0131, daha dramatik ve olgun bir performansla \u00f6v\u00fclen ge\u00e7 kariyer filmi.<\/span><\/li>\n<\/ol>\n\n\n\n<figure class=\"wp-block-image\"><img decoding=\"async\" src=\"https:\/\/haircenterofturkey.com\/wp-content\/uploads\/2024\/12\/sylvester-stallone-hair-transplant-2.webp\" alt=\"Sylvester Stallone Sa\u00e7 Ekimi\" title=\"\"><\/figure>\n\n\n\n<p><\/p>\n\n\n\n<h2 class=\"wp-block-heading\" id=\"sylvester-stallone-sac-ekimi-yaptirdi-mi\"><b>Sylvester Stallone Sa\u00e7 Ekimi Yapt\u0131rd\u0131 m\u0131?<\/b><\/h2>\n\n\n\n<p><span style=\"font-weight: 400;\">Stallone\u2019dan resmi bir onay yok. Bu konu, \u00f6nceki y\u0131llara g\u00f6re daha az a\u00e7\u0131lma ve daha tutarl\u0131 yo\u011funluk g\u00f6steren foto\u011fraflarla g\u00fcndeme geliyor. Ancak foto\u011fraflar yan\u0131lt\u0131c\u0131 olabilir: \u0131\u015f\u0131kland\u0131rma, \u015fekillendirme, sa\u00e7 fiberleri ve k\u00fc\u00e7\u00fck kozmetik i\u015flemler sa\u00e7 \u00e7izgisinin kamerada nas\u0131l g\u00f6r\u00fcnd\u00fc\u011f\u00fcn\u00fc de\u011fi\u015ftirebilir.<\/span><\/p>\n\n\n\n<figure class=\"wp-block-image\"><img decoding=\"async\" src=\"https:\/\/haircenterofturkey.com\/wp-content\/uploads\/2024\/12\/sylvester-stallone-hair-transplant-3.webp\" alt=\"Sylvester Stallone Sa\u00e7 Ekimi\" title=\"\"><\/figure>\n\n\n\n<p><\/p>\n\n\n\n<h2 class=\"wp-block-heading\" id=\"onun-pozisyonundaki-biri-neden-sac-restorasyonunu-dusunur\"><b>Onun Pozisyonundaki Biri Neden Sa\u00e7 Restorasyonunu D\u00fc\u015f\u00fcn\u00fcr?<\/b><\/h2>\n\n\n\n<p><span style=\"font-weight: 400;\">Kamuoyundaki fig\u00fcrler i\u00e7in g\u00f6r\u00fcn\u00fcm i\u015fin bir par\u00e7as\u0131d\u0131r. Daha dolgun bir sa\u00e7 \u00e7izgisi, \u00f6zellikle y\u00fcksek \u00e7\u00f6z\u00fcn\u00fcrl\u00fckl\u00fc kameralarda ve sert \u0131\u015f\u0131k alt\u0131nda daha sa\u011fl\u0131kl\u0131 ve gen\u00e7 bir imaj verebilir. Pek \u00e7ok insan i\u00e7in ise <a href=\"https:\/\/haircenterofturkey.com\/tr\/kacinilmasi-gereken-en-buyuk-sac-kesimi-hatalari-ve-bunlari-duzeltme-yontemleri\/\">sa\u00e7 d\u00f6k\u00fclmesi<\/a> meslekten ba\u011f\u0131ms\u0131z olarak \u00f6zg\u00fcveni etkiledi\u011finden tedavi aray\u0131\u015f\u0131 yayg\u0131nd\u0131r.<\/span><\/p>\n\n\n\n<h2 class=\"wp-block-heading\" id=\"sylvester-stalloneun-yillar-icindeki-sac-dokulmesi\"><b>Sylvester Stallone\u2019un Y\u0131llar \u0130\u00e7indeki Sa\u00e7 D\u00f6k\u00fclmesi<\/b><\/h2>\n\n\n\n<p><span style=\"font-weight: 400;\"><a href=\"https:\/\/haircenterofturkey.com\/tr\/androgenetik-alopesi-erkek-tipi-sac-dokulmesi\/\">Erkek tipi sa\u00e7 d\u00f6k\u00fclmesi<\/a> genellikle \u015fakaklarda a\u00e7\u0131lma, sa\u00e7 \u00e7izgisinin y\u00fckselmesi veya tepe b\u00f6lgesinde seyrelme olarak ortaya \u00e7\u0131kar. Baz\u0131 eski foto\u011fraflarda Stallone\u2019un ileri d\u00fczey kellik yerine hafif bir a\u00e7\u0131lma ya\u015fad\u0131\u011f\u0131 g\u00f6r\u00fcl\u00fcyor. Hafif ila orta d\u00fczeyde kay\u0131plar, do\u011fal g\u00f6r\u00fcn\u00fcml\u00fc yo\u011funluk sa\u011flama a\u00e7\u0131s\u0131ndan genellikle en kolay tedavi edilebilen kategoridir \u00e7\u00fcnk\u00fc \u00e7evredeki sa\u00e7la etkili \u015fekilde harmanlanabilir.<\/span><\/p>\n\n\n\n<figure class=\"wp-block-image\"><img decoding=\"async\" src=\"https:\/\/haircenterofturkey.com\/wp-content\/uploads\/2024\/12\/sylvester-stallone-hair-transplant-4.webp\" alt=\"Sylvester Stallone Sa\u00e7 Ekimi\" title=\"\"><\/figure>\n\n\n\n<p><\/p>\n\n\n\n<h2 class=\"wp-block-heading\" id=\"oncesi-ve-sonrasi-ne-degismis-gozukuyor\"><b>\u00d6ncesi ve Sonras\u0131: Ne De\u011fi\u015fmi\u015f G\u00f6z\u00fck\u00fcyor?<\/b><\/h2>\n\n\n\n<p><span style=\"font-weight: 400;\">\u201c\u00d6ncesi ve sonras\u0131\u201d kar\u015f\u0131la\u015ft\u0131rmas\u0131 yapanlar genellikle iki \u015feye odaklan\u0131r: daha d\u00fczg\u00fcn ve dengeli bir \u00f6n sa\u00e7 \u00e7izgisi ile orta \u00f6n b\u00f6lgede daha az g\u00f6r\u00fcnen <a href=\"https:\/\/haircenterofturkey.com\/tr\/sac-kasintisina-ne-iyi-gelir\/\">sa\u00e7 derisi<\/a>. Bu de\u011fi\u015fiklikler ger\u00e7ekse, dikkatli bir sa\u00e7 ekimi, uzun vadeli medikal tedavi, stratejik \u015fekillendirme ya da bunlar\u0131n kombinasyonundan kaynaklanabilir.<\/span><\/p>\n\n\n\n<figure class=\"wp-block-image\"><img decoding=\"async\" src=\"https:\/\/haircenterofturkey.com\/wp-content\/uploads\/2024\/12\/sylvester-stallone-hair-transplant-5.webp\" alt=\"Sylvester Stallone Sa\u00e7 Ekimi\" title=\"\"><\/figure>\n\n\n\n<p><\/p>\n\n\n\n<h2 class=\"wp-block-heading\" id=\"hangi-sac-ekimi-teknigi-kullanilmis-olabilir\"><b>Hangi Sa\u00e7 Ekimi Tekni\u011fi Kullan\u0131lm\u0131\u015f Olabilir?<\/b><\/h2>\n\n\n\n<p><span style=\"font-weight: 400;\">E\u011fer sa\u00e7 ekimi yap\u0131ld\u0131ysa, en \u00e7ok tart\u0131\u015f\u0131lan se\u00e7enekler modern folik\u00fcler \u00fcnite ekstraksiyonu (<a href=\"https:\/\/haircenterofturkey.com\/tr\/fue-2024-oncesi-ve-sonrasi\/\">FUE<\/a>) ve folik\u00fcler \u00fcnite transplantasyonu (FUT\/\u015ferit) y\u00f6ntemleridir. Baz\u0131 klinikler ayr\u0131ca FUE ile birlikte kullan\u0131lan <a href=\"https:\/\/haircenterofturkey.com\/tr\/dhi-ve-fue-sakal-ekimi-karsilastirmasi-hangisi-sizin-icin-daha-uygun\/\">DHI<\/a> (do\u011frudan ekim y\u00f6ntemi) i\u015flemini de uygular. \u00dcnl\u00fclerin konu\u015fuldu\u011fu durumlarda bir di\u011fer olas\u0131l\u0131k ise greftlere tamamen ba\u011fl\u0131 olmadan sa\u00e7 \u00e7izgisini de\u011fi\u015ftiren sa\u00e7 \u00e7izgisi d\u00fc\u015f\u00fcrme (al\u0131n daraltma) ameliyat\u0131d\u0131r.<\/span><\/p>\n\n\n\n<figure class=\"wp-block-image\"><img decoding=\"async\" src=\"https:\/\/haircenterofturkey.com\/wp-content\/uploads\/2024\/12\/sylvester-stallone-hair-transplant-6.webp\" alt=\"Sylvester Stallone Sa\u00e7 Ekimi\" title=\"\"><\/figure>\n\n\n\n<p><\/p>\n\n\n\n<h3 class=\"wp-block-heading\" id=\"fue\"><b>FUE<\/b><\/h3>\n\n\n\n<p><span style=\"font-weight: 400;\">FUE, don\u00f6r b\u00f6lgeden bireysel folik\u00fcler \u00fcniteleri \u00e7\u0131kar\u0131r ve iyile\u015ftikten sonra genellikle fark edilmesi zor olan k\u00fc\u00e7\u00fck nokta izleri b\u0131rak\u0131r. K\u0131sa sa\u00e7 kullanmak isteyen hastalar aras\u0131nda pop\u00fclerdir.<\/span><\/p>\n\n\n\n<h3 class=\"wp-block-heading\" id=\"fut-serit\"><b>FUT\/\u015eerit<\/b><\/h3>\n\n\n\n<p><span style=\"font-weight: 400;\"><a href=\"https:\/\/haircenterofturkey.com\/tr\/sac-ekimi-sonrasi-ne-zaman-ise-gidilebilir\/\">FUT<\/a>, don\u00f6r b\u00f6lgeden ince bir \u015ferit \u00e7\u0131kar\u0131r ve diki\u015fle kapat\u0131l\u0131r, bu da \u00e7izgi \u015feklinde bir iz b\u0131rakabilir. \u00c7ok say\u0131da <a href=\"https:\/\/haircenterofturkey.com\/tr\/fue-sac-ekimi-sonrasi-greftlerin-tutunm-orani-nasil-maksimuma-cikarilir\/\">greft<\/a> gereken ve arka sa\u00e7lar\u0131n\u0131 uzun tutmay\u0131 planlayanlar i\u00e7in iyi bir se\u00e7enek olabilir.<\/span><\/p>\n\n\n\n<h3 class=\"wp-block-heading\" id=\"dhi\"><b>DHI<\/b><\/h3>\n\n\n\n<p><span style=\"font-weight: 400;\">DHI genellikle kalem benzeri bir implanter ile greftlerin ekilmesini ifade eder. Sonu\u00e7lar, y\u00f6ntem etiketinden \u00e7ok planlama ve cerrahi beceriye ba\u011fl\u0131d\u0131r, bu nedenle hastalar ekibin ge\u00e7mi\u015fi ve <a href=\"https:\/\/haircenterofturkey.com\/tr\/fue-ve-fut\/\">do\u011fal sa\u00e7 \u00e7izgisi<\/a> tasar\u0131m\u0131na odaklanmal\u0131d\u0131r.<\/span><\/p>\n\n\n\n<figure class=\"wp-block-image\"><img decoding=\"async\" src=\"https:\/\/haircenterofturkey.com\/wp-content\/uploads\/2024\/12\/sylvester-stallone-hair-transplant-7.webp\" alt=\"Sylvester Stallone Sa\u00e7 Ekimi\" title=\"\"><\/figure>\n\n\n\n<p><\/p>\n\n\n\n<h2 class=\"wp-block-heading\" id=\"boyle-bir-vaka-kac-greft-gerektirir\"><b>B\u00f6yle Bir Vaka Ka\u00e7 Greft Gerektirir?<\/b><\/h2>\n\n\n\n<p><span style=\"font-weight: 400;\">Bir \u00fcnl\u00fc i\u00e7in greft say\u0131s\u0131 tamamen tahminidir. Hafif a\u00e7\u0131lma ve \u00f6n b\u00f6lge yo\u011funlu\u011fu i\u00e7in yayg\u0131n bir aral\u0131k sa\u00e7 kal\u0131nl\u0131\u011f\u0131na, don\u00f6r kapasitesine ve sa\u00e7 \u00e7izgisinin ne kadar a\u015fa\u011f\u0131ya tasarland\u0131\u011f\u0131na ba\u011fl\u0131 olarak yakla\u015f\u0131k 1.500\u20133.000 grefttir. Sorumlu bir planlama, do\u011fal bir \u015fekli \u00f6nceliklendirir ve gelecekteki ihtiya\u00e7lar i\u00e7in don\u00f6r sa\u00e7\u0131 korur.<\/span><\/p>\n\n\n\n<h2 class=\"wp-block-heading\" id=\"iyilesme-sureci-ve-sonuclar-ne-zaman-gorunur\"><b>\u0130yile\u015fme S\u00fcreci ve Sonu\u00e7lar Ne Zaman G\u00f6r\u00fcn\u00fcr?<\/b><\/h2>\n\n\n\n<p><span style=\"font-weight: 400;\">\u00c7o\u011fu hasta yakla\u015f\u0131k bir hafta i\u00e7inde masa ba\u015f\u0131 i\u015fine d\u00f6nebilir, ancak k\u0131zar\u0131kl\u0131k ve kabuklanma cilt tipine ve tekni\u011fe ba\u011fl\u0131 olarak daha uzun s\u00fcrebilir. Ekilen sa\u00e7lar\u0131n ilk haftalarda d\u00f6k\u00fclmesi beklenir. G\u00f6r\u00fcn\u00fcr uzama genellikle 3\u20134. ayda ba\u015flar, daha belirgin sonu\u00e7lar ise 6\u201312 ay aras\u0131nda g\u00f6r\u00fcl\u00fcr.<\/span><\/p>\n\n\n\n<h2 class=\"wp-block-heading\" id=\"kamerada-dogal-gorunen-sonuclar-nasil-elde-edilir\"><b>Kamerada Do\u011fal G\u00f6r\u00fcnen Sonu\u00e7lar Nas\u0131l Elde Edilir?<\/b><\/h2>\n\n\n\n<p><span style=\"font-weight: 400;\">Do\u011fal sonu\u00e7lar genellikle \u201cmaksimum yo\u011funluk\u201dtan \u00e7ok tasar\u0131m tercihlerine ba\u011fl\u0131d\u0131r. Cerrahlar genellikle \u00f6nde daha yumu\u015fak tekli greftler kullan\u0131r, yapay \u015fekilde d\u00fcz bir sa\u00e7 \u00e7izgisinden ka\u00e7\u0131n\u0131r ve mevcut sa\u00e7\u0131n y\u00f6n\u00fc ile a\u00e7\u0131s\u0131n\u0131 e\u015fle\u015ftirir. Ya\u015fa uygun planlama \u00f6zellikle 50\u2019li, 60\u2019l\u0131 ya\u015flardaki erkekler i\u00e7in \u00f6nemlidir.<\/span><\/p>\n\n\n\n<figure class=\"wp-block-image\"><img decoding=\"async\" src=\"https:\/\/haircenterofturkey.com\/wp-content\/uploads\/2024\/12\/sylvester-stallone-hair-transplant-8.webp\" alt=\"Sylvester Stallone Sa\u00e7 Ekimi\" title=\"\"><\/figure>\n\n\n\n<p><\/p>\n\n\n\n<h2 class=\"wp-block-heading\" id=\"turkiyede-sac-ekimi-dusunenler-icin\"><b>T\u00fcrkiye\u2019de Sa\u00e7 Ekimi D\u00fc\u015f\u00fcnenler \u0130\u00e7in<\/b><\/h2>\n\n\n\n<p><span style=\"font-weight: 400;\">T\u00fcrkiye, deneyimli cerrahi ekipleri ve rekabet\u00e7i paket fiyatlar\u0131yla sa\u00e7 restorasyonu i\u00e7in tan\u0131nan bir destinasyondur. Klinikleri kar\u015f\u0131la\u015ft\u0131r\u0131rken t\u0131bbi denetim, \u015feffaf planlama, hijyen standartlar\u0131 ve sa\u00e7 tipinize ile d\u00f6k\u00fclme deseninize uygun ger\u00e7ek hasta sonu\u00e7lar\u0131na odaklan\u0131n.<\/span><\/p>\n\n\n\n<p><span style=\"font-weight: 400;\"><a href=\"https:\/\/haircenterofturkey.com\/tr\/neden-hair-center-of-turkeyi-tercih-etmelisiniz\/\">Hair Center of Turkey<\/a>, g\u00fcven, ki\u015fiselle\u015ftirilmi\u015f planlama ve VIP tarz\u0131 hasta bak\u0131m\u0131 odakl\u0131 butik bir klinik olarak konumlanmaktad\u0131r. Klinikler aras\u0131nda karar verirken, sa\u00e7 \u00e7izgisini kimin tasarlad\u0131\u011f\u0131n\u0131, i\u015flemin her ad\u0131m\u0131n\u0131 kimin uygulad\u0131\u011f\u0131n\u0131 ve hangi takip deste\u011finin dahil oldu\u011funu mutlaka sorun.<\/span><\/p>\n\n\n\n<h2 class=\"wp-block-heading\" id=\"s-s-s\"><b>S.S.S.<\/b><\/h2>\n\n\n<div id=\"rank-math-faq\" class=\"rank-math-block\">\n<div class=\"rank-math-list \">\n<div id=\"faq-question-1771479906359\" class=\"rank-math-list-item\">\n<h3 class=\"rank-math-question \">Sylvester Stallone&#8217;un sa\u00e7 ekimi ne kadara mal oldu?<\/h3>\n<div class=\"rank-math-answer \">\n\n<p>Maliyet do\u011frulanmad\u0131\u011f\u0131 i\u00e7in bilinmemektedir; sa\u00e7 ekimi genellikle 3.000 ila 15.000 dolar aras\u0131nda de\u011fi\u015fmektedir.<\/p>\n\n<\/div>\n<\/div>\n<div id=\"faq-question-1771479907186\" class=\"rank-math-list-item\">\n<h3 class=\"rank-math-question \">Sylvester Stallone&#8217;un sa\u00e7lar\u0131na ne oldu?<\/h3>\n<div class=\"rank-math-answer \">\n\n<p>Sa\u00e7 \u00e7izgisi 2000 y\u0131l\u0131 civar\u0131nda belirgin \u015fekilde kal\u0131nla\u015ft\u0131; 2002 y\u0131l\u0131 civar\u0131nda sa\u00e7 \u00e7izgisini al\u00e7altmak i\u00e7in bir i\u015flem (al\u0131n k\u00fc\u00e7\u00fcltme) yapt\u0131rm\u0131\u015f olabilece\u011fi \u00f6ne s\u00fcr\u00fclmektedir.<\/p>\n\n<\/div>\n<\/div>\n<div id=\"faq-question-1771479907437\" class=\"rank-math-list-item\">\n<h3 class=\"rank-math-question \">Sylvester Stallone ka\u00e7 kez sa\u00e7 ekimi yapt\u0131rd\u0131?<\/h3>\n<div class=\"rank-math-answer \">\n\n<p>Kamuoyuna a\u00e7\u0131klanm\u0131\u015f bir bilgi yoktur; baz\u0131 analizler \u201csa\u00e7 ekimi\u201d yerine \u201cal\u0131n k\u00fc\u00e7\u00fcltme\u201d olas\u0131l\u0131\u011f\u0131n\u0131 \u00f6ne s\u00fcrmektedir.<\/p>\n\n<\/div>\n<\/div>\n<div id=\"faq-question-1771479907629\" class=\"rank-math-list-item\">\n<h3 class=\"rank-math-question \">Sa\u00e7 ekimi yapt\u0131ran en \u00fcnl\u00fc \u00fcnl\u00fcler kimlerdir?<\/h3>\n<div class=\"rank-math-answer \">\n\n<p>Wayne Rooney, Ben Stokes, Cheyenne Jackson, Calum Best, Jimmy Carr, Elton John.<\/p>\n\n<\/div>\n<\/div>\n<div id=\"faq-question-1771479907781\" class=\"rank-math-list-item\">\n<h3 class=\"rank-math-question \">Sylvester Stallone ka\u00e7 greft ekimi yapt\u0131rd\u0131?<\/h3>\n<div class=\"rank-math-answer \">\n\n<p>Do\u011frulanm\u0131\u015f greft say\u0131s\u0131 yoktur; i\u015flem do\u011frulanmad\u0131\u011f\u0131 i\u00e7in g\u00fcvenilir \u201cgreft\u201d verisi payla\u015f\u0131lmam\u0131\u015ft\u0131r.<\/p>\n\n<\/div>\n<\/div>\n<\/div>\n<\/div>","protected":false},"excerpt":{"rendered":"<p>Sylvester Stallone Sa\u00e7 Ekimi Sylvester Stallone hi\u00e7bir zaman sa\u00e7 ekimi yapt\u0131rd\u0131\u011f\u0131n\u0131 kamuoyuna a\u00e7\u0131klamad\u0131. Yine de farkl\u0131 d\u00f6nemlere ait yan yana foto\u011fraflar, ya\u015fla birlikte \u00e7o\u011fu erkekte g\u00f6r\u00fclen seyrelmeye k\u0131yasla daha dolgun ve sabit bir sa\u00e7 \u00e7izgisi g\u00f6steriyor, bu da spek\u00fclasyonlara neden oluyor. E\u011fer bir i\u015flem yap\u0131ld\u0131ysa, bu ince bir sa\u00e7 ekimi, sa\u00e7 \u00e7izgisi d\u00fc\u015f\u00fcrme ameliyat\u0131 veya [&hellip;]<\/p>\n","protected":false},"author":2,"featured_media":5004,"comment_status":"closed","ping_status":"closed","sticky":false,"template":"","format":"standard","meta":{"footnotes":""},"categories":[2,156],"tags":[],"class_list":["post-5003","post","type-post","status-publish","format-standard","has-post-thumbnail","hentry","category-blog","category-unlulerde-sac-ekimi"],"_links":{"self":[{"href":"https:\/\/haircenterofturkey.com\/tr\/wp-json\/wp\/v2\/posts\/5003","targetHints":{"allow":["GET"]}}],"collection":[{"href":"https:\/\/haircenterofturkey.com\/tr\/wp-json\/wp\/v2\/posts"}],"about":[{"href":"https:\/\/haircenterofturkey.com\/tr\/wp-json\/wp\/v2\/types\/post"}],"author":[{"embeddable":true,"href":"https:\/\/haircenterofturkey.com\/tr\/wp-json\/wp\/v2\/users\/2"}],"replies":[{"embeddable":true,"href":"https:\/\/haircenterofturkey.com\/tr\/wp-json\/wp\/v2\/comments?post=5003"}],"version-history":[{"count":3,"href":"https:\/\/haircenterofturkey.com\/tr\/wp-json\/wp\/v2\/posts\/5003\/revisions"}],"predecessor-version":[{"id":28284,"href":"https:\/\/haircenterofturkey.com\/tr\/wp-json\/wp\/v2\/posts\/5003\/revisions\/28284"}],"wp:featuredmedia":[{"embeddable":true,"href":"https:\/\/haircenterofturkey.com\/tr\/wp-json\/wp\/v2\/media\/5004"}],"wp:attachment":[{"href":"https:\/\/haircenterofturkey.com\/tr\/wp-json\/wp\/v2\/media?parent=5003"}],"wp:term":[{"taxonomy":"category","embeddable":true,"href":"https:\/\/haircenterofturkey.com\/tr\/wp-json\/wp\/v2\/categories?post=5003"},{"taxonomy":"post_tag","embeddable":true,"href":"https:\/\/haircenterofturkey.com\/tr\/wp-json\/wp\/v2\/tags?post=5003"}],"curies":[{"name":"wp","href":"https:\/\/api.w.org\/{rel}","templated":true}]}}