{"id":3800,"date":"2024-10-05T08:15:14","date_gmt":"2024-10-05T05:15:14","guid":{"rendered":"https:\/\/haircenterofturkey.com\/cinko-ve-sac-dokulmesi\/"},"modified":"2026-03-02T15:12:09","modified_gmt":"2026-03-02T12:12:09","slug":"cinko-ve-sac-dokulmesi","status":"publish","type":"post","link":"https:\/\/haircenterofturkey.com\/tr\/cinko-ve-sac-dokulmesi\/","title":{"rendered":"\u00c7inko ve Sa\u00e7 D\u00f6k\u00fclmesi"},"content":{"rendered":"\n<h2 class=\"wp-block-heading\" id=\"cinko-ve-sac-dokulmesi\"><b>\u00c7inko ve Sa\u00e7 D\u00f6k\u00fclmesi<\/b><\/h2>\n\n\n\n<p><span style=\"font-weight: 400;\">\u00c7inko, sa\u00e7 folik\u00fcl\u00fc i\u015flevini, protein sentezini ve sa\u011fl\u0131kl\u0131 h\u00fccre b\u00fcy\u00fcmesini destekler. \u00c7inko seviyeleri \u00e7ok d\u00fc\u015ft\u00fc\u011f\u00fcnde baz\u0131 ki\u015filerde <a href=\"https:\/\/haircenterofturkey.com\/tr\/kacinilmasi-gereken-en-buyuk-sac-kesimi-hatalari-ve-bunlari-duzeltme-yontemleri\/\">sa\u00e7 d\u00f6k\u00fclmesi<\/a> veya yayg\u0131n incelme geli\u015febilir\u2014bu durum genellikle k\u00f6t\u00fc yara iyile\u015fmesi veya cilt de\u011fi\u015fiklikleri gibi ba\u015fka belirtilerle birlikte g\u00f6r\u00fcl\u00fcr. Onaylanm\u0131\u015f bir eksikli\u011fin d\u00fczeltilmesi sa\u00e7 d\u00f6k\u00fclmesini iyile\u015ftirebilir, ancak \u00e7inko tek ba\u015f\u0131na genetik sa\u00e7 d\u00f6k\u00fclmesini tedavi etmez.<\/span><\/p>\n\n\n\n<h2 class=\"wp-block-heading\" id=\"vucut-icin-cinkonun-onemi\"><b>V\u00fccut \u0130\u00e7in \u00c7inkonun \u00d6nemi<\/b><\/h2>\n\n\n\n<p><span style=\"font-weight: 400;\">\u00c7inko, her h\u00fccrede bulunan temel bir iz mineraldir. V\u00fccudun DNA ve protein \u00fcretmesine yard\u0131mc\u0131 olur, normal b\u00fcy\u00fcme ve geli\u015fimi destekler ve ba\u011f\u0131\u015f\u0131kl\u0131k i\u015flevi ile yara iyile\u015fmesinde merkezi bir rol oynar.<\/span><\/p>\n\n\n\n<p><span style=\"font-weight: 400;\">V\u00fccut b\u00fcy\u00fck miktarda \u00e7inko depolamad\u0131\u011f\u0131 i\u00e7in d\u00fczenli besin al\u0131m\u0131 \u00f6nemlidir. Uzun s\u00fcreli d\u00fc\u015f\u00fck al\u0131m, zay\u0131f emilim veya artan ihtiya\u00e7lar zamanla eksikli\u011fe yol a\u00e7abilir.<\/span><\/p>\n\n\n\n<figure class=\"wp-block-image\"><img decoding=\"async\" src=\"https:\/\/haircenterofturkey.com\/wp-content\/uploads\/2024\/10\/Zinc-and-Hair-Loss.webp\" alt=\"\u00c7inko ve Sa\u00e7 D\u00f6k\u00fclmesi\" title=\"\"><\/figure>\n\n\n\n<div class=\"wp-block-rank-math-toc-block\" id=\"rank-math-toc\"><h2>\u0130\u00e7indekiler<\/h2><nav><ul><li class=\"\"><a href=\"#cinko-ve-sac-dokulmesi\">\u00c7inko ve Sa\u00e7 D\u00f6k\u00fclmesi<\/a><\/li><li class=\"\"><a href=\"#vucut-icin-cinkonun-onemi\">V\u00fccut \u0130\u00e7in \u00c7inkonun \u00d6nemi<\/a><\/li><li class=\"\"><a href=\"#cinko-sac-folikullerini-nasil-destekler\">\u00c7inko Sa\u00e7 Folik\u00fcllerini Nas\u0131l Destekler?<\/a><\/li><li class=\"\"><a href=\"#dusuk-cinko-sac-dokulmesine-neden-olabilir-mi\">D\u00fc\u015f\u00fck \u00c7inko Sa\u00e7 D\u00f6k\u00fclmesine Neden Olabilir mi?<\/a><\/li><li class=\"\"><a href=\"#cinko-eksikliginin-yaygin-nedenleri\">\u00c7inko Eksikli\u011finin Yayg\u0131n Nedenleri<\/a><\/li><li class=\"\"><a href=\"#cinko-eksikliginiz-oldugunu-gosteren-belirtiler\">\u00c7inko Eksikli\u011finiz Oldu\u011funu G\u00f6steren Belirtiler<\/a><ul><li class=\"\"><a href=\"#sac-ve-sac-derisi-belirtileri\">Sa\u00e7 ve Sa\u00e7 Derisi Belirtileri<\/a><\/li><li class=\"\"><a href=\"#diger-olasi-belirtiler\">Di\u011fer Olas\u0131 Belirtiler<\/a><\/li><\/ul><\/li><li class=\"\"><a href=\"#ne-kadar-cinkoya-ihtiyaciniz-var\">Ne Kadar \u00c7inkoya \u0130htiyac\u0131n\u0131z Var?<\/a><\/li><li class=\"\"><a href=\"#cinkonun-en-iyi-besin-kaynaklari\">\u00c7inkonun En \u0130yi Besin Kaynaklar\u0131<\/a><ul><li class=\"\"><a href=\"#hayvansal-kaynakli-en-iyi-besinler\">Hayvansal Kaynakl\u0131 En \u0130yi Besinler<\/a><\/li><li class=\"\"><a href=\"#bitkisel-kaynakli-en-iyi-besinler\">Bitkisel Kaynakl\u0131 En \u0130yi Besinler<\/a><\/li><\/ul><\/li><li class=\"\"><a href=\"#sac-dokulmesi-icin-cinko-almali-misiniz\">Sa\u00e7 D\u00f6k\u00fclmesi \u0130\u00e7in \u00c7inko Almal\u0131 M\u0131s\u0131n\u0131z?<\/a><\/li><li class=\"\"><a href=\"#s-s-s\">S.S.S.<\/a><ul><li class=\"\"><a href=\"#faq-question-1771325816605\">Sa\u00e7 d\u00f6k\u00fclmesi i\u00e7in ne kadar \u00e7inko almal\u0131y\u0131m?<\/a><\/li><li class=\"\"><a href=\"#faq-question-1771325832613\">\u00c7ok fazla \u00e7inko sa\u00e7 incelmesine neden olabilir mi?<\/a><\/li><li class=\"\"><a href=\"#faq-question-1771325839518\">Sa\u00e7 d\u00f6k\u00fclmesi i\u00e7in \u00e7inko biyotinden daha m\u0131 iyi?<\/a><\/li><li class=\"\"><a href=\"#faq-question-1771325845390\">Sa\u00e7\u0131m d\u00f6k\u00fcl\u00fcyorsa \u00e7inko almal\u0131 m\u0131y\u0131m?<\/a><\/li><li class=\"\"><a href=\"#faq-question-1771325852011\">\u00c7inko sa\u00e7\u0131n\u0131z\u0131 kal\u0131nla\u015ft\u0131r\u0131r m\u0131?<\/a><\/li><\/ul><\/li><\/ul><\/nav><\/div>\n\n\n\n<h2 class=\"wp-block-heading\" id=\"cinko-sac-folikullerini-nasil-destekler\"><b>\u00c7inko Sa\u00e7 Folik\u00fcllerini Nas\u0131l Destekler?<\/b><\/h2>\n\n\n\n<p><span style=\"font-weight: 400;\"><a href=\"https:\/\/haircenterofturkey.com\/tr\/baskasindan-alinan-saclar-ile-sac-ekimi-yapilabilir-mi\/\">Sa\u00e7 folik\u00fclleri<\/a> v\u00fccuttaki en aktif dokular aras\u0131ndad\u0131r. Yeni sa\u00e7 lifi \u00fcretmek i\u00e7in s\u00fcrekli h\u00fccre b\u00f6l\u00fcnmesi ve protein \u00fcretimine ihtiya\u00e7 duyarlar.<\/span><\/p>\n\n\n\n<p><span style=\"font-weight: 400;\">\u00c7inko bu s\u00fcre\u00e7lere katk\u0131da bulunur ve sa\u00e7\u0131n ana yap\u0131sal proteini olan keratin \u00fcretimini destekler. D\u00fc\u015f\u00fck \u00e7inko seviyesi baz\u0131 ki\u015filerde sa\u00e7 derisinde iltihab\u0131 art\u0131rabilir, bu da d\u00f6k\u00fclmeyi k\u00f6t\u00fcle\u015ftirebilir.<\/span><\/p>\n\n\n\n<figure class=\"wp-block-image\"><img decoding=\"async\" src=\"https:\/\/haircenterofturkey.com\/wp-content\/uploads\/2024\/10\/Why-is-zinc-important.webp\" alt=\"\u00c7inko ve Sa\u00e7 D\u00f6k\u00fclmesi\" title=\"\"><\/figure>\n\n\n\n<p><\/p>\n\n\n\n<h2 class=\"wp-block-heading\" id=\"dusuk-cinko-sac-dokulmesine-neden-olabilir-mi\"><b>D\u00fc\u015f\u00fck \u00c7inko Sa\u00e7 D\u00f6k\u00fclmesine Neden Olabilir mi?<\/b><\/h2>\n\n\n\n<p><span style=\"font-weight: 400;\">D\u00fc\u015f\u00fck \u00e7inko durumu, en yayg\u0131n olarak yayg\u0131n d\u00f6k\u00fclme (telogen effluvium) olmak \u00fczere \u00e7e\u015fitli sa\u00e7 d\u00f6k\u00fclmesi desenleriyle ili\u015fkilidir. Ayr\u0131ca <a href=\"https:\/\/haircenterofturkey.com\/tr\/cilt-hastalarina-sac-ekimi-yapilir-mi\/\">alopesi areata<\/a> ve di\u011fer iltihapl\u0131 <a href=\"https:\/\/haircenterofturkey.com\/tr\/sac-kasintisina-ne-iyi-gelir\/\">sa\u00e7 derisi<\/a> durumlar\u0131 olan ki\u015filerde de bildirilmi\u015ftir.<\/span><\/p>\n\n\n\n<p><span style=\"font-weight: 400;\">\u00c7inko eksikli\u011fi nadiren sa\u00e7 d\u00f6k\u00fclmesinin tek nedeni olur. Stres, h\u0131zl\u0131 kilo kayb\u0131, demir eksikli\u011fi, tiroid hastal\u0131\u011f\u0131, do\u011fum sonras\u0131 de\u011fi\u015fiklikler, ila\u00e7lar ve genetik fakt\u00f6rler de katk\u0131da bulunabilir. D\u00f6k\u00fclme yeni ba\u015flad\u0131ysa veya devam ediyorsa, sadece tek bir besin yerine daha geni\u015f tabloya bakmak faydal\u0131 olabilir.<\/span><\/p>\n\n\n\n<figure class=\"wp-block-image\"><img decoding=\"async\" src=\"https:\/\/haircenterofturkey.com\/wp-content\/uploads\/2024\/10\/What-is-the-relationship-between-zinc-and-hair-health.webp\" alt=\"\u00c7inko ve Sa\u00e7 D\u00f6k\u00fclmesi\" title=\"\"><\/figure>\n\n\n\n<p><\/p>\n\n\n\n<h2 class=\"wp-block-heading\" id=\"cinko-eksikliginin-yaygin-nedenleri\"><b>\u00c7inko Eksikli\u011finin Yayg\u0131n Nedenleri<\/b><\/h2>\n\n\n\n<p><span style=\"font-weight: 400;\">\u00c7inko eksikli\u011fi \u00e7e\u015fitli nedenlerle geli\u015febilir:<\/span><\/p>\n\n\n\n<ul class=\"wp-block-list\">\n<li><span style=\"font-weight: 400;\">Yetersiz al\u0131m (s\u0131n\u0131rl\u0131 hayvansal g\u0131dalar, k\u0131s\u0131tlay\u0131c\u0131 diyetler, d\u00fc\u015f\u00fck kalori)<\/span><\/li>\n\n\n\n<li><span style=\"font-weight: 400;\">Azalm\u0131\u015f emilim (\u00f6rne\u011fin, besin emilimini etkileyen sindirim sistemi hastal\u0131klar\u0131)<\/span><\/li>\n\n\n\n<li><span style=\"font-weight: 400;\">Artan ihtiya\u00e7lar (b\u00fcy\u00fcme, hamilelik, emzirme)<\/span><\/li>\n\n\n\n<li><span style=\"font-weight: 400;\">Uzun s\u00fcreli hastal\u0131klar veya s\u0131k enfeksiyonlar<\/span><\/li>\n\n\n\n<li><span style=\"font-weight: 400;\">Emilimi engelleyen veya kay\u0131plar\u0131 art\u0131ran baz\u0131 ila\u00e7lar<\/span><\/li>\n<\/ul>\n\n\n\n<p><span style=\"font-weight: 400;\">Vejetaryen veya vegan diyet uygulayan ki\u015filerin \u00e7inko al\u0131m\u0131na ekstra dikkat etmesi gerekebilir \u00e7\u00fcnk\u00fc tah\u0131l ve baklagillerdeki fitatlar emilimi azaltabilir. G\u0131dalar\u0131 \u0131slatma, filizlendirme, fermente etme ve mayal\u0131 ekmekleri tercih etme gibi y\u00f6ntemler biyoyararlan\u0131m\u0131 art\u0131rabilir.<\/span><\/p>\n\n\n\n<figure class=\"wp-block-image\"><img decoding=\"async\" src=\"https:\/\/haircenterofturkey.com\/wp-content\/uploads\/2024\/10\/Can-zinc-deficiency-cause-hair-loss.webp\" alt=\"\u00c7inko ve Sa\u00e7 D\u00f6k\u00fclmesi\" title=\"\"><\/figure>\n\n\n\n<p><\/p>\n\n\n\n<h2 class=\"wp-block-heading\" id=\"cinko-eksikliginiz-oldugunu-gosteren-belirtiler\"><b>\u00c7inko Eksikli\u011finiz Oldu\u011funu G\u00f6steren Belirtiler<\/b><\/h2>\n\n\n\n<h3 class=\"wp-block-heading\" id=\"sac-ve-sac-derisi-belirtileri\"><b>Sa\u00e7 ve Sa\u00e7 Derisi Belirtileri<\/b><\/h3>\n\n\n\n<ul class=\"wp-block-list\">\n<li><span style=\"font-weight: 400;\">Normalden fazla d\u00f6k\u00fclme (\u00f6zellikle yamalar yerine yayg\u0131n d\u00f6k\u00fclme)<\/span><\/li>\n\n\n\n<li><span style=\"font-weight: 400;\">Zamanla sa\u00e7 yo\u011funlu\u011funda fark edilir azalma<\/span><\/li>\n\n\n\n<li><span style=\"font-weight: 400;\">Kuru, mat veya kolay k\u0131r\u0131lan sa\u00e7lar<\/span><\/li>\n\n\n\n<li><span style=\"font-weight: 400;\">Bir d\u00f6k\u00fclme d\u00f6neminden sonra yava\u015f yeniden uzama<\/span><\/li>\n<\/ul>\n\n\n\n<h3 class=\"wp-block-heading\" id=\"diger-olasi-belirtiler\"><b>Di\u011fer Olas\u0131 Belirtiler<\/b><\/h3>\n\n\n\n<ul class=\"wp-block-list\">\n<li><span style=\"font-weight: 400;\">Yava\u015f yara iyile\u015fmesi<\/span><\/li>\n\n\n\n<li><span style=\"font-weight: 400;\">Cilt de\u011fi\u015fiklikleri veya d\u00f6k\u00fcnt\u00fcler (dermatit dahil)<\/span><\/li>\n\n\n\n<li><span style=\"font-weight: 400;\">S\u0131k enfeksiyonlar veya kolay hastalanma<\/span><\/li>\n\n\n\n<li><span style=\"font-weight: 400;\">Tat veya koku duyusunda azalma<\/span><\/li>\n\n\n\n<li><span style=\"font-weight: 400;\">\u0130\u015ftahs\u0131zl\u0131k veya istemsiz kilo de\u011fi\u015fiklikleri<\/span><\/li>\n\n\n\n<li><span style=\"font-weight: 400;\">\u0130shal gibi sindirim sorunlar\u0131 (\u015fiddetli eksiklikte daha yayg\u0131nd\u0131r)<\/span><\/li>\n<\/ul>\n\n\n\n<p><span style=\"font-weight: 400;\">Bu semptomlar \u00e7inko eksikli\u011fine \u00f6zg\u00fc de\u011fildir. Kan testleri ve klinik de\u011ferlendirme \u00e7inkonun etkili bir fakt\u00f6r olup olmad\u0131\u011f\u0131n\u0131 do\u011frulaman\u0131n en g\u00fcvenli yoludur.<\/span><\/p>\n\n\n\n<h2 class=\"wp-block-heading\" id=\"ne-kadar-cinkoya-ihtiyaciniz-var\"><b>Ne Kadar \u00c7inkoya \u0130htiyac\u0131n\u0131z Var?<\/b><\/h2>\n\n\n\n<p><span style=\"font-weight: 400;\">\u00c7o\u011fu yeti\u015fkin i\u00e7in \u00f6nerilen g\u00fcnl\u00fck al\u0131m miktar\u0131 kad\u0131nlar i\u00e7in yakla\u015f\u0131k 8 mg, erkekler i\u00e7in 11 mg\u2019d\u0131r. Hamilelik ve emzirme d\u00f6neminde ihtiya\u00e7lar artabilir ve ya\u015fa g\u00f6re de\u011fi\u015fir.<\/span><\/p>\n\n\n\n<p><span style=\"font-weight: 400;\">Fazlas\u0131 daha iyi de\u011fildir. Yeti\u015fkinler i\u00e7in tolere edilebilir \u00fcst s\u0131n\u0131r, t\u00fcm kaynaklardan g\u00fcnde 40 mg\u2019d\u0131r. Uzun s\u00fcreli y\u00fcksek dozlar mide bulant\u0131s\u0131na neden olabilir ve bak\u0131r emilimini engelleyerek kans\u0131zl\u0131k ve sinir sorunlar\u0131na yol a\u00e7abilir.<\/span><\/p>\n\n\n\n<h2 class=\"wp-block-heading\" id=\"cinkonun-en-iyi-besin-kaynaklari\"><b>\u00c7inkonun En \u0130yi Besin Kaynaklar\u0131<\/b><\/h2>\n\n\n\n<p><span style=\"font-weight: 400;\">Besinler, sa\u011fl\u0131kl\u0131 \u00e7inko seviyelerini korumak i\u00e7in en iyi ilk ad\u0131md\u0131r. G\u00fc\u00e7l\u00fc kaynaklar \u015funlard\u0131r:<\/span><\/p>\n\n\n\n<h3 class=\"wp-block-heading\" id=\"hayvansal-kaynakli-en-iyi-besinler\"><b>Hayvansal Kaynakl\u0131 En \u0130yi Besinler<\/b><\/h3>\n\n\n\n<ul class=\"wp-block-list\">\n<li><span style=\"font-weight: 400;\">Istakoz ve di\u011fer kabuklu deniz \u00fcr\u00fcnleri<\/span><\/li>\n\n\n\n<li><span style=\"font-weight: 400;\">S\u0131\u011f\u0131r eti ve kuzu eti<\/span><\/li>\n\n\n\n<li><span style=\"font-weight: 400;\">K\u00fcmes hayvanlar\u0131<\/span><\/li>\n\n\n\n<li><span style=\"font-weight: 400;\">Yenge\u00e7 ve \u0131stakoz<\/span><\/li>\n\n\n\n<li><span style=\"font-weight: 400;\">Yo\u011furt ve di\u011fer s\u00fct \u00fcr\u00fcnleri<\/span><\/li>\n<\/ul>\n\n\n\n<figure class=\"wp-block-image\"><img decoding=\"async\" src=\"https:\/\/haircenterofturkey.com\/wp-content\/uploads\/2024\/10\/Slower-Growth-Cycle.webp\" alt=\"\u00c7inko ve Sa\u00e7 D\u00f6k\u00fclmesi\" title=\"\"><\/figure>\n\n\n\n<p><\/p>\n\n\n\n<h3 class=\"wp-block-heading\" id=\"bitkisel-kaynakli-en-iyi-besinler\"><b>Bitkisel Kaynakl\u0131 En \u0130yi Besinler<\/b><\/h3>\n\n\n\n<ul class=\"wp-block-list\">\n<li><span style=\"font-weight: 400;\">Kabak ve susam tohumlar\u0131<\/span><\/li>\n\n\n\n<li><span style=\"font-weight: 400;\">Nohut, mercimek ve di\u011fer baklagiller<\/span><\/li>\n\n\n\n<li><span style=\"font-weight: 400;\">Zenginle\u015ftirilmi\u015f tah\u0131llar<\/span><\/li>\n\n\n\n<li><span style=\"font-weight: 400;\">Kuruyemi\u015fler ve tam tah\u0131llar<\/span><\/li>\n<\/ul>\n\n\n\n<p><span style=\"font-weight: 400;\">Daha \u00e7ok bitkisel g\u0131dalara y\u00f6neliyorsan\u0131z, g\u00fcn boyunca \u00e7e\u015fitli \u00e7inko kaynaklar\u0131na yer verin ve baklagilleri \u0131slatma veya filizlendirme gibi teknikleri kullan\u0131n. Bitkisel \u00e7inko kaynaklar\u0131n\u0131 yeterli proteinle e\u015fle\u015ftirmek de genel besin durumunu destekleyebilir.<\/span><\/p>\n\n\n\n<h2 class=\"wp-block-heading\" id=\"sac-dokulmesi-icin-cinko-almali-misiniz\"><b>Sa\u00e7 D\u00f6k\u00fclmesi \u0130\u00e7in \u00c7inko Almal\u0131 M\u0131s\u0131n\u0131z?<\/b><\/h2>\n\n\n\n<p><span style=\"font-weight: 400;\">Bir eksiklik do\u011fruland\u0131ysa veya kuvvetle \u015f\u00fcpheleniliyorsa \u00e7inko takviyesi faydal\u0131 olabilir. Bu durumlarda eksikli\u011fin giderilmesi zamanla d\u00f6k\u00fclmeyi azaltabilir ve yeniden uzamay\u0131 destekleyebilir.<\/span><\/p>\n\n\n\n<p><span style=\"font-weight: 400;\">\u00c7inko takviyesinin androjenetik (desenli) sa\u00e7 d\u00f6k\u00fclmesini durdurdu\u011fu veya tersine \u00e7evirdi\u011fi kan\u0131tlanmam\u0131\u015ft\u0131r. Desenli sa\u00e7 d\u00f6k\u00fclmesinde kan\u0131ta dayal\u0131 se\u00e7enekler aras\u0131nda topikal <a href=\"https:\/\/haircenterofturkey.com\/tr\/sac-ekimi-kanser-yapar-mi\/\">minoksidil<\/a> ve uygun durumlarda re\u00e7eteli <a href=\"https:\/\/haircenterofturkey.com\/tr\/sac-ekimi-sonrasi-finasteride-kullanmali-miyim\/\">finasterid<\/a> gibi tedaviler yer al\u0131r.<\/span><\/p>\n\n\n\n<p><span style=\"font-weight: 400;\">Takviye almadan \u00f6nce, \u00f6zellikle hamileyseniz, kronik bir durumunuz varsa veya ila\u00e7 kullan\u0131yorsan\u0131z bir sa\u011fl\u0131k uzman\u0131na dan\u0131\u015fman\u0131z \u00f6nerilir. \u00c7inko baz\u0131 antibiyotikler ve di\u011fer ila\u00e7larla etkile\u015fime girebilir; doz ve s\u00fcre bireysel ihtiya\u00e7lara uygun olmal\u0131d\u0131r.<\/span><\/p>\n\n\n\n<h2 class=\"wp-block-heading\" id=\"s-s-s\"><b>S.S.S.<\/b><\/h2>\n\n\n<div id=\"rank-math-faq\" class=\"rank-math-block\">\n<div class=\"rank-math-list \">\n<div id=\"faq-question-1771325816605\" class=\"rank-math-list-item\">\n<h3 class=\"rank-math-question \">Sa\u00e7 d\u00f6k\u00fclmesi i\u00e7in ne kadar \u00e7inko almal\u0131y\u0131m?<\/h3>\n<div class=\"rank-math-answer \">\n\n<p>Kad\u0131nlar 8 mg\/g\u00fcn, erkekler 11 mg\/g\u00fcn al\u0131n; yaln\u0131z eksiklikte takviye edin.<\/p>\n\n<\/div>\n<\/div>\n<div id=\"faq-question-1771325832613\" class=\"rank-math-list-item\">\n<h3 class=\"rank-math-question \">\u00c7ok fazla \u00e7inko sa\u00e7 incelmesine neden olabilir mi?<\/h3>\n<div class=\"rank-math-answer \">\n\n<p>Evet\u2014a\u015f\u0131r\u0131 ve uzun s\u00fcreli \u00e7inko, bak\u0131r eksikli\u011fi yap\u0131p sa\u00e7 incelmesine yol a\u00e7abilir.<\/p>\n\n<\/div>\n<\/div>\n<div id=\"faq-question-1771325839518\" class=\"rank-math-list-item\">\n<h3 class=\"rank-math-question \">Sa\u00e7 d\u00f6k\u00fclmesi i\u00e7in \u00e7inko biyotinden daha m\u0131 iyi?<\/h3>\n<div class=\"rank-math-answer \">\n\n<p>Hay\u0131r\u2014hi\u00e7biri kan\u0131tl\u0131 de\u011fil; \u00e7inko \u00e7o\u011funlukla eksiklikte i\u015fe yarar, biotin eksikli\u011fi nadir.<\/p>\n\n<\/div>\n<\/div>\n<div id=\"faq-question-1771325845390\" class=\"rank-math-list-item\">\n<h3 class=\"rank-math-question \">Sa\u00e7\u0131m d\u00f6k\u00fcl\u00fcyorsa \u00e7inko almal\u0131 m\u0131y\u0131m?<\/h3>\n<div class=\"rank-math-answer \">\n\n<p>Sadece testler veya doktor eksiklik d\u00fc\u015f\u00fcnd\u00fcr\u00fcrse \u00e7inko al\u0131n; yoksa ba\u015fka nedenleri ara\u015ft\u0131r\u0131n.<\/p>\n\n<\/div>\n<\/div>\n<div id=\"faq-question-1771325852011\" class=\"rank-math-list-item\">\n<h3 class=\"rank-math-question \">\u00c7inko sa\u00e7\u0131n\u0131z\u0131 kal\u0131nla\u015ft\u0131r\u0131r m\u0131?<\/h3>\n<div class=\"rank-math-answer \">\n\n<p>\u00c7inko sa\u00e7\u0131n\u0131z\u0131 do\u011frudan kal\u0131nla\u015ft\u0131rmaz; eksikli\u011fi d\u00fczeltmek b\u00fcy\u00fcmeyi normale d\u00f6nd\u00fcrebilir.<\/p>\n\n<\/div>\n<\/div>\n<\/div>\n<\/div>\n\n\n<p><\/p>\n","protected":false},"excerpt":{"rendered":"<p>\u00c7inko ve Sa\u00e7 D\u00f6k\u00fclmesi \u00c7inko, sa\u00e7 folik\u00fcl\u00fc i\u015flevini, protein sentezini ve sa\u011fl\u0131kl\u0131 h\u00fccre b\u00fcy\u00fcmesini destekler. \u00c7inko seviyeleri \u00e7ok d\u00fc\u015ft\u00fc\u011f\u00fcnde baz\u0131 ki\u015filerde sa\u00e7 d\u00f6k\u00fclmesi veya yayg\u0131n incelme geli\u015febilir\u2014bu durum genellikle k\u00f6t\u00fc yara iyile\u015fmesi veya cilt de\u011fi\u015fiklikleri gibi ba\u015fka belirtilerle birlikte g\u00f6r\u00fcl\u00fcr. Onaylanm\u0131\u015f bir eksikli\u011fin d\u00fczeltilmesi sa\u00e7 d\u00f6k\u00fclmesini iyile\u015ftirebilir, ancak \u00e7inko tek ba\u015f\u0131na genetik sa\u00e7 d\u00f6k\u00fclmesini tedavi [&hellip;]<\/p>\n","protected":false},"author":2,"featured_media":4259,"comment_status":"closed","ping_status":"closed","sticky":false,"template":"","format":"standard","meta":{"footnotes":""},"categories":[2,149],"tags":[],"class_list":["post-3800","post","type-post","status-publish","format-standard","has-post-thumbnail","hentry","category-blog","category-sac-dokulmesi"],"_links":{"self":[{"href":"https:\/\/haircenterofturkey.com\/tr\/wp-json\/wp\/v2\/posts\/3800","targetHints":{"allow":["GET"]}}],"collection":[{"href":"https:\/\/haircenterofturkey.com\/tr\/wp-json\/wp\/v2\/posts"}],"about":[{"href":"https:\/\/haircenterofturkey.com\/tr\/wp-json\/wp\/v2\/types\/post"}],"author":[{"embeddable":true,"href":"https:\/\/haircenterofturkey.com\/tr\/wp-json\/wp\/v2\/users\/2"}],"replies":[{"embeddable":true,"href":"https:\/\/haircenterofturkey.com\/tr\/wp-json\/wp\/v2\/comments?post=3800"}],"version-history":[{"count":3,"href":"https:\/\/haircenterofturkey.com\/tr\/wp-json\/wp\/v2\/posts\/3800\/revisions"}],"predecessor-version":[{"id":27000,"href":"https:\/\/haircenterofturkey.com\/tr\/wp-json\/wp\/v2\/posts\/3800\/revisions\/27000"}],"wp:featuredmedia":[{"embeddable":true,"href":"https:\/\/haircenterofturkey.com\/tr\/wp-json\/wp\/v2\/media\/4259"}],"wp:attachment":[{"href":"https:\/\/haircenterofturkey.com\/tr\/wp-json\/wp\/v2\/media?parent=3800"}],"wp:term":[{"taxonomy":"category","embeddable":true,"href":"https:\/\/haircenterofturkey.com\/tr\/wp-json\/wp\/v2\/categories?post=3800"},{"taxonomy":"post_tag","embeddable":true,"href":"https:\/\/haircenterofturkey.com\/tr\/wp-json\/wp\/v2\/tags?post=3800"}],"curies":[{"name":"wp","href":"https:\/\/api.w.org\/{rel}","templated":true}]}}