{"id":36799,"date":"2026-04-28T17:10:33","date_gmt":"2026-04-28T14:10:33","guid":{"rendered":"https:\/\/haircenterofturkey.com\/?p=36799"},"modified":"2026-04-28T17:10:33","modified_gmt":"2026-04-28T14:10:33","slug":"perkutan-ekimde-greft-tutma-orani","status":"publish","type":"post","link":"https:\/\/haircenterofturkey.com\/tr\/perkutan-ekimde-greft-tutma-orani\/","title":{"rendered":"Perk\u00fctan Ekimde Greft Tutma Oran\u0131 Nas\u0131ld\u0131r?"},"content":{"rendered":"\n<h2 class=\"wp-block-heading\" id=\"perk\u00fctan-tekni\u011fin-greft-tutmaya-etkisi\">Perk\u00fctan Tekni\u011fin Greft Tutmaya Etkisi<\/h2>\n\n\n\n<p>Sa\u00e7 ekimi d\u00fc\u015f\u00fcnen pek \u00e7ok ki\u015finin akl\u0131na ayn\u0131 soru tak\u0131l\u0131yor: ekilen greftlerin ne kadar\u0131 ger\u00e7ekten kal\u0131c\u0131 olacak? Perk\u00fctan tekni\u011fin bu noktadaki ba\u015far\u0131s\u0131, kullan\u0131lan i\u011fne yap\u0131s\u0131yla do\u011frudan ilgili. Klasik b\u0131\u00e7akl\u0131 y\u00f6ntemlerden farkl\u0131 olarak burada \u00e7ok ince, yuvarlak i\u011fnelerle mikro kanallar a\u00e7\u0131l\u0131yor. Daha az doku travmas\u0131, daha h\u0131zl\u0131 toparlanma ve genelde daha y\u00fcksek bir greft adaptasyonu anlam\u0131na geliyor bu. Yani teknik tek ba\u015f\u0131na bir vaat de\u011fil ama do\u011fru ellerde ger\u00e7ekten fark yarat\u0131yor.<\/p>\n\n\n\n<p>Pratikte tutma oran\u0131 \u00e7o\u011funlukla %90 ile %95 aras\u0131nda konu\u015fuluyor. Tabii bu say\u0131 havadan gelmiyor. Don\u00f6r kalitesi, planlama disiplini, ameliyat sonras\u0131 bak\u0131m \u2014 hepsi denkleme giriyor. Tek bir a\u015famada yap\u0131lan ihmal, on iki ay sonra ortaya \u00e7\u0131kan bir sonuca d\u00f6n\u00fc\u015febiliyor.<\/p>\n\n\n\n<div class=\"wp-block-rank-math-toc-block\" id=\"rank-math-toc\"><h2>\u0130\u00e7indekiler<\/h2><nav><ul><li class=\"\"><a href=\"#perk\u00fctan-tekni\u011fin-greft-tutmaya-etkisi\">Perk\u00fctan Tekni\u011fin Greft Tutmaya Etkisi<\/a><\/li><li class=\"\"><a href=\"#tutma-oran\u0131n\u0131-belirleyen-as\u0131l-fakt\u00f6rler\">Tutma Oran\u0131n\u0131 Belirleyen As\u0131l Fakt\u00f6rler<\/a><\/li><li class=\"\"><a href=\"#don\u00f6r-b\u00f6lge-kalitesi-neden-bu-kadar-\u00f6nemli\">Don\u00f6r B\u00f6lge Kalitesi Neden Bu Kadar \u00d6nemli?<\/a><\/li><li class=\"\"><a href=\"#kanal-a\u00e7ma-a\u015famas\u0131n\u0131n-detaylar\u0131\">Kanal A\u00e7ma A\u015famas\u0131n\u0131n Detaylar\u0131<\/a><\/li><li class=\"\"><a href=\"#operasyon-sonras\u0131-ilk-14-g\u00fcn\">Operasyon Sonras\u0131 \u0130lk 14 G\u00fcn<\/a><\/li><li class=\"\"><a href=\"#\u015fok-d\u00f6k\u00fclmesi-ve-yanl\u0131\u015f-yorumlamalar\">\u015eok D\u00f6k\u00fclmesi ve Yanl\u0131\u015f Yorumlamalar<\/a><\/li><li class=\"\"><a href=\"#istanbulda-klinik-se\u00e7erken-nelere-bak\u0131lmal\u0131\">\u0130stanbul&#8217;da Klinik Se\u00e7erken Nelere Bak\u0131lmal\u0131<\/a><\/li><li class=\"\"><a href=\"#hair-center-of-turkeyde-s\u00fcre\u00e7-nas\u0131l-i\u015fliyor\">Hair Center of Turkey&#8217;de S\u00fcre\u00e7 Nas\u0131l \u0130\u015fliyor<\/a><\/li><li class=\"\"><a href=\"#son-de\u011ferlendirme\">Son De\u011ferlendirme<\/a><\/li><li class=\"\"><a href=\"#s\u0131k\u00e7a-sorulan-sorular\">S\u0131k\u00e7a Sorulan Sorular<\/a><ul><li class=\"\"><a href=\"#faq-118f8b73\">Perk\u00fctan ekimde greft tutma oran\u0131 genelde ne kadar?<\/a><\/li><li class=\"\"><a href=\"#faq-11139319\">Tutma oran\u0131n\u0131 ben evde nas\u0131l etkileyebilirim?<\/a><\/li><li class=\"\"><a href=\"#faq-f7e4dce4\">Perk\u00fctan teknik FUE&#8217;ye g\u00f6re daha y\u00fcksek tutma oran\u0131 m\u0131 veriyor?<\/a><\/li><li class=\"\"><a href=\"#faq-645adbfc\">Tutma oran\u0131 beklenenin alt\u0131nda \u00e7\u0131karsa ne yap\u0131l\u0131r?<\/a><\/li><li class=\"\"><a href=\"#faq-40fe682b\">Ger\u00e7ek sonucu g\u00f6rmek i\u00e7in ne kadar beklemem gerekiyor?<\/a><\/li><\/ul><\/li><\/ul><\/nav><\/div>\n\n\n\n<h2 class=\"wp-block-heading\" id=\"tutma-oran\u0131n\u0131-belirleyen-as\u0131l-fakt\u00f6rler\">Tutma Oran\u0131n\u0131 Belirleyen As\u0131l Fakt\u00f6rler<\/h2>\n\n\n\n<p>Bir sa\u00e7 ekiminin ba\u015far\u0131s\u0131 tek bir de\u011fi\u015fkene ba\u011fl\u0131 de\u011fil. Hatta \u00e7o\u011fu zaman insanlar sadece &#8220;doktorun maharetine&#8221; odaklan\u0131r ama tablo asl\u0131nda \u00e7ok daha geni\u015f.<\/p>\n\n\n\n<ul class=\"wp-block-list\">\n<li>Don\u00f6r b\u00f6lgenin yo\u011funlu\u011fu ve genel sa\u011fl\u0131\u011f\u0131<\/li>\n\n\n\n<li>Greftlerin \u00e7\u0131kar\u0131ld\u0131ktan sonra d\u0131\u015far\u0131da kalma s\u00fcresi<\/li>\n\n\n\n<li>Kanal a\u00e7ma derinli\u011fi ve a\u00e7\u0131s\u0131n\u0131n do\u011frulu\u011fu<\/li>\n\n\n\n<li>Hastan\u0131n sigara, alkol ve ila\u00e7 al\u0131\u015fkanl\u0131klar\u0131<\/li>\n\n\n\n<li>Operasyon sonras\u0131 ilk iki haftadaki bak\u0131m<\/li>\n<\/ul>\n\n\n\n<p>Bu be\u015f ba\u015fl\u0131k birlikte hareket ediyor. Birinde aksakl\u0131k oldu\u011funda, di\u011ferleri ne kadar iyi olursa olsun sonu\u00e7 olumsuz etkilenebiliyor. Sonucun kal\u0131c\u0131 olmas\u0131 i\u00e7in zincirin her halkas\u0131n\u0131n \u00e7al\u0131\u015fmas\u0131 gerekiyor yani.<\/p>\n\n\n\n<h2 class=\"wp-block-heading\" id=\"don\u00f6r-b\u00f6lge-kalitesi-neden-bu-kadar-\u00f6nemli\">Don\u00f6r B\u00f6lge Kalitesi Neden Bu Kadar \u00d6nemli?<\/h2>\n\n\n\n<p>Sa\u00e7 ekiminin kalbi don\u00f6r b\u00f6lgedir. Sa\u011fl\u0131kl\u0131, kal\u0131n ve genetik olarak d\u00f6k\u00fclmeye diren\u00e7li bir don\u00f6r, sonu\u00e7taki kal\u0131c\u0131l\u0131\u011f\u0131 do\u011frudan belirliyor. \u0130nce ya da seyrek bir don\u00f6rden \u00e7ok say\u0131da greft almaya \u00e7al\u0131\u015fmak hem mevcut sonucu zay\u0131flat\u0131r hem de hastan\u0131n gelecekte olas\u0131 ek seanslar\u0131n\u0131 imk\u00e2ns\u0131zla\u015ft\u0131rabilir. Hair Center of Turkey gibi planlama odakl\u0131 kliniklerde i\u015flem \u00f6ncesinde don\u00f6r\u00fcn dijital olarak analiz edilmesi, al\u0131nacak greft say\u0131s\u0131n\u0131n ne fazla ne eksik tutulmas\u0131 demek. \u00c7\u00fcnk\u00fc don\u00f6r\u00fc s\u00f6m\u00fcrmek, hastay\u0131 uzun vadede daha b\u00fcy\u00fck sorunlara s\u00fcr\u00fckleyebiliyor.<\/p>\n\n\n\n<h2 class=\"wp-block-heading\" id=\"kanal-a\u00e7ma-a\u015famas\u0131n\u0131n-detaylar\u0131\">Kanal A\u00e7ma A\u015famas\u0131n\u0131n Detaylar\u0131<\/h2>\n\n\n\n<figure class=\"wp-block-image size-large\"><img loading=\"lazy\" decoding=\"async\" width=\"1024\" height=\"569\" src=\"https:\/\/haircenterofturkey.com\/wp-content\/uploads\/2026\/04\/Kanal-Acma-Asamasinin-Detaylari-1024x569.webp\" alt=\"Kanal A\u00e7ma A\u015famas\u0131n\u0131n Detaylar\u0131\" class=\"wp-image-36803\" title=\"\" srcset=\"https:\/\/haircenterofturkey.com\/wp-content\/uploads\/2026\/04\/Kanal-Acma-Asamasinin-Detaylari-1024x569.webp 1024w, https:\/\/haircenterofturkey.com\/wp-content\/uploads\/2026\/04\/Kanal-Acma-Asamasinin-Detaylari-300x167.webp 300w, https:\/\/haircenterofturkey.com\/wp-content\/uploads\/2026\/04\/Kanal-Acma-Asamasinin-Detaylari-768x427.webp 768w, https:\/\/haircenterofturkey.com\/wp-content\/uploads\/2026\/04\/Kanal-Acma-Asamasinin-Detaylari-150x83.webp 150w, https:\/\/haircenterofturkey.com\/wp-content\/uploads\/2026\/04\/Kanal-Acma-Asamasinin-Detaylari.webp 1080w\" sizes=\"auto, (max-width: 1024px) 100vw, 1024px\" \/><\/figure>\n\n\n\n<p>Perk\u00fctan tekni\u011fin as\u0131l ay\u0131rt edici noktas\u0131 burada. \u0130\u011fnenin kal\u0131nl\u0131\u011f\u0131, a\u00e7\u0131s\u0131 ve derinli\u011fi \u2014 \u00fc\u00e7\u00fc de hassas ayar isteyen de\u011fi\u015fkenler. \u00c7ok k\u00fc\u00e7\u00fck bir sapma bile greftin kanala d\u00fczg\u00fcn yerle\u015fmesini engelleyebilir.<\/p>\n\n\n\n<p>Do\u011fru a\u00e7\u0131ld\u0131\u011f\u0131nda? Greft kendi yata\u011f\u0131na oturuyor adeta. Damarlanma daha h\u0131zl\u0131 olu\u015fuyor, beslenme daha kolay ba\u015fl\u0131yor. Tutma oran\u0131 bu nedenle teknik kadar uygulay\u0131c\u0131n\u0131n deneyimine ba\u011fl\u0131. Ayn\u0131 cihazla iki farkl\u0131 ekipte ortaya \u00e7\u0131kan sonu\u00e7, \u00e7o\u011fu zaman birbirinden \u00e7ok farkl\u0131 olabiliyor.<\/p>\n\n\n\n<h2 class=\"wp-block-heading\" id=\"operasyon-sonras\u0131-ilk-14-g\u00fcn\">Operasyon Sonras\u0131 \u0130lk 14 G\u00fcn<\/h2>\n\n\n\n<p>\u0130lk iki hafta, greftlerin yeni b\u00f6lgelerine &#8220;yerle\u015fti\u011fi&#8221; kritik d\u00f6nem. Bu s\u00fcre\u00e7te yap\u0131lan k\u00fc\u00e7\u00fck hatalar bile tutma oran\u0131n\u0131 etkileyebiliyor. Y\u0131kama tekni\u011fi yanl\u0131\u015fsa, kabuklar zorla at\u0131l\u0131rsa ya da darbe al\u0131n\u0131rsa baz\u0131 greftler kaybolabilir.<\/p>\n\n\n\n<ul class=\"wp-block-list\">\n<li>\u0130lk y\u0131kama klinik taraf\u0131ndan yap\u0131l\u0131r ya da net olarak anlat\u0131l\u0131r<\/li>\n\n\n\n<li>Uyku pozisyonu en az 7-10 g\u00fcn dikkat ister<\/li>\n\n\n\n<li>Spor ve a\u011f\u0131r efor minimum iki hafta ertelenir<\/li>\n\n\n\n<li>G\u00fcne\u015f ve a\u015f\u0131r\u0131 s\u0131ca\u011fa maruz kalma s\u00fcresi s\u0131n\u0131rl\u0131 tutulur<\/li>\n<\/ul>\n\n\n\n<p>Hastan\u0131n disiplini bu a\u015famada operasyonun kendisi kadar belirleyici. \u00c7o\u011fu zaman insanlar\u0131n fark\u0131nda olmad\u0131\u011f\u0131 ger\u00e7ek de bu zaten.<\/p>\n\n\n\n<h2 class=\"wp-block-heading\" id=\"\u015fok-d\u00f6k\u00fclmesi-ve-yanl\u0131\u015f-yorumlamalar\">\u015eok D\u00f6k\u00fclmesi ve Yanl\u0131\u015f Yorumlamalar<\/h2>\n\n\n\n<p>Operasyondan sonra \u00fc\u00e7\u00fcnc\u00fc haftaya do\u011fru ekilen sa\u00e7lar\u0131n b\u00fcy\u00fck k\u0131sm\u0131 d\u00f6k\u00fcl\u00fcr. Bu, hastay\u0131 \u00e7o\u011fu zaman pani\u011fe sokar. Oysa \u015fok d\u00f6k\u00fclmesi ba\u015far\u0131s\u0131zl\u0131k de\u011fildir; aksine s\u00fcrecin do\u011fal bir par\u00e7as\u0131. Sa\u00e7 k\u00f6k\u00fc yerinde kal\u0131r, sadece g\u00f6r\u00fcnen k\u0131s\u0131m d\u00f6k\u00fcl\u00fcr ve birka\u00e7 ay i\u00e7inde yeniden \u00e7\u0131kmaya ba\u015flar. Ger\u00e7ek tutma oran\u0131 alt\u0131nc\u0131 aydan sonra netle\u015fmeye ba\u015flar, on ikinci ayda da tablo b\u00fcy\u00fck \u00f6l\u00e7\u00fcde oturur. Erken haftalarda h\u00fck\u00fcm vermek pek sa\u011fl\u0131kl\u0131 bir yakla\u015f\u0131m de\u011fil.<\/p>\n\n\n\n<h2 class=\"wp-block-heading\" id=\"istanbulda-klinik-se\u00e7erken-nelere-bak\u0131lmal\u0131\">\u0130stanbul&#8217;da Klinik Se\u00e7erken Nelere Bak\u0131lmal\u0131<\/h2>\n\n\n\n<p>\u0130stanbul, sa\u00e7 ekimi konusunda T\u00fcrkiye&#8217;nin merkezi durumunda. Ama klinik say\u0131s\u0131n\u0131n fazla olmas\u0131 se\u00e7imi kolayla\u015ft\u0131rm\u0131yor \u2014 tam tersi. Y\u00fcz y\u00fcze kons\u00fcltasyon yapan, don\u00f6r analizini g\u00f6rsel olarak g\u00f6steren, hangi tekni\u011fin neden se\u00e7ildi\u011fini a\u00e7\u0131klayan kliniklerle \u00e7al\u0131\u015fmak \u00e7ok daha g\u00fcvenli. Fiyat\u0131n \u00e7ok alt\u0131nda kalan teklifler genelde planlama eksikli\u011finin i\u015fareti olabiliyor. Yerli hasta i\u00e7in bir avantaj da \u015fu: ameliyat sonras\u0131 takip i\u00e7in klinik birka\u00e7 saat uzakta olabiliyor, bu da olas\u0131 sorular\u0131n h\u0131zl\u0131 \u00e7\u00f6z\u00fclmesini sa\u011fl\u0131yor.<\/p>\n\n\n\n<h2 class=\"wp-block-heading\" id=\"hair-center-of-turkeyde-s\u00fcre\u00e7-nas\u0131l-i\u015fliyor\">Hair Center of Turkey&#8217;de S\u00fcre\u00e7 Nas\u0131l \u0130\u015fliyor<\/h2>\n\n\n\n<figure class=\"wp-block-image size-large\"><img loading=\"lazy\" decoding=\"async\" width=\"1024\" height=\"569\" src=\"https:\/\/haircenterofturkey.com\/wp-content\/uploads\/2026\/04\/Hair-Center-of-Turkeyde-Surec-Nasil-Isliyor-1024x569.webp\" alt=\"Hair Center of Turkey&#039;de S\u00fcre\u00e7 Nas\u0131l \u0130\u015fliyor\" class=\"wp-image-36804\" title=\"\" srcset=\"https:\/\/haircenterofturkey.com\/wp-content\/uploads\/2026\/04\/Hair-Center-of-Turkeyde-Surec-Nasil-Isliyor-1024x569.webp 1024w, https:\/\/haircenterofturkey.com\/wp-content\/uploads\/2026\/04\/Hair-Center-of-Turkeyde-Surec-Nasil-Isliyor-300x167.webp 300w, https:\/\/haircenterofturkey.com\/wp-content\/uploads\/2026\/04\/Hair-Center-of-Turkeyde-Surec-Nasil-Isliyor-768x427.webp 768w, https:\/\/haircenterofturkey.com\/wp-content\/uploads\/2026\/04\/Hair-Center-of-Turkeyde-Surec-Nasil-Isliyor-150x83.webp 150w, https:\/\/haircenterofturkey.com\/wp-content\/uploads\/2026\/04\/Hair-Center-of-Turkeyde-Surec-Nasil-Isliyor.webp 1080w\" sizes=\"auto, (max-width: 1024px) 100vw, 1024px\" \/><\/figure>\n\n\n\n<p>Hair Center of Turkey, perk\u00fctan tekni\u011fi uygularken her hastan\u0131n sa\u00e7 yap\u0131s\u0131n\u0131 ve don\u00f6r potansiyelini bireysel olarak de\u011ferlendiriyor. S\u00fcre\u00e7 kons\u00fcltasyonla ba\u015fl\u0131yor; ard\u0131ndan planlama, operasyon ve uzun vadeli takip a\u015famalar\u0131 geliyor. Sa\u00e7 \u00e7izgisi tasar\u0131m\u0131 y\u00fcz hatlar\u0131na g\u00f6re ki\u015fiye \u00f6zel kuruluyor, sadece &#8220;\u015fu kadar greft ekelim&#8221; mant\u0131\u011f\u0131yla ilerlenmiyor. Hasta operasyondan sonra yaln\u0131z b\u0131rak\u0131lm\u0131yor; ilk y\u0131kama, kabuk d\u00f6k\u00fcm\u00fc ve \u015fok d\u00f6k\u00fcm d\u00f6nemlerinde rehberlik s\u00fcr\u00fcyor. Bu yap\u0131, tutma oran\u0131n\u0131n yaln\u0131zca ameliyathanede de\u011fil, sonraki haftalarda da korunmas\u0131n\u0131 sa\u011fl\u0131yor.<\/p>\n\n\n\n<h2 class=\"wp-block-heading\" id=\"son-de\u011ferlendirme\">Son De\u011ferlendirme<\/h2>\n\n\n\n<p>Greft tutma oran\u0131, perk\u00fctan tekni\u011fin sundu\u011fu avantajlar\u0131n yan\u0131nda hastan\u0131n kararlar\u0131na ve klinik disiplinine de ba\u011fl\u0131. Do\u011fru planlanan, do\u011fru uygulanan ve sonras\u0131 ciddiye al\u0131nan bir sa\u00e7 ekimi s\u00fcreci, %90&#8217;\u0131n \u00fczerinde sonu\u00e7lar verebiliyor. \u0130stanbul&#8217;da bu i\u015fi yapan klinikler aras\u0131nda s\u00fcreci a\u00e7\u0131k \u015fekilde anlatan ve takibi ihmal etmeyen yap\u0131lar fark\u0131n\u0131 burada g\u00f6steriyor. Hair Center of Turkey&#8217;nin yakla\u015f\u0131m\u0131 da tam olarak bu \u00e7izgide ilerliyor: aceleci olmayan, planl\u0131 ve hastay\u0131 s\u00fcrecin i\u00e7inde tutan bir ak\u0131\u015f. Sonu\u00e7ta sa\u00e7 ekimi tek seferlik bir i\u015flem de\u011fil, ba\u015flay\u0131p bir y\u0131la yay\u0131lan bir s\u00fcre\u00e7. Bu s\u00fcre\u00e7 ne kadar d\u00fczenli y\u00f6netilirse, greftlerin tutma oran\u0131 da o kadar ger\u00e7ek ve kal\u0131c\u0131 oluyor.<\/p>\n\n\n\n<h2 class=\"wp-block-heading\" id=\"s\u0131k\u00e7a-sorulan-sorular\">S\u0131k\u00e7a Sorulan Sorular<\/h2>\n\n\n<div id=\"rank-math-faq\" class=\"rank-math-block\">\n<div class=\"rank-math-list \">\n<div id=\"faq-118f8b73\" class=\"rank-math-list-item\">\n<h3 class=\"rank-math-question \">Perk\u00fctan ekimde greft tutma oran\u0131 genelde ne kadar?<\/h3>\n<div class=\"rank-math-answer \">\n\n<p>Sa\u011fl\u0131kl\u0131 bir don\u00f6rde, do\u011fru kanal a\u00e7ma ve disiplinli sonras\u0131 bak\u0131mla tutma oran\u0131 \u00e7o\u011funlukla %90-95 aras\u0131nda oluyor. Bu say\u0131 klinik deneyimi ve hastan\u0131n ya\u015fam tarz\u0131na g\u00f6re de\u011fi\u015febiliyor.<\/p>\n\n<\/div>\n<\/div>\n<div id=\"faq-11139319\" class=\"rank-math-list-item\">\n<h3 class=\"rank-math-question \">Tutma oran\u0131n\u0131 ben evde nas\u0131l etkileyebilirim?<\/h3>\n<div class=\"rank-math-answer \">\n\n<p>\u0130lk iki hafta en kritik d\u00f6nem. Y\u0131kama y\u00f6nergelerine harfiyen uymak, uyku pozisyonuna dikkat etmek, sigara ve alkolden uzak durmak ve darbeden ka\u00e7\u0131nmak do\u011frudan etkiliyor sonucu.<\/p>\n\n<\/div>\n<\/div>\n<div id=\"faq-f7e4dce4\" class=\"rank-math-list-item\">\n<h3 class=\"rank-math-question \">Perk\u00fctan teknik FUE&#8217;ye g\u00f6re daha y\u00fcksek tutma oran\u0131 m\u0131 veriyor?<\/h3>\n<div class=\"rank-math-answer \">\n\n<p>Perk\u00fctan i\u011fnenin yaratt\u0131\u011f\u0131 doku travmas\u0131 daha az. Bu, beslenmeyi h\u0131zland\u0131r\u0131r ve genelde daha rahat bir adaptasyon sa\u011flar<\/p>\n\n<\/div>\n<\/div>\n<div id=\"faq-645adbfc\" class=\"rank-math-list-item\">\n<h3 class=\"rank-math-question \">Tutma oran\u0131 beklenenin alt\u0131nda \u00e7\u0131karsa ne yap\u0131l\u0131r?<\/h3>\n<div class=\"rank-math-answer \">\n\n<p>\u00d6nce sebep de\u011ferlendirilir: don\u00f6r m\u00fc, y\u0131kama m\u0131, ila\u00e7 kullan\u0131m\u0131 m\u0131? Gerekiyorsa sonraki seansta d\u00fczeltici ek ekim planlanabilir. Hair Center of Turkey gibi takibi yapan kliniklerde bu s\u00fcre\u00e7 \u00f6nceden konu\u015fuluyor.<\/p>\n\n<\/div>\n<\/div>\n<div id=\"faq-40fe682b\" class=\"rank-math-list-item\">\n<h3 class=\"rank-math-question \">Ger\u00e7ek sonucu g\u00f6rmek i\u00e7in ne kadar beklemem gerekiyor?<\/h3>\n<div class=\"rank-math-answer \">\n\n<p>Genelde 6. aydan itibaren \u00e7\u0131k\u0131\u015f belirginle\u015fir, 12. ayda kal\u0131nla\u015fma ve son g\u00f6r\u00fcn\u00fcm b\u00fcy\u00fck \u00f6l\u00e7\u00fcde oturur. Baz\u0131 vakalarda yo\u011funla\u015fma 14-18. aya kadar s\u00fcrebilir.<\/p>\n\n<\/div>\n<\/div>\n<\/div>\n<\/div>","protected":false},"excerpt":{"rendered":"<p>Perk\u00fctan Tekni\u011fin Greft Tutmaya Etkisi Sa\u00e7 ekimi d\u00fc\u015f\u00fcnen pek \u00e7ok ki\u015finin akl\u0131na ayn\u0131 soru tak\u0131l\u0131yor: ekilen greftlerin ne kadar\u0131 ger\u00e7ekten kal\u0131c\u0131 olacak? Perk\u00fctan tekni\u011fin bu noktadaki ba\u015far\u0131s\u0131, kullan\u0131lan i\u011fne yap\u0131s\u0131yla do\u011frudan ilgili. Klasik b\u0131\u00e7akl\u0131 y\u00f6ntemlerden farkl\u0131 olarak burada \u00e7ok ince, yuvarlak i\u011fnelerle mikro kanallar a\u00e7\u0131l\u0131yor. Daha az doku travmas\u0131, daha h\u0131zl\u0131 toparlanma ve genelde daha [&hellip;]<\/p>\n","protected":false},"author":2,"featured_media":36802,"comment_status":"closed","ping_status":"open","sticky":false,"template":"","format":"standard","meta":{"footnotes":""},"categories":[2,931,132,148],"tags":[],"class_list":{"0":"post-36799","1":"post","2":"type-post","3":"status-publish","4":"format-standard","5":"has-post-thumbnail","6":"hentry","7":"category-blog","8":"category-hair-transplant-treatments","10":"category-sac-ekimi-tedavileri"},"_links":{"self":[{"href":"https:\/\/haircenterofturkey.com\/tr\/wp-json\/wp\/v2\/posts\/36799","targetHints":{"allow":["GET"]}}],"collection":[{"href":"https:\/\/haircenterofturkey.com\/tr\/wp-json\/wp\/v2\/posts"}],"about":[{"href":"https:\/\/haircenterofturkey.com\/tr\/wp-json\/wp\/v2\/types\/post"}],"author":[{"embeddable":true,"href":"https:\/\/haircenterofturkey.com\/tr\/wp-json\/wp\/v2\/users\/2"}],"replies":[{"embeddable":true,"href":"https:\/\/haircenterofturkey.com\/tr\/wp-json\/wp\/v2\/comments?post=36799"}],"version-history":[{"count":3,"href":"https:\/\/haircenterofturkey.com\/tr\/wp-json\/wp\/v2\/posts\/36799\/revisions"}],"predecessor-version":[{"id":36807,"href":"https:\/\/haircenterofturkey.com\/tr\/wp-json\/wp\/v2\/posts\/36799\/revisions\/36807"}],"wp:featuredmedia":[{"embeddable":true,"href":"https:\/\/haircenterofturkey.com\/tr\/wp-json\/wp\/v2\/media\/36802"}],"wp:attachment":[{"href":"https:\/\/haircenterofturkey.com\/tr\/wp-json\/wp\/v2\/media?parent=36799"}],"wp:term":[{"taxonomy":"category","embeddable":true,"href":"https:\/\/haircenterofturkey.com\/tr\/wp-json\/wp\/v2\/categories?post=36799"},{"taxonomy":"post_tag","embeddable":true,"href":"https:\/\/haircenterofturkey.com\/tr\/wp-json\/wp\/v2\/tags?post=36799"}],"curies":[{"name":"wp","href":"https:\/\/api.w.org\/{rel}","templated":true}]}}