{"id":36238,"date":"2026-04-23T15:09:13","date_gmt":"2026-04-23T12:09:13","guid":{"rendered":"https:\/\/haircenterofturkey.com\/?p=36238"},"modified":"2026-04-23T16:48:57","modified_gmt":"2026-04-23T13:48:57","slug":"tirassiz-sac-ekimi-kimler-icin-riskli","status":"publish","type":"post","link":"https:\/\/haircenterofturkey.com\/tr\/tirassiz-sac-ekimi-kimler-icin-riskli\/","title":{"rendered":"T\u0131ra\u015fs\u0131z Sa\u00e7 Ekimi Kimler \u0130\u00e7in Riskli Olabilir?"},"content":{"rendered":"\n<p>\u0130\u015finden izin alamayanlar i\u00e7in olduk\u00e7a cazip bir se\u00e7enek. Sosyal hayat\u0131 aksatmadan, g\u00f6r\u00fcn\u00fcm\u00fc aniden de\u011fi\u015ftirmeden <strong>sa\u00e7 ekimi<\/strong> yapabilmek son y\u0131llarda ciddi bir talep yaratt\u0131. Ama y\u00f6ntem g\u00f6r\u00fcnd\u00fc\u011f\u00fc kadar her b\u00fcnyeye uygun de\u011fil. Baz\u0131 hastalarda estetik kayg\u0131lardan \u00f6nce, t\u0131bbi s\u0131n\u0131rlar \u00e7ok daha belirleyici olabiliyor.<\/p>\n\n\n\n<h2 class=\"wp-block-heading\" id=\"t\u0131ra\u015fs\u0131z-sa\u00e7-ekimi-nedir-ve-neden-tercih-ediliyor\">T\u0131ra\u015fs\u0131z Sa\u00e7 Ekimi Nedir ve Neden Tercih Ediliyor?<\/h2>\n\n\n\n<p>Y\u00f6ntemin temel mant\u0131\u011f\u0131 asl\u0131nda basit. Don\u00f6r alandaki sa\u00e7lar\u0131n tamam\u0131 kesilmez; sadece greft al\u0131nacak b\u00f6lgeler kontroll\u00fc \u015fekilde k\u0131salt\u0131l\u0131r. Hasta ertesi g\u00fcn i\u015fe d\u00f6nebiliyor, sosyal g\u00f6r\u00fcn\u00fcrl\u00fc\u011f\u00fcn\u00fc kaybetmiyor. Bu da \u00e7al\u0131\u015fan profesyoneller, kamuoyuna a\u00e7\u0131k meslek gruplar\u0131 ya da g\u00f6r\u00fcn\u00fcm\u00fcn\u00fc aniden de\u011fi\u015ftirmek istemeyenler i\u00e7in b\u00fcy\u00fck avantaj. Yani talebin arkas\u0131nda sadece bir trend de\u011fil, \u00e7ok pratik bir gerek\u00e7e var.<\/p>\n\n\n\n<div class=\"wp-block-rank-math-toc-block\" id=\"rank-math-toc\"><h2>\u0130\u00e7indekiler<\/h2><nav><ul><li class=\"\"><a href=\"#t\u0131ra\u015fs\u0131z-sa\u00e7-ekimi-nedir-ve-neden-tercih-ediliyor\">T\u0131ra\u015fs\u0131z Sa\u00e7 Ekimi Nedir ve Neden Tercih Ediliyor?<\/a><\/li><li class=\"\"><a href=\"#don\u00f6r-alan\u0131n-belirleyici-rol\u00fc\">Don\u00f6r Alan\u0131n Belirleyici Rol\u00fc<\/a><\/li><li class=\"\"><a href=\"#greft-ihtiyac\u0131-y\u00fcksek-olan-hastalarda-risk-tablosu\">Greft \u0130htiyac\u0131 Y\u00fcksek Olan Hastalarda Risk Tablosu<\/a><\/li><li class=\"\"><a href=\"#sa\u00e7-yap\u0131s\u0131-ve-yo\u011funlu\u011fu-ne-kadar-\u00f6nemli\">Sa\u00e7 Yap\u0131s\u0131 ve Yo\u011funlu\u011fu Ne Kadar \u00d6nemli?<\/a><\/li><li class=\"\"><a href=\"#ileri-seviye-d\u00f6k\u00fclme-durumlar\u0131nda-karar-zorlu\u011fu\">\u0130leri Seviye D\u00f6k\u00fclme Durumlar\u0131nda Karar Zorlu\u011fu<\/a><\/li><li class=\"\"><a href=\"#ya\u015f-ve-sa\u00e7-kayb\u0131n\u0131n-seyri\">Ya\u015f ve Sa\u00e7 Kayb\u0131n\u0131n Seyri<\/a><\/li><li class=\"\"><a href=\"#yanl\u0131\u015f-planlaman\u0131n-uzun-vadeli-sonu\u00e7lar\u0131\">Yanl\u0131\u015f Planlaman\u0131n Uzun Vadeli Sonu\u00e7lar\u0131<\/a><\/li><li class=\"\"><a href=\"#istanbulda-t\u0131ra\u015fs\u0131z-sa\u00e7-ekimi-karar\u0131-vermeden-\u00f6nce\">\u0130stanbul&#8217;da T\u0131ra\u015fs\u0131z Sa\u00e7 Ekimi Karar\u0131 Vermeden \u00d6nce<\/a><\/li><li class=\"\"><a href=\"#son-de\u011ferlendirme\">Son De\u011ferlendirme<\/a><\/li><li class=\"\"><a href=\"#s\u0131k\u00e7a-sorulan-sorular\">S\u0131k\u00e7a Sorulan Sorular<\/a><ul><li class=\"\"><a href=\"#faq-8df55ec1\">T\u0131ra\u015fs\u0131z sa\u00e7 ekimi herkese uygulanabilir mi?<\/a><\/li><li class=\"\"><a href=\"#faq-246b776b\">T\u0131ra\u015fs\u0131z y\u00f6ntemde ka\u00e7 greft al\u0131nabilir?<\/a><\/li><li class=\"\"><a href=\"#faq-8beeff98\">T\u0131ra\u015fs\u0131z sa\u00e7 ekimi daha m\u0131 k\u0131sa s\u00fcrede iyile\u015fiyor?<\/a><\/li><li class=\"\"><a href=\"#faq-463d0670\">\u0130stanbul&#8217;da t\u0131ra\u015fs\u0131z sa\u00e7 ekimi fiyat\u0131 ne kadar?<\/a><\/li><li class=\"\"><a href=\"#faq-f8b3f5f5\">T\u0131ra\u015fs\u0131z y\u00f6ntemi se\u00e7meden \u00f6nce hangi sorular\u0131 sormal\u0131y\u0131m?<\/a><\/li><\/ul><\/li><\/ul><\/nav><\/div>\n\n\n\n<h2 class=\"wp-block-heading\" id=\"don\u00f6r-alan\u0131n-belirleyici-rol\u00fc\">Don\u00f6r Alan\u0131n Belirleyici Rol\u00fc<\/h2>\n\n\n\n<p>Don\u00f6r yap\u0131s\u0131 bu t\u00fcr bir i\u015flemde her \u015feyin ba\u015f\u0131. T\u0131ra\u015fs\u0131z y\u00f6ntemde cerrah\u0131n \u00e7al\u0131\u015fma alan\u0131 k\u0131s\u0131tl\u0131 oldu\u011fu i\u00e7in, greftlerin hangi yo\u011funlukta ve hangi a\u00e7\u0131yla al\u0131naca\u011f\u0131 \u00e7ok daha planl\u0131 ilerlemeli. Don\u00f6r zay\u0131fsa ya da sa\u00e7lar seyrekse, ayn\u0131 alandan geni\u015f \u00e7apl\u0131 greft \u00e7\u0131karmak estetik bir riske d\u00f6n\u00fc\u015febiliyor. Sa\u00e7 kesilmedi\u011fi i\u00e7in cerrah\u0131n referans alan\u0131 daral\u0131r. Bu da hata pay\u0131n\u0131 art\u0131r\u0131r. Pratikte, don\u00f6r analiziyle ba\u015flamayan hi\u00e7bir karar sa\u011fl\u0131kl\u0131 olmaz.<\/p>\n\n\n\n<figure class=\"wp-block-image size-large\"><img loading=\"lazy\" decoding=\"async\" width=\"1024\" height=\"569\" src=\"https:\/\/haircenterofturkey.com\/wp-content\/uploads\/2026\/04\/Greft-Ihtiyaci-Yuksek-Olan-Hastalarda-Risk-Tablosu-1024x569.webp\" alt=\"\" class=\"wp-image-36254\" title=\"\" srcset=\"https:\/\/haircenterofturkey.com\/wp-content\/uploads\/2026\/04\/Greft-Ihtiyaci-Yuksek-Olan-Hastalarda-Risk-Tablosu-1024x569.webp 1024w, https:\/\/haircenterofturkey.com\/wp-content\/uploads\/2026\/04\/Greft-Ihtiyaci-Yuksek-Olan-Hastalarda-Risk-Tablosu-300x167.webp 300w, https:\/\/haircenterofturkey.com\/wp-content\/uploads\/2026\/04\/Greft-Ihtiyaci-Yuksek-Olan-Hastalarda-Risk-Tablosu-768x427.webp 768w, https:\/\/haircenterofturkey.com\/wp-content\/uploads\/2026\/04\/Greft-Ihtiyaci-Yuksek-Olan-Hastalarda-Risk-Tablosu-150x83.webp 150w, https:\/\/haircenterofturkey.com\/wp-content\/uploads\/2026\/04\/Greft-Ihtiyaci-Yuksek-Olan-Hastalarda-Risk-Tablosu.webp 1080w\" sizes=\"auto, (max-width: 1024px) 100vw, 1024px\" \/><\/figure>\n\n\n\n<h2 class=\"wp-block-heading\" id=\"greft-ihtiyac\u0131-y\u00fcksek-olan-hastalarda-risk-tablosu\">Greft \u0130htiyac\u0131 Y\u00fcksek Olan Hastalarda Risk Tablosu<\/h2>\n\n\n\n<p>4000 greft ve \u00fczeri ihtiyac\u0131 olan vakalarda bu y\u00f6ntem \u00e7o\u011fu zaman ideal bir se\u00e7im de\u011fildir. Nedenleri olduk\u00e7a net:<\/p>\n\n\n\n<ul class=\"wp-block-list\">\n<li>Geni\u015f alandan kontrols\u00fcz greft al\u0131m\u0131 don\u00f6r\u00fc zay\u0131flatabilir<\/li>\n\n\n\n<li>Uzayan sa\u00e7, cerrah\u0131n a\u00e7\u0131 kontrol\u00fcn\u00fc zorla\u015ft\u0131r\u0131r<\/li>\n\n\n\n<li>\u0130\u015flem s\u00fcresi uzar; greftlerin canl\u0131l\u0131\u011f\u0131 azalabilir<\/li>\n\n\n\n<li>Nihai yo\u011funluk beklenenden d\u00fc\u015f\u00fck kalabilir<\/li>\n\n\n\n<li>\u0130kinci seans i\u00e7in yedek kaynak t\u00fckenebilir<\/li>\n<\/ul>\n\n\n\n<p>Bu tablo y\u00f6ntemin yap\u0131lamayaca\u011f\u0131 anlam\u0131na gelmez; ciddi planlama gerektirdi\u011fi anlam\u0131na gelir. <strong>Hair Center of Turkey<\/strong> gibi planlamay\u0131 \u00f6nceleyen kliniklerde, y\u00fcksek greft ihtiyac\u0131 olan hastalara genelde klasik FUE \u00f6nerilir \u2014 g\u00f6r\u00fcn\u00fcr bir neden yokken hasta t\u0131ra\u015fs\u0131z y\u00f6nteme y\u00f6nlendirilmez.<\/p>\n\n\n\n<h2 class=\"wp-block-heading\" id=\"sa\u00e7-yap\u0131s\u0131-ve-yo\u011funlu\u011fu-ne-kadar-\u00f6nemli\">Sa\u00e7 Yap\u0131s\u0131 ve Yo\u011funlu\u011fu Ne Kadar \u00d6nemli?<\/h2>\n\n\n\n<p>Dalgal\u0131, kaba ya da \u00e7ok ince tellere sahip hastalarda sonu\u00e7 farkl\u0131 seyredebilir. Kal\u0131n tellerde do\u011fal yo\u011funluk daha kolay yakalan\u0131r. \u0130nce yap\u0131l\u0131 sa\u00e7larda ise t\u0131ra\u015fs\u0131z y\u00f6ntem cerrah\u0131n g\u00f6r\u00fc\u015f alan\u0131n\u0131 daha da k\u0131s\u0131tlad\u0131\u011f\u0131 i\u00e7in baz\u0131 detaylar g\u00f6zden ka\u00e7abilir. Sa\u00e7 rengi ile cilt rengi aras\u0131ndaki kontrast da belirleyicidir. A\u00e7\u0131k tenli ve koyu sa\u00e7l\u0131 ki\u015filerde bo\u015fluklar daha \u00e7abuk fark edilir. Ayn\u0131 greft say\u0131s\u0131, farkl\u0131 fenotiplerde farkl\u0131 sonu\u00e7 verebilir. Yani mesele sadece say\u0131 de\u011fil.<\/p>\n\n\n\n<h2 class=\"wp-block-heading\" id=\"ileri-seviye-d\u00f6k\u00fclme-durumlar\u0131nda-karar-zorlu\u011fu\">\u0130leri Seviye D\u00f6k\u00fclme Durumlar\u0131nda Karar Zorlu\u011fu<\/h2>\n\n\n\n<p>Norwood 5-6 seviyesindeki d\u00f6k\u00fclmelerde a\u00e7\u0131k alan olduk\u00e7a geni\u015ftir. Bu hastalarda t\u0131ra\u015fs\u0131z ekim \u00e7o\u011fu zaman yetersiz kal\u0131r. Sebep sadece greft say\u0131s\u0131 de\u011fil; don\u00f6r\u00fcn uzun vadeli korunmas\u0131 da \u00f6n planda. Uzun sa\u00e7 alt\u0131nda \u00e7al\u0131\u015fmak, cerrah\u0131 referans noktalar\u0131ndan koparabilir. Oysa b\u00f6yle vakalarda sa\u00e7 \u00e7izgisi planlamas\u0131 milimetrik hassasiyet ister. Ger\u00e7ek\u00e7i olmak gerekirse, baz\u0131 hastalara k\u0131sa vadeli bir konfor yerine y\u0131llara yay\u0131lan bir estetik kazanc\u0131 hat\u0131rlatmak gerekir.<\/p>\n\n\n\n<h2 class=\"wp-block-heading\" id=\"ya\u015f-ve-sa\u00e7-kayb\u0131n\u0131n-seyri\">Ya\u015f ve Sa\u00e7 Kayb\u0131n\u0131n Seyri<\/h2>\n\n\n\n<p>Gen\u00e7 ya\u015fta sa\u00e7 d\u00f6k\u00fclmesi ya\u015fayanlar i\u00e7in erken m\u00fcdahale cazip g\u00f6r\u00fcn\u00fcr. Ama risklidir. Kayb\u0131n seyri hen\u00fcz netle\u015fmeden yap\u0131lan bir i\u015flem, ilerleyen y\u0131llarda yeni a\u00e7\u0131lmalarla birle\u015fip yamal\u0131 bir g\u00f6r\u00fcn\u00fcm yaratabilir. T\u0131ra\u015fs\u0131z y\u00f6ntem bu riski azaltmaz; k\u0131s\u0131tl\u0131 greft say\u0131s\u0131yla ilerledi\u011fi i\u00e7in, gelecekteki d\u00f6k\u00fclme haritas\u0131 hesaba kat\u0131lmad\u0131\u011f\u0131nda sonu\u00e7 \u00e7o\u011fu zaman tatmin edici olmaz. Ya\u015f ilerledik\u00e7e bu de\u011ferlendirme kolayla\u015f\u0131r \u00e7\u00fcnk\u00fc kay\u0131p daha tahmin edilebilir hale gelir.<\/p>\n\n\n\n<h2 class=\"wp-block-heading\" id=\"yanl\u0131\u015f-planlaman\u0131n-uzun-vadeli-sonu\u00e7lar\u0131\">Yanl\u0131\u015f Planlaman\u0131n Uzun Vadeli Sonu\u00e7lar\u0131<\/h2>\n\n\n\n<p>K\u00f6t\u00fc planlanm\u0131\u015f bir t\u0131ra\u015fs\u0131z i\u015flem, sonradan d\u00fczeltmesi en zor sonu\u00e7lardan birine d\u00f6n\u00fc\u015febiliyor. Don\u00f6r alan\u0131 yanl\u0131\u015f y\u00f6netildiyse, ikinci seans i\u00e7in yedek kaynak bulmak zorla\u015f\u0131r. Sa\u00e7 \u00e7izgisi fazla \u00f6ne \u00e7ekildiyse, sonraki y\u0131llarda yapay bir g\u00f6r\u00fcn\u00fcm olu\u015fabilir. Hastalar\u0131n \u00e7o\u011fu, i\u015flemin hemen ertesinde de\u011fil, 12-18 ay sonra bu sorunlar\u0131 fark ediyor. Karar verirken bir g\u00fcn i\u00e7inde iyile\u015fme vaadi de\u011fil, uzun vadeli projeksiyon \u00f6n planda olmal\u0131.<\/p>\n\n\n\n<figure class=\"wp-block-image size-large\"><img loading=\"lazy\" decoding=\"async\" width=\"1024\" height=\"569\" src=\"https:\/\/haircenterofturkey.com\/wp-content\/uploads\/2026\/04\/Istanbulda-Tirassiz-Sac-Ekimi-Karari-Vermeden-Once-1024x569.webp\" alt=\"\" class=\"wp-image-36255\" title=\"\" srcset=\"https:\/\/haircenterofturkey.com\/wp-content\/uploads\/2026\/04\/Istanbulda-Tirassiz-Sac-Ekimi-Karari-Vermeden-Once-1024x569.webp 1024w, https:\/\/haircenterofturkey.com\/wp-content\/uploads\/2026\/04\/Istanbulda-Tirassiz-Sac-Ekimi-Karari-Vermeden-Once-300x167.webp 300w, https:\/\/haircenterofturkey.com\/wp-content\/uploads\/2026\/04\/Istanbulda-Tirassiz-Sac-Ekimi-Karari-Vermeden-Once-768x427.webp 768w, https:\/\/haircenterofturkey.com\/wp-content\/uploads\/2026\/04\/Istanbulda-Tirassiz-Sac-Ekimi-Karari-Vermeden-Once-150x83.webp 150w, https:\/\/haircenterofturkey.com\/wp-content\/uploads\/2026\/04\/Istanbulda-Tirassiz-Sac-Ekimi-Karari-Vermeden-Once.webp 1080w\" sizes=\"auto, (max-width: 1024px) 100vw, 1024px\" \/><\/figure>\n\n\n\n<h2 class=\"wp-block-heading\" id=\"istanbulda-t\u0131ra\u015fs\u0131z-sa\u00e7-ekimi-karar\u0131-vermeden-\u00f6nce\">\u0130stanbul&#8217;da T\u0131ra\u015fs\u0131z Sa\u00e7 Ekimi Karar\u0131 Vermeden \u00d6nce<\/h2>\n\n\n\n<p>T\u00fcrkiye&#8217;den gelen hastalar i\u00e7in \u0130stanbul hem eri\u015filebilirlik hem de takip a\u00e7\u0131s\u0131ndan avantajl\u0131. Ama \u015fehir se\u00e7imi tek ba\u015f\u0131na yeterli de\u011fil. Klini\u011fin s\u00fcre\u00e7 mant\u0131\u011f\u0131 da en az lokasyon kadar \u00f6nemli. De\u011ferlendirme \u00f6ncesi \u015fu ba\u015fl\u0131klara bakmak genellikle yeterli:<\/p>\n\n\n\n<ul class=\"wp-block-list\">\n<li>Don\u00f6r analizi ilk ad\u0131m olarak yap\u0131l\u0131yor mu<\/li>\n\n\n\n<li>Sa\u00e7 \u00e7izgisi y\u00fcz hatlar\u0131na g\u00f6re tasarlan\u0131yor mu<\/li>\n\n\n\n<li>Y\u00f6nteme hasta m\u0131, planlama m\u0131 karar veriyor<\/li>\n\n\n\n<li>Post-op ileti\u015fim net ve d\u00fczenli mi<\/li>\n<\/ul>\n\n\n\n<p><strong>Hair Center of Turkey<\/strong> gibi yap\u0131land\u0131r\u0131lm\u0131\u015f kliniklerde s\u00fcre\u00e7 don\u00f6r analiziyle ba\u015flar; hastaya \u015fu y\u00f6ntem daha modern denmez. Ger\u00e7ekten uygun olan teknik, planlama sonras\u0131nda konu\u015fulur. \u0130\u015fte bu yakla\u015f\u0131m, t\u0131ra\u015fs\u0131z y\u00f6ntemin kime uygun olup olmad\u0131\u011f\u0131n\u0131 \u015feffaf\u00e7a ortaya koyar.<\/p>\n\n\n\n<h2 class=\"wp-block-heading\" id=\"son-de\u011ferlendirme\">Son De\u011ferlendirme<\/h2>\n\n\n\n<p><strong>T\u0131ra\u015fs\u0131z sa\u00e7 ekimi<\/strong>, do\u011fru hastada ger\u00e7ekten konforlu bir \u00e7\u00f6z\u00fcm sunabilir. Ama don\u00f6r yap\u0131s\u0131, greft ihtiyac\u0131, sa\u00e7 kalitesi ve ya\u015f bir araya geldi\u011finde tablo h\u0131zla de\u011fi\u015fir. Y\u00f6ntemi se\u00e7meden \u00f6nce klinikle yap\u0131lan de\u011ferlendirme, sonucu birinci derecede belirliyor. Ger\u00e7ekten uygun bir aday m\u0131s\u0131n\u0131z, yoksa daha farkl\u0131 bir teknik sizi daha iyi bir sonuca m\u0131 ta\u015f\u0131r \u2014 bu sorunun cevab\u0131 aceleyle de\u011fil, planlamayla ortaya \u00e7\u0131kar. S\u00fcrecini \u015feffaf tutan, beklentiyi ger\u00e7ek\u00e7i \u00e7er\u00e7eveleyen bir klinikle yol almak uzun vadede en de\u011ferli tercih.<\/p>\n\n\n\n<h2 class=\"wp-block-heading\" id=\"s\u0131k\u00e7a-sorulan-sorular\">S\u0131k\u00e7a Sorulan Sorular<\/h2>\n\n\n<div id=\"rank-math-faq\" class=\"rank-math-block\">\n<div class=\"rank-math-list \">\n<div id=\"faq-8df55ec1\" class=\"rank-math-list-item\">\n<h3 class=\"rank-math-question \">T\u0131ra\u015fs\u0131z sa\u00e7 ekimi herkese uygulanabilir mi?<\/h3>\n<div class=\"rank-math-answer \">\n\n<p>Hay\u0131r. Don\u00f6r yap\u0131s\u0131, greft ihtiyac\u0131 ve sa\u00e7 kayb\u0131n\u0131n seviyesi uygunlu\u011fu belirler. \u0130leri seviye d\u00f6k\u00fclmelerde veya y\u00fcksek greft ihtiyac\u0131nda klasik FUE \u00e7o\u011fu zaman daha sa\u011fl\u0131kl\u0131 bir sonu\u00e7 verir.<\/p>\n\n<\/div>\n<\/div>\n<div id=\"faq-246b776b\" class=\"rank-math-list-item\">\n<h3 class=\"rank-math-question \">T\u0131ra\u015fs\u0131z y\u00f6ntemde ka\u00e7 greft al\u0131nabilir?<\/h3>\n<div class=\"rank-math-answer \">\n\n<p>Pratikte \u00e7o\u011fu vakada 2500-3500 greft band\u0131nda kal\u0131n\u0131r. Bu \u00fcst s\u0131n\u0131r\u0131 zorlamak, \u00f6zellikle ince tellerde g\u00f6zle g\u00f6r\u00fcl\u00fcr sorunlara ve don\u00f6r alan zay\u0131flamas\u0131na yol a\u00e7abilir.<\/p>\n\n<\/div>\n<\/div>\n<div id=\"faq-8beeff98\" class=\"rank-math-list-item\">\n<h3 class=\"rank-math-question \">T\u0131ra\u015fs\u0131z sa\u00e7 ekimi daha m\u0131 k\u0131sa s\u00fcrede iyile\u015fiyor?<\/h3>\n<div class=\"rank-math-answer \">\n\n<p>Sosyal iyile\u015fme daha h\u0131zl\u0131 g\u00f6r\u00fcn\u00fcr \u00e7\u00fcnk\u00fc don\u00f6r sa\u00e7lar kesilmez. Ama greftlerin tutunmas\u0131 ve nihai sonu\u00e7 klasik y\u00f6nteme benzer s\u00fcrede olu\u015fur; ortalama 12-18 ay s\u00fcrer.<\/p>\n\n<\/div>\n<\/div>\n<div id=\"faq-463d0670\" class=\"rank-math-list-item\">\n<h3 class=\"rank-math-question \">\u0130stanbul&#8217;da t\u0131ra\u015fs\u0131z sa\u00e7 ekimi fiyat\u0131 ne kadar?<\/h3>\n<div class=\"rank-math-answer \">\n\n<p>Fiyat; greft say\u0131s\u0131, kullan\u0131lan teknik, planlama detay\u0131 ve klinik altyap\u0131s\u0131na g\u00f6re de\u011fi\u015fir. \u20ba cinsinden net tek bir rakam vermek do\u011fru de\u011fildir; de\u011ferlendirme sonras\u0131nda netle\u015fir.<\/p>\n\n<\/div>\n<\/div>\n<div id=\"faq-f8b3f5f5\" class=\"rank-math-list-item\">\n<h3 class=\"rank-math-question \">T\u0131ra\u015fs\u0131z y\u00f6ntemi se\u00e7meden \u00f6nce hangi sorular\u0131 sormal\u0131y\u0131m?<\/h3>\n<div class=\"rank-math-answer \">\n\n<p>Don\u00f6r yap\u0131m bu y\u00f6nteme uygun mu, ka\u00e7 greft \u00f6neriyorsunuz, ileride yeni d\u00f6k\u00fclme olursa plan nas\u0131l de\u011fi\u015fir ve sa\u00e7 \u00e7izgisi nas\u0131l tasarlanacak \u2014 bu d\u00f6rt soru karar s\u00fcrecinin merkezinde olmal\u0131.<\/p>\n\n<\/div>\n<\/div>\n<\/div>\n<\/div>","protected":false},"excerpt":{"rendered":"<p>\u0130\u015finden izin alamayanlar i\u00e7in olduk\u00e7a cazip bir se\u00e7enek. Sosyal hayat\u0131 aksatmadan, g\u00f6r\u00fcn\u00fcm\u00fc aniden de\u011fi\u015ftirmeden sa\u00e7 ekimi yapabilmek son y\u0131llarda ciddi bir talep yaratt\u0131. Ama y\u00f6ntem g\u00f6r\u00fcnd\u00fc\u011f\u00fc kadar her b\u00fcnyeye uygun de\u011fil. Baz\u0131 hastalarda estetik kayg\u0131lardan \u00f6nce, t\u0131bbi s\u0131n\u0131rlar \u00e7ok daha belirleyici olabiliyor. T\u0131ra\u015fs\u0131z Sa\u00e7 Ekimi Nedir ve Neden Tercih Ediliyor? Y\u00f6ntemin temel mant\u0131\u011f\u0131 asl\u0131nda basit. [&hellip;]<\/p>\n","protected":false},"author":2,"featured_media":36253,"comment_status":"closed","ping_status":"open","sticky":false,"template":"","format":"standard","meta":{"footnotes":""},"categories":[272],"tags":[],"class_list":["post-36238","post","type-post","status-publish","format-standard","has-post-thumbnail","hentry","category-sac-ekimi-teknikleri"],"_links":{"self":[{"href":"https:\/\/haircenterofturkey.com\/tr\/wp-json\/wp\/v2\/posts\/36238","targetHints":{"allow":["GET"]}}],"collection":[{"href":"https:\/\/haircenterofturkey.com\/tr\/wp-json\/wp\/v2\/posts"}],"about":[{"href":"https:\/\/haircenterofturkey.com\/tr\/wp-json\/wp\/v2\/types\/post"}],"author":[{"embeddable":true,"href":"https:\/\/haircenterofturkey.com\/tr\/wp-json\/wp\/v2\/users\/2"}],"replies":[{"embeddable":true,"href":"https:\/\/haircenterofturkey.com\/tr\/wp-json\/wp\/v2\/comments?post=36238"}],"version-history":[{"count":4,"href":"https:\/\/haircenterofturkey.com\/tr\/wp-json\/wp\/v2\/posts\/36238\/revisions"}],"predecessor-version":[{"id":36257,"href":"https:\/\/haircenterofturkey.com\/tr\/wp-json\/wp\/v2\/posts\/36238\/revisions\/36257"}],"wp:featuredmedia":[{"embeddable":true,"href":"https:\/\/haircenterofturkey.com\/tr\/wp-json\/wp\/v2\/media\/36253"}],"wp:attachment":[{"href":"https:\/\/haircenterofturkey.com\/tr\/wp-json\/wp\/v2\/media?parent=36238"}],"wp:term":[{"taxonomy":"category","embeddable":true,"href":"https:\/\/haircenterofturkey.com\/tr\/wp-json\/wp\/v2\/categories?post=36238"},{"taxonomy":"post_tag","embeddable":true,"href":"https:\/\/haircenterofturkey.com\/tr\/wp-json\/wp\/v2\/tags?post=36238"}],"curies":[{"name":"wp","href":"https:\/\/api.w.org\/{rel}","templated":true}]}}