{"id":36214,"date":"2026-04-23T13:53:09","date_gmt":"2026-04-23T10:53:09","guid":{"rendered":"https:\/\/haircenterofturkey.com\/?p=36214"},"modified":"2026-04-23T16:02:21","modified_gmt":"2026-04-23T13:02:21","slug":"sac-ekimi-sonrasi-kasinti-ne-kadar-surer","status":"publish","type":"post","link":"https:\/\/haircenterofturkey.com\/tr\/sac-ekimi-sonrasi-kasinti-ne-kadar-surer\/","title":{"rendered":"Sa\u00e7 Ekimi Sonras\u0131 Ka\u015f\u0131nt\u0131 Ne Kadar S\u00fcrer?"},"content":{"rendered":"\n<p><strong>Sa\u00e7 ekimi sonras\u0131<\/strong> ilk haftada \u00e7o\u011fu hastan\u0131n ortak \u015fik\u00e2yeti asl\u0131nda a\u011fr\u0131 de\u011fil. Ka\u015f\u0131nt\u0131. Hem de zamanla daha belirgin h\u00e2le gelebilen, bazen geceleri uykuyu b\u00f6lebilen t\u00fcrden. \u00c7o\u011fu zaman anlamland\u0131r\u0131lamad\u0131\u011f\u0131 i\u00e7in kafa kar\u0131\u015ft\u0131r\u0131r ve gereksiz endi\u015feye yol a\u00e7ar. Oysa do\u011fru zamanda ne beklenece\u011fini bilmek s\u00fcreci olduk\u00e7a kolayla\u015ft\u0131r\u0131r.<\/p>\n\n\n\n<h2 class=\"wp-block-heading\" id=\"ka\u015f\u0131nt\u0131-neden-ba\u015flar\">Ka\u015f\u0131nt\u0131 Neden Ba\u015flar?<\/h2>\n\n\n\n<p>Ka\u015f\u0131nt\u0131n\u0131n arkas\u0131nda tek bir sebep yok. Deri iyile\u015firken kabuklanma ba\u015flar, cildin alt\u0131nda yeni doku olu\u015fur, k\u00fc\u00e7\u00fck sinir u\u00e7lar\u0131 yeniden aktifle\u015fir. Bunlar\u0131n hepsi bir aradayken kafa derisinde hafif bir tahri\u015f hissinin \u00e7\u0131kmas\u0131 olduk\u00e7a ola\u011fan. Asl\u0131nda ka\u015f\u0131nt\u0131, \u00e7o\u011fu zaman iyile\u015fmenin \u00e7al\u0131\u015ft\u0131\u011f\u0131n\u0131 g\u00f6steren bir i\u015faret olarak ortaya \u00e7\u0131kar.<\/p>\n\n\n\n<div class=\"wp-block-rank-math-toc-block\" id=\"rank-math-toc\"><h2>\u0130\u00e7indekiler<\/h2><nav><ul><li class=\"\"><a href=\"#ka\u015f\u0131nt\u0131-neden-ba\u015flar\">Ka\u015f\u0131nt\u0131 Neden Ba\u015flar?<\/a><\/li><li class=\"\"><a href=\"#ka\u015f\u0131nt\u0131-genelde-ka\u00e7\u0131nc\u0131-g\u00fcnde-ortaya-\u00e7\u0131kar\">Ka\u015f\u0131nt\u0131 Genelde Ka\u00e7\u0131nc\u0131 G\u00fcnde Ortaya \u00c7\u0131kar?<\/a><\/li><li class=\"\"><a href=\"#sa\u00e7-ekimi-sonras\u0131-ka\u015f\u0131nt\u0131-ne-kadar-s\u00fcrer\">Sa\u00e7 Ekimi Sonras\u0131 Ka\u015f\u0131nt\u0131 Ne Kadar S\u00fcrer?<\/a><\/li><li class=\"\"><a href=\"#don\u00f6r-b\u00f6lge-ve-nakil-b\u00f6lgesi-aras\u0131ndaki-fark\">Don\u00f6r B\u00f6lge ve Nakil B\u00f6lgesi Aras\u0131ndaki Fark<\/a><\/li><li class=\"\"><a href=\"#ka\u015f\u0131nt\u0131y\u0131-azaltan-pratik-yakla\u015f\u0131mlar\">Ka\u015f\u0131nt\u0131y\u0131 Azaltan Pratik Yakla\u015f\u0131mlar<\/a><\/li><li class=\"\"><a href=\"#yap\u0131lmamas\u0131-gereken-\u015feyler\">Yap\u0131lmamas\u0131 Gereken \u015eeyler<\/a><\/li><li class=\"\"><a href=\"#ne-zaman-endi\u015fe-verici-olur\">Ne Zaman Endi\u015fe Verici Olur?<\/a><\/li><li class=\"\"><a href=\"#istanbulda-s\u00fcre\u00e7-takibi-neden-kolayla\u015f\u0131r\">\u0130stanbul&#8217;da S\u00fcre\u00e7 Takibi Neden Kolayla\u015f\u0131r?<\/a><\/li><li class=\"\"><a href=\"#son-de\u011ferlendirme\">Son De\u011ferlendirme<\/a><\/li><li class=\"\"><a href=\"#s\u0131k\u00e7a-sorulan-sorular\">S\u0131k\u00e7a Sorulan Sorular<\/a><ul><li class=\"\"><a href=\"#faq-c1d746c1\">Sa\u00e7 ekiminden sonra hissedilen ka\u015f\u0131nt\u0131 tehlikeli midir?<\/a><\/li><li class=\"\"><a href=\"#faq-fc1e55ce\">Ka\u015f\u0131nt\u0131y\u0131 azaltmak i\u00e7in evde ne yapabilirim?<\/a><\/li><li class=\"\"><a href=\"#faq-fac04a81\">Ka\u015f\u0131nt\u0131n\u0131n en yo\u011fun oldu\u011fu g\u00fcnler hangileridir?<\/a><\/li><li class=\"\"><a href=\"#faq-98800176\">Klinik se\u00e7erken ka\u015f\u0131nt\u0131 sonras\u0131 takip \u00f6nemli bir kriter mi?<\/a><\/li><li class=\"\"><a href=\"#faq-44af93b1\">\u0130stanbul&#8217;da klini\u011fe gitmek mi yoksa uzaktan takiple ilerlemek mi daha iyi?<\/a><\/li><\/ul><\/li><\/ul><\/nav><\/div>\n\n\n\n<p>Bir de uygulama s\u0131ras\u0131nda kullan\u0131lan anestezik maddelerin etkisi ge\u00e7erken cildin yeniden duyarla\u015ft\u0131\u011f\u0131 a\u015fama ba\u015flar. Bu duyarla\u015fma ka\u015f\u0131nt\u0131y\u0131 g\u00f6zle g\u00f6r\u00fcl\u00fcr bi\u00e7imde belirginle\u015ftirir. Baz\u0131 hastalarda don\u00f6r b\u00f6lge daha yo\u011fun ka\u015f\u0131n\u0131r. Baz\u0131lar\u0131nda nakil yap\u0131lan k\u0131s\u0131m. \u0130kisi birden de m\u00fcmk\u00fcn.<\/p>\n\n\n\n<h2 class=\"wp-block-heading\" id=\"ka\u015f\u0131nt\u0131-genelde-ka\u00e7\u0131nc\u0131-g\u00fcnde-ortaya-\u00e7\u0131kar\">Ka\u015f\u0131nt\u0131 Genelde Ka\u00e7\u0131nc\u0131 G\u00fcnde Ortaya \u00c7\u0131kar?<\/h2>\n\n\n\n<p>\u00c7o\u011fu hastada ka\u015f\u0131nt\u0131 ilk g\u00fcnden ba\u015flamaz. 4. g\u00fcnden itibaren fark edilmeye ba\u015flar ve 7-10. g\u00fcn aras\u0131nda zirveye ula\u015f\u0131r. Bu d\u00f6nem, kabuklar\u0131n hen\u00fcz d\u00f6k\u00fclmedi\u011fi ama ciltte hareketin ba\u015flad\u0131\u011f\u0131 ge\u00e7i\u015f aral\u0131\u011f\u0131d\u0131r. Yani ka\u015f\u0131nt\u0131, grafftlar\u0131n tutunma s\u00fcreciyle neredeyse ayn\u0131 takvimde ilerler.<\/p>\n\n\n\n<h2 class=\"wp-block-heading\" id=\"sa\u00e7-ekimi-sonras\u0131-ka\u015f\u0131nt\u0131-ne-kadar-s\u00fcrer\">Sa\u00e7 Ekimi Sonras\u0131 Ka\u015f\u0131nt\u0131 Ne Kadar S\u00fcrer?<\/h2>\n\n\n\n<p>Pratikte en yo\u011fun d\u00f6nem ortalama 10-14 g\u00fcnd\u00fcr. Kabuklar d\u00f6k\u00fclmeye ba\u015flad\u0131ktan sonra belirgin \u015fekilde hafifler. Baz\u0131 hastalarda \u00fc\u00e7\u00fcnc\u00fc haftaya kadar hafif bir batma ya da kar\u0131ncalanma s\u00fcrebilir. \u00c7ok nadiren, cildi kuru olan ki\u015filerde bu his birka\u00e7 hafta daha kesintili bi\u00e7imde hissedilebilir. Ama bu art\u0131k ka\u015f\u0131nt\u0131 de\u011fildir; yeniden yap\u0131lanan cildin hassasiyetidir.<\/p>\n\n\n\n<p>S\u00fcrenin ki\u015fiden ki\u015fiye de\u011fi\u015fmesi beklenen bir durum. Cildin nem tutma kapasitesi, uygulanan teknik, nakil edilen graft say\u0131s\u0131 ve hastan\u0131n kabuklar\u0131 rahat b\u0131rak\u0131p b\u0131rakmamas\u0131 \u2014 hepsi etkili fakt\u00f6rler. 3.000 graftl\u0131k bir \u00e7al\u0131\u015fmayla 4.500 graftl\u0131k bir \u00e7al\u0131\u015fmada ayn\u0131 tempoyla iyile\u015fme beklemek pek ger\u00e7ek\u00e7i de\u011fildir. Hair Center of Turkey gibi s\u00fcreci yap\u0131land\u0131r\u0131lm\u0131\u015f kliniklerde bu takvim hastaya en ba\u015ftan sakin bir \u015fekilde anlat\u0131l\u0131r; \u00e7\u00fcnk\u00fc ka\u015f\u0131nt\u0131y\u0131 beklemek, onu y\u00f6netmekten \u00e7ok daha zordur.<\/p>\n\n\n\n<h2 class=\"wp-block-heading\" id=\"don\u00f6r-b\u00f6lge-ve-nakil-b\u00f6lgesi-aras\u0131ndaki-fark\">Don\u00f6r B\u00f6lge ve Nakil B\u00f6lgesi Aras\u0131ndaki Fark<\/h2>\n\n\n\n<p>Don\u00f6r b\u00f6lge daha \u00f6nce m\u00fcdahale g\u00f6rm\u00fc\u015f bir alan. Kabuklanma orada genelde daha h\u0131zl\u0131 ge\u00e7er; ka\u015f\u0131nt\u0131 da birka\u00e7 g\u00fcnde hafifler. Deriye temas eden y\u00fczey de daha k\u00fc\u00e7\u00fck oldu\u011fu i\u00e7in his genellikle daha kontroll\u00fc alg\u0131lan\u0131r.<\/p>\n\n\n\n<p>Nakil b\u00f6lgesi ise daha hassast\u0131r. Grafftlar h\u00e2l\u00e2 tutunma s\u00fcrecinde oldu\u011fu i\u00e7in kafa derisi hem s\u0131k\u0131\u015f\u0131k hem de taze bir yara iyile\u015fmesi i\u00e7indedir. Bu y\u00fczden buradaki ka\u015f\u0131nt\u0131 daha uzun s\u00fcrebilir \u2014 ve ka\u015f\u0131mak kesinlikle bir se\u00e7enek de\u011fildir.<\/p>\n\n\n\n<figure class=\"wp-block-image size-large\"><img loading=\"lazy\" decoding=\"async\" width=\"1024\" height=\"569\" src=\"https:\/\/haircenterofturkey.com\/wp-content\/uploads\/2026\/04\/Kasintiyi-Azaltan-Pratik-Yaklasimlar-1024x569.webp\" alt=\"\" class=\"wp-image-36232\" title=\"\" srcset=\"https:\/\/haircenterofturkey.com\/wp-content\/uploads\/2026\/04\/Kasintiyi-Azaltan-Pratik-Yaklasimlar-1024x569.webp 1024w, https:\/\/haircenterofturkey.com\/wp-content\/uploads\/2026\/04\/Kasintiyi-Azaltan-Pratik-Yaklasimlar-300x167.webp 300w, https:\/\/haircenterofturkey.com\/wp-content\/uploads\/2026\/04\/Kasintiyi-Azaltan-Pratik-Yaklasimlar-768x427.webp 768w, https:\/\/haircenterofturkey.com\/wp-content\/uploads\/2026\/04\/Kasintiyi-Azaltan-Pratik-Yaklasimlar-150x83.webp 150w, https:\/\/haircenterofturkey.com\/wp-content\/uploads\/2026\/04\/Kasintiyi-Azaltan-Pratik-Yaklasimlar.webp 1080w\" sizes=\"auto, (max-width: 1024px) 100vw, 1024px\" \/><\/figure>\n\n\n\n<h2 class=\"wp-block-heading\" id=\"ka\u015f\u0131nt\u0131y\u0131-azaltan-pratik-yakla\u015f\u0131mlar\">Ka\u015f\u0131nt\u0131y\u0131 Azaltan Pratik Yakla\u015f\u0131mlar<\/h2>\n\n\n\n<p>Ka\u015f\u0131nt\u0131y\u0131 tamamen ortadan kald\u0131rmak m\u00fcmk\u00fcn de\u011fil. Ama y\u00f6netilebilir. \u00c7o\u011fu hastada \u015fu pratikler i\u015fe yar\u0131yor:<\/p>\n\n\n\n<ul class=\"wp-block-list\">\n<li>Klini\u011fin \u00f6nerdi\u011fi spreyi d\u00fczenli aral\u0131klarla kullanmak<\/li>\n\n\n\n<li>Y\u0131kamalar\u0131 atlamadan, ama nazik\u00e7e yapmak<\/li>\n\n\n\n<li>Y\u00fcksek yast\u0131kla uyuyarak \u00f6dem birikimini azaltmak<\/li>\n\n\n\n<li>Kafa b\u00f6lgesini terletmeyen, nefes alabilen giysiler tercih etmek<\/li>\n\n\n\n<li>Kabuklar\u0131n kendili\u011finden d\u00f6k\u00fclmesine izin vermek<\/li>\n<\/ul>\n\n\n\n<p>Basit g\u00f6r\u00fcn\u00fcr, ama iyile\u015fmenin h\u0131z\u0131nda ger\u00e7ek bir fark yarat\u0131r.<\/p>\n\n\n\n<h2 class=\"wp-block-heading\" id=\"yap\u0131lmamas\u0131-gereken-\u015feyler\">Yap\u0131lmamas\u0131 Gereken \u015eeyler<\/h2>\n\n\n\n<p>Ka\u015f\u0131nt\u0131 s\u0131ras\u0131nda yap\u0131lan hatalar\u0131n \u00e7o\u011fu sonradan anla\u015f\u0131l\u0131r. Oysa birka\u00e7 k\u00fc\u00e7\u00fck davran\u0131\u015f de\u011fi\u015fikli\u011fiyle bunlar\u0131n \u00f6n\u00fcne ge\u00e7ilebilir:<\/p>\n\n\n\n<ul class=\"wp-block-list\">\n<li>T\u0131rnakla, havluyla ya da parmak ucuyla kaz\u0131mak<\/li>\n\n\n\n<li>Doktor \u00f6nerisi d\u0131\u015f\u0131nda pomad, ya\u011f veya krem s\u00fcrmek<\/li>\n\n\n\n<li>Kabuklar\u0131 erken koparmak<\/li>\n\n\n\n<li>Ba\u015fl\u0131\u011f\u0131 saatlerce s\u0131k\u0131 oturtup cildi bo\u011fmak<\/li>\n<\/ul>\n\n\n\n<p>Ka\u015f\u0131mak bir anl\u0131k rahatlama verir. Ama grafftlar\u0131n yerinden oynama riskini art\u0131r\u0131r. Bedeli \u00e7o\u011fu zaman sonradan \u00f6denir.<\/p>\n\n\n\n<h2 class=\"wp-block-heading\" id=\"ne-zaman-endi\u015fe-verici-olur\">Ne Zaman Endi\u015fe Verici Olur?<\/h2>\n\n\n\n<p>Normal ka\u015f\u0131nt\u0131 rahats\u0131z edicidir, fakat kontrol edilebilir. Endi\u015fe verici olan ise yo\u011fun k\u0131zar\u0131kl\u0131k, iltihap g\u00f6r\u00fcnt\u00fcs\u00fc, s\u0131cakl\u0131k hissi ve ani a\u011fr\u0131yla gelen ka\u015f\u0131nt\u0131d\u0131r. B\u00f6yle bir tabloda klini\u011fe h\u0131zl\u0131ca ula\u015fmak her zaman do\u011fru hamledir. Duyarl\u0131l\u0131\u011f\u0131 y\u00fcksek hastalarda hafif k\u0131zar\u0131kl\u0131k kabul edilebilir; ancak bu k\u0131zar\u0131kl\u0131k yayg\u0131nla\u015f\u0131yor, s\u0131z\u0131nt\u0131yla birle\u015fiyor ya da ate\u015fle e\u015flik ediyorsa vakit kaybetmeden ileti\u015fime ge\u00e7ilmelidir. <strong>Hair Center of Turkey<\/strong> s\u00fcrecinde bu t\u00fcr durumlar i\u00e7in hasta ileti\u015fimi a\u00e7\u0131k b\u0131rak\u0131l\u0131r \u2014 \u00e7\u00fcnk\u00fc do\u011fru zamanda sorabilmek, k\u00fc\u00e7\u00fck bir detay\u0131 b\u00fcy\u00fck bir soruna d\u00f6n\u00fc\u015fmeden \u00e7\u00f6zer.<\/p>\n\n\n\n<figure class=\"wp-block-image size-large\"><img loading=\"lazy\" decoding=\"async\" width=\"1024\" height=\"569\" src=\"https:\/\/haircenterofturkey.com\/wp-content\/uploads\/2026\/04\/Istanbulda-Surec-Takibi-Neden-Kolaylasir-1-1024x569.webp\" alt=\"\" class=\"wp-image-36233\" title=\"\" srcset=\"https:\/\/haircenterofturkey.com\/wp-content\/uploads\/2026\/04\/Istanbulda-Surec-Takibi-Neden-Kolaylasir-1-1024x569.webp 1024w, https:\/\/haircenterofturkey.com\/wp-content\/uploads\/2026\/04\/Istanbulda-Surec-Takibi-Neden-Kolaylasir-1-300x167.webp 300w, https:\/\/haircenterofturkey.com\/wp-content\/uploads\/2026\/04\/Istanbulda-Surec-Takibi-Neden-Kolaylasir-1-768x427.webp 768w, https:\/\/haircenterofturkey.com\/wp-content\/uploads\/2026\/04\/Istanbulda-Surec-Takibi-Neden-Kolaylasir-1-150x83.webp 150w, https:\/\/haircenterofturkey.com\/wp-content\/uploads\/2026\/04\/Istanbulda-Surec-Takibi-Neden-Kolaylasir-1.webp 1080w\" sizes=\"auto, (max-width: 1024px) 100vw, 1024px\" \/><\/figure>\n\n\n\n<h2 class=\"wp-block-heading\" id=\"istanbulda-s\u00fcre\u00e7-takibi-neden-kolayla\u015f\u0131r\">\u0130stanbul&#8217;da S\u00fcre\u00e7 Takibi Neden Kolayla\u015f\u0131r?<\/h2>\n\n\n\n<p>T\u00fcrkiye&#8217;de ya\u015fayan hastalar i\u00e7in \u0130stanbul&#8217;da tedavi alman\u0131n belirgin avantajlar\u0131ndan biri s\u00fcre\u00e7 takibidir. Ka\u015f\u0131nt\u0131 gibi d\u00f6nemlerde klini\u011fe h\u0131zl\u0131 ula\u015fabilmek, y\u00fcz y\u00fcze kontrole gelebilmek, iyile\u015fmeyi birebir g\u00f6sterebilmek i\u015fleri ciddi \u015fekilde kolayla\u015ft\u0131r\u0131r. <strong>Planl\u0131 bir klinik<\/strong> yap\u0131s\u0131nda bu s\u00fcre\u00e7 \u00f6nceden kurulmu\u015f h\u00e2liyle hastay\u0131 bekler; hasta kendini s\u00fcrekli g\u00f6zetim alt\u0131ndaym\u0131\u015f gibi hisseder. \u00d6zellikle ilk iki haftada bu his g\u00fcven a\u00e7\u0131s\u0131ndan \u00e7ok \u015fey ifade eder. Ayr\u0131ca bir s\u0131k\u0131nt\u0131 olu\u015ftu\u011funda klini\u011fin fiziksel olarak yak\u0131n olmas\u0131, hastan\u0131n her k\u00fc\u00e7\u00fck \u015f\u00fcphesini b\u00fcy\u00fctmeden \u00e7\u00f6zebilmesini sa\u011flar.<\/p>\n\n\n\n<h2 class=\"wp-block-heading\" id=\"son-de\u011ferlendirme\">Son De\u011ferlendirme<\/h2>\n\n\n\n<p>Ka\u015f\u0131nt\u0131, sa\u00e7 ekiminin en rahats\u0131z edici ama ayn\u0131 zamanda en anla\u015f\u0131l\u0131r par\u00e7alar\u0131ndan biri. S\u00fcresi cilt tipine, uygulanan y\u00f6nteme ve hastan\u0131n s\u00fcrece uyumuna g\u00f6re de\u011fi\u015fir. <strong>Hair Center of Turkey<\/strong> gibi planl\u0131 bir yap\u0131da hareket eden kliniklerde bu d\u00f6nem gizemli bir bekleyi\u015f gibi de\u011fil, \u00f6nceden anlat\u0131lm\u0131\u015f ve y\u00f6netilebilir bir a\u015fama olarak ya\u015fan\u0131r. Hastan\u0131n sorular\u0131na h\u0131zl\u0131 yan\u0131t bulmas\u0131, hissetti\u011fi \u015feyin normal olup olmad\u0131\u011f\u0131n\u0131 anlamas\u0131na yard\u0131mc\u0131 olur. Bir bak\u0131ma ka\u015f\u0131nt\u0131y\u0131 bitiren \u015fey zaman de\u011fildir; bilgidir.<\/p>\n\n\n\n<h2 class=\"wp-block-heading\" id=\"s\u0131k\u00e7a-sorulan-sorular\">S\u0131k\u00e7a Sorulan Sorular<\/h2>\n\n\n<div id=\"rank-math-faq\" class=\"rank-math-block\">\n<div class=\"rank-math-list \">\n<div id=\"faq-c1d746c1\" class=\"rank-math-list-item\">\n<h3 class=\"rank-math-question \">Sa\u00e7 ekiminden sonra hissedilen ka\u015f\u0131nt\u0131 tehlikeli midir?<\/h3>\n<div class=\"rank-math-answer \">\n\n<p>\u00c7o\u011fu hastada ka\u015f\u0131nt\u0131 iyile\u015fmenin normal bir par\u00e7as\u0131d\u0131r ve tehlikeli de\u011fildir. K\u0131zar\u0131kl\u0131k, iltihap g\u00f6r\u00fcnt\u00fcs\u00fc veya ate\u015fle birlikte geldi\u011finde ise mutlaka klini\u011fe bildirilmelidir.<\/p>\n\n<\/div>\n<\/div>\n<div id=\"faq-fc1e55ce\" class=\"rank-math-list-item\">\n<h3 class=\"rank-math-question \">Ka\u015f\u0131nt\u0131y\u0131 azaltmak i\u00e7in evde ne yapabilirim?<\/h3>\n<div class=\"rank-math-answer \">\n\n<p>Klini\u011fin \u00f6nerdi\u011fi spreyi d\u00fczenli kullan\u0131n, y\u0131kamalar\u0131 aksatmay\u0131n, y\u00fcksek yast\u0131kla uyuyun ve kabuklar\u0131 kendi h\u00e2line b\u0131rak\u0131n. T\u0131rnakla dokunmak iyile\u015fmeyi geciktirir.<\/p>\n\n<\/div>\n<\/div>\n<div id=\"faq-fac04a81\" class=\"rank-math-list-item\">\n<h3 class=\"rank-math-question \">Ka\u015f\u0131nt\u0131n\u0131n en yo\u011fun oldu\u011fu g\u00fcnler hangileridir?<\/h3>\n<div class=\"rank-math-answer \">\n\n<p>Genellikle 4. g\u00fcnden itibaren ba\u015flar, 7-10. g\u00fcnler aras\u0131nda zirveye ula\u015f\u0131r ve 14. g\u00fcn civar\u0131nda belirgin \u015fekilde azal\u0131r.<\/p>\n\n<\/div>\n<\/div>\n<div id=\"faq-98800176\" class=\"rank-math-list-item\">\n<h3 class=\"rank-math-question \">Klinik se\u00e7erken ka\u015f\u0131nt\u0131 sonras\u0131 takip \u00f6nemli bir kriter mi?<\/h3>\n<div class=\"rank-math-answer \">\n\n<p>Evet. Planl\u0131 bir ileti\u015fim s\u00fcreci ka\u015f\u0131nt\u0131 gibi g\u00fcnl\u00fck sorularda b\u00fcy\u00fck fark yarat\u0131r. Hasta takip yap\u0131s\u0131 g\u00fc\u00e7l\u00fc olan klinikler bu d\u00f6nemi \u00e7ok daha rahat y\u00f6netir.<\/p>\n\n<\/div>\n<\/div>\n<div id=\"faq-44af93b1\" class=\"rank-math-list-item\">\n<h3 class=\"rank-math-question \">\u0130stanbul&#8217;da klini\u011fe gitmek mi yoksa uzaktan takiple ilerlemek mi daha iyi?<\/h3>\n<div class=\"rank-math-answer \">\n\n<p>\u0130stanbul&#x27;daki hastalar i\u00e7in y\u00fcz y\u00fcze kontrol genellikle daha avantajl\u0131d\u0131r. Ka\u015f\u0131nt\u0131 gibi g\u00f6rsel de\u011ferlendirme gerektiren durumlarda yak\u0131n takip s\u00fcreci h\u0131zland\u0131r\u0131r.<\/p>\n\n<\/div>\n<\/div>\n<\/div>\n<\/div>","protected":false},"excerpt":{"rendered":"<p>Sa\u00e7 ekimi sonras\u0131 ilk haftada \u00e7o\u011fu hastan\u0131n ortak \u015fik\u00e2yeti asl\u0131nda a\u011fr\u0131 de\u011fil. Ka\u015f\u0131nt\u0131. Hem de zamanla daha belirgin h\u00e2le gelebilen, bazen geceleri uykuyu b\u00f6lebilen t\u00fcrden. \u00c7o\u011fu zaman anlamland\u0131r\u0131lamad\u0131\u011f\u0131 i\u00e7in kafa kar\u0131\u015ft\u0131r\u0131r ve gereksiz endi\u015feye yol a\u00e7ar. Oysa do\u011fru zamanda ne beklenece\u011fini bilmek s\u00fcreci olduk\u00e7a kolayla\u015ft\u0131r\u0131r. Ka\u015f\u0131nt\u0131 Neden Ba\u015flar? Ka\u015f\u0131nt\u0131n\u0131n arkas\u0131nda tek bir sebep yok. Deri [&hellip;]<\/p>\n","protected":false},"author":2,"featured_media":36231,"comment_status":"closed","ping_status":"open","sticky":false,"template":"","format":"standard","meta":{"footnotes":""},"categories":[148],"tags":[],"class_list":["post-36214","post","type-post","status-publish","format-standard","has-post-thumbnail","hentry","category-sac-ekimi-tedavileri"],"_links":{"self":[{"href":"https:\/\/haircenterofturkey.com\/tr\/wp-json\/wp\/v2\/posts\/36214","targetHints":{"allow":["GET"]}}],"collection":[{"href":"https:\/\/haircenterofturkey.com\/tr\/wp-json\/wp\/v2\/posts"}],"about":[{"href":"https:\/\/haircenterofturkey.com\/tr\/wp-json\/wp\/v2\/types\/post"}],"author":[{"embeddable":true,"href":"https:\/\/haircenterofturkey.com\/tr\/wp-json\/wp\/v2\/users\/2"}],"replies":[{"embeddable":true,"href":"https:\/\/haircenterofturkey.com\/tr\/wp-json\/wp\/v2\/comments?post=36214"}],"version-history":[{"count":3,"href":"https:\/\/haircenterofturkey.com\/tr\/wp-json\/wp\/v2\/posts\/36214\/revisions"}],"predecessor-version":[{"id":36236,"href":"https:\/\/haircenterofturkey.com\/tr\/wp-json\/wp\/v2\/posts\/36214\/revisions\/36236"}],"wp:featuredmedia":[{"embeddable":true,"href":"https:\/\/haircenterofturkey.com\/tr\/wp-json\/wp\/v2\/media\/36231"}],"wp:attachment":[{"href":"https:\/\/haircenterofturkey.com\/tr\/wp-json\/wp\/v2\/media?parent=36214"}],"wp:term":[{"taxonomy":"category","embeddable":true,"href":"https:\/\/haircenterofturkey.com\/tr\/wp-json\/wp\/v2\/categories?post=36214"},{"taxonomy":"post_tag","embeddable":true,"href":"https:\/\/haircenterofturkey.com\/tr\/wp-json\/wp\/v2\/tags?post=36214"}],"curies":[{"name":"wp","href":"https:\/\/api.w.org\/{rel}","templated":true}]}}