{"id":36198,"date":"2026-04-23T11:37:24","date_gmt":"2026-04-23T08:37:24","guid":{"rendered":"https:\/\/haircenterofturkey.com\/?p=36198"},"modified":"2026-04-23T12:17:52","modified_gmt":"2026-04-23T09:17:52","slug":"yagli-sac-bakimi-rehberi","status":"publish","type":"post","link":"https:\/\/haircenterofturkey.com\/tr\/yagli-sac-bakimi-rehberi\/","title":{"rendered":"Ya\u011fl\u0131 Sa\u00e7 Bak\u0131m\u0131: Sa\u00e7 Derisini Dengelemenin Yolu"},"content":{"rendered":"\n<p>Sabah y\u0131kad\u0131\u011f\u0131n\u0131z sa\u00e7\u0131n \u00f6\u011fleden sonra yine a\u011f\u0131rla\u015fm\u0131\u015f, k\u00f6k\u00fcnden parlamaya ba\u015flam\u0131\u015f olmas\u0131n\u0131 \u00e7o\u011fu insan iyi bilir. Sa\u00e7 derisinin do\u011fal ya\u011f\u0131, yani <strong>sebum<\/strong>, asl\u0131nda koruyucu bir g\u00f6rev \u00fcstlenir. Ama dengesi bozuldu\u011funda hem g\u00f6r\u00fcn\u00fcm hem konfor etkileniyor. \u0130\u015fin tuhaf\u0131, ya\u011fl\u0131 sa\u00e7lara uygulanan ilk refleksler \u00e7o\u011fu zaman sorunu b\u00fcy\u00fct\u00fcyor. Ne kadar \u00e7ok y\u0131karsam o kadar temiz kal\u0131r mant\u0131\u011f\u0131, sa\u00e7 derisinin ger\u00e7ek davran\u0131\u015f\u0131yla pek uyu\u015fmuyor.<\/p>\n\n\n\n<h2 class=\"wp-block-heading\" id=\"sa\u00e7-derisi-neden-ihtiya\u00e7tan-fazla-ya\u011f-\u00fcretir\">Sa\u00e7 derisi neden ihtiya\u00e7tan fazla ya\u011f \u00fcretir?<\/h2>\n\n\n\n<p><strong>Sebum \u00fcretimi<\/strong> tek bir nedene ba\u011fl\u0131 de\u011fil. Genetik yatk\u0131nl\u0131k olabilir, hormonlar devreye girmi\u015f olabilir; hatta stres ve uyku d\u00fczeni bile etkili. Bir bak\u0131ma sa\u00e7 derisi, v\u00fccudun k\u00fc\u00e7\u00fck bir g\u00f6stergesi gibi davran\u0131r. A\u015f\u0131r\u0131 s\u0131cak su, sert \u015fampuanlar, s\u0131k f\u0131r\u00e7alama ve yanl\u0131\u015f uygulanan sa\u00e7 maskeleri sebumu uyararak \u00fcretimi art\u0131rabilir.<\/p>\n\n\n\n<div class=\"wp-block-rank-math-toc-block\" id=\"rank-math-toc\"><h2>\u0130\u00e7indekiler<\/h2><nav><ul><li class=\"\"><a href=\"#sa\u00e7-derisi-neden-ihtiya\u00e7tan-fazla-ya\u011f-\u00fcretir\">Sa\u00e7 derisi neden ihtiya\u00e7tan fazla ya\u011f \u00fcretir?<\/a><\/li><li class=\"\"><a href=\"#y\u0131kama-s\u0131kl\u0131\u011f\u0131-meselesi\">Y\u0131kama s\u0131kl\u0131\u011f\u0131 meselesi<\/a><\/li><li class=\"\"><a href=\"#\u015fampuan-se\u00e7erken-nelere-bakmal\u0131\">\u015eampuan se\u00e7erken nelere bakmal\u0131<\/a><\/li><li class=\"\"><a href=\"#sa\u00e7-derisini-sakinle\u015ftiren-g\u00fcnl\u00fck-rutinler\">Sa\u00e7 derisini sakinle\u015ftiren g\u00fcnl\u00fck rutinler<\/a><\/li><li class=\"\"><a href=\"#ya\u011flanmay\u0131-sessizce-tetikleyen-al\u0131\u015fkanl\u0131klar\">Ya\u011flanmay\u0131 sessizce tetikleyen al\u0131\u015fkanl\u0131klar<\/a><\/li><li class=\"\"><a href=\"#beslenme-hormonlar-ve-dengenin-di\u011fer-y\u00fcz\u00fc\">Beslenme, hormonlar ve dengenin di\u011fer y\u00fcz\u00fc<\/a><\/li><li class=\"\"><a href=\"#ya\u011flanma-ile-sa\u00e7-d\u00f6k\u00fclmesi-aras\u0131ndaki-ba\u011f\">Ya\u011flanma ile sa\u00e7 d\u00f6k\u00fclmesi aras\u0131ndaki ba\u011f<\/a><\/li><li class=\"\"><a href=\"#profesyonel-de\u011ferlendirme-ne-zaman-devreye-girmeli\">Profesyonel de\u011ferlendirme ne zaman devreye girmeli?<\/a><\/li><li class=\"\"><a href=\"#son-d\u00fc\u015f\u00fcnceler\">Son D\u00fc\u015f\u00fcnceler<\/a><\/li><li class=\"\"><a href=\"#s\u0131k\u00e7a-sorulan-sorular\">S\u0131k\u00e7a Sorulan Sorular<\/a><ul><li class=\"\"><a href=\"#faq-71b5e929\">Ya\u011fl\u0131 sa\u00e7lar her g\u00fcn y\u0131kanmal\u0131 m\u0131?<\/a><\/li><li class=\"\"><a href=\"#faq-eafefecc\">Ya\u011fl\u0131 sa\u00e7lar i\u00e7in en uygun \u015fampuan i\u00e7erikleri neler?<\/a><\/li><li class=\"\"><a href=\"#faq-881928bb\">Ya\u011fl\u0131 sa\u00e7larda bak\u0131m maskesi kullan\u0131l\u0131r m\u0131?<\/a><\/li><li class=\"\"><a href=\"#faq-ba86f056\">A\u015f\u0131r\u0131 ya\u011flanma sa\u00e7 d\u00f6k\u00fclmesine yol a\u00e7ar m\u0131?<\/a><\/li><li class=\"\"><a href=\"#faq-7c02d4e8\">Hangi durumda klinikte sa\u00e7 derisi analizi yapt\u0131rmal\u0131y\u0131m?<\/a><\/li><\/ul><\/li><\/ul><\/nav><\/div>\n\n\n\n<p>Bir ba\u015fka \u00f6nemli ayr\u0131nt\u0131: mevsim ge\u00e7i\u015fleri. Hava nemi d\u00fc\u015ft\u00fc\u011f\u00fcnde sa\u00e7 derisi kurur ve kendini telafi etmek i\u00e7in daha \u00e7ok ya\u011f salg\u0131lar. Yani ayn\u0131 ki\u015fide k\u0131\u015f\u0131n daha kuru, yaz\u0131n daha ya\u011fl\u0131 bir sa\u00e7 deneyimi olu\u015fmas\u0131 al\u0131\u015f\u0131lmad\u0131k de\u011fil.<\/p>\n\n\n\n<figure class=\"wp-block-image size-large\"><img loading=\"lazy\" decoding=\"async\" width=\"1024\" height=\"569\" src=\"https:\/\/haircenterofturkey.com\/wp-content\/uploads\/2026\/04\/Yikama-sikligi-meselesi-1024x569.webp\" alt=\"\" class=\"wp-image-36210\" title=\"\" srcset=\"https:\/\/haircenterofturkey.com\/wp-content\/uploads\/2026\/04\/Yikama-sikligi-meselesi-1024x569.webp 1024w, https:\/\/haircenterofturkey.com\/wp-content\/uploads\/2026\/04\/Yikama-sikligi-meselesi-300x167.webp 300w, https:\/\/haircenterofturkey.com\/wp-content\/uploads\/2026\/04\/Yikama-sikligi-meselesi-768x427.webp 768w, https:\/\/haircenterofturkey.com\/wp-content\/uploads\/2026\/04\/Yikama-sikligi-meselesi-150x83.webp 150w, https:\/\/haircenterofturkey.com\/wp-content\/uploads\/2026\/04\/Yikama-sikligi-meselesi.webp 1080w\" sizes=\"auto, (max-width: 1024px) 100vw, 1024px\" \/><\/figure>\n\n\n\n<h2 class=\"wp-block-heading\" id=\"y\u0131kama-s\u0131kl\u0131\u011f\u0131-meselesi\">Y\u0131kama s\u0131kl\u0131\u011f\u0131 meselesi<\/h2>\n\n\n\n<p>Her g\u00fcn y\u0131kamak da yetersiz hissettirebiliyor, g\u00fcn a\u015f\u0131r\u0131 y\u0131kamak da baz\u0131lar\u0131na \u00e7ok seyrek geliyor. Pratikte ortada bir denge var. Sa\u00e7 derisi kurudu\u011funda kendini korumak i\u00e7in daha fazla ya\u011f \u00fcretmeye ba\u015flar. Yani s\u0131k s\u0131k y\u0131kamak, k\u0131sa vadede temiz hissettirse bile uzun vadede ya\u011flanmay\u0131 tetikleyebiliyor.<\/p>\n\n\n\n<p>\u00c7o\u011fu ki\u015fide g\u00fcna\u015f\u0131r\u0131 bir tempo dengeyi yakalamak i\u00e7in yeterli oluyor. Spor yapt\u0131\u011f\u0131n\u0131z ya da yo\u011fun terledi\u011finiz g\u00fcnlerde elbette istisna yap\u0131labilir.<\/p>\n\n\n\n<h2 class=\"wp-block-heading\" id=\"\u015fampuan-se\u00e7erken-nelere-bakmal\u0131\">\u015eampuan se\u00e7erken nelere bakmal\u0131<\/h2>\n\n\n\n<p>Etiket okumak ger\u00e7ekten \u00f6nemli. Ya\u011fl\u0131 sa\u00e7lar i\u00e7in tasarlanm\u0131\u015f form\u00fcller genelde hafif temizleyiciler i\u00e7erir; a\u011f\u0131r silikonlardan ve kal\u0131n kremsi yap\u0131dan ka\u00e7\u0131n\u0131r. A\u015f\u0131r\u0131 k\u00f6p\u00fcren, s\u00fclfat oran\u0131 y\u00fcksek \u00fcr\u00fcnler ise sa\u00e7 derisini fazla soyup \u00fcretimi tetikleyebiliyor.<\/p>\n\n\n\n<p>\u015eampuan se\u00e7iminde dikkat edilmesi gereken birka\u00e7 noktaya bakal\u0131m:<\/p>\n\n\n\n<ul class=\"wp-block-list\">\n<li>Hafif yap\u0131da, berrakla\u015ft\u0131r\u0131c\u0131 ama agresif olmayan form\u00fcller tercih edin<\/li>\n\n\n\n<li>\u0130\u00e7eri\u011finde \u00e7ay a\u011fac\u0131, salisilik asit veya niasinamid gibi sebum dengeleyici bile\u015fenler bulunsun<\/li>\n\n\n\n<li>A\u011f\u0131r ya\u011flar ve silikonlar k\u00f6ke yak\u0131n b\u00f6lgede birikim yapabilir, onlardan uzak durun<\/li>\n\n\n\n<li>Sa\u00e7 kremini sadece u\u00e7lara uygulay\u0131n, asla sa\u00e7 derisine de\u011fdirmeyin<\/li>\n\n\n\n<li>Berrakla\u015ft\u0131r\u0131c\u0131 \u015fampuanlar\u0131 haftada birden fazla kullanmay\u0131n<\/li>\n<\/ul>\n\n\n\n<p>Bir nokta var ki \u00e7o\u011fu ki\u015fi atl\u0131yor: \u00fcr\u00fcn rotasyonu. Ayn\u0131 \u015fampuan\u0131 y\u0131llarca kullanmak zorunda de\u011filsiniz; mevsime ve sa\u00e7 derisinin tepkisine g\u00f6re de\u011fi\u015ftirmek asl\u0131nda i\u015fe yarayabiliyor.<\/p>\n\n\n\n<figure class=\"wp-block-image size-large\"><img loading=\"lazy\" decoding=\"async\" width=\"1024\" height=\"569\" src=\"https:\/\/haircenterofturkey.com\/wp-content\/uploads\/2026\/04\/Sac-derisini-sakinlestiren-gunluk-rutinler-1024x569.webp\" alt=\"\" class=\"wp-image-36211\" title=\"\" srcset=\"https:\/\/haircenterofturkey.com\/wp-content\/uploads\/2026\/04\/Sac-derisini-sakinlestiren-gunluk-rutinler-1024x569.webp 1024w, https:\/\/haircenterofturkey.com\/wp-content\/uploads\/2026\/04\/Sac-derisini-sakinlestiren-gunluk-rutinler-300x167.webp 300w, https:\/\/haircenterofturkey.com\/wp-content\/uploads\/2026\/04\/Sac-derisini-sakinlestiren-gunluk-rutinler-768x427.webp 768w, https:\/\/haircenterofturkey.com\/wp-content\/uploads\/2026\/04\/Sac-derisini-sakinlestiren-gunluk-rutinler-150x83.webp 150w, https:\/\/haircenterofturkey.com\/wp-content\/uploads\/2026\/04\/Sac-derisini-sakinlestiren-gunluk-rutinler.webp 1080w\" sizes=\"auto, (max-width: 1024px) 100vw, 1024px\" \/><\/figure>\n\n\n\n<h2 class=\"wp-block-heading\" id=\"sa\u00e7-derisini-sakinle\u015ftiren-g\u00fcnl\u00fck-rutinler\">Sa\u00e7 derisini sakinle\u015ftiren g\u00fcnl\u00fck rutinler<\/h2>\n\n\n\n<p><strong>Ya\u011fl\u0131 sa\u00e7<\/strong> deyince akla genelde sertlik geliyor. Oysa sa\u00e7 derisi en \u00e7ok d\u00fczenli ve nazik yakla\u015f\u0131mdan etkileniyor. Il\u0131k suyla y\u0131kamak, parmak u\u00e7lar\u0131yla nazik\u00e7e masaj yapmak ve havluyu s\u00fcrtmek yerine bast\u0131rarak kurutmak k\u00fc\u00e7\u00fck ama kal\u0131c\u0131 farklar yarat\u0131yor.<\/p>\n\n\n\n<p>Sa\u00e7 f\u0131r\u00e7as\u0131 se\u00e7imi de g\u00f6z ard\u0131 edilmemeli. Yumu\u015fak k\u0131ll\u0131, do\u011fal liflerden yap\u0131lm\u0131\u015f f\u0131r\u00e7alar sebumu u\u00e7lara do\u011fru ta\u015f\u0131yarak hem sa\u00e7 derisini rahatlat\u0131r hem sa\u00e7\u0131n daha sa\u011fl\u0131kl\u0131 g\u00f6r\u00fcnmesine yard\u0131mc\u0131 olur. Ayr\u0131ca f\u0131r\u00e7ay\u0131 haftada bir defa hafif sabunlu suyla y\u0131kamak, \u00fcr\u00fcn art\u0131klar\u0131n\u0131n sa\u00e7 derisine geri d\u00f6nmesini engelliyor.<\/p>\n\n\n\n<h2 class=\"wp-block-heading\" id=\"ya\u011flanmay\u0131-sessizce-tetikleyen-al\u0131\u015fkanl\u0131klar\">Ya\u011flanmay\u0131 sessizce tetikleyen al\u0131\u015fkanl\u0131klar<\/h2>\n\n\n\n<p>Baz\u0131 \u015feyler do\u011frudan sa\u00e7la ilgili g\u00f6r\u00fcnmese de etki ediyor. Sa\u00e7 derisinin tepkisini ger\u00e7ekten anlamak istiyorsan\u0131z \u015fu davran\u0131\u015flar\u0131 bir g\u00f6zden ge\u00e7irin:<\/p>\n\n\n\n<ul class=\"wp-block-list\">\n<li>G\u00fcn i\u00e7inde sa\u00e7a s\u00fcrekli dokunmak ve yast\u0131k k\u0131l\u0131f\u0131n\u0131 seyrek de\u011fi\u015ftirmek<\/li>\n\n\n\n<li>\u00c7ok s\u0131cak suyla y\u0131kamak ve hemen ard\u0131ndan s\u0131cak f\u00f6n kullanmak<\/li>\n\n\n\n<li>Kuru \u015fampuan\u0131 s\u00fcrekli ve fazla miktarda uygulamak<\/li>\n\n\n\n<li>Yo\u011fun sa\u00e7 bak\u0131m ya\u011flar\u0131n\u0131 k\u00f6ke yak\u0131n b\u00f6lgeye s\u00fcrmek<\/li>\n\n\n\n<li>Spor sonras\u0131 terli sa\u00e7\u0131 uzun s\u00fcre toplu b\u0131rakmak<\/li>\n<\/ul>\n\n\n\n<p>Bu detaylar\u0131n tek ba\u015f\u0131na etkisi k\u00fc\u00e7\u00fck g\u00f6r\u00fcnebilir. Birikince fark ediliyor.<\/p>\n\n\n\n<h2 class=\"wp-block-heading\" id=\"beslenme-hormonlar-ve-dengenin-di\u011fer-y\u00fcz\u00fc\">Beslenme, hormonlar ve dengenin di\u011fer y\u00fcz\u00fc<\/h2>\n\n\n\n<p>Sa\u00e7 y\u00fczeyde ba\u015flasa da k\u00f6k\u00fc v\u00fccudun i\u00e7inde. A\u015f\u0131r\u0131 \u015fekerli ve i\u015flenmi\u015f yiyecekler, baz\u0131 ki\u015filerde sebum \u00fcretimini art\u0131rabilir. \u00c7inko, B vitaminleri ve omega-3 ya\u011f asitleri ise sa\u00e7 derisinin do\u011fal dengesini destekledi\u011fi bilinen bile\u015fenlerin aras\u0131nda.<\/p>\n\n\n\n<p>Hormonal de\u011fi\u015fimler \u00f6zellikle ergenlikte, gebelik sonras\u0131nda ya da menopozda sa\u00e7 derisinin davran\u0131\u015f\u0131n\u0131 ciddi bi\u00e7imde de\u011fi\u015ftirebiliyor. \u015eikayet uzun s\u00fcrd\u00fc\u011f\u00fcnde sebep yaln\u0131zca bak\u0131m rutininde aranmamal\u0131.<\/p>\n\n\n\n<h2 class=\"wp-block-heading\" id=\"ya\u011flanma-ile-sa\u00e7-d\u00f6k\u00fclmesi-aras\u0131ndaki-ba\u011f\">Ya\u011flanma ile sa\u00e7 d\u00f6k\u00fclmesi aras\u0131ndaki ba\u011f<\/h2>\n\n\n\n<p>A\u015f\u0131r\u0131 <strong>sebum \u00fcretimi<\/strong>nin tek ba\u015f\u0131na <strong>sa\u00e7 d\u00f6kmesi<\/strong> nadirdir. Ama ya\u011flanmaya e\u015flik eden kepeklenme, ka\u015f\u0131nt\u0131 veya seboreik dermatit gibi durumlar sa\u00e7 k\u00f6klerini zay\u0131flatabiliyor. Folik\u00fcl uzun s\u00fcre t\u0131kal\u0131 kal\u0131rsa sa\u00e7 telinin sa\u011fl\u0131\u011f\u0131 da etkileniyor.<\/p>\n\n\n\n<p>Ya\u011flanma s\u00fcrekli hale geldi\u011finde meseleyi sadece kozmetik bir konu de\u011fil, sa\u00e7 derisi sa\u011fl\u0131\u011f\u0131yla ilgili bir uyar\u0131 olarak okumak daha do\u011fru. \u00d6zellikle kad\u0131nlarda hormonal nedenlerle ba\u015flayan ya\u011flanma art\u0131\u015f\u0131na e\u015flik eden incelme g\u00f6zlenebiliyor; bu da de\u011ferlendirme i\u00e7in iyi bir nedendir.<\/p>\n\n\n\n<h2 class=\"wp-block-heading\" id=\"profesyonel-de\u011ferlendirme-ne-zaman-devreye-girmeli\">Profesyonel de\u011ferlendirme ne zaman devreye girmeli?<\/h2>\n\n\n\n<p>Birka\u00e7 haftal\u0131k do\u011fru bak\u0131ma ra\u011fmen de\u011fi\u015fiklik olmuyorsa, sa\u00e7 derisi s\u00fcrekli ka\u015f\u0131n\u0131yorsa ya da d\u00f6k\u00fclmeyle beraber ya\u011flanma art\u0131yorsa evdeki \u00fcr\u00fcnlerden \u00f6teye ge\u00e7mek gerekir. \u0130stanbul&#8217;da yap\u0131land\u0131r\u0131lm\u0131\u015f bir de\u011ferlendirme s\u00fcreciyle \u00e7al\u0131\u015fan kliniklerde sa\u00e7 derisi mikroskobik olarak inceleniyor; sebum \u00fcretimi, folik\u00fcl s\u0131kl\u0131\u011f\u0131 ve don\u00f6r b\u00f6lgesinin genel durumu birlikte ele al\u0131n\u0131yor.<\/p>\n\n\n\n<p><strong>Hair Center of Turkey<\/strong> gibi klinikler bu s\u00fcreci do\u011frudan tedavi \u00f6nererek de\u011fil, \u00f6nce sa\u00e7 derisini ve genel sa\u00e7 sa\u011fl\u0131\u011f\u0131n\u0131 analiz ederek ba\u015flat\u0131yor. Bu yakla\u015f\u0131m hem ya\u011flanma kaynakl\u0131 \u015fikayetler hem ileride g\u00fcndeme gelebilecek planlamalar i\u00e7in sa\u011flam bir ba\u015flang\u0131\u00e7 noktas\u0131 olu\u015fturuyor.<\/p>\n\n\n\n<h2 class=\"wp-block-heading\" id=\"son-d\u00fc\u015f\u00fcnceler\">Son D\u00fc\u015f\u00fcnceler<\/h2>\n\n\n\n<p><strong>Ya\u011fl\u0131 sa\u00e7lar\u0131n y\u00f6netimi<\/strong> karma\u015f\u0131k bir bilim de\u011fil; ama sab\u0131r ister. Y\u0131kama temposu, \u00fcr\u00fcn se\u00e7imi, beslenme al\u0131\u015fkanl\u0131klar\u0131 ve sa\u00e7 derisine yakla\u015f\u0131m birlikte \u00e7al\u0131\u015ft\u0131\u011f\u0131nda de\u011fi\u015fim genelde birka\u00e7 hafta i\u00e7inde belirginle\u015fiyor. Sorun inat\u00e7\u0131ysa, bu durum \u00e7o\u011fu zaman daha derin bir de\u011ferlendirme gerektiren bir i\u015faret olabilir. <strong>Hair Center of Turkey<\/strong>&#8216;in \u0130stanbul&#8217;daki yap\u0131land\u0131r\u0131lm\u0131\u015f s\u00fcrecinde oldu\u011fu gibi, planl\u0131 ve ki\u015fiye \u00f6zel bir bak\u0131\u015f a\u00e7\u0131s\u0131 i\u015fleri kolayla\u015ft\u0131r\u0131r. Yani \u00f6nce sa\u00e7 derisinin ger\u00e7ekten ne istedi\u011fini anlamak, sonra gerisini \u015fekillendirmek genelde en sa\u011fl\u0131kl\u0131 yol oluyor.<\/p>\n\n\n\n<h2 class=\"wp-block-heading\" id=\"s\u0131k\u00e7a-sorulan-sorular\">S\u0131k\u00e7a Sorulan Sorular<\/h2>\n\n\n<div id=\"rank-math-faq\" class=\"rank-math-block\">\n<div class=\"rank-math-list \">\n<div id=\"faq-71b5e929\" class=\"rank-math-list-item\">\n<h3 class=\"rank-math-question \">Ya\u011fl\u0131 sa\u00e7lar her g\u00fcn y\u0131kanmal\u0131 m\u0131?<\/h3>\n<div class=\"rank-math-answer \">\n\n<p>Genelde her g\u00fcn y\u0131kamak gerekmiyor. Sa\u00e7 derisi s\u0131k y\u0131kamaya kuruyarak ve daha \u00e7ok ya\u011f \u00fcreterek tepki verebilir. \u00c7o\u011fu ki\u015fide g\u00fcna\u015f\u0131r\u0131 bir tempo, dengeyi kurmak i\u00e7in yeterli oluyor.<\/p>\n\n<\/div>\n<\/div>\n<div id=\"faq-eafefecc\" class=\"rank-math-list-item\">\n<h3 class=\"rank-math-question \">Ya\u011fl\u0131 sa\u00e7lar i\u00e7in en uygun \u015fampuan i\u00e7erikleri neler?<\/h3>\n<div class=\"rank-math-answer \">\n\n<p>\u00c7ay a\u011fac\u0131, salisilik asit ve niasinamid gibi sebum dengeleyici bile\u015fenler i\u015fe yar\u0131yor. A\u011f\u0131r silikon, yo\u011fun ya\u011f ve a\u015f\u0131r\u0131 s\u00fclfat i\u00e7eren form\u00fcllerden uzak durmak daha sa\u011fl\u0131kl\u0131.<\/p>\n\n<\/div>\n<\/div>\n<div id=\"faq-881928bb\" class=\"rank-math-list-item\">\n<h3 class=\"rank-math-question \">Ya\u011fl\u0131 sa\u00e7larda bak\u0131m maskesi kullan\u0131l\u0131r m\u0131?<\/h3>\n<div class=\"rank-math-answer \">\n\n<p>Kullan\u0131l\u0131r, ancak i\u00e7erik ve uygulama b\u00f6lgesi \u00f6nemli. Maskeyi sadece sa\u00e7 u\u00e7lar\u0131na ve orta b\u00f6lgeye uygulamak, k\u00f6ke de\u011fdirmemek dengeyi bozmamak i\u00e7in pratik bir kural.<\/p>\n\n<\/div>\n<\/div>\n<div id=\"faq-ba86f056\" class=\"rank-math-list-item\">\n<h3 class=\"rank-math-question \">A\u015f\u0131r\u0131 ya\u011flanma sa\u00e7 d\u00f6k\u00fclmesine yol a\u00e7ar m\u0131?<\/h3>\n<div class=\"rank-math-answer \">\n\n<p>Tek ba\u015f\u0131na nadiren neden olur. Ama e\u015flik eden kepeklenme, ka\u015f\u0131nt\u0131 veya seboreik dermatit folik\u00fcle bask\u0131 yaparsa d\u00f6k\u00fclme tetiklenebilir. S\u00fcrekli ya\u011flanmada uzman de\u011ferlendirmesi yararl\u0131 olur.<\/p>\n\n<\/div>\n<\/div>\n<div id=\"faq-7c02d4e8\" class=\"rank-math-list-item\">\n<h3 class=\"rank-math-question \">Hangi durumda klinikte sa\u00e7 derisi analizi yapt\u0131rmal\u0131y\u0131m?<\/h3>\n<div class=\"rank-math-answer \">\n\n<p>Birka\u00e7 haftal\u0131k do\u011fru bak\u0131ma ra\u011fmen de\u011fi\u015fiklik olmuyorsa, ka\u015f\u0131nt\u0131 veya d\u00f6k\u00fclme eklendiyse ya da ya\u011flanma giderek belirginle\u015fiyorsa profesyonel de\u011ferlendirme \u00f6nerilir. Hair Center of Turkey gibi yap\u0131land\u0131r\u0131lm\u0131\u015f kliniklerde mikroskobik analiz yap\u0131labiliyor.<\/p>\n\n<\/div>\n<\/div>\n<\/div>\n<\/div>","protected":false},"excerpt":{"rendered":"<p>Sabah y\u0131kad\u0131\u011f\u0131n\u0131z sa\u00e7\u0131n \u00f6\u011fleden sonra yine a\u011f\u0131rla\u015fm\u0131\u015f, k\u00f6k\u00fcnden parlamaya ba\u015flam\u0131\u015f olmas\u0131n\u0131 \u00e7o\u011fu insan iyi bilir. Sa\u00e7 derisinin do\u011fal ya\u011f\u0131, yani sebum, asl\u0131nda koruyucu bir g\u00f6rev \u00fcstlenir. Ama dengesi bozuldu\u011funda hem g\u00f6r\u00fcn\u00fcm hem konfor etkileniyor. \u0130\u015fin tuhaf\u0131, ya\u011fl\u0131 sa\u00e7lara uygulanan ilk refleksler \u00e7o\u011fu zaman sorunu b\u00fcy\u00fct\u00fcyor. Ne kadar \u00e7ok y\u0131karsam o kadar temiz kal\u0131r mant\u0131\u011f\u0131, sa\u00e7 [&hellip;]<\/p>\n","protected":false},"author":2,"featured_media":36209,"comment_status":"closed","ping_status":"open","sticky":false,"template":"","format":"standard","meta":{"footnotes":""},"categories":[933],"tags":[],"class_list":["post-36198","post","type-post","status-publish","format-standard","has-post-thumbnail","hentry","category-sac-bakimi-2"],"_links":{"self":[{"href":"https:\/\/haircenterofturkey.com\/tr\/wp-json\/wp\/v2\/posts\/36198","targetHints":{"allow":["GET"]}}],"collection":[{"href":"https:\/\/haircenterofturkey.com\/tr\/wp-json\/wp\/v2\/posts"}],"about":[{"href":"https:\/\/haircenterofturkey.com\/tr\/wp-json\/wp\/v2\/types\/post"}],"author":[{"embeddable":true,"href":"https:\/\/haircenterofturkey.com\/tr\/wp-json\/wp\/v2\/users\/2"}],"replies":[{"embeddable":true,"href":"https:\/\/haircenterofturkey.com\/tr\/wp-json\/wp\/v2\/comments?post=36198"}],"version-history":[{"count":2,"href":"https:\/\/haircenterofturkey.com\/tr\/wp-json\/wp\/v2\/posts\/36198\/revisions"}],"predecessor-version":[{"id":36212,"href":"https:\/\/haircenterofturkey.com\/tr\/wp-json\/wp\/v2\/posts\/36198\/revisions\/36212"}],"wp:featuredmedia":[{"embeddable":true,"href":"https:\/\/haircenterofturkey.com\/tr\/wp-json\/wp\/v2\/media\/36209"}],"wp:attachment":[{"href":"https:\/\/haircenterofturkey.com\/tr\/wp-json\/wp\/v2\/media?parent=36198"}],"wp:term":[{"taxonomy":"category","embeddable":true,"href":"https:\/\/haircenterofturkey.com\/tr\/wp-json\/wp\/v2\/categories?post=36198"},{"taxonomy":"post_tag","embeddable":true,"href":"https:\/\/haircenterofturkey.com\/tr\/wp-json\/wp\/v2\/tags?post=36198"}],"curies":[{"name":"wp","href":"https:\/\/api.w.org\/{rel}","templated":true}]}}