{"id":36181,"date":"2026-04-22T15:39:49","date_gmt":"2026-04-22T12:39:49","guid":{"rendered":"https:\/\/haircenterofturkey.com\/?p=36181"},"modified":"2026-04-23T12:20:38","modified_gmt":"2026-04-23T09:20:38","slug":"takviye-almak-sac-dokulmesini-engeller-mi","status":"publish","type":"post","link":"https:\/\/haircenterofturkey.com\/tr\/takviye-almak-sac-dokulmesini-engeller-mi\/","title":{"rendered":"Takviye Almak Sa\u00e7 D\u00f6k\u00fclmesini Engeller Mi?"},"content":{"rendered":"\n<p><strong>Sa\u00e7 d\u00f6k\u00fclmesi<\/strong>, pek \u00e7ok ki\u015finin sessizce ya\u015fad\u0131\u011f\u0131 bir konu. Aynada biraz daha seyrek g\u00f6r\u00fcnen \u00f6n b\u00f6lgeler, yast\u0131kta biriken teller, du\u015f gideri&#8230; Ve ard\u0131ndan hep ayn\u0131 soru geliyor: &#8220;Acaba bir takviye alsam \u00e7\u00f6z\u00fcl\u00fcr m\u00fc?&#8221;<\/p>\n\n\n\n<p>Takviyelerin sa\u00e7 d\u00f6k\u00fclmesindeki ger\u00e7ek rol\u00fcn\u00fc, ne zaman i\u015fe yarad\u0131\u011f\u0131n\u0131, ne zaman yetersiz kald\u0131\u011f\u0131n\u0131 sakin bir dille ele alal\u0131m.<\/p>\n\n\n\n<h2 class=\"wp-block-heading\" id=\"sa\u00e7-d\u00f6k\u00fclmesinin-alt\u0131ndaki-ger\u00e7ek-neden\">Sa\u00e7 D\u00f6k\u00fclmesinin Alt\u0131ndaki Ger\u00e7ek Neden<\/h2>\n\n\n\n<p>Sa\u00e7\u0131n d\u00f6k\u00fclmesi genelde tek bir sebeple olmaz. Genetik yatk\u0131nl\u0131k, hormonal dalgalanmalar, stres, beslenme eksiklikleri, tiroid sorunlar\u0131 ya da son y\u0131llarda s\u0131k\u00e7a konu\u015fulan demir-ferritin eksikli\u011fi gibi \u00e7ok say\u0131da etken i\u015fin i\u00e7ine girer.<\/p>\n\n\n\n<div class=\"wp-block-rank-math-toc-block\" id=\"rank-math-toc\"><h2>\u0130\u00e7indekiler<\/h2><nav><ul><li class=\"\"><a href=\"#sa\u00e7-d\u00f6k\u00fclmesinin-alt\u0131ndaki-ger\u00e7ek-neden\">Sa\u00e7 D\u00f6k\u00fclmesinin Alt\u0131ndaki Ger\u00e7ek Neden<\/a><\/li><li class=\"\"><a href=\"#takviyeler-ger\u00e7ekten-i\u015fe-yarar-m\u0131\">Takviyeler Ger\u00e7ekten \u0130\u015fe Yarar M\u0131?<\/a><\/li><li class=\"\"><a href=\"#hangi-vitamin-ve-mineraller-\u00f6ne-\u00e7\u0131k\u0131yor\">Hangi Vitamin ve Mineraller \u00d6ne \u00c7\u0131k\u0131yor?<\/a><\/li><li class=\"\"><a href=\"#takviyeye-ba\u015flamadan-\u00f6nce-d\u00fc\u015f\u00fcn\u00fclmesi-gerekenler\">Takviyeye Ba\u015flamadan \u00d6nce D\u00fc\u015f\u00fcn\u00fclmesi Gerekenler<\/a><\/li><li class=\"\"><a href=\"#d\u00f6k\u00fclme-t\u00fcr\u00fcne-g\u00f6re-strateji-de\u011fi\u015fir\">D\u00f6k\u00fclme T\u00fcr\u00fcne G\u00f6re Strateji De\u011fi\u015fir<\/a><\/li><li class=\"\"><a href=\"#beslenme-mi-takviye-mi\">Beslenme mi, Takviye mi?<\/a><\/li><li class=\"\"><a href=\"#uzman-de\u011ferlendirmesinin-\u00f6nemi\">Uzman De\u011ferlendirmesinin \u00d6nemi<\/a><\/li><li class=\"\"><a href=\"#takviye-tek-ba\u015f\u0131na-yetmedi\u011finde\">Takviye Tek Ba\u015f\u0131na Yetmedi\u011finde<\/a><\/li><li class=\"\"><a href=\"#son-s\u00f6z\">Son S\u00f6z<\/a><\/li><li class=\"\"><a href=\"#s\u0131k\u00e7a-sorulan-sorular\">S\u0131k\u00e7a Sorulan Sorular<\/a><ul><li class=\"\"><a href=\"#faq-2d75caf7\">B12 eksikli\u011fi sa\u00e7 d\u00f6k\u00fclmesine yol a\u00e7ar m\u0131?<\/a><\/li><li class=\"\"><a href=\"#faq-728a8229\">Sa\u00e7 vitamini almak ka\u00e7 ay sonra etki eder?<\/a><\/li><li class=\"\"><a href=\"#faq-de59e1ab\">Takviye almak sa\u00e7 ekimi ihtiyac\u0131n\u0131 ortadan kald\u0131r\u0131r m\u0131?<\/a><\/li><li class=\"\"><a href=\"#faq-801e7a40\">Hangi vitamin eksikli\u011fi sa\u00e7 d\u00f6k\u00fcm\u00fcne yol a\u00e7ar?<\/a><\/li><li class=\"\"><a href=\"#faq-9c8990b7\">Sa\u00e7 d\u00f6k\u00fclmesi i\u00e7in hangi kan testleri yap\u0131lmal\u0131?<\/a><\/li><\/ul><\/li><\/ul><\/nav><\/div>\n\n\n\n<p>Yani bir insan\u0131n sa\u00e7\u0131 B12 eksikli\u011finden d\u00f6k\u00fcl\u00fcyorsa alaca\u011f\u0131 takviye i\u015fe yarayabilir. Oysa genetik bir androjenetik alopesi s\u00f6z konusuysa, takviye o s\u00fcreci durdurmaz. Ayn\u0131 tabletin bir ki\u015fide belirgin etki yarat\u0131rken ba\u015fkas\u0131nda hi\u00e7 i\u015fe yaramamas\u0131 biraz da bundan.<\/p>\n\n\n\n<h2 class=\"wp-block-heading\" id=\"takviyeler-ger\u00e7ekten-i\u015fe-yarar-m\u0131\">Takviyeler Ger\u00e7ekten \u0130\u015fe Yarar M\u0131?<\/h2>\n\n\n\n<p>K\u0131sa cevap: bazen.<\/p>\n\n\n\n<p>Uzun cevap biraz daha n\u00fcansl\u0131. Takviye, bir eksikli\u011fi tamamlad\u0131\u011f\u0131nda anlam kazan\u0131r. Kan\u0131n\u0131zda demir, D vitamini, \u00e7inko ya da biotin d\u00fc\u015f\u00fckse, bu de\u011ferleri yerine getiren bir takviye sa\u00e7 d\u00f6ng\u00fcs\u00fcn\u00fc olumlu y\u00f6nde etkileyebilir. Ama v\u00fccudunuzda bu maddeler zaten yeterli seviyedeyse, fazladan almak sa\u00e7\u0131n\u0131z\u0131 daha g\u00fcr yapmaz. Asl\u0131nda baz\u0131 vitaminlerin fazlas\u0131 sa\u00e7 sa\u011fl\u0131\u011f\u0131na ters bile d\u00fc\u015febiliyor.<\/p>\n\n\n\n<p>Pratikte \u015fu ayr\u0131m \u00f6nemli:<\/p>\n\n\n\n<ul class=\"wp-block-list\">\n<li><strong>Eksikli\u011fi giderir<\/strong>: evet, etkili olabilir<\/li>\n\n\n\n<li><strong>Destek aray\u0131\u015f\u0131<\/strong>: beklentiyi d\u00fc\u015f\u00fck tutmak gerekir<\/li>\n\n\n\n<li><strong>Hormonal veya genetik d\u00f6k\u00fclme<\/strong>: tek ba\u015f\u0131na takviye yetmez<\/li>\n\n\n\n<li><strong>Yetersiz beslenme<\/strong>: \u00f6nce tabak d\u00fczelmeli, sonra hap konu\u015fulmal\u0131<\/li>\n<\/ul>\n\n\n\n<figure class=\"wp-block-image size-large\"><img loading=\"lazy\" decoding=\"async\" width=\"1024\" height=\"569\" src=\"https:\/\/haircenterofturkey.com\/wp-content\/uploads\/2026\/04\/Hangi-Vitamin-ve-Mineraller-One-Cikiyor-1024x569.webp\" alt=\"\" class=\"wp-image-36192\" title=\"\" srcset=\"https:\/\/haircenterofturkey.com\/wp-content\/uploads\/2026\/04\/Hangi-Vitamin-ve-Mineraller-One-Cikiyor-1024x569.webp 1024w, https:\/\/haircenterofturkey.com\/wp-content\/uploads\/2026\/04\/Hangi-Vitamin-ve-Mineraller-One-Cikiyor-300x167.webp 300w, https:\/\/haircenterofturkey.com\/wp-content\/uploads\/2026\/04\/Hangi-Vitamin-ve-Mineraller-One-Cikiyor-768x427.webp 768w, https:\/\/haircenterofturkey.com\/wp-content\/uploads\/2026\/04\/Hangi-Vitamin-ve-Mineraller-One-Cikiyor-150x83.webp 150w, https:\/\/haircenterofturkey.com\/wp-content\/uploads\/2026\/04\/Hangi-Vitamin-ve-Mineraller-One-Cikiyor.webp 1080w\" sizes=\"auto, (max-width: 1024px) 100vw, 1024px\" \/><\/figure>\n\n\n\n<h2 class=\"wp-block-heading\" id=\"hangi-vitamin-ve-mineraller-\u00f6ne-\u00e7\u0131k\u0131yor\">Hangi Vitamin ve Mineraller \u00d6ne \u00c7\u0131k\u0131yor?<\/h2>\n\n\n\n<p>Sa\u00e7 sa\u011fl\u0131\u011f\u0131yla en \u00e7ok ili\u015fkilendirilen mikro besinler genelde ayn\u0131 gruptan \u00e7\u0131kar. Her biri farkl\u0131 bir g\u00f6reve sahip ama hi\u00e7biri mucize de\u011fil.<\/p>\n\n\n\n<ul class=\"wp-block-list\">\n<li><strong>Demir ve ferritin<\/strong>: \u00f6zellikle kad\u0131nlarda en s\u0131k rastlanan eksiklik<\/li>\n\n\n\n<li><strong>D vitamini<\/strong>: folik\u00fcl d\u00f6ng\u00fcs\u00fcn\u00fc etkileyen \u00f6nemli bir fakt\u00f6r<\/li>\n\n\n\n<li><strong>B12 ve folat<\/strong>: vejetaryen ya da vegan beslenmede s\u0131k d\u00fc\u015fer<\/li>\n\n\n\n<li><strong>\u00c7inko<\/strong>: keratin \u00fcretimine katk\u0131 sa\u011flar<\/li>\n\n\n\n<li><strong>Biyotin (B7)<\/strong>: pop\u00fclerdir ama ger\u00e7ek eksiklik olduk\u00e7a nadirdir<\/li>\n\n\n\n<li><strong>Omega-3<\/strong>: sa\u00e7 derisi sa\u011fl\u0131\u011f\u0131 i\u00e7in destekleyici olabilir<\/li>\n<\/ul>\n\n\n\n<p>Bu liste bir re\u00e7ete de\u011fil. Bir kan tahlili olmadan &#8220;\u015funu alay\u0131m g\u00fcr \u00e7\u0131kar&#8221; mant\u0131\u011f\u0131 \u00e7o\u011fu zaman hayal k\u0131r\u0131kl\u0131\u011f\u0131yla sonu\u00e7lan\u0131yor.<\/p>\n\n\n\n<h2 class=\"wp-block-heading\" id=\"takviyeye-ba\u015flamadan-\u00f6nce-d\u00fc\u015f\u00fcn\u00fclmesi-gerekenler\">Takviyeye Ba\u015flamadan \u00d6nce D\u00fc\u015f\u00fcn\u00fclmesi Gerekenler<\/h2>\n\n\n\n<p>\u0130nsanlar\u0131n \u00e7o\u011fu \u00f6nce eczaneye gidiyor, sonra doktora. Oysa do\u011frusu tam tersi.<\/p>\n\n\n\n<p>Sa\u00e7 d\u00f6k\u00fclmesi bir semptom. Alt\u0131nda yatan sebep bilinmeden al\u0131nan her kutu hem b\u00fct\u00e7e yakar hem beklentiyi bo\u015fa \u00e7\u0131kar\u0131r. \u00d6nce bir kan tahlili, sonra uzman de\u011ferlendirmesi gelmeli. Basit bir ferritin testinin sonucu bile b\u00fct\u00fcn stratejiyi de\u011fi\u015ftirebilir.<\/p>\n\n\n\n<p>Ve bir de \u015fu var: takviyelerin etkisi bir haftada anla\u015f\u0131lmaz. Sa\u00e7 d\u00f6ng\u00fcs\u00fc aylar s\u00fcren bir s\u00fcre\u00e7tir. \u0130lk \u00fc\u00e7 ay genelde &#8220;bir \u015fey olmuyor&#8221; gibi hissedilir. D\u00f6rd\u00fcnc\u00fc aydan sonra, varsa, olan etki yava\u015f yava\u015f belli olur.<\/p>\n\n\n\n<h2 class=\"wp-block-heading\" id=\"d\u00f6k\u00fclme-t\u00fcr\u00fcne-g\u00f6re-strateji-de\u011fi\u015fir\">D\u00f6k\u00fclme T\u00fcr\u00fcne G\u00f6re Strateji De\u011fi\u015fir<\/h2>\n\n\n\n<p>Sa\u00e7 d\u00f6k\u00fclmesinin tek bir t\u00fcr\u00fc yok. Herkese ayn\u0131 \u00f6neriyi vermek bu y\u00fczden yanl\u0131\u015f.<\/p>\n\n\n\n<p>Telogen effluvium gibi ge\u00e7ici d\u00f6k\u00fclmelerde beslenme deste\u011fi, eksiklik giderme ve s\u00fcre\u00e7 y\u00f6netimi genelde yeterli olur. Sa\u00e7 birka\u00e7 ay i\u00e7inde eski yo\u011funlu\u011funa d\u00f6nebilir. Ama androjenetik alopesi dedi\u011fimiz genetik desende tablo farkl\u0131d\u0131r. Burada folik\u00fcller zamanla k\u00fc\u00e7\u00fcl\u00fcr ve takviye bu minyat\u00fcrle\u015fmeyi tersine \u00e7eviremez.<\/p>\n\n\n\n<p>\u0130\u015fte bu noktada yakla\u015f\u0131m de\u011fi\u015fir. <strong>Hair Center of Turkey<\/strong> gibi s\u00fcrecin ba\u015f\u0131nda ayr\u0131nt\u0131l\u0131 don\u00f6r analizi yapan kliniklerde \u00f6nce sa\u00e7\u0131n hangi d\u00f6nemde oldu\u011fu, hangi b\u00f6lgeden nas\u0131l bir yo\u011funluk kayb\u0131 ya\u015fand\u0131\u011f\u0131 de\u011ferlendirilir. Takviye, t\u0131bbi tedavi ve ekim se\u00e7enekleri ayn\u0131 yelpazede konu\u015fulur.<\/p>\n\n\n\n<h2 class=\"wp-block-heading\" id=\"beslenme-mi-takviye-mi\">Beslenme mi, Takviye mi?<\/h2>\n\n\n\n<p>\u0130kisi de de\u011ferli, ama ayn\u0131 \u015fey de\u011fil.<\/p>\n\n\n\n<p>Dengeli beslenen bir insan\u0131n \u00e7o\u011fu vitamini zaten yiyeceklerden almas\u0131 beklenir. Ger\u00e7ekten eksik olan bir mikro besin s\u00f6z konusuysa, takviye o a\u00e7\u0131\u011f\u0131 daha h\u0131zl\u0131 kapat\u0131r. Fakat \u00e7o\u011fu zaman unutulan \u015fey \u015fu: takviye, k\u00f6t\u00fc bir diyeti telafi etmez. Haz\u0131r yiyeceklerle dolu bir mutfa\u011fa biyotin eklemek pek bir \u015fey de\u011fi\u015ftirmez.<\/p>\n\n\n\n<p>Protein al\u0131m\u0131, yeterli su, demir zengini g\u0131dalar, omega-3 kaynaklar\u0131, renkli sebze ve meyve t\u00fcketimi&#8230; Temel buradad\u0131r. Takviye sadece bu temelin \u00fczerine konur.<\/p>\n\n\n\n<figure class=\"wp-block-image size-large\"><img loading=\"lazy\" decoding=\"async\" width=\"1024\" height=\"569\" src=\"https:\/\/haircenterofturkey.com\/wp-content\/uploads\/2026\/04\/Uzman-Degerlendirmesinin-Onemi-1024x569.webp\" alt=\"\" class=\"wp-image-36194\" title=\"\" srcset=\"https:\/\/haircenterofturkey.com\/wp-content\/uploads\/2026\/04\/Uzman-Degerlendirmesinin-Onemi-1024x569.webp 1024w, https:\/\/haircenterofturkey.com\/wp-content\/uploads\/2026\/04\/Uzman-Degerlendirmesinin-Onemi-300x167.webp 300w, https:\/\/haircenterofturkey.com\/wp-content\/uploads\/2026\/04\/Uzman-Degerlendirmesinin-Onemi-768x427.webp 768w, https:\/\/haircenterofturkey.com\/wp-content\/uploads\/2026\/04\/Uzman-Degerlendirmesinin-Onemi-150x83.webp 150w, https:\/\/haircenterofturkey.com\/wp-content\/uploads\/2026\/04\/Uzman-Degerlendirmesinin-Onemi.webp 1080w\" sizes=\"auto, (max-width: 1024px) 100vw, 1024px\" \/><\/figure>\n\n\n\n<h2 class=\"wp-block-heading\" id=\"uzman-de\u011ferlendirmesinin-\u00f6nemi\">Uzman De\u011ferlendirmesinin \u00d6nemi<\/h2>\n\n\n\n<p>Sa\u00e7 d\u00f6k\u00fclmesinde ilk ad\u0131m netle\u015ftirmektir. Sebep bilinmeden at\u0131lan her ad\u0131m biraz daha karanl\u0131kta y\u00fcr\u00fcmeye benzer.<\/p>\n\n\n\n<p><strong>Hair Center of Turkey<\/strong>&#8216;in \u0130stanbul&#8217;daki de\u011ferlendirme s\u00fcrecinde hasta \u00f6nce dinlenir. Hangi b\u00f6lgede, ne zamandan beri, nas\u0131l bir desende d\u00f6k\u00fclme oldu\u011fu konu\u015fulur. Ard\u0131ndan don\u00f6r alan\u0131 analiz edilir ve sa\u00e7\u0131n ilerleyen y\u0131llardaki olas\u0131 seyri \u00fczerine ger\u00e7ek\u00e7i bir tablo \u00e7izilir. Bu a\u015famada &#8220;\u015fu takviyeyi al&#8221; denmez; \u00f6nce durum anla\u015f\u0131l\u0131r, sonra strateji kurulur.<\/p>\n\n\n\n<p>Bu yakla\u015f\u0131m hem beklentiyi yerli yerine oturtur hem de hastan\u0131n zaman\u0131n\u0131 bo\u015fa harcamas\u0131n\u0131 \u00f6nler.<\/p>\n\n\n\n<h2 class=\"wp-block-heading\" id=\"takviye-tek-ba\u015f\u0131na-yetmedi\u011finde\">Takviye Tek Ba\u015f\u0131na Yetmedi\u011finde<\/h2>\n\n\n\n<p>Bazen kan de\u011ferleri d\u00fczelir, beslenme iyile\u015fir, ama d\u00f6k\u00fclme devam eder. \u00d6zellikle \u00f6n sa\u00e7 \u00e7izgisinde ve tepe b\u00f6lgesinde incelme belirginle\u015fiyorsa art\u0131k tablonun farkl\u0131 bir yorumu var demektir.<\/p>\n\n\n\n<p>Bu a\u015famada \u015fu se\u00e7enekler konu\u015fulabilir:<\/p>\n\n\n\n<ul class=\"wp-block-list\">\n<li>uzman \u00f6nerisiyle belirlenen t\u0131bbi tedaviler<\/li>\n\n\n\n<li>PRP gibi destekleyici uygulamalar<\/li>\n\n\n\n<li>kal\u0131c\u0131 \u00e7\u00f6z\u00fcm olarak sa\u00e7 ekimi planlamas\u0131<\/li>\n\n\n\n<li>gerekli durumlarda kombine bir tedavi haritas\u0131<\/li>\n<\/ul>\n\n\n\n<p>Burada \u00f6nemli olan h\u0131zl\u0131 karar de\u011fil, do\u011fru karar. <strong>Hair Center of Turkey<\/strong>&#8216;de planlama genelde hastan\u0131n ya\u015f\u0131, don\u00f6r kapasitesi, beklentisi ve d\u00f6k\u00fclmenin seyri birlikte de\u011ferlendirilerek yap\u0131l\u0131r. Erken ya\u015fta acele bir ekim yerine zamanlamay\u0131 do\u011fru kurmak \u00e7o\u011fu zaman daha k\u0131ymetli sonu\u00e7 verir.<\/p>\n\n\n\n<h2 class=\"wp-block-heading\" id=\"son-s\u00f6z\">Son S\u00f6z<\/h2>\n\n\n\n<p>Takviye, sa\u00e7 d\u00f6k\u00fclmesinde bir ara\u00e7t\u0131r \u2014 tek ba\u015f\u0131na \u00e7\u00f6z\u00fcm de\u011fil.<\/p>\n\n\n\n<p>Do\u011fru ki\u015fide, do\u011fru zamanda, ger\u00e7ek bir eksiklik varsa i\u015fe yarar. Ama genetik bir s\u00fcrecin \u00f6n\u00fcn\u00fc kesmez. Bu y\u00fczden sa\u011fl\u0131kl\u0131 olan yakla\u015f\u0131m, \u00f6nce nedeni netle\u015ftirmek, sonra stratejiyi ona g\u00f6re kurmak. <strong>Hair Center of Turkey<\/strong> gibi s\u00fcreci ad\u0131m ad\u0131m planlayan bir klinikle yap\u0131lan de\u011ferlendirme, hem zaman hem de b\u00fct\u00e7e a\u00e7\u0131s\u0131ndan daha anlaml\u0131 bir yol sunar. \u0130stanbul&#8217;da kolayca ula\u015f\u0131labilir olmas\u0131, takip s\u00fcrecini kolayla\u015ft\u0131ran bir ayr\u0131nt\u0131 olarak cebinizde kals\u0131n.<\/p>\n\n\n\n<h2 class=\"wp-block-heading\" id=\"s\u0131k\u00e7a-sorulan-sorular\">S\u0131k\u00e7a Sorulan Sorular<\/h2>\n\n\n<div id=\"rank-math-faq\" class=\"rank-math-block\">\n<div class=\"rank-math-list \">\n<div id=\"faq-2d75caf7\" class=\"rank-math-list-item\">\n<h3 class=\"rank-math-question \">B12 eksikli\u011fi sa\u00e7 d\u00f6k\u00fclmesine yol a\u00e7ar m\u0131?<\/h3>\n<div class=\"rank-math-answer \">\n\n<p>Kronik B12 eksikli\u011fi sa\u00e7 d\u00f6ng\u00fcs\u00fcn\u00fc etkileyerek d\u00f6k\u00fclmeyi tetikleyebilir. Kan tahlilinde de\u011fer d\u00fc\u015f\u00fck \u00e7\u0131kt\u0131\u011f\u0131nda B12 takviyesi destek olabilir; ancak d\u00f6k\u00fclmenin tek nedeni B12 olmayabilir, bu y\u00fczden bir uzman de\u011ferlendirmesi her zaman daha anlaml\u0131d\u0131r.<\/p>\n\n<\/div>\n<\/div>\n<div id=\"faq-728a8229\" class=\"rank-math-list-item\">\n<h3 class=\"rank-math-question \">Sa\u00e7 vitamini almak ka\u00e7 ay sonra etki eder?<\/h3>\n<div class=\"rank-math-answer \">\n\n<p>Sa\u00e7 d\u00f6ng\u00fcs\u00fc uzun oldu\u011fu i\u00e7in etki genelde 3-6 ay aras\u0131nda g\u00f6r\u00fcn\u00fcr hale gelir. \u0130lk birka\u00e7 hafta belirgin fark beklememek gerekir. Alt\u0131 ay sonra bile de\u011fi\u015fim yoksa, altta yatan sebep muhtemelen yaln\u0131zca vitamin eksikli\u011fi de\u011fildir.<\/p>\n\n<\/div>\n<\/div>\n<div id=\"faq-de59e1ab\" class=\"rank-math-list-item\">\n<h3 class=\"rank-math-question \">Takviye almak sa\u00e7 ekimi ihtiyac\u0131n\u0131 ortadan kald\u0131r\u0131r m\u0131?<\/h3>\n<div class=\"rank-math-answer \">\n\n<p>D\u00f6k\u00fclme genetik k\u00f6kenliyse, takviye bu s\u00fcreci durduramaz ve ekim ihtiyac\u0131n\u0131 ortadan kald\u0131rmaz. Telogen gibi ge\u00e7ici d\u00f6k\u00fclmelerde ise \u00e7o\u011fu zaman ekim gerekmez. Do\u011fru yan\u0131t i\u00e7in d\u00f6k\u00fclmenin tipi mutlaka belirlenmelidir.<\/p>\n\n<\/div>\n<\/div>\n<div id=\"faq-801e7a40\" class=\"rank-math-list-item\">\n<h3 class=\"rank-math-question \">Hangi vitamin eksikli\u011fi sa\u00e7 d\u00f6k\u00fcm\u00fcne yol a\u00e7ar?<\/h3>\n<div class=\"rank-math-answer \">\n\n<p>En s\u0131k rastlanan tablolar demir\/ferritin, D vitamini, B12, \u00e7inko ve folat eksiklikleridir. Biyotin eksikli\u011fi teoride etkili olsa da pratikte \u00e7ok nadir g\u00f6r\u00fcl\u00fcr. Kesin neden ancak kan tahliliyle belirlenir.<\/p>\n\n<\/div>\n<\/div>\n<div id=\"faq-9c8990b7\" class=\"rank-math-list-item\">\n<h3 class=\"rank-math-question \">Sa\u00e7 d\u00f6k\u00fclmesi i\u00e7in hangi kan testleri yap\u0131lmal\u0131?<\/h3>\n<div class=\"rank-math-answer \">\n\n<p>Genelde tam kan say\u0131m\u0131, ferritin, tiroid paneli (TSH, T3, T4), D vitamini, B12, \u00e7inko ve baz\u0131 durumlarda hormon paneli istenir. Sonu\u00e7lar sebebi daraltmada b\u00fcy\u00fck rol oynar ve sonraki ad\u0131m\u0131 \u015fekillendirir.<\/p>\n\n<\/div>\n<\/div>\n<\/div>\n<\/div>","protected":false},"excerpt":{"rendered":"<p>Sa\u00e7 d\u00f6k\u00fclmesi, pek \u00e7ok ki\u015finin sessizce ya\u015fad\u0131\u011f\u0131 bir konu. Aynada biraz daha seyrek g\u00f6r\u00fcnen \u00f6n b\u00f6lgeler, yast\u0131kta biriken teller, du\u015f gideri&#8230; Ve ard\u0131ndan hep ayn\u0131 soru geliyor: &#8220;Acaba bir takviye alsam \u00e7\u00f6z\u00fcl\u00fcr m\u00fc?&#8221; Takviyelerin sa\u00e7 d\u00f6k\u00fclmesindeki ger\u00e7ek rol\u00fcn\u00fc, ne zaman i\u015fe yarad\u0131\u011f\u0131n\u0131, ne zaman yetersiz kald\u0131\u011f\u0131n\u0131 sakin bir dille ele alal\u0131m. Sa\u00e7 D\u00f6k\u00fclmesinin Alt\u0131ndaki Ger\u00e7ek [&hellip;]<\/p>\n","protected":false},"author":2,"featured_media":36193,"comment_status":"closed","ping_status":"open","sticky":false,"template":"","format":"standard","meta":{"footnotes":""},"categories":[149],"tags":[],"class_list":["post-36181","post","type-post","status-publish","format-standard","has-post-thumbnail","hentry","category-sac-dokulmesi"],"_links":{"self":[{"href":"https:\/\/haircenterofturkey.com\/tr\/wp-json\/wp\/v2\/posts\/36181","targetHints":{"allow":["GET"]}}],"collection":[{"href":"https:\/\/haircenterofturkey.com\/tr\/wp-json\/wp\/v2\/posts"}],"about":[{"href":"https:\/\/haircenterofturkey.com\/tr\/wp-json\/wp\/v2\/types\/post"}],"author":[{"embeddable":true,"href":"https:\/\/haircenterofturkey.com\/tr\/wp-json\/wp\/v2\/users\/2"}],"replies":[{"embeddable":true,"href":"https:\/\/haircenterofturkey.com\/tr\/wp-json\/wp\/v2\/comments?post=36181"}],"version-history":[{"count":4,"href":"https:\/\/haircenterofturkey.com\/tr\/wp-json\/wp\/v2\/posts\/36181\/revisions"}],"predecessor-version":[{"id":36217,"href":"https:\/\/haircenterofturkey.com\/tr\/wp-json\/wp\/v2\/posts\/36181\/revisions\/36217"}],"wp:featuredmedia":[{"embeddable":true,"href":"https:\/\/haircenterofturkey.com\/tr\/wp-json\/wp\/v2\/media\/36193"}],"wp:attachment":[{"href":"https:\/\/haircenterofturkey.com\/tr\/wp-json\/wp\/v2\/media?parent=36181"}],"wp:term":[{"taxonomy":"category","embeddable":true,"href":"https:\/\/haircenterofturkey.com\/tr\/wp-json\/wp\/v2\/categories?post=36181"},{"taxonomy":"post_tag","embeddable":true,"href":"https:\/\/haircenterofturkey.com\/tr\/wp-json\/wp\/v2\/tags?post=36181"}],"curies":[{"name":"wp","href":"https:\/\/api.w.org\/{rel}","templated":true}]}}