{"id":36111,"date":"2026-04-21T14:11:31","date_gmt":"2026-04-21T11:11:31","guid":{"rendered":"https:\/\/haircenterofturkey.com\/?p=36111"},"modified":"2026-04-23T12:21:54","modified_gmt":"2026-04-23T09:21:54","slug":"sac-ektirmek-kansere-neden-olur-mu","status":"publish","type":"post","link":"https:\/\/haircenterofturkey.com\/tr\/sac-ektirmek-kansere-neden-olur-mu\/","title":{"rendered":"Sa\u00e7 Ektirmek Kansere Neden Olur Mu? Bilimsel Yan\u0131t"},"content":{"rendered":"\n<p>\u0130nternette <strong>sa\u00e7 ekimi<\/strong> ara\u015ft\u0131r\u0131rken kar\u015f\u0131na \u00e7\u0131kan sorulardan en tuhaf olan\u0131 belki de bu. Hastalar\u0131n bir k\u0131sm\u0131 klini\u011fe geldi\u011finde bunu y\u00fcksek sesle sormaktan \u00e7ekiniyor. Ama zihnin bir k\u00f6\u015fesinde duran bir \u015f\u00fcphe. Cevab\u0131 tek c\u00fcmleyle ge\u00e7i\u015ftirmek kolay. Ger\u00e7ekten anlamak i\u00e7inse biraz zaman ay\u0131rmak gerekiyor. \u00c7\u00fcnk\u00fc sa\u00e7 ekimi ile kanser aras\u0131ndaki ili\u015fki sand\u0131\u011f\u0131ndan \u00e7ok daha berrak.<\/p>\n\n\n\n<h2 class=\"wp-block-heading\" id=\"bu-kayg\u0131-asl\u0131nda-nereden-geliyor\">Bu Kayg\u0131 Asl\u0131nda Nereden Geliyor?<\/h2>\n\n\n\n<p>Forumlarda dola\u015f\u0131rsan k\u0131sa s\u00fcrede fark edersin. Birisi \u201cKimyasallar kana kar\u0131\u015f\u0131yor olabilir,\u201d diyor. Bir ba\u015fkas\u0131 lokal anestezinin uzun vadede bir \u015feyler tetikleyip tetiklemedi\u011fini merak ediyor. Bu t\u00fcr sorular \u00e7o\u011fu zaman yanl\u0131\u015f anlamalardan, yar\u0131m duyulmu\u015f bilgilerden ve internette anlat\u0131lan ki\u015fisel hikayelerden besleniyor. Oysa sa\u00e7 ekimi onlarca y\u0131ld\u0131r yap\u0131lan, d\u00fcnya \u00e7ap\u0131nda standartla\u015fm\u0131\u015f bir estetik i\u015flem. Aradaki alg\u0131 fark\u0131, beklenenden daha b\u00fcy\u00fck.<\/p>\n\n\n\n<div class=\"wp-block-rank-math-toc-block\" id=\"rank-math-toc\"><h2>\u0130\u00e7indekiler<\/h2><nav><ul><li class=\"\"><a href=\"#bu-kayg\u0131-asl\u0131nda-nereden-geliyor\">Bu Kayg\u0131 Asl\u0131nda Nereden Geliyor?<\/a><\/li><li class=\"\"><a href=\"#sa\u00e7-ekimi-asl\u0131nda-ne-t\u00fcr-bir-i\u015flem\">Sa\u00e7 Ekimi Asl\u0131nda Ne T\u00fcr Bir \u0130\u015flem?<\/a><\/li><li class=\"\"><a href=\"#lokal-anestezi-ger\u00e7ekten-kanser-yapar-m\u0131\">Lokal Anestezi Ger\u00e7ekten Kanser Yapar m\u0131?<\/a><\/li><li class=\"\"><a href=\"#greft-al\u0131m\u0131-h\u00fccrelere-zarar-verir-mi\">Greft Al\u0131m\u0131 H\u00fccrelere Zarar Verir mi?<\/a><\/li><li class=\"\"><a href=\"#bilim-bu-konuda-ne-s\u00f6yl\u00fcyor\">Bilim Bu Konuda Ne S\u00f6yl\u00fcyor?<\/a><\/li><li class=\"\"><a href=\"#hangi-hastalar\u0131n-daha-dikkatli-olmas\u0131-gerekir\">Hangi Hastalar\u0131n Daha Dikkatli Olmas\u0131 Gerekir?<\/a><\/li><li class=\"\"><a href=\"#klinik-se\u00e7imi-meseleyi-bamba\u015fka-bir-yere-ta\u015f\u0131yor\">Klinik Se\u00e7imi Meseleyi Bamba\u015fka Bir Yere Ta\u015f\u0131yor<\/a><\/li><li class=\"\"><a href=\"#hair-center-of-turkeyin-bu-konudaki-yakla\u015f\u0131m\u0131\">Hair Center of Turkey&#8217;in Bu Konudaki Yakla\u015f\u0131m\u0131<\/a><\/li><li class=\"\"><a href=\"#son-de\u011ferlendirme\">Son De\u011ferlendirme<\/a><\/li><li class=\"\"><a href=\"#s\u0131k\u00e7a-sorulan-sorular\">S\u0131k\u00e7a Sorulan Sorular<\/a><ul><li class=\"\"><a href=\"#faq-188e63a3\">Sa\u00e7 ektirmek ger\u00e7ekten kansere yol a\u00e7ar m\u0131?<\/a><\/li><li class=\"\"><a href=\"#faq-28454e41\">Kanser tedavisi g\u00f6rm\u00fc\u015f biri sa\u00e7 ektirebilir mi?<\/a><\/li><li class=\"\"><a href=\"#faq-45b0c4ff\">Lokal anestezi ileride kanser riski olu\u015fturur mu?<\/a><\/li><li class=\"\"><a href=\"#faq-8b7c6c7c\">\u0130stanbul&#8217;da g\u00fcvenli bir sa\u00e7 ekimi klini\u011fi nas\u0131l se\u00e7ilir?<\/a><\/li><li class=\"\"><a href=\"#faq-4c396a5e\">Sa\u00e7 ekimi sonras\u0131 hangi belirtilere dikkat etmeliyim?<\/a><\/li><\/ul><\/li><\/ul><\/nav><\/div>\n\n\n\n<h2 class=\"wp-block-heading\" id=\"sa\u00e7-ekimi-asl\u0131nda-ne-t\u00fcr-bir-i\u015flem\">Sa\u00e7 Ekimi Asl\u0131nda Ne T\u00fcr Bir \u0130\u015flem?<\/h2>\n\n\n\n<p>\u00d6z\u00fcnde min\u00f6r bir cerrahi. Ense b\u00f6lgesinden al\u0131nan folik\u00fcler \u00fcnitelerin seyrelmi\u015f alana yerle\u015ftirilmesi s\u00f6z konusu. Sistemik bir m\u00fcdahale de\u011fil. Organlara, hormonlara ya da ba\u011f\u0131\u015f\u0131kl\u0131k sistemine y\u00f6n veren bir s\u00fcre\u00e7 hi\u00e7 de\u011fil. Yani bedende kansere zemin haz\u0131rlayacak biyolojik bir de\u011fi\u015fiklik yaratm\u0131yor. En belirleyici taraf\u0131, i\u015flemin oda\u011f\u0131n\u0131n tamamen y\u00fczeyde kalmas\u0131. Dokulara temas ediliyor; ama derinlere inen bir m\u00fcdahale yok. Bu y\u00f6n\u00fcyle pek \u00e7ok estetik prosed\u00fcrden daha az iz b\u0131rakan bir yap\u0131s\u0131 var.<\/p>\n\n\n\n<h2 class=\"wp-block-heading\" id=\"lokal-anestezi-ger\u00e7ekten-kanser-yapar-m\u0131\">Lokal Anestezi Ger\u00e7ekten Kanser Yapar m\u0131?<\/h2>\n\n\n\n<p>Buradaki endi\u015fe genellikle lidokain ve benzeri anesteziklerin k\u00f6t\u00fc \u00fcnlenmi\u015f versiyonlar\u0131ndan besleniyor. Ama lokal anestezikler d\u00fcnya genelinde her g\u00fcn di\u015f hekimli\u011finden ufak operasyonlara kadar yayg\u0131n \u015fekilde kullan\u0131l\u0131yor. S\u0131n\u0131rl\u0131 dozda verildi\u011finde v\u00fccut taraf\u0131ndan h\u0131zla metabolize edilir. Sa\u00e7 ekiminde kullan\u0131lan miktar, milyonlarca hastada g\u00fcvenli kabul edilen aral\u0131kta. Onkoloji literat\u00fcr\u00fcnde lokal anestezinin kansere yol a\u00e7t\u0131\u011f\u0131na dair bir veri yok. \u00dcstelik alerjik reaksiyonlar bile nadir. Burada as\u0131l sorgulaman gereken \u015fey anestezinin kim taraf\u0131ndan, hangi ko\u015fullarda uyguland\u0131\u011f\u0131.<\/p>\n\n\n\n<figure class=\"wp-block-image size-large\"><img loading=\"lazy\" decoding=\"async\" width=\"1024\" height=\"569\" src=\"https:\/\/haircenterofturkey.com\/wp-content\/uploads\/2026\/04\/Greft-Alimi-Hucrelere-Zarar-Verir-mi-1024x569.webp\" alt=\"\" class=\"wp-image-36122\" title=\"\" srcset=\"https:\/\/haircenterofturkey.com\/wp-content\/uploads\/2026\/04\/Greft-Alimi-Hucrelere-Zarar-Verir-mi-1024x569.webp 1024w, https:\/\/haircenterofturkey.com\/wp-content\/uploads\/2026\/04\/Greft-Alimi-Hucrelere-Zarar-Verir-mi-300x167.webp 300w, https:\/\/haircenterofturkey.com\/wp-content\/uploads\/2026\/04\/Greft-Alimi-Hucrelere-Zarar-Verir-mi-768x427.webp 768w, https:\/\/haircenterofturkey.com\/wp-content\/uploads\/2026\/04\/Greft-Alimi-Hucrelere-Zarar-Verir-mi-150x83.webp 150w, https:\/\/haircenterofturkey.com\/wp-content\/uploads\/2026\/04\/Greft-Alimi-Hucrelere-Zarar-Verir-mi.webp 1080w\" sizes=\"auto, (max-width: 1024px) 100vw, 1024px\" \/><\/figure>\n\n\n\n<h2 class=\"wp-block-heading\" id=\"greft-al\u0131m\u0131-h\u00fccrelere-zarar-verir-mi\">Greft Al\u0131m\u0131 H\u00fccrelere Zarar Verir mi?<\/h2>\n\n\n\n<p>Greftler k\u0131l k\u00f6klerini \u00e7evreleyen minik doku par\u00e7alar\u0131. Al\u0131nd\u0131klar\u0131 b\u00f6lgede iz b\u0131rakabilir, evet. Ama bu s\u00fcre\u00e7 h\u00fccresel mutasyon ya da kanserle ili\u015fkilendirilecek bir etki yaratmaz. Don\u00f6r b\u00f6lgenin iyile\u015fmesi cildin do\u011fal rejenerasyon s\u00fcrecine ba\u011fl\u0131. D\u00fczg\u00fcn bir klinikte greftlerin seyreltilmi\u015f, kontroll\u00fc bi\u00e7imde al\u0131nmas\u0131 dokunun fazla zorlanmadan toparlanmas\u0131n\u0131 sa\u011flar. A\u015f\u0131r\u0131 yo\u011fun seanslarda ya da don\u00f6r haritalamas\u0131 yap\u0131lmadan ger\u00e7ekle\u015ftirilen i\u015flemlerde b\u00f6lge elbette zay\u0131flayabilir. Bu estetik bir sorun; onkolojik de\u011fil.<\/p>\n\n\n\n<h2 class=\"wp-block-heading\" id=\"bilim-bu-konuda-ne-s\u00f6yl\u00fcyor\">Bilim Bu Konuda Ne S\u00f6yl\u00fcyor?<\/h2>\n\n\n\n<p>A\u00e7\u0131k olal\u0131m. Sa\u00e7 ektirmenin kansere neden oldu\u011funu g\u00f6steren t\u0131bbi bir yay\u0131n yok. Dermatoloji ve plastik cerrahi literat\u00fcr\u00fcn\u00fcn hi\u00e7bir k\u00f6\u015fesinde b\u00f6yle bir bulguya rastlamazs\u0131n. \u0130\u015flemin riskleri var elbette; enfeksiyon, \u015fi\u015flik, ge\u00e7ici \u015fok d\u00f6k\u00fclmesi, beklenti fark\u0131. Ama onkolojik bir risk bu listenin hi\u00e7bir yerinde de\u011fil. Yani k\u0131sa cevap net: hay\u0131r.<\/p>\n\n\n\n<h2 class=\"wp-block-heading\" id=\"hangi-hastalar\u0131n-daha-dikkatli-olmas\u0131-gerekir\">Hangi Hastalar\u0131n Daha Dikkatli Olmas\u0131 Gerekir?<\/h2>\n\n\n\n<p>Sa\u00e7 ekiminin kanser yaratmamas\u0131, herkesin rahat \u015fekilde i\u015flem olabilece\u011fi anlam\u0131na gelmiyor. Baz\u0131 durumlar doktor de\u011ferlendirmesini ger\u00e7ekten zorunlu k\u0131l\u0131yor:<\/p>\n\n\n\n<ul class=\"wp-block-list\">\n<li>Aktif kanser tedavisi g\u00f6ren hastalar<\/li>\n\n\n\n<li>Kemoterapi veya radyoterapi sonras\u0131nda iyile\u015fme d\u00f6neminde olan ki\u015filer<\/li>\n\n\n\n<li>Ba\u011f\u0131\u015f\u0131kl\u0131k sistemini bask\u0131layan ila\u00e7 kullanan bireyler<\/li>\n\n\n\n<li>Deri kanseri \u00f6yk\u00fcs\u00fc olan, \u00f6zellikle sa\u00e7l\u0131 deride lezyon g\u00f6zlemlenmi\u015f hastalar<\/li>\n\n\n\n<li>P\u0131ht\u0131la\u015fma bozuklu\u011fu veya kontrol alt\u0131nda olmayan kronik rahats\u0131zl\u0131klar\u0131 bulunanlar<\/li>\n<\/ul>\n\n\n\n<p>Bu gruplar i\u00e7in kritik mesele asl\u0131nda kanser riski de\u011fil; iyile\u015fme s\u00fcrecinin kalitesi ve sonucun dayan\u0131kl\u0131l\u0131\u011f\u0131. Onkolo\u011fun onay\u0131 olmadan herhangi bir estetik i\u015fleme girmemek en mant\u0131kl\u0131 yol.<\/p>\n\n\n\n<h2 class=\"wp-block-heading\" id=\"klinik-se\u00e7imi-meseleyi-bamba\u015fka-bir-yere-ta\u015f\u0131yor\">Klinik Se\u00e7imi Meseleyi Bamba\u015fka Bir Yere Ta\u015f\u0131yor<\/h2>\n\n\n\n<p>G\u00fcvenlik meselesi pratikte b\u00fcy\u00fck \u00f6l\u00e7\u00fcde klinikle ilgili. Steril olmayan bir ortam, tecr\u00fcbesiz ekip, h\u0131zla \u00e7o\u011falt\u0131lmaya \u00e7al\u0131\u015f\u0131lan seanslar, planlama yap\u0131lmadan ba\u015flat\u0131lan ekimler. \u0130\u015fte ger\u00e7ek riskler burada kendini g\u00f6steriyor. \u015eu ba\u015fl\u0131klara kafa yormak istersin:<\/p>\n\n\n\n<ul class=\"wp-block-list\">\n<li>Hijyen protokolleri ve tek kullan\u0131ml\u0131k ekipman y\u00f6netimi<\/li>\n\n\n\n<li>Don\u00f6r alan\u0131n detayl\u0131 analiz edilip edilmedi\u011fi<\/li>\n\n\n\n<li>Greft say\u0131s\u0131n\u0131n ki\u015fiye g\u00f6re mi yoksa standart paketle mi belirlendi\u011fi<\/li>\n\n\n\n<li>Ameliyat sonras\u0131 takibin ger\u00e7ekten yap\u0131l\u0131p yap\u0131lmad\u0131\u011f\u0131<\/li>\n\n\n\n<li>Cerrah\u0131n s\u00fcreci ba\u015ftan sona y\u00f6netip y\u00f6netmedi\u011fi<\/li>\n<\/ul>\n\n\n\n<p>Bu ba\u015fl\u0131klar tek ba\u015f\u0131na bir klinik hakk\u0131nda \u00e7ok \u015fey s\u00f6yler.<\/p>\n\n\n\n<figure class=\"wp-block-image size-large\"><img loading=\"lazy\" decoding=\"async\" width=\"1024\" height=\"569\" src=\"https:\/\/haircenterofturkey.com\/wp-content\/uploads\/2026\/04\/Hair-Center-of-Turkeyin-Bu-Konudaki-Yaklasimi-1024x569.webp\" alt=\"\" class=\"wp-image-36124\" title=\"\" srcset=\"https:\/\/haircenterofturkey.com\/wp-content\/uploads\/2026\/04\/Hair-Center-of-Turkeyin-Bu-Konudaki-Yaklasimi-1024x569.webp 1024w, https:\/\/haircenterofturkey.com\/wp-content\/uploads\/2026\/04\/Hair-Center-of-Turkeyin-Bu-Konudaki-Yaklasimi-300x167.webp 300w, https:\/\/haircenterofturkey.com\/wp-content\/uploads\/2026\/04\/Hair-Center-of-Turkeyin-Bu-Konudaki-Yaklasimi-768x427.webp 768w, https:\/\/haircenterofturkey.com\/wp-content\/uploads\/2026\/04\/Hair-Center-of-Turkeyin-Bu-Konudaki-Yaklasimi-150x83.webp 150w, https:\/\/haircenterofturkey.com\/wp-content\/uploads\/2026\/04\/Hair-Center-of-Turkeyin-Bu-Konudaki-Yaklasimi.webp 1080w\" sizes=\"auto, (max-width: 1024px) 100vw, 1024px\" \/><\/figure>\n\n\n\n<h2 class=\"wp-block-heading\" id=\"hair-center-of-turkeyin-bu-konudaki-yakla\u015f\u0131m\u0131\">Hair Center of Turkey&#8217;in Bu Konudaki Yakla\u015f\u0131m\u0131<\/h2>\n\n\n\n<p>\u0130stanbul&#8217;da planl\u0131 bir s\u00fcre\u00e7 y\u00fcr\u00fcten <strong>Hair Center of Turkey<\/strong>, sa\u00e7 ekimini greft say\u0131s\u0131 odakl\u0131 bir hizmet olarak de\u011fil; tasar\u0131m, planlama ve takip gerektiren bir yolculuk olarak ele al\u0131yor. Don\u00f6r alan analizi, sa\u00e7 \u00e7izgisi tasar\u0131m\u0131, y\u00f6nteme karar verme a\u015famas\u0131 ve ameliyat sonras\u0131 destek birbirinden ayr\u0131 ayr\u0131 planlan\u0131yor. Hasta sa\u011fl\u0131k ge\u00e7mi\u015fi detayl\u0131ca de\u011ferlendirildi\u011fi i\u00e7in, onkolojik \u00f6yk\u00fcs\u00fc olan ki\u015filerde s\u00fcre\u00e7 daha farkl\u0131 bir dikkatle y\u00fcr\u00fct\u00fclebiliyor. T\u00fcrkiye&#8217;de ya\u015f\u0131yorsan ve s\u00fcreci yak\u0131ndan takip etmek istiyorsan, \u0130stanbul&#8217;daki b\u00f6yle yap\u0131land\u0131r\u0131lm\u0131\u015f bir klini\u011fe ula\u015fabilmek ayr\u0131ca avantajl\u0131. Yap\u0131n\u0131n kendisi, klini\u011fi g\u00fcvenilir k\u0131lan \u015fey.<\/p>\n\n\n\n<h2 class=\"wp-block-heading\" id=\"son-de\u011ferlendirme\">Son De\u011ferlendirme<\/h2>\n\n\n\n<p>Sa\u00e7 ektirmenin kansere neden oldu\u011fu fikri, bilimsel bir temeli olmayan kayg\u0131. Ger\u00e7ek mesele \u00e7ok daha farkl\u0131 bir yerde. Hangi klinikte, nas\u0131l bir s\u00fcre\u00e7le ve hangi planlamayla ekim olaca\u011f\u0131n. Sonucu belirleyen tam olarak bu. Kendi sa\u011fl\u0131k ge\u00e7mi\u015fini \u015feffaf\u00e7a aktaraca\u011f\u0131n, seni seri \u00fcretim gibi g\u00f6rmeyen, planlamay\u0131 \u00f6nemseyen bir ekipten ge\u00e7mek hem sonucu hem g\u00fcveni farkl\u0131la\u015ft\u0131r\u0131r. <strong>Hair Center of Turkey<\/strong> gibi s\u00fcreci ba\u015ftan sona kurgulayan kliniklerin \u00f6ne \u00e7\u0131kmas\u0131n\u0131n nedeni de pazarlama vaadi de\u011fil; yap\u0131n\u0131n kendisi. Karar verirken bakman gereken yer tam olarak buras\u0131.<\/p>\n\n\n\n<h2 class=\"wp-block-heading\" id=\"s\u0131k\u00e7a-sorulan-sorular\">S\u0131k\u00e7a Sorulan Sorular<\/h2>\n\n\n<div id=\"rank-math-faq\" class=\"rank-math-block\">\n<div class=\"rank-math-list \">\n<div id=\"faq-188e63a3\" class=\"rank-math-list-item\">\n<h3 class=\"rank-math-question \">Sa\u00e7 ektirmek ger\u00e7ekten kansere yol a\u00e7ar m\u0131?<\/h3>\n<div class=\"rank-math-answer \">\n\n<p>Hay\u0131r. Bug\u00fcne kadar dermatoloji ve plastik cerrahi literat\u00fcr\u00fcnde sa\u00e7 ekimi ile kanser aras\u0131nda do\u011frudan bir ili\u015fki ortaya konulmad\u0131. Sa\u00e7 ekimi lokal ve y\u00fczeyel bir i\u015flem; sistemik bir etki yaratmaz.<\/p>\n\n<\/div>\n<\/div>\n<div id=\"faq-28454e41\" class=\"rank-math-list-item\">\n<h3 class=\"rank-math-question \">Kanser tedavisi g\u00f6rm\u00fc\u015f biri sa\u00e7 ektirebilir mi?<\/h3>\n<div class=\"rank-math-answer \">\n\n<p>Aktif tedavi s\u00fcrecinde \u00f6nerilmez. Tedavi tamamland\u0131ktan sonra onkolo\u011fun onay\u0131yla de\u011ferlendirilebilir. Burada kritik olan iyile\u015fme, ba\u011f\u0131\u015f\u0131kl\u0131k durumu ve doku haz\u0131rl\u0131\u011f\u0131. Karar ki\u015fiye \u00f6zel verilmeli.<\/p>\n\n<\/div>\n<\/div>\n<div id=\"faq-45b0c4ff\" class=\"rank-math-list-item\">\n<h3 class=\"rank-math-question \">Lokal anestezi ileride kanser riski olu\u015fturur mu?<\/h3>\n<div class=\"rank-math-answer \">\n\n<p>T\u0131bbi literat\u00fcrde b\u00f6yle bir ili\u015fki bulunmuyor. Lokal anestezikler v\u00fccutta h\u0131zla metabolize olur ve standart dozda g\u00fcvenli kabul edilir. Sa\u00e7 ekiminde kullan\u0131lan miktarlar da bu g\u00fcvenli aral\u0131k i\u00e7inde kal\u0131r.<\/p>\n\n<\/div>\n<\/div>\n<div id=\"faq-8b7c6c7c\" class=\"rank-math-list-item\">\n<h3 class=\"rank-math-question \">\u0130stanbul&#8217;da g\u00fcvenli bir sa\u00e7 ekimi klini\u011fi nas\u0131l se\u00e7ilir?<\/h3>\n<div class=\"rank-math-answer \">\n\n<p>Hijyen protokolleri, don\u00f6r alan analizi, ki\u015fiselle\u015ftirilmi\u015f greft planlamas\u0131 ve ameliyat sonras\u0131 takip en temel de\u011ferlendirme kriterleri. Klini\u011fin s\u00fcrece ne kadar hakim oldu\u011fu birka\u00e7 sorunun cevab\u0131ndan anla\u015f\u0131l\u0131r.<\/p>\n\n<\/div>\n<\/div>\n<div id=\"faq-4c396a5e\" class=\"rank-math-list-item\">\n<h3 class=\"rank-math-question \">Sa\u00e7 ekimi sonras\u0131 hangi belirtilere dikkat etmeliyim?<\/h3>\n<div class=\"rank-math-answer \">\n\n<p>Ge\u00e7meyen ate\u015f, yayg\u0131n k\u0131zar\u0131kl\u0131k, \u015fiddetli a\u011fr\u0131 ya da ak\u0131nt\u0131 durumunda hemen klini\u011finle ileti\u015fime ge\u00e7men gerekir. Hafif ka\u015f\u0131nt\u0131, kabuklanma ve ge\u00e7ici k\u0131zar\u0131kl\u0131k normal iyile\u015fme s\u00fcrecinin par\u00e7as\u0131d\u0131r.<\/p>\n\n<\/div>\n<\/div>\n<\/div>\n<\/div>","protected":false},"excerpt":{"rendered":"<p>\u0130nternette sa\u00e7 ekimi ara\u015ft\u0131r\u0131rken kar\u015f\u0131na \u00e7\u0131kan sorulardan en tuhaf olan\u0131 belki de bu. Hastalar\u0131n bir k\u0131sm\u0131 klini\u011fe geldi\u011finde bunu y\u00fcksek sesle sormaktan \u00e7ekiniyor. Ama zihnin bir k\u00f6\u015fesinde duran bir \u015f\u00fcphe. Cevab\u0131 tek c\u00fcmleyle ge\u00e7i\u015ftirmek kolay. Ger\u00e7ekten anlamak i\u00e7inse biraz zaman ay\u0131rmak gerekiyor. \u00c7\u00fcnk\u00fc sa\u00e7 ekimi ile kanser aras\u0131ndaki ili\u015fki sand\u0131\u011f\u0131ndan \u00e7ok daha berrak. Bu Kayg\u0131 [&hellip;]<\/p>\n","protected":false},"author":2,"featured_media":36117,"comment_status":"closed","ping_status":"open","sticky":false,"template":"","format":"standard","meta":{"footnotes":""},"categories":[132,148],"tags":[],"class_list":["post-36111","post","type-post","status-publish","format-standard","has-post-thumbnail","hentry","category-hair-transplant-treatments","category-sac-ekimi-tedavileri"],"_links":{"self":[{"href":"https:\/\/haircenterofturkey.com\/tr\/wp-json\/wp\/v2\/posts\/36111","targetHints":{"allow":["GET"]}}],"collection":[{"href":"https:\/\/haircenterofturkey.com\/tr\/wp-json\/wp\/v2\/posts"}],"about":[{"href":"https:\/\/haircenterofturkey.com\/tr\/wp-json\/wp\/v2\/types\/post"}],"author":[{"embeddable":true,"href":"https:\/\/haircenterofturkey.com\/tr\/wp-json\/wp\/v2\/users\/2"}],"replies":[{"embeddable":true,"href":"https:\/\/haircenterofturkey.com\/tr\/wp-json\/wp\/v2\/comments?post=36111"}],"version-history":[{"count":4,"href":"https:\/\/haircenterofturkey.com\/tr\/wp-json\/wp\/v2\/posts\/36111\/revisions"}],"predecessor-version":[{"id":36218,"href":"https:\/\/haircenterofturkey.com\/tr\/wp-json\/wp\/v2\/posts\/36111\/revisions\/36218"}],"wp:featuredmedia":[{"embeddable":true,"href":"https:\/\/haircenterofturkey.com\/tr\/wp-json\/wp\/v2\/media\/36117"}],"wp:attachment":[{"href":"https:\/\/haircenterofturkey.com\/tr\/wp-json\/wp\/v2\/media?parent=36111"}],"wp:term":[{"taxonomy":"category","embeddable":true,"href":"https:\/\/haircenterofturkey.com\/tr\/wp-json\/wp\/v2\/categories?post=36111"},{"taxonomy":"post_tag","embeddable":true,"href":"https:\/\/haircenterofturkey.com\/tr\/wp-json\/wp\/v2\/tags?post=36111"}],"curies":[{"name":"wp","href":"https:\/\/api.w.org\/{rel}","templated":true}]}}