{"id":35929,"date":"2026-04-20T10:11:50","date_gmt":"2026-04-20T07:11:50","guid":{"rendered":"https:\/\/haircenterofturkey.com\/?p=35929"},"modified":"2026-04-23T12:24:33","modified_gmt":"2026-04-23T09:24:33","slug":"vucuttan-sac-nakli-yapilabilir-mi","status":"publish","type":"post","link":"https:\/\/haircenterofturkey.com\/tr\/vucuttan-sac-nakli-yapilabilir-mi\/","title":{"rendered":"V\u00fccuttan Sa\u00e7 Nakli Yap\u0131labilir Mi? Detayl\u0131 Rehber"},"content":{"rendered":"\n<p>Don\u00f6r alandaki <strong>greft say\u0131s\u0131<\/strong> her zaman planlanan ekime yetmiyor. Baz\u0131 erkeklerde ense ve yan b\u00f6lge zay\u0131f kal\u0131yor. Baz\u0131 hastalarda ise \u00f6nceki operasyonlar kafa derisini ciddi anlamda t\u00fcketmi\u015f oluyor. \u0130\u015fte tam bu noktada sakal, g\u00f6\u011f\u00fcs ya da bacaklardaki k\u0131llar\u0131n devreye al\u0131n\u0131p al\u0131namayaca\u011f\u0131 sorusu g\u00fcndeme geliyor. Ama cevap tek kelimelik de\u011fil. Uygunluk, planlama ve tekni\u011fin detaylar\u0131 konunun kalbini olu\u015fturuyor.<\/p>\n\n\n\n<h2 class=\"wp-block-heading\" id=\"v\u00fccuttan-sa\u00e7-nakli-nedir\">V\u00fccuttan Sa\u00e7 Nakli Nedir?<\/h2>\n\n\n\n<p>K\u0131saca: kafa derisi d\u0131\u015f\u0131ndaki b\u00f6lgelerden al\u0131nan greftlerin sa\u00e7l\u0131 b\u00f6lgeye ekilmesi i\u015flemi. Yani ense yerine sakal, g\u00f6\u011f\u00fcs, s\u0131rt ya da bacaktan greft toplan\u0131yor. Tekni\u011fi genelde FUE&#8217;n\u00fcn bir t\u00fcrevi. Fark, mikro motor u\u00e7lar\u0131n\u0131n ve planlaman\u0131n farkl\u0131la\u015fmas\u0131nda.<\/p>\n\n\n\n<div class=\"wp-block-rank-math-toc-block\" id=\"rank-math-toc\"><h2>\u0130\u00e7indekiler<\/h2><nav><ul><li class=\"\"><a href=\"#v\u00fccuttan-sa\u00e7-nakli-nedir\">V\u00fccuttan Sa\u00e7 Nakli Nedir?<\/a><\/li><li class=\"\"><a href=\"#hangi-b\u00f6lgelerden-greft-al\u0131nabilir\">Hangi B\u00f6lgelerden Greft Al\u0131nabilir?<\/a><\/li><li class=\"\"><a href=\"#kafa-derisi-don\u00f6r-alan\u0131-yetersizse-ne-olur\">Kafa Derisi Don\u00f6r Alan\u0131 Yetersizse Ne Olur?<\/a><\/li><li class=\"\"><a href=\"#v\u00fccut-greftleri-sa\u00e7-greftlerinden-farkl\u0131-m\u0131-davran\u0131r\">V\u00fccut Greftleri Sa\u00e7 Greftlerinden Farkl\u0131 m\u0131 Davran\u0131r?<\/a><\/li><li class=\"\"><a href=\"#kimler-uygun-adayd\u0131r\">Kimler Uygun Adayd\u0131r?<\/a><\/li><li class=\"\"><a href=\"#i\u015flem-s\u00fcreci-nas\u0131l-planlan\u0131r\">\u0130\u015flem S\u00fcreci Nas\u0131l Planlan\u0131r?<\/a><\/li><li class=\"\"><a href=\"#iyile\u015fme-ve-nihai-sonu\u00e7-beklentileri\">\u0130yile\u015fme ve Nihai Sonu\u00e7 Beklentileri<\/a><\/li><li class=\"\"><a href=\"#istanbulda-do\u011fru-klini\u011fi-se\u00e7mek\">\u0130stanbul&#8217;da Do\u011fru Klini\u011fi Se\u00e7mek<\/a><\/li><li class=\"\"><a href=\"#son-d\u00fc\u015f\u00fcnceler\">Son D\u00fc\u015f\u00fcnceler<\/a><\/li><li class=\"\"><a href=\"#s\u0131k\u00e7a-sorulan-sorular\">S\u0131k\u00e7a Sorulan Sorular<\/a><ul><li class=\"\"><a href=\"#faq-1b089171\">V\u00fccuttan sa\u00e7 nakli herkese yap\u0131labilir mi?<\/a><\/li><li class=\"\"><a href=\"#faq-04f1c01c\">Sakal grefti \u00f6n sa\u00e7 \u00e7izgisine ekilebilir mi?<\/a><\/li><li class=\"\"><a href=\"#faq-e7557ca1\">V\u00fccut greftleri kal\u0131c\u0131 m\u0131d\u0131r?<\/a><\/li><li class=\"\"><a href=\"#faq-0274e58c\">V\u00fccuttan sa\u00e7 nakli klasik sa\u00e7 ekiminden daha pahal\u0131 m\u0131d\u0131r?<\/a><\/li><li class=\"\"><a href=\"#faq-0c4426ff\">\u0130stanbul&#8217;da v\u00fccuttan sa\u00e7 nakli yapan klinikleri nas\u0131l de\u011ferlendirmeliyim?<\/a><\/li><\/ul><\/li><\/ul><\/nav><\/div>\n\n\n\n<p>Bu y\u00f6ntem her hastaya uygulanm\u0131yor. Tercih sebebi de\u011fil, zorunluluk halinde g\u00fcndeme gelen bir \u00e7\u00f6z\u00fcm. \u00c7\u00fcnk\u00fc v\u00fccut k\u0131l\u0131 ile sa\u00e7, yap\u0131sal olarak ayn\u0131 \u015fey de\u011fil.<\/p>\n\n\n\n<figure class=\"wp-block-image size-large\"><img loading=\"lazy\" decoding=\"async\" width=\"1024\" height=\"569\" src=\"https:\/\/haircenterofturkey.com\/wp-content\/uploads\/2026\/04\/Hangi-Bolgelerden-Greft-Alinabilir-1024x569.webp\" alt=\"\" class=\"wp-image-35943\" title=\"\" srcset=\"https:\/\/haircenterofturkey.com\/wp-content\/uploads\/2026\/04\/Hangi-Bolgelerden-Greft-Alinabilir-1024x569.webp 1024w, https:\/\/haircenterofturkey.com\/wp-content\/uploads\/2026\/04\/Hangi-Bolgelerden-Greft-Alinabilir-300x167.webp 300w, https:\/\/haircenterofturkey.com\/wp-content\/uploads\/2026\/04\/Hangi-Bolgelerden-Greft-Alinabilir-768x427.webp 768w, https:\/\/haircenterofturkey.com\/wp-content\/uploads\/2026\/04\/Hangi-Bolgelerden-Greft-Alinabilir-150x83.webp 150w, https:\/\/haircenterofturkey.com\/wp-content\/uploads\/2026\/04\/Hangi-Bolgelerden-Greft-Alinabilir.webp 1080w\" sizes=\"auto, (max-width: 1024px) 100vw, 1024px\" \/><\/figure>\n\n\n\n<h2 class=\"wp-block-heading\" id=\"hangi-b\u00f6lgelerden-greft-al\u0131nabilir\">Hangi B\u00f6lgelerden Greft Al\u0131nabilir?<\/h2>\n\n\n\n<p>Pratikte en verimli v\u00fccut don\u00f6r alan\u0131 sakal b\u00f6lgesi. \u00d6zellikle boyun ve \u00e7ene alt\u0131 k\u0131s\u0131mlar\u0131, sa\u00e7 yap\u0131s\u0131na yak\u0131n bir kal\u0131nl\u0131k sunuyor. Di\u011fer alanlar genelde destek g\u00f6revi g\u00f6r\u00fcyor.<\/p>\n\n\n\n<ul class=\"wp-block-list\">\n<li>Sakal (en yayg\u0131n se\u00e7im)<\/li>\n\n\n\n<li>G\u00f6\u011f\u00fcs<\/li>\n\n\n\n<li>S\u0131rt<\/li>\n\n\n\n<li>Bacak ve kol b\u00f6lgesi<\/li>\n\n\n\n<li>Nadiren kar\u0131n alt\u0131<\/li>\n<\/ul>\n\n\n\n<p>Her b\u00f6lgenin kendine \u00f6zg\u00fc b\u00fcy\u00fcme h\u0131z\u0131 ve k\u0131l yap\u0131s\u0131 var. Bu y\u00fczden hangi b\u00f6lgeden ne kadar al\u0131naca\u011f\u0131, tek tek de\u011ferlendiriliyor.<\/p>\n\n\n\n<h2 class=\"wp-block-heading\" id=\"kafa-derisi-don\u00f6r-alan\u0131-yetersizse-ne-olur\">Kafa Derisi Don\u00f6r Alan\u0131 Yetersizse Ne Olur?<\/h2>\n\n\n\n<p>Bu ihtimali d\u00fc\u015f\u00fcnen hastalar \u00e7o\u011funlukla iki gruba ayr\u0131l\u0131yor. \u0130lk grup, Norwood skalas\u0131nda ileri seviyede d\u00f6k\u00fclme ya\u015fayan ve ense b\u00f6lgesi zaten t\u00fckenmi\u015f ki\u015filer. \u0130kinci grup ise birden fazla operasyon ge\u00e7irmi\u015f, don\u00f6r alan\u0131 d\u00fczensiz kalm\u0131\u015f hastalar.<\/p>\n\n\n\n<p>B\u00f6yle durumlarda v\u00fccut greftleri, eksik kalan alan\u0131 kapatmak ya da yo\u011funlu\u011fu art\u0131rmak i\u00e7in yard\u0131mc\u0131 bir kaynak h\u00e2line geliyor. Tek ba\u015f\u0131na birinci tercih de\u011fil. Tamamlay\u0131c\u0131.<\/p>\n\n\n\n<h2 class=\"wp-block-heading\" id=\"v\u00fccut-greftleri-sa\u00e7-greftlerinden-farkl\u0131-m\u0131-davran\u0131r\">V\u00fccut Greftleri Sa\u00e7 Greftlerinden Farkl\u0131 m\u0131 Davran\u0131r?<\/h2>\n\n\n\n<p>Evet, ciddi \u015fekilde farkl\u0131. Sa\u00e7 d\u00f6k\u00fclmesi paternine diren\u00e7li olsalar da b\u00fcy\u00fcme d\u00f6ng\u00fcleri k\u0131sa. Yani uzunluklar\u0131 s\u0131n\u0131rl\u0131 kal\u0131yor. K\u0131vr\u0131mlar\u0131, kal\u0131nl\u0131klar\u0131, y\u00f6nleri de farkl\u0131.<\/p>\n\n\n\n<p>\u015e\u00f6yle ki: sakal grefti ekim sonras\u0131 genelde daha kal\u0131n g\u00f6r\u00fcn\u00fcr ama ayn\u0131 h\u0131zda uzamaz. G\u00f6\u011f\u00fcs greftleri ise belirli bir uzunlukta duruyor ve sonra dinlenme evresine ge\u00e7iyor. Estetik kullan\u0131mda konum se\u00e7imi bu y\u00fczden \u00e7ok \u00f6nemli. \u00d6n sa\u00e7 \u00e7izgisine sakal grefti ekmek, \u00e7o\u011fu zaman do\u011fal bir g\u00f6r\u00fcnt\u00fc vermez.<\/p>\n\n\n\n<h2 class=\"wp-block-heading\" id=\"kimler-uygun-adayd\u0131r\">Kimler Uygun Adayd\u0131r?<\/h2>\n\n\n\n<p>Her don\u00f6r s\u0131k\u0131nt\u0131s\u0131 \u00e7eken ki\u015fi otomatik olarak bu y\u00f6ntem i\u00e7in uygun de\u011fil. V\u00fccut k\u0131l\u0131n\u0131n yo\u011funlu\u011fu, kalitesi, hastan\u0131n genel sa\u011fl\u0131\u011f\u0131 ve daha \u00f6nce ge\u00e7irdi\u011fi operasyonlar belirleyici oluyor.<\/p>\n\n\n\n<p>Hair Center of Turkey gibi yap\u0131lanm\u0131\u015f kliniklerde s\u00fcre\u00e7, genelde ayr\u0131nt\u0131l\u0131 bir don\u00f6r analiziyle ba\u015fl\u0131yor. Hem kafa derisi hem v\u00fccut don\u00f6r alan\u0131 de\u011ferlendiriliyor. Ard\u0131ndan toplam greft ihtiyac\u0131 ve da\u011f\u0131l\u0131m\u0131 \u00e7\u0131kar\u0131l\u0131yor. Bu, sonradan s\u00fcrpriz ya\u015famamak i\u00e7in kritik bir ad\u0131m.<\/p>\n\n\n\n<ul class=\"wp-block-list\">\n<li>\u0130leri seviye d\u00f6k\u00fclme ya\u015fayanlar<\/li>\n\n\n\n<li>\u00d6nceki operasyonlardan sonra don\u00f6r alan\u0131 zay\u0131flam\u0131\u015f hastalar<\/li>\n\n\n\n<li>Sakal veya g\u00f6\u011f\u00fcs k\u0131l\u0131 yo\u011fun olan erkekler<\/li>\n\n\n\n<li>Yara dokusu nedeniyle s\u0131n\u0131rl\u0131 don\u00f6r alana sahip ki\u015filer<\/li>\n<\/ul>\n\n\n\n<h2 class=\"wp-block-heading\" id=\"i\u015flem-s\u00fcreci-nas\u0131l-planlan\u0131r\">\u0130\u015flem S\u00fcreci Nas\u0131l Planlan\u0131r?<\/h2>\n\n\n\n<p>Planlama, bu operasyonun ba\u015far\u0131s\u0131n\u0131 do\u011frudan etkiliyor. Asl\u0131nda i\u015fin yakla\u015f\u0131k y\u00fczde yetmi\u015fi burada bitiyor.<\/p>\n\n\n\n<p>Klinikte ilk ad\u0131m genelde kafa derisinin ve olas\u0131 v\u00fccut b\u00f6lgelerinin ayr\u0131nt\u0131l\u0131 analizi. Daha sonra hangi alandan ne kadar greft al\u0131naca\u011f\u0131 belirleniyor. Ekim alan\u0131 i\u00e7in a\u00e7\u0131, y\u00f6n ve yo\u011funluk tek tek haritalan\u0131yor. \u0130yi planlanm\u0131\u015f bir operasyonda v\u00fccut greftleri \u00e7o\u011fu zaman arka k\u0131s\u0131mlara ya da yo\u011funluk takviyesi gereken b\u00f6lgelere yerle\u015ftiriliyor.<\/p>\n\n\n\n<p>Bu s\u00fcre\u00e7te hastan\u0131n beklentilerinin de ger\u00e7ek\u00e7i bir d\u00fczleme \u00e7ekilmesi gerekiyor. \u00c7\u00fcnk\u00fc v\u00fccut greftlerinin s\u0131n\u0131rlar\u0131 var. Bunu en ba\u015fta konu\u015fmak, sonradan hayal k\u0131r\u0131kl\u0131\u011f\u0131n\u0131 \u00f6nl\u00fcyor.<\/p>\n\n\n\n<h2 class=\"wp-block-heading\" id=\"iyile\u015fme-ve-nihai-sonu\u00e7-beklentileri\">\u0130yile\u015fme ve Nihai Sonu\u00e7 Beklentileri<\/h2>\n\n\n\n<p>\u0130yile\u015fme s\u00fcresi standart sa\u00e7 ekiminden biraz farkl\u0131 ilerliyor. Sakal b\u00f6lgesinden al\u0131nan greftlerde iyile\u015fme h\u0131zl\u0131 oluyor, g\u00f6\u011f\u00fcs ve s\u0131rt b\u00f6lgesinde ise biraz daha uzun s\u00fcrebiliyor. \u0130z b\u0131rakma ihtimali de don\u00f6r b\u00f6lgesine g\u00f6re de\u011fi\u015fiyor.<\/p>\n\n\n\n<p>Nihai sonucun netle\u015fmesi \u00e7o\u011fu zaman 12 ila 18 ay\u0131 buluyor. Kafa derisi greftlerine g\u00f6re biraz daha uzun. Sab\u0131r bu noktada \u00f6nemli.<\/p>\n\n\n\n<figure class=\"wp-block-image size-large\"><img loading=\"lazy\" decoding=\"async\" width=\"1024\" height=\"569\" src=\"https:\/\/haircenterofturkey.com\/wp-content\/uploads\/2026\/04\/Istanbulda-Dogru-Klinigi-Secmek-1024x569.webp\" alt=\"\" class=\"wp-image-35941\" title=\"\" srcset=\"https:\/\/haircenterofturkey.com\/wp-content\/uploads\/2026\/04\/Istanbulda-Dogru-Klinigi-Secmek-1024x569.webp 1024w, https:\/\/haircenterofturkey.com\/wp-content\/uploads\/2026\/04\/Istanbulda-Dogru-Klinigi-Secmek-300x167.webp 300w, https:\/\/haircenterofturkey.com\/wp-content\/uploads\/2026\/04\/Istanbulda-Dogru-Klinigi-Secmek-768x427.webp 768w, https:\/\/haircenterofturkey.com\/wp-content\/uploads\/2026\/04\/Istanbulda-Dogru-Klinigi-Secmek-150x83.webp 150w, https:\/\/haircenterofturkey.com\/wp-content\/uploads\/2026\/04\/Istanbulda-Dogru-Klinigi-Secmek.webp 1080w\" sizes=\"auto, (max-width: 1024px) 100vw, 1024px\" \/><\/figure>\n\n\n\n<h2 class=\"wp-block-heading\" id=\"istanbulda-do\u011fru-klini\u011fi-se\u00e7mek\">\u0130stanbul&#8217;da Do\u011fru Klini\u011fi Se\u00e7mek<\/h2>\n\n\n\n<p>Bu t\u00fcr karma\u015f\u0131k vakalarda klinik se\u00e7imi, sonucu belirleyen en \u00f6nemli etkenlerden biri. T\u00fcrkiye&#8217;de ya\u015fayan hastalar i\u00e7in \u0130stanbul, eri\u015fim a\u00e7\u0131s\u0131ndan avantajl\u0131. Ama eri\u015fim tek ba\u015f\u0131na yeterli de\u011fil.<\/p>\n\n\n\n<p>\u015eu sorular\u0131 sormak mant\u0131kl\u0131:<\/p>\n\n\n\n<ul class=\"wp-block-list\">\n<li>Don\u00f6r alan analizi yeterince detayl\u0131 yap\u0131l\u0131yor mu?<\/li>\n\n\n\n<li>V\u00fccut greftleri hangi b\u00f6lgeye ekilecek, gerek\u00e7esi ne?<\/li>\n\n\n\n<li>Operasyon \u00f6ncesi beklentiler netle\u015ftiriliyor mu?<\/li>\n\n\n\n<li>Sonras\u0131nda ileti\u015fim ve takip devam ediyor mu?<\/li>\n<\/ul>\n\n\n\n<p>Hair Center of Turkey&#8217;de s\u00fcre\u00e7 genelde bu sorular\u0131n tamam\u0131na cevap \u00fcretecek \u015fekilde kurgulan\u0131yor. \u0130\u015fin zor k\u0131sm\u0131, planlamay\u0131 yaparken hem k\u0131sa vadeli g\u00f6rselli\u011fi hem uzun vadeli s\u00fcrd\u00fcr\u00fclebilirli\u011fi dengelemek.<\/p>\n\n\n\n<h2 class=\"wp-block-heading\" id=\"son-d\u00fc\u015f\u00fcnceler\">Son D\u00fc\u015f\u00fcnceler<\/h2>\n\n\n\n<p><strong>V\u00fccuttan sa\u00e7 nakli<\/strong>, her hastaya sunulan standart bir se\u00e7enek de\u011fil. \u00d6zel bir \u00e7\u00f6z\u00fcm. Don\u00f6r alan s\u0131k\u0131nt\u0131s\u0131 ya\u015fayan hastalar i\u00e7in kafa derisindeki eksikli\u011fi tamamlamak ad\u0131na kullan\u0131l\u0131yor. Ba\u015far\u0131 b\u00fcy\u00fck oranda planlamaya ve do\u011fru greft kombinasyonuna ba\u011fl\u0131.<\/p>\n\n\n\n<p>\u0130stanbul&#8217;da bu t\u00fcr vakalar\u0131 yap\u0131sal olarak ele alan kliniklerde s\u00fcre\u00e7; tek bir operasyona de\u011fil, analiz, planlama, m\u00fcdahale ve takibe yay\u0131l\u0131yor. Bu yap\u0131 sonu\u00e7tan \u00e7ok s\u00fcre\u00e7le ilgili. Ve fark\u0131 yaratan da genelde bu oluyor.<\/p>\n\n\n\n<p>Ger\u00e7ek\u00e7i beklentilerle ve do\u011fru planlamayla v\u00fccut greftleri ciddi bir fark yaratabiliyor.<\/p>\n\n\n\n<h2 class=\"wp-block-heading\" id=\"s\u0131k\u00e7a-sorulan-sorular\">S\u0131k\u00e7a Sorulan Sorular<\/h2>\n\n\n<div id=\"rank-math-faq\" class=\"rank-math-block\">\n<div class=\"rank-math-list \">\n<div id=\"faq-1b089171\" class=\"rank-math-list-item\">\n<h3 class=\"rank-math-question \">V\u00fccuttan sa\u00e7 nakli herkese yap\u0131labilir mi?<\/h3>\n<div class=\"rank-math-answer \">\n\n<p>Hay\u0131r. Genelde kafa derisi don\u00f6r alan\u0131 yetersiz olan, ileri seviye d\u00f6k\u00fclme ya\u015fayan ya da \u00f6nceki operasyonlardan sonra don\u00f6r alan\u0131 zay\u0131flam\u0131\u015f hastalarda tercih ediliyor. Ayr\u0131nt\u0131l\u0131 analiz olmadan uygunluk netle\u015fmez.<\/p>\n\n<\/div>\n<\/div>\n<div id=\"faq-04f1c01c\" class=\"rank-math-list-item\">\n<h3 class=\"rank-math-question \">Sakal grefti \u00f6n sa\u00e7 \u00e7izgisine ekilebilir mi?<\/h3>\n<div class=\"rank-math-answer \">\n\n<p>\u00c7o\u011fu vakada \u00f6nerilmez. Sakal k\u0131l\u0131 daha kal\u0131n bir yap\u0131ya sahip oldu\u011fu i\u00e7in \u00f6n sa\u00e7 \u00e7izgisinde do\u011fal olmayan bir g\u00f6r\u00fcnt\u00fc yaratabiliyor. Genelde arka b\u00f6lgelerde yo\u011funluk takviyesi i\u00e7in kullan\u0131l\u0131yor.<\/p>\n\n<\/div>\n<\/div>\n<div id=\"faq-e7557ca1\" class=\"rank-math-list-item\">\n<h3 class=\"rank-math-question \">V\u00fccut greftleri kal\u0131c\u0131 m\u0131d\u0131r?<\/h3>\n<div class=\"rank-math-answer \">\n\n<p>Tutan greftler kal\u0131c\u0131 kabul ediliyor. Ancak b\u00fcy\u00fcme d\u00f6ng\u00fcleri kafa derisi greftlerinden farkl\u0131 oldu\u011fu i\u00e7in uzunluklar\u0131 s\u0131n\u0131rl\u0131 kal\u0131yor. Bu, nihai g\u00f6rselli\u011fi etkileyen \u00f6nemli bir ayr\u0131nt\u0131.<\/p>\n\n<\/div>\n<\/div>\n<div id=\"faq-0274e58c\" class=\"rank-math-list-item\">\n<h3 class=\"rank-math-question \">V\u00fccuttan sa\u00e7 nakli klasik sa\u00e7 ekiminden daha pahal\u0131 m\u0131d\u0131r?<\/h3>\n<div class=\"rank-math-answer \">\n\n<p>\u00c7o\u011fu zaman evet. Planlama daha karma\u015f\u0131k, i\u015flem s\u00fcresi daha uzun ve genelde iki ayr\u0131 don\u00f6r b\u00f6lge y\u00f6netiliyor. Klinikten klini\u011fe fiyat farkl\u0131l\u0131k g\u00f6sterse de, ek maliyet beklenir.<\/p>\n\n<\/div>\n<\/div>\n<div id=\"faq-0c4426ff\" class=\"rank-math-list-item\">\n<h3 class=\"rank-math-question \">\u0130stanbul&#8217;da v\u00fccuttan sa\u00e7 nakli yapan klinikleri nas\u0131l de\u011ferlendirmeliyim?<\/h3>\n<div class=\"rank-math-answer \">\n\n<p>Don\u00f6r analizinin detay\u0131, planlama yakla\u015f\u0131m\u0131, operasyon \u00f6ncesi a\u00e7\u0131klama kalitesi ve sonras\u0131ndaki takip s\u00fcrecine bakmak mant\u0131kl\u0131. Sadece greft say\u0131s\u0131 \u00fczerinden de\u011fil, s\u00fcrecin b\u00fct\u00fcn\u00fcnden karar vermek daha sa\u011fl\u0131kl\u0131.<\/p>\n\n<\/div>\n<\/div>\n<\/div>\n<\/div>","protected":false},"excerpt":{"rendered":"<p>Don\u00f6r alandaki greft say\u0131s\u0131 her zaman planlanan ekime yetmiyor. Baz\u0131 erkeklerde ense ve yan b\u00f6lge zay\u0131f kal\u0131yor. Baz\u0131 hastalarda ise \u00f6nceki operasyonlar kafa derisini ciddi anlamda t\u00fcketmi\u015f oluyor. \u0130\u015fte tam bu noktada sakal, g\u00f6\u011f\u00fcs ya da bacaklardaki k\u0131llar\u0131n devreye al\u0131n\u0131p al\u0131namayaca\u011f\u0131 sorusu g\u00fcndeme geliyor. Ama cevap tek kelimelik de\u011fil. Uygunluk, planlama ve tekni\u011fin detaylar\u0131 konunun [&hellip;]<\/p>\n","protected":false},"author":2,"featured_media":35944,"comment_status":"closed","ping_status":"open","sticky":false,"template":"","format":"standard","meta":{"footnotes":""},"categories":[272],"tags":[],"class_list":["post-35929","post","type-post","status-publish","format-standard","has-post-thumbnail","hentry","category-sac-ekimi-teknikleri"],"_links":{"self":[{"href":"https:\/\/haircenterofturkey.com\/tr\/wp-json\/wp\/v2\/posts\/35929","targetHints":{"allow":["GET"]}}],"collection":[{"href":"https:\/\/haircenterofturkey.com\/tr\/wp-json\/wp\/v2\/posts"}],"about":[{"href":"https:\/\/haircenterofturkey.com\/tr\/wp-json\/wp\/v2\/types\/post"}],"author":[{"embeddable":true,"href":"https:\/\/haircenterofturkey.com\/tr\/wp-json\/wp\/v2\/users\/2"}],"replies":[{"embeddable":true,"href":"https:\/\/haircenterofturkey.com\/tr\/wp-json\/wp\/v2\/comments?post=35929"}],"version-history":[{"count":3,"href":"https:\/\/haircenterofturkey.com\/tr\/wp-json\/wp\/v2\/posts\/35929\/revisions"}],"predecessor-version":[{"id":36220,"href":"https:\/\/haircenterofturkey.com\/tr\/wp-json\/wp\/v2\/posts\/35929\/revisions\/36220"}],"wp:featuredmedia":[{"embeddable":true,"href":"https:\/\/haircenterofturkey.com\/tr\/wp-json\/wp\/v2\/media\/35944"}],"wp:attachment":[{"href":"https:\/\/haircenterofturkey.com\/tr\/wp-json\/wp\/v2\/media?parent=35929"}],"wp:term":[{"taxonomy":"category","embeddable":true,"href":"https:\/\/haircenterofturkey.com\/tr\/wp-json\/wp\/v2\/categories?post=35929"},{"taxonomy":"post_tag","embeddable":true,"href":"https:\/\/haircenterofturkey.com\/tr\/wp-json\/wp\/v2\/tags?post=35929"}],"curies":[{"name":"wp","href":"https:\/\/api.w.org\/{rel}","templated":true}]}}