{"id":35823,"date":"2026-04-18T12:47:21","date_gmt":"2026-04-18T09:47:21","guid":{"rendered":"https:\/\/haircenterofturkey.com\/?p=35823"},"modified":"2026-04-18T12:47:22","modified_gmt":"2026-04-18T09:47:22","slug":"wax-kullanmak-sac-doker-mi","status":"publish","type":"post","link":"https:\/\/haircenterofturkey.com\/tr\/wax-kullanmak-sac-doker-mi\/","title":{"rendered":"Wax Kullanmak Sa\u00e7 D\u00f6ker Mi?"},"content":{"rendered":"\n<p>Sabah aynan\u0131n kar\u015f\u0131s\u0131na ge\u00e7ip sa\u00e7\u0131na wax s\u00fcrerken &#8220;bu \u00fcr\u00fcn sa\u00e7\u0131m\u0131 m\u0131 d\u00f6k\u00fcyor acaba&#8221; diye d\u00fc\u015f\u00fcnen \u00e7ok. Soru genelde du\u015fta biriken birka\u00e7 tel sa\u00e7tan sonra akla geliyor. Ger\u00e7ek \u015fu ki wax ile sa\u00e7 d\u00f6k\u00fclmesi aras\u0131ndaki ili\u015fki, \u00e7o\u011fu ki\u015finin sand\u0131\u011f\u0131ndan farkl\u0131 i\u015fliyor. Biraz kafa kar\u0131\u015ft\u0131r\u0131c\u0131, evet. Ama netle\u015fince rahatlat\u0131c\u0131.<\/p>\n\n\n\n<h2 class=\"wp-block-heading\" id=\"wax-ger\u00e7ekten-sa\u00e7-kayb\u0131na-neden-olur-mu\">Wax Ger\u00e7ekten Sa\u00e7 Kayb\u0131na Neden Olur Mu?<\/h2>\n\n\n\n<p>Wax, tek ba\u015f\u0131na folik\u00fclleri \u00f6ld\u00fcren bir \u00fcr\u00fcn de\u011fil. Ama yanl\u0131\u015f kullan\u0131m, s\u0131k \u00e7ekme hareketleri, sa\u00e7 derisinde kalan kal\u0131nt\u0131lar ve uzun s\u00fcre y\u0131kamadan gezmek bamba\u015fka bir tablo yaratabiliyor. Yani \u00fcr\u00fcn\u00fcn kendisi de\u011fil, kullan\u0131m \u015fekli sorun \u00e7\u0131kar\u0131yor \u00e7o\u011fu zaman.<\/p>\n\n\n\n<div class=\"wp-block-rank-math-toc-block\" id=\"rank-math-toc\"><h2>\u0130\u00e7indekiler<\/h2><nav><ul><li class=\"\"><a href=\"#wax-ger\u00e7ekten-sa\u00e7-kayb\u0131na-neden-olur-mu\">Wax Ger\u00e7ekten Sa\u00e7 Kayb\u0131na Neden Olur Mu?<\/a><\/li><li class=\"\"><a href=\"#sa\u00e7-d\u00f6k\u00fclmesi-nas\u0131l-ba\u015flar\">Sa\u00e7 D\u00f6k\u00fclmesi Nas\u0131l Ba\u015flar?<\/a><\/li><li class=\"\"><a href=\"#wax-i\u00e7eri\u011findeki-bile\u015fenler-ve-sa\u00e7-tellerine-etkisi\">Wax \u0130\u00e7eri\u011findeki Bile\u015fenler ve Sa\u00e7 Tellerine Etkisi<\/a><\/li><li class=\"\"><a href=\"#yanl\u0131\u015f-uygulama-al\u0131\u015fkanl\u0131klar\u0131-ve-sa\u00e7-derisi-sa\u011fl\u0131\u011f\u0131\">Yanl\u0131\u015f Uygulama Al\u0131\u015fkanl\u0131klar\u0131 ve Sa\u00e7 Derisi Sa\u011fl\u0131\u011f\u0131<\/a><\/li><li class=\"\"><a href=\"#wax-kullan\u0131rken-nelere-dikkat-etmeli\">Wax Kullan\u0131rken Nelere Dikkat Etmeli?<\/a><\/li><li class=\"\"><a href=\"#sa\u00e7-d\u00f6k\u00fclmesi-\u015fikayeti-ne-zaman-ciddiye-al\u0131nmal\u0131\">Sa\u00e7 D\u00f6k\u00fclmesi \u015eikayeti Ne Zaman Ciddiye Al\u0131nmal\u0131?<\/a><\/li><li class=\"\"><a href=\"#wax-kaynakl\u0131-g\u00f6r\u00fcnen-d\u00f6k\u00fclmeyi-ger\u00e7ek-sa\u00e7-kayb\u0131ndan-ay\u0131rmak\">Wax Kaynakl\u0131 G\u00f6r\u00fcnen D\u00f6k\u00fclmeyi Ger\u00e7ek Sa\u00e7 Kayb\u0131ndan Ay\u0131rmak<\/a><\/li><li class=\"\"><a href=\"#uzman-de\u011ferlendirmesi-neden-\u00f6nemlidir\">Uzman De\u011ferlendirmesi Neden \u00d6nemlidir?<\/a><\/li><li class=\"\"><a href=\"#final-thoughts\">Final Thoughts<\/a><\/li><li class=\"\"><a href=\"#s\u0131k\u00e7a-sorulan-sorular\">S\u0131k\u00e7a Sorulan Sorular<\/a><ul><li class=\"\"><a href=\"#faq-b0b494cf\">Wax&#8217;\u0131 her g\u00fcn kullanmak zararl\u0131 m\u0131?<\/a><\/li><li class=\"\"><a href=\"#faq-ad3a25da\">Ucuz wax ile kaliteli wax aras\u0131nda ger\u00e7ek bir fark var m\u0131?<\/a><\/li><li class=\"\"><a href=\"#faq-7cc04ae1\">Wax y\u00fcz\u00fcnden sa\u00e7 d\u00f6k\u00fclmeye ba\u015flad\u0131ysa bu geri d\u00f6ner mi?<\/a><\/li><li class=\"\"><a href=\"#faq-674a8a41\">Sa\u00e7 ekimi sonras\u0131 wax kullan\u0131labilir mi?<\/a><\/li><li class=\"\"><a href=\"#faq-76c83fc8\">Sa\u00e7\u0131m seyreliyorsa \u00f6nce ne yapmal\u0131y\u0131m, wax&#8217;\u0131 b\u0131rakmak m\u0131, uzmana gitmek mi?<\/a><\/li><\/ul><\/li><\/ul><\/nav><\/div>\n\n\n\n<p>Genetik yatk\u0131nl\u0131\u011f\u0131 olan biri zaten d\u00f6k\u00fclme s\u00fcrecine girdiyse, wax bu s\u00fcreci ba\u015flatmaz. Sadece g\u00f6zle g\u00f6r\u00fcn\u00fcr h\u00e2le getirebilir. Bir bak\u0131ma &#8220;d\u00f6k\u00fclmeyi tetikleyen&#8221; de\u011fil, &#8220;mevcut d\u00f6k\u00fclmeyi daha belirgin k\u0131lan&#8221; bir etken.<\/p>\n\n\n\n<figure class=\"wp-block-image size-large\"><img loading=\"lazy\" decoding=\"async\" width=\"1024\" height=\"569\" src=\"https:\/\/haircenterofturkey.com\/wp-content\/uploads\/2026\/04\/Sac-Dokulmesi-Nasil-Baslar-1024x569.webp\" alt=\"\" class=\"wp-image-35827\" title=\"\" srcset=\"https:\/\/haircenterofturkey.com\/wp-content\/uploads\/2026\/04\/Sac-Dokulmesi-Nasil-Baslar-1024x569.webp 1024w, https:\/\/haircenterofturkey.com\/wp-content\/uploads\/2026\/04\/Sac-Dokulmesi-Nasil-Baslar-300x167.webp 300w, https:\/\/haircenterofturkey.com\/wp-content\/uploads\/2026\/04\/Sac-Dokulmesi-Nasil-Baslar-768x427.webp 768w, https:\/\/haircenterofturkey.com\/wp-content\/uploads\/2026\/04\/Sac-Dokulmesi-Nasil-Baslar-150x83.webp 150w, https:\/\/haircenterofturkey.com\/wp-content\/uploads\/2026\/04\/Sac-Dokulmesi-Nasil-Baslar.webp 1080w\" sizes=\"auto, (max-width: 1024px) 100vw, 1024px\" \/><\/figure>\n\n\n\n<h2 class=\"wp-block-heading\" id=\"sa\u00e7-d\u00f6k\u00fclmesi-nas\u0131l-ba\u015flar\">Sa\u00e7 D\u00f6k\u00fclmesi Nas\u0131l Ba\u015flar?<\/h2>\n\n\n\n<p>Sa\u00e7 d\u00f6k\u00fclmesi bir g\u00fcnde olmaz. S\u00fcre\u00e7 sessizdir. Pratikte insanlar \u015fu sinyalleri g\u00f6rmeye ba\u015fl\u0131yor:<\/p>\n\n\n\n<ul class=\"wp-block-list\">\n<li>Yast\u0131kta sabah uyand\u0131klar\u0131nda normalden fazla sa\u00e7 teli<\/li>\n\n\n\n<li>Du\u015f s\u00fczgecinde biriken tel say\u0131s\u0131nda art\u0131\u015f<\/li>\n\n\n\n<li>\u00d6n sa\u00e7 \u00e7izgisinde hafif geri \u00e7ekilme hissi<\/li>\n\n\n\n<li>Tepe b\u00f6lgesinde seyrekle\u015fme<\/li>\n<\/ul>\n\n\n\n<p>Bu belirtiler tek ba\u015f\u0131na wax ile a\u00e7\u0131klanamaz. Altta yatan genetik, hormonal ya da beslenmeye ba\u011fl\u0131 nedenler devreye girer. Oysa \u00e7o\u011fu insan ilk akl\u0131na wax&#8217;\u0131 getiriyor \u00e7\u00fcnk\u00fc en g\u00f6r\u00fcn\u00fcr de\u011fi\u015fken o.<\/p>\n\n\n\n<h2 class=\"wp-block-heading\" id=\"wax-i\u00e7eri\u011findeki-bile\u015fenler-ve-sa\u00e7-tellerine-etkisi\">Wax \u0130\u00e7eri\u011findeki Bile\u015fenler ve Sa\u00e7 Tellerine Etkisi<\/h2>\n\n\n\n<p>Piyasadaki wax \u00fcr\u00fcnlerinin b\u00fcy\u00fck k\u0131sm\u0131 balmumu t\u00fcrevleri, parafin, re\u00e7ine, silikon ve \u00e7e\u015fitli parf\u00fcmler i\u00e7erir. Bunlar\u0131n hi\u00e7biri do\u011frudan folik\u00fcl \u00f6ld\u00fcren maddeler de\u011fil. Ama baz\u0131 \u00fcr\u00fcnlerde bulunan sert alkol veya agresif parf\u00fcmler, hassas sa\u00e7 derisinde ka\u015f\u0131nt\u0131 ve tahri\u015f yaratabilir. Tahri\u015f de uzun vadede sa\u00e7 derisini zay\u0131flat\u0131r. Asl\u0131nda as\u0131l risk tam da burada.<\/p>\n\n\n\n<p>\u00d6nemli olan nokta \u015fu: \u00fcr\u00fcn\u00fcn kalitesi ve sa\u00e7 derisine uygunlu\u011fu. Ucuz, etiketi belirsiz, i\u00e7erik listesi mu\u011flak wax&#8217;lar riskli b\u00f6lgede.<\/p>\n\n\n\n<h2 class=\"wp-block-heading\" id=\"yanl\u0131\u015f-uygulama-al\u0131\u015fkanl\u0131klar\u0131-ve-sa\u00e7-derisi-sa\u011fl\u0131\u011f\u0131\">Yanl\u0131\u015f Uygulama Al\u0131\u015fkanl\u0131klar\u0131 ve Sa\u00e7 Derisi Sa\u011fl\u0131\u011f\u0131<\/h2>\n\n\n\n<p>Wax s\u00fcrerken yap\u0131lan baz\u0131 al\u0131\u015fkanl\u0131klar ger\u00e7ekten sa\u00e7\u0131 y\u0131prat\u0131yor:<\/p>\n\n\n\n<ul class=\"wp-block-list\">\n<li>Sa\u00e7\u0131 k\u00f6kten \u00e7ekerek \u015fekillendirmek<\/li>\n\n\n\n<li>\u00dcr\u00fcn\u00fc do\u011frudan sa\u00e7 derisine kadar yedirmek<\/li>\n\n\n\n<li>Ak\u015fam y\u0131kamadan uyumak<\/li>\n\n\n\n<li>Ayn\u0131 g\u00fcne birden fazla kat wax eklemek<\/li>\n\n\n\n<li>Sa\u00e7 tipi i\u00e7in uygun olmayan k\u0131vamda \u00fcr\u00fcn kullanmak<\/li>\n<\/ul>\n\n\n\n<p>Bunlar sa\u00e7 teline mekanik stres bindirir. Folik\u00fcl zamanla zay\u0131flar. Y\u0131llar s\u00fcren bu al\u0131\u015fkanl\u0131klar, zaten d\u00f6k\u00fclmeye yatk\u0131n birinde s\u00fcreci belirgin bi\u00e7imde h\u0131zland\u0131rabilir.<\/p>\n\n\n\n<h2 class=\"wp-block-heading\" id=\"wax-kullan\u0131rken-nelere-dikkat-etmeli\">Wax Kullan\u0131rken Nelere Dikkat Etmeli?<\/h2>\n\n\n\n<p>\u0130nsan bir anda wax&#8217;\u0131 hayat\u0131ndan \u00e7\u0131karmak zorunda de\u011fil. Birka\u00e7 k\u00fc\u00e7\u00fck de\u011fi\u015fiklik \u00e7o\u011fu zaman yeterli oluyor. \u00dcr\u00fcn\u00fc sadece sa\u00e7 ortas\u0131ndan uca do\u011fru uygulamak, sa\u00e7 derisine temas etmemesine \u00f6zen g\u00f6stermek, g\u00fcn sonunda mutlaka y\u0131kamak ve haftada en az bir iki g\u00fcn sa\u00e7a nefes ald\u0131rmak. Bu kadar basit.<\/p>\n\n\n\n<p>\u015eunu da unutmamak laz\u0131m: sa\u00e7 derisinin nefes almas\u0131 gerekiyor. S\u00fcrekli \u00fcr\u00fcn y\u00fckl\u00fc, y\u0131kanmam\u0131\u015f bir zemin, folik\u00fcl sa\u011fl\u0131\u011f\u0131 i\u00e7in ideal de\u011fil.<\/p>\n\n\n\n<h2 class=\"wp-block-heading\" id=\"sa\u00e7-d\u00f6k\u00fclmesi-\u015fikayeti-ne-zaman-ciddiye-al\u0131nmal\u0131\">Sa\u00e7 D\u00f6k\u00fclmesi \u015eikayeti Ne Zaman Ciddiye Al\u0131nmal\u0131?<\/h2>\n\n\n\n<p>G\u00fcnde 50-100 tel sa\u00e7 kayb\u0131 normal kabul edilir. Ama bu say\u0131 art\u0131yorsa, sa\u00e7 \u00e7izgisi geri \u00e7ekiliyorsa ya da tepe b\u00f6lgesinde belirgin bir seyrelme hissediyorsan mesele wax&#8217;tan \u00f6tededir. Bu noktada bir uzmana dan\u0131\u015fmak \u00e7ok daha mant\u0131kl\u0131. Kendi kendine internette cevap aramak genelde kayg\u0131y\u0131 b\u00fcy\u00fct\u00fcyor, \u00e7\u00f6zm\u00fcyor.<\/p>\n\n\n\n<h2 class=\"wp-block-heading\" id=\"wax-kaynakl\u0131-g\u00f6r\u00fcnen-d\u00f6k\u00fclmeyi-ger\u00e7ek-sa\u00e7-kayb\u0131ndan-ay\u0131rmak\">Wax Kaynakl\u0131 G\u00f6r\u00fcnen D\u00f6k\u00fclmeyi Ger\u00e7ek Sa\u00e7 Kayb\u0131ndan Ay\u0131rmak<\/h2>\n\n\n\n<p>\u0130kisi s\u0131k\u00e7a birbirine kar\u0131\u015ft\u0131r\u0131l\u0131yor. Wax kaynakl\u0131 sorunlar genelde \u015fekillenme s\u0131ras\u0131nda kopan sa\u00e7 tellerinden ibaret, yani y\u00fczeyde olan bir \u015fey. Ger\u00e7ek sa\u00e7 kayb\u0131 ise folik\u00fcl seviyesinden geli\u015fen, zamanla yo\u011funlu\u011fu azaltan yap\u0131sal bir s\u00fcre\u00e7.<\/p>\n\n\n\n<p>Birinde sa\u00e7 teli kopuyor. Di\u011ferinde yeni sa\u00e7 gelmiyor. Fark b\u00fcy\u00fck.<\/p>\n\n\n\n<figure class=\"wp-block-image size-large\"><img loading=\"lazy\" decoding=\"async\" width=\"1024\" height=\"569\" src=\"https:\/\/haircenterofturkey.com\/wp-content\/uploads\/2026\/04\/Uzman-Degerlendirmesi-Neden-Onemlidir-1024x569.webp\" alt=\"\" class=\"wp-image-35828\" title=\"\" srcset=\"https:\/\/haircenterofturkey.com\/wp-content\/uploads\/2026\/04\/Uzman-Degerlendirmesi-Neden-Onemlidir-1024x569.webp 1024w, https:\/\/haircenterofturkey.com\/wp-content\/uploads\/2026\/04\/Uzman-Degerlendirmesi-Neden-Onemlidir-300x167.webp 300w, https:\/\/haircenterofturkey.com\/wp-content\/uploads\/2026\/04\/Uzman-Degerlendirmesi-Neden-Onemlidir-768x427.webp 768w, https:\/\/haircenterofturkey.com\/wp-content\/uploads\/2026\/04\/Uzman-Degerlendirmesi-Neden-Onemlidir-150x83.webp 150w, https:\/\/haircenterofturkey.com\/wp-content\/uploads\/2026\/04\/Uzman-Degerlendirmesi-Neden-Onemlidir.webp 1080w\" sizes=\"auto, (max-width: 1024px) 100vw, 1024px\" \/><\/figure>\n\n\n\n<h2 class=\"wp-block-heading\" id=\"uzman-de\u011ferlendirmesi-neden-\u00f6nemlidir\">Uzman De\u011ferlendirmesi Neden \u00d6nemlidir?<\/h2>\n\n\n\n<p>Sa\u00e7 derisi analizi olmadan, sa\u00e7\u0131n ger\u00e7ekten d\u00f6k\u00fcl\u00fcp d\u00f6k\u00fclmedi\u011fini yaln\u0131zca g\u00f6zle anlamak zor. Hair Center of Turkey gibi yap\u0131land\u0131r\u0131lm\u0131\u015f s\u00fcreci olan kliniklerde de\u011ferlendirme genellikle don\u00f6r alan\u0131n detayl\u0131 incelenmesiyle ba\u015flar. Teknolojik cihazlarla folik\u00fcl yo\u011funlu\u011fu \u00f6l\u00e7\u00fcl\u00fcr, sa\u00e7 \u00e7izgisi projeksiyonu \u00e7\u0131kar\u0131l\u0131r ve ki\u015fiye \u00f6zel bir plan ortaya konur.<\/p>\n\n\n\n<p>Bu tarz bir de\u011ferlendirme, hem gereksiz m\u00fcdahalenin \u00f6n\u00fcne ge\u00e7er hem de ger\u00e7ekten sa\u00e7 ekimi a\u015famas\u0131ndaki biri i\u00e7in net bir yol haritas\u0131 sunar. \u0130stanbul&#8217;da bu t\u00fcr organize s\u00fcre\u00e7lere ula\u015fmak olduk\u00e7a kolay, bu da y\u00fcz y\u00fcze takip etmek isteyen hastalar i\u00e7in g\u00fczel bir avantaj.<\/p>\n\n\n\n<h2 class=\"wp-block-heading\" id=\"final-thoughts\">Final Thoughts<\/h2>\n\n\n\n<p>Wax kullanmak, tek ba\u015f\u0131na sa\u00e7 d\u00f6kt\u00fcren bir etken de\u011fil. Sorun genelde yanl\u0131\u015f kullan\u0131m, uygun olmayan \u00fcr\u00fcn se\u00e7imi ve arkada bekleyen genetik yatk\u0131nl\u0131ktan geliyor. Sa\u00e7\u0131n\u0131 umursayan biri i\u00e7in temiz bir uygulama al\u0131\u015fkanl\u0131\u011f\u0131 ve gerekti\u011finde profesyonel de\u011ferlendirme, her zaman sa\u011fl\u0131kl\u0131 bir ba\u015flang\u0131\u00e7 noktas\u0131. Hair Center of Turkey gibi planlama odakl\u0131 klinikler, hem kafadaki soru i\u015faretini gidermek hem de ger\u00e7ek bir d\u00f6k\u00fclme varsa yap\u0131land\u0131r\u0131lm\u0131\u015f bir \u00e7\u00f6z\u00fcm sunmak i\u00e7in iyi bir ba\u015fvuru noktas\u0131 olabilir.<\/p>\n\n\n\n<h2 class=\"wp-block-heading\" id=\"s\u0131k\u00e7a-sorulan-sorular\">S\u0131k\u00e7a Sorulan Sorular<\/h2>\n\n\n<div id=\"rank-math-faq\" class=\"rank-math-block\">\n<div class=\"rank-math-list \">\n<div id=\"faq-b0b494cf\" class=\"rank-math-list-item\">\n<h3 class=\"rank-math-question \">Wax&#8217;\u0131 her g\u00fcn kullanmak zararl\u0131 m\u0131?<\/h3>\n<div class=\"rank-math-answer \">\n\n<p>Sa\u00e7 derisine temas etmedi\u011fi ve ak\u015fam d\u00fczenli y\u0131kand\u0131\u011f\u0131 s\u00fcrece genelde sorun yaratmaz. Ama sa\u00e7 derisi hassassa haftada birka\u00e7 g\u00fcn ara vermek daha ak\u0131ll\u0131ca.<\/p>\n\n<\/div>\n<\/div>\n<div id=\"faq-ad3a25da\" class=\"rank-math-list-item\">\n<h3 class=\"rank-math-question \">Ucuz wax ile kaliteli wax aras\u0131nda ger\u00e7ek bir fark var m\u0131?<\/h3>\n<div class=\"rank-math-answer \">\n\n<p>\u0130\u00e7erik a\u00e7\u0131s\u0131ndan evet. Etiketsiz, parf\u00fcm\u00fc yo\u011fun, i\u00e7erik listesi mu\u011flak \u00fcr\u00fcnler tahri\u015fe yol a\u00e7abilir. Dermatolojik testi olan, form\u00fcl\u00fc \u015feffaf \u00fcr\u00fcnler daha g\u00fcvenli bir tercih.<\/p>\n\n<\/div>\n<\/div>\n<div id=\"faq-7cc04ae1\" class=\"rank-math-list-item\">\n<h3 class=\"rank-math-question \">Wax y\u00fcz\u00fcnden sa\u00e7 d\u00f6k\u00fclmeye ba\u015flad\u0131ysa bu geri d\u00f6ner mi?<\/h3>\n<div class=\"rank-math-answer \">\n\n<p>Sorun tahri\u015ften kaynakland\u0131ysa evet, sa\u00e7 derisi toparland\u0131\u011f\u0131nda d\u00f6k\u00fclme azal\u0131r. Fakat genetik s\u00fcre\u00e7 ba\u015flad\u0131ysa sadece wax&#x27;\u0131 b\u0131rakmak sorunu \u00e7\u00f6zmez; bir uzman de\u011ferlendirmesi gerekir.<\/p>\n\n<\/div>\n<\/div>\n<div id=\"faq-674a8a41\" class=\"rank-math-list-item\">\n<h3 class=\"rank-math-question \">Sa\u00e7 ekimi sonras\u0131 wax kullan\u0131labilir mi?<\/h3>\n<div class=\"rank-math-answer \">\n\n<p>\u0130lk aylarda kesinlikle \u00f6nerilmez. Yeni folik\u00fcllerin tutunmas\u0131 i\u00e7in sa\u00e7 derisine kimyasal \u00fcr\u00fcn temas\u0131 istenmez. Zamanlamay\u0131 klinik ki\u015fiye \u00f6zel belirler; kendi kendine karar vermek do\u011fru de\u011fil.<\/p>\n\n<\/div>\n<\/div>\n<div id=\"faq-76c83fc8\" class=\"rank-math-list-item\">\n<h3 class=\"rank-math-question \">Sa\u00e7\u0131m seyreliyorsa \u00f6nce ne yapmal\u0131y\u0131m, wax&#8217;\u0131 b\u0131rakmak m\u0131, uzmana gitmek mi?<\/h3>\n<div class=\"rank-math-answer \">\n\n<p>\u0130kisini ayn\u0131 anda yapmak en mant\u0131kl\u0131s\u0131. Wax&#x27;\u0131 ask\u0131ya al\u0131p birka\u00e7 hafta g\u00f6zlemleyebilirsin. Ama seyrelme hissi devam ediyorsa, folik\u00fcl analizi i\u00e7in bir uzmana dan\u0131\u015fmak net bilgi sa\u011flar.<\/p>\n\n<\/div>\n<\/div>\n<\/div>\n<\/div>","protected":false},"excerpt":{"rendered":"<p>Sabah aynan\u0131n kar\u015f\u0131s\u0131na ge\u00e7ip sa\u00e7\u0131na wax s\u00fcrerken &#8220;bu \u00fcr\u00fcn sa\u00e7\u0131m\u0131 m\u0131 d\u00f6k\u00fcyor acaba&#8221; diye d\u00fc\u015f\u00fcnen \u00e7ok. Soru genelde du\u015fta biriken birka\u00e7 tel sa\u00e7tan sonra akla geliyor. Ger\u00e7ek \u015fu ki wax ile sa\u00e7 d\u00f6k\u00fclmesi aras\u0131ndaki ili\u015fki, \u00e7o\u011fu ki\u015finin sand\u0131\u011f\u0131ndan farkl\u0131 i\u015fliyor. Biraz kafa kar\u0131\u015ft\u0131r\u0131c\u0131, evet. Ama netle\u015fince rahatlat\u0131c\u0131. Wax Ger\u00e7ekten Sa\u00e7 Kayb\u0131na Neden Olur Mu? Wax, [&hellip;]<\/p>\n","protected":false},"author":2,"featured_media":35826,"comment_status":"closed","ping_status":"open","sticky":false,"template":"","format":"standard","meta":{"footnotes":""},"categories":[908],"tags":[],"class_list":["post-35823","post","type-post","status-publish","format-standard","has-post-thumbnail","hentry","category-sac-dokulmesi-2"],"_links":{"self":[{"href":"https:\/\/haircenterofturkey.com\/tr\/wp-json\/wp\/v2\/posts\/35823","targetHints":{"allow":["GET"]}}],"collection":[{"href":"https:\/\/haircenterofturkey.com\/tr\/wp-json\/wp\/v2\/posts"}],"about":[{"href":"https:\/\/haircenterofturkey.com\/tr\/wp-json\/wp\/v2\/types\/post"}],"author":[{"embeddable":true,"href":"https:\/\/haircenterofturkey.com\/tr\/wp-json\/wp\/v2\/users\/2"}],"replies":[{"embeddable":true,"href":"https:\/\/haircenterofturkey.com\/tr\/wp-json\/wp\/v2\/comments?post=35823"}],"version-history":[{"count":2,"href":"https:\/\/haircenterofturkey.com\/tr\/wp-json\/wp\/v2\/posts\/35823\/revisions"}],"predecessor-version":[{"id":35829,"href":"https:\/\/haircenterofturkey.com\/tr\/wp-json\/wp\/v2\/posts\/35823\/revisions\/35829"}],"wp:featuredmedia":[{"embeddable":true,"href":"https:\/\/haircenterofturkey.com\/tr\/wp-json\/wp\/v2\/media\/35826"}],"wp:attachment":[{"href":"https:\/\/haircenterofturkey.com\/tr\/wp-json\/wp\/v2\/media?parent=35823"}],"wp:term":[{"taxonomy":"category","embeddable":true,"href":"https:\/\/haircenterofturkey.com\/tr\/wp-json\/wp\/v2\/categories?post=35823"},{"taxonomy":"post_tag","embeddable":true,"href":"https:\/\/haircenterofturkey.com\/tr\/wp-json\/wp\/v2\/tags?post=35823"}],"curies":[{"name":"wp","href":"https:\/\/api.w.org\/{rel}","templated":true}]}}