{"id":2599,"date":"2023-11-29T10:39:50","date_gmt":"2023-11-29T07:39:50","guid":{"rendered":"https:\/\/haircenterofturkey.com\/sac-kopugu-ne-ise-yarar\/"},"modified":"2026-03-02T15:12:51","modified_gmt":"2026-03-02T12:12:51","slug":"sac-kopugu-ne-ise-yarar","status":"publish","type":"post","link":"https:\/\/haircenterofturkey.com\/tr\/sac-kopugu-ne-ise-yarar\/","title":{"rendered":"Sa\u00e7 K\u00f6p\u00fc\u011f\u00fc Nedir ve Sa\u00e7 D\u00f6k\u00fclmesine Neden Olur mu?"},"content":{"rendered":"\n<h2 class=\"wp-block-heading\" id=\"sac-kopugu-nedir-ve-sac-dokulmesine-neden-olur-mu\"><b>Sa\u00e7 K\u00f6p\u00fc\u011f\u00fc Nedir ve Sa\u00e7 D\u00f6k\u00fclmesine Neden Olur mu?<\/b><\/h2>\n\n\n\n<p class=\"has-text-align-left\"><span style=\"font-weight: 400;\">Sa\u00e7 k\u00f6p\u00fc\u011f\u00fc, hacim, tutu\u015f ve bukle belirginli\u011fi sa\u011flayan hafif bir \u015fekillendirici k\u00f6p\u00fckt\u00fcr. Genetik sa\u00e7 d\u00f6k\u00fclmesine neden olmaz ancak a\u011f\u0131r birikim, kurutucu form\u00fcller veya <a href=\"https:\/\/haircenterofturkey.com\/tr\/sac-kasintisina-ne-iyi-gelir\/\">sa\u00e7 derisi<\/a> tahri\u015fi, k\u0131r\u0131lma ya da fazla d\u00f6k\u00fclme yoluyla sa\u00e7\u0131n daha ince g\u00f6r\u00fcnmesine neden olabilir. Sa\u00e7 uzunluklar\u0131na az miktarda uygulay\u0131n, d\u00fczenli olarak temizleyin ve sa\u00e7 deriniz ka\u015f\u0131n\u0131r veya hassasla\u015f\u0131rsa kullanmay\u0131 b\u0131rak\u0131n.<\/span><\/p>\n\n\n\n<figure class=\"wp-block-image\"><img decoding=\"async\" src=\"https:\/\/haircenterofturkey.com\/wp-content\/uploads\/2023\/11\/What-is-Hair-Mousse-and-Its-Purpose.webp\" alt=\"Sa\u00e7 K\u00f6p\u00fc\u011f\u00fc Nedir ve Sa\u00e7 D\u00f6k\u00fclmesine Neden Olur mu?\" title=\"\"><\/figure>\n\n\n\n<div class=\"wp-block-rank-math-toc-block\" id=\"rank-math-toc\"><h2>\u0130\u00e7indekiler<\/h2><nav><ul><li class=\"\"><a href=\"#sac-kopugu-nedir-ve-sac-dokulmesine-neden-olur-mu\">Sa\u00e7 K\u00f6p\u00fc\u011f\u00fc Nedir ve Sa\u00e7 D\u00f6k\u00fclmesine Neden Olur mu?<\/a><\/li><li class=\"\"><a href=\"#sac-kopugu-ne-yapar-ve-ne-yapmaz\">Sa\u00e7 K\u00f6p\u00fc\u011f\u00fc Ne Yapar (ve Ne Yapmaz)<\/a><\/li><li class=\"\"><a href=\"#sac-kopugundeki-yaygin-icerikler\">Sa\u00e7 K\u00f6p\u00fc\u011f\u00fcndeki Yayg\u0131n \u0130\u00e7erikler<\/a><ul><li class=\"\"><a href=\"#film-olusturucular-ve-polimerler\">Film Olu\u015fturucular ve Polimerler<\/a><\/li><li class=\"\"><a href=\"#nemlendirici-ve-bakim-destekcileri\">Nemlendirici ve Bak\u0131m Destek\u00e7ileri<\/a><\/li><li class=\"\"><a href=\"#alkoller-koku-ve-koruyucular\">Alkoller, Koku ve Koruyucular<\/a><\/li><\/ul><\/li><li class=\"\"><a href=\"#sac-kopugu-sac-dokulmesine-neden-olur-mu\">Sa\u00e7 K\u00f6p\u00fc\u011f\u00fc Sa\u00e7 D\u00f6k\u00fclmesine Neden Olur mu?<\/a><ul><li class=\"\"><a href=\"#sac-kopugu-ne-zaman-sacin-daha-ince-gorunmesine-neden-olabilir\">Sa\u00e7 K\u00f6p\u00fc\u011f\u00fc Ne Zaman Sa\u00e7\u0131n Daha \u0130nce G\u00f6r\u00fcnmesine Neden Olabilir?<\/a><\/li><\/ul><\/li><li class=\"\"><a href=\"#sac-kopugu-saca-zarar-vermeden-nasil-kullanilir\">Sa\u00e7 K\u00f6p\u00fc\u011f\u00fc Sa\u00e7a Zarar Vermeden Nas\u0131l Kullan\u0131l\u0131r?<\/a><\/li><li class=\"\"><a href=\"#sac-tipinize-uygun-dogru-kopuk-nasil-secilir\">Sa\u00e7 Tipinize Uygun Do\u011fru K\u00f6p\u00fck Nas\u0131l Se\u00e7ilir?<\/a><ul><li class=\"\"><a href=\"#ince-veya-kolay-hacim-kaybeden-saclar\">\u0130nce veya Kolay Hacim Kaybeden Sa\u00e7lar<\/a><\/li><li class=\"\"><a href=\"#kivircik-kabarma-egilimli-veya-kalin-saclar\">K\u0131v\u0131rc\u0131k, Kabarma E\u011filimli veya Kal\u0131n Sa\u00e7lar<\/a><\/li><li class=\"\"><a href=\"#kuru-acilmis-veya-boyali-saclar\">Kuru, A\u00e7\u0131lm\u0131\u015f veya Boyal\u0131 Sa\u00e7lar<\/a><\/li><li class=\"\"><a href=\"#hassas-veya-kasintili-sac-derisi\">Hassas veya Ka\u015f\u0131nt\u0131l\u0131 Sa\u00e7 Derisi<\/a><\/li><\/ul><\/li><li class=\"\"><a href=\"#ne-zaman-dermatologa-basvurmalisiniz\">Ne Zaman Dermatolo\u011fa Ba\u015fvurmal\u0131s\u0131n\u0131z?<\/a><\/li><li class=\"\"><a href=\"#sik-sorulan-sorular\">S\u0131k Sorulan Sorular<\/a><ul><li class=\"\"><a href=\"#faq-question-1771237783287\">Sa\u00e7 mousesi sa\u00e7\u0131n\u0131za zararl\u0131 m\u0131?<\/a><\/li><li class=\"\"><a href=\"#faq-question-1771238385882\">Sa\u00e7 d\u00f6k\u00fclmesinin #1 nedeni nedir?<\/a><\/li><li class=\"\"><a href=\"#faq-question-1771238386758\">Mousse ne s\u0131kl\u0131kla sa\u00e7 d\u00f6k\u00fclmesine neden olur?<\/a><\/li><li class=\"\"><a href=\"#faq-question-1771238387394\">Her g\u00fcn sa\u00e7 k\u00f6p\u00fc\u011f\u00fc kullanmak uygun mu?<\/a><\/li><li class=\"\"><a href=\"#faq-question-1771238388388\">Sa\u00e7\u0131n\u0131z d\u00f6k\u00fcl\u00fcyorsa hangi vitamin eksiktir?<\/a><\/li><li class=\"\"><a href=\"#faq-question-1771238389162\">Sa\u00e7\u0131n\u0131z i\u00e7in jel mi mousse mu daha iyi?<\/a><\/li><\/ul><\/li><\/ul><\/nav><\/div>\n\n\n\n<h2 class=\"wp-block-heading\" id=\"sac-kopugu-ne-yapar-ve-ne-yapmaz\"><b>Sa\u00e7 K\u00f6p\u00fc\u011f\u00fc Ne Yapar (ve Ne Yapmaz)<\/b><\/h2>\n\n\n\n<p><span style=\"font-weight: 400;\">Sa\u00e7 k\u00f6p\u00fc\u011f\u00fc bir sa\u00e7 uzatma tedavisi de\u011fil, \u015fekillendirici bir \u00fcr\u00fcnd\u00fcr. Sa\u00e7a hacim, diplerde kald\u0131rma ve esnek tutu\u015f kazand\u0131rmak i\u00e7in tasarlanm\u0131\u015ft\u0131r ve buklelerin daha belirgin g\u00f6r\u00fcnmesine yard\u0131mc\u0131 olabilir. \u00c7o\u011fu form\u00fcl ayn\u0131 zamanda sa\u00e7 telini hafif film tabakalar\u0131yla kaplayarak kabarmay\u0131 azalt\u0131r.<\/span><\/p>\n\n\n\n<p><span style=\"font-weight: 400;\">K\u00f6p\u00fck sa\u00e7\u0131n\u0131z\u0131n ne kadar h\u0131zl\u0131 uzad\u0131\u011f\u0131n\u0131 de\u011fi\u015ftirmez veya genetik sa\u00e7 d\u00f6k\u00fclmesini engellemez. Bir \u00fcr\u00fcn \u201csa\u00e7 d\u00f6k\u00fclmesini durdurur\u201d diyorsa, i\u00e7inde t\u0131bben kan\u0131tlanm\u0131\u015f bir etken madde yoksa ve bir uzmana dan\u0131\u015fmad\u0131ysan\u0131z bunu sadece pazarlama olarak de\u011ferlendirin.<\/span><\/p>\n\n\n\n<h2 class=\"wp-block-heading\" id=\"sac-kopugundeki-yaygin-icerikler\"><b>Sa\u00e7 K\u00f6p\u00fc\u011f\u00fcndeki Yayg\u0131n \u0130\u00e7erikler<\/b><\/h2>\n\n\n\n<h3 class=\"wp-block-heading\" id=\"film-olusturucular-ve-polimerler\"><b>Film Olu\u015fturucular ve Polimerler<\/b><\/h3>\n\n\n\n<p><span style=\"font-weight: 400;\">Bu i\u00e7erikler her bir sa\u00e7 telinin etraf\u0131nda ince bir tabaka olu\u015fturarak \u201ctutu\u015f\u201d sa\u011flar. Etiketlerde genellikle PVP, VP\/VA kopolimer, akrilat kopolimerleri veya polikuaterniyumlar gibi terimler g\u00f6r\u00fcrs\u00fcn\u00fcz. Bu maddeler sa\u00e7 tellerinin ayr\u0131l\u0131p kalk\u0131k kalmas\u0131na yard\u0131mc\u0131 olarak sa\u00e7\u0131n daha dolgun g\u00f6r\u00fcnmesini sa\u011flayabilir.<\/span><\/p>\n\n\n\n<h3 class=\"wp-block-heading\" id=\"nemlendirici-ve-bakim-destekcileri\"><b>Nemlendirici ve Bak\u0131m Destek\u00e7ileri<\/b><\/h3>\n\n\n\n<p><span style=\"font-weight: 400;\">Bir\u00e7ok sa\u00e7 k\u00f6p\u00fc\u011f\u00fc, panthenol (pro\u2011vitamin B5), gliserin, silikonlar veya hafif ya\u011flar gibi bak\u0131m i\u00e7erikleri bar\u0131nd\u0131r\u0131r. Bunlar kayganl\u0131k ve parlakl\u0131k kazand\u0131rarak \u015fekillendirme s\u0131ras\u0131nda tak\u0131lma ve k\u0131r\u0131lmay\u0131 azaltabilir. E\u011fer sa\u00e7\u0131n\u0131z kuru veya boyal\u0131ysa, bu i\u00e7erikler \u00f6nemlidir.<\/span><\/p>\n\n\n\n<h3 class=\"wp-block-heading\" id=\"alkoller-koku-ve-koruyucular\"><b>Alkoller, Koku ve Koruyucular<\/b><\/h3>\n\n\n\n<p><span style=\"font-weight: 400;\">Baz\u0131 k\u00f6p\u00fckler, h\u0131zl\u0131 buharla\u015fmalar\u0131 ve \u015feklin sabitlenmesine yard\u0131mc\u0131 olmalar\u0131 i\u00e7in kurutucu alkollere dayan\u0131r. Dayan\u0131kl\u0131 sa\u00e7lar i\u00e7in genellikle sorun olmaz ancak kuru veya k\u0131v\u0131rc\u0131k sa\u00e7larda zamanla sa\u00e7 tellerinin k\u0131r\u0131lganla\u015fmas\u0131na neden olabilir. Koku ve baz\u0131 koruyucular da hassas sa\u00e7 derilerinde tahri\u015fe yol a\u00e7abilir.<\/span><\/p>\n\n\n\n<h2 class=\"wp-block-heading\" id=\"sac-kopugu-sac-dokulmesine-neden-olur-mu\"><b>Sa\u00e7 K\u00f6p\u00fc\u011f\u00fc Sa\u00e7 D\u00f6k\u00fclmesine Neden Olur mu?<\/b><\/h2>\n\n\n\n<p><span style=\"font-weight: 400;\">Tek ba\u015f\u0131na sa\u00e7 k\u00f6p\u00fc\u011f\u00fc, folik\u00fclden kaynakl\u0131 kal\u0131c\u0131 sa\u00e7 d\u00f6k\u00fclmesine neden olmaz. Genellikle fark edilen \u015fey, sa\u00e7 k\u0131r\u0131lmas\u0131 (k\u0131sa par\u00e7alar\u0131n kopmas\u0131) veya sa\u00e7 derisinin tahri\u015f olmas\u0131 nedeniyle artan d\u00f6k\u00fclmedir. Her ikisi de sa\u00e7\u0131n daha seyrek g\u00f6r\u00fcnmesine neden olabilir, oysa folik\u00fcller h\u00e2l\u00e2 sa\u00e7 \u00fcretebilir durumdad\u0131r.<\/span><\/p>\n\n\n\n<p><span style=\"font-weight: 400;\">Sa\u00e7 d\u00f6k\u00fclmesinin bir\u00e7ok nedeni vard\u0131r: genetik, hormonlar, stres, hastal\u0131klar ve baz\u0131 ila\u00e7lar. D\u00f6k\u00fclme ani, yamal\u0131, a\u011fr\u0131l\u0131ysa veya birka\u00e7 aydan uzun s\u00fcr\u00fcyorsa, do\u011fru olmayan bir nedeni su\u00e7lamamak i\u00e7in kontrol ettirmenizde fayda vard\u0131r.<\/span><\/p>\n\n\n\n<h3 class=\"wp-block-heading\" id=\"sac-kopugu-ne-zaman-sacin-daha-ince-gorunmesine-neden-olabilir\"><b>Sa\u00e7 K\u00f6p\u00fc\u011f\u00fc Ne Zaman Sa\u00e7\u0131n Daha \u0130nce G\u00f6r\u00fcnmesine Neden Olabilir?<\/b><\/h3>\n\n\n\n<p><span style=\"font-weight: 400;\">A\u015f\u0131r\u0131 kurutucu form\u00fcller, f\u0131r\u00e7alama, havluyla kurutma veya \u0131s\u0131yla \u015fekillendirme s\u0131ras\u0131nda u\u00e7lar\u0131n k\u0131r\u0131lmas\u0131na neden olabilir. \u00dcr\u00fcn birikimi de sa\u00e7\u0131n a\u011f\u0131r ve cans\u0131z hissetmesine yol a\u00e7arak hacmi azaltabilir ve seyrelmi\u015f g\u00f6r\u00fcn\u00fcm\u00fc art\u0131rabilir.<\/span><\/p>\n\n\n\n<p><span style=\"font-weight: 400;\">E\u011fer sa\u00e7 k\u00f6p\u00fc\u011f\u00fc ka\u015f\u0131nt\u0131, k\u0131zar\u0131kl\u0131k, pullanma veya yanma yap\u0131yorsa, tahri\u015f edici veya alerjik temas dermatiti ya\u015f\u0131yor olabilirsiniz. Bu durumda ka\u015f\u0131mak ve iltihap d\u00f6k\u00fclmeyi art\u0131rabilir; \u00fcr\u00fcn\u00fc b\u0131rakmak ve sa\u00e7 derisini tedavi etmek \u00f6ncelikli olmal\u0131d\u0131r.<\/span><\/p>\n\n\n\n<figure class=\"wp-block-image\"><img decoding=\"async\" src=\"https:\/\/haircenterofturkey.com\/wp-content\/uploads\/2023\/11\/How-to-Use-Hair-Mousse-and-Recommendations.webp\" alt=\"Sa\u00e7 K\u00f6p\u00fc\u011f\u00fc Nedir ve Sa\u00e7 D\u00f6k\u00fclmesine Neden Olur mu?\" title=\"\"><\/figure>\n\n\n\n<p><\/p>\n\n\n\n<h2 class=\"wp-block-heading\" id=\"sac-kopugu-saca-zarar-vermeden-nasil-kullanilir\"><b>Sa\u00e7 K\u00f6p\u00fc\u011f\u00fc Sa\u00e7a Zarar Vermeden Nas\u0131l Kullan\u0131l\u0131r?<\/b><\/h2>\n\n\n\n<p><span style=\"font-weight: 400;\">Az miktarla ba\u015flay\u0131n\u2014omuz hizas\u0131ndaki sa\u00e7 i\u00e7in yakla\u015f\u0131k bir golf topu b\u00fcy\u00fckl\u00fc\u011f\u00fcnde yeterlidir\u2014ve yaln\u0131zca gerekti\u011finde daha fazlas\u0131n\u0131 ekleyin. Ellerinize al\u0131p ovarak k\u00f6p\u00fc\u011f\u00fc \u0131s\u0131t\u0131n, ard\u0131ndan a\u011f\u0131rl\u0131kl\u0131 olarak orta k\u0131s\u0131mlara ve u\u00e7lara uygulay\u0131n; diplerde hacim isteniyorsa sa\u00e7 derisini doyurmadan az miktarda s\u00fcr\u00fcn.<\/span><\/p>\n\n\n\n<p><span style=\"font-weight: 400;\">Parmaklar\u0131n\u0131zla veya geni\u015f di\u015fli bir tarakla e\u015fit \u015fekilde da\u011f\u0131t\u0131n, sonra her zamanki gibi \u015fekillendirin. F\u00f6n veya s\u0131cak aletler kullan\u0131yorsan\u0131z, \u0131s\u0131y\u0131 orta seviyede tutun ve ayn\u0131 b\u00f6lgeye tekrar tekrar ge\u00e7mekten ka\u00e7\u0131n\u0131n. \u00dcr\u00fcn\u00fcn birikmemesi i\u00e7in \u00f6zellikle her g\u00fcn \u015fekillendiriyorsan\u0131z sa\u00e7\u0131n\u0131z\u0131 d\u00fczenli olarak y\u0131kay\u0131n.<\/span><\/p>\n\n\n\n<h2 class=\"wp-block-heading\" id=\"sac-tipinize-uygun-dogru-kopuk-nasil-secilir\"><b>Sa\u00e7 Tipinize Uygun Do\u011fru K\u00f6p\u00fck Nas\u0131l Se\u00e7ilir?<\/b><\/h2>\n\n\n\n<h3 class=\"wp-block-heading\" id=\"ince-veya-kolay-hacim-kaybeden-saclar\"><b>\u0130nce veya Kolay Hacim Kaybeden Sa\u00e7lar<\/b><\/h3>\n\n\n\n<p><span style=\"font-weight: 400;\">\u201cHacim veren\u201d veya \u201chafif tutu\u015flu\u201d \u00fcr\u00fcnleri tercih edin ve i\u00e7erik listesinde \u00fcst s\u0131ralarda yer alan a\u011f\u0131r ya\u011flar veya balmumlar\u0131ndan ka\u00e7\u0131n\u0131n. G\u00fc\u00e7l\u00fc tutu\u015flu bir k\u00f6p\u00fck i\u015fe yarayabilir ancak daha az kullan\u0131n ve diplerde hacim i\u00e7in uygulay\u0131n. Sa\u00e7\u0131n\u0131z \u00e7abuk matla\u015f\u0131yorsa, daha s\u0131k y\u0131kama gerekebilir.<\/span><\/p>\n\n\n\n<h3 class=\"wp-block-heading\" id=\"kivircik-kabarma-egilimli-veya-kalin-saclar\"><b>K\u0131v\u0131rc\u0131k, Kabarma E\u011filimli veya Kal\u0131n Sa\u00e7lar<\/b><\/h3>\n\n\n\n<p><span style=\"font-weight: 400;\">Panthenol veya gliserin gibi nemlendirici i\u00e7erikler bar\u0131nd\u0131ran, bukle belirginle\u015ftirici k\u00f6p\u00fckleri se\u00e7in ve kurutucu alkol oran\u0131 d\u00fc\u015f\u00fck olanlar\u0131 tercih edin. \u00c7ok nemli sa\u00e7a uygulay\u0131n ve buklelerin toplanmas\u0131 i\u00e7in s\u0131kma hareketi yap\u0131n. U\u00e7lar sertle\u015firse, miktar\u0131 azalt\u0131n veya alt\u0131na durulanmayan bir krem katmanlay\u0131n.<\/span><\/p>\n\n\n\n<h3 class=\"wp-block-heading\" id=\"kuru-acilmis-veya-boyali-saclar\"><b>Kuru, A\u00e7\u0131lm\u0131\u015f veya Boyal\u0131 Sa\u00e7lar<\/b><\/h3>\n\n\n\n<p><span style=\"font-weight: 400;\">\u201cNemlendirici\u201d veya \u201calkols\u00fcz\u201d olarak pazarlanan form\u00fclleri tercih edin ve sa\u00e7\u0131 g\u0131c\u0131rt\u0131l\u0131 veya sert b\u0131rakan \u00fcr\u00fcnlerden ka\u00e7\u0131n\u0131n. K\u00f6p\u00fc\u011f\u00fc, kayganl\u0131\u011f\u0131 geri kazand\u0131ran nazik bir \u015fampuan ve bak\u0131m kremiyle birlikte kullan\u0131n. E\u011fer as\u0131l sorun k\u0131r\u0131lmaysa, sadece \u015fekillendirici \u00fcr\u00fcn\u00fc de\u011fi\u015ftirmek yerine \u0131s\u0131y\u0131 ve s\u00fcrt\u00fcnmeyi azaltmaya odaklan\u0131n.<\/span><\/p>\n\n\n\n<h3 class=\"wp-block-heading\" id=\"hassas-veya-kasintili-sac-derisi\"><b>Hassas veya Ka\u015f\u0131nt\u0131l\u0131 Sa\u00e7 Derisi<\/b><\/h3>\n\n\n\n<p><span style=\"font-weight: 400;\">M\u00fcmk\u00fcnse parf\u00fcms\u00fcz \u00fcr\u00fcnleri se\u00e7in ve sa\u00e7 k\u00f6p\u00fc\u011f\u00fcn\u00fc do\u011frudan sa\u00e7 derisine uygulamaktan ka\u00e7\u0131n\u0131n. Yeni \u00fcr\u00fcnleri \u00f6nce k\u00fc\u00e7\u00fck bir alanda birka\u00e7 g\u00fcn deneyin, sonra genelleyin. Tahri\u015f s\u00fcrekli tekrarl\u0131yorsa, tetikleyicileri tespit etmek ve daha g\u00fcvenli alternatifler bulmak i\u00e7in bir dermatolo\u011fa dan\u0131\u015fabilirsiniz.<\/span><\/p>\n\n\n\n<h2 class=\"wp-block-heading\" id=\"ne-zaman-dermatologa-basvurmalisiniz\"><b>Ne Zaman Dermatolo\u011fa Ba\u015fvurmal\u0131s\u0131n\u0131z?<\/b><\/h2>\n\n\n\n<p><span style=\"font-weight: 400;\">Sa\u00e7l\u0131 deride yama \u015feklinde d\u00f6k\u00fclme, a\u011fr\u0131, iltihapl\u0131 kabarc\u0131klar veya kal\u0131n kabuklanma fark ederseniz profesyonel yard\u0131m al\u0131n. Ayr\u0131ca d\u00f6k\u00fclme ani, \u015fiddetli veya \u015f\u00fcpheli bir \u00fcr\u00fcn\u00fc b\u0131rakt\u0131ktan sonra bile ge\u00e7miyorsa mutlaka doktora g\u00f6r\u00fcn\u00fcn. Bir klinisyen k\u0131r\u0131lma, iltihap ve ger\u00e7ek <a href=\"https:\/\/haircenterofturkey.com\/tr\/kacinilmasi-gereken-en-buyuk-sac-kesimi-hatalari-ve-bunlari-duzeltme-yontemleri\/\">sa\u00e7 d\u00f6k\u00fclmesi<\/a> durumlar\u0131 aras\u0131ndaki fark\u0131 belirleyebilir ve hedefe y\u00f6nelik tedavi \u00f6nerebilir.<\/span><\/p>\n\n\n\n<h2 class=\"wp-block-heading\" id=\"sik-sorulan-sorular\"><b>S\u0131k Sorulan Sorular<\/b><\/h2>\n\n\n<div id=\"rank-math-faq\" class=\"rank-math-block\">\n<div class=\"rank-math-list \">\n<div id=\"faq-question-1771237783287\" class=\"rank-math-list-item\">\n<h3 class=\"rank-math-question \">Sa\u00e7 mousesi sa\u00e7\u0131n\u0131za zararl\u0131 m\u0131?<\/h3>\n<div class=\"rank-math-answer \">\n\n<p>La mousse suele ser m\u00e1s suave y ligera que el gel, a veces m\u00e1s resecante.<\/p>\n\n<\/div>\n<\/div>\n<div id=\"faq-question-1771238385882\" class=\"rank-math-list-item\">\n<h3 class=\"rank-math-question \">Sa\u00e7 d\u00f6k\u00fclmesinin #1 nedeni nedir?<\/h3>\n<div class=\"rank-math-answer \">\n\n<p>Androgenetik alopesi\u2014genetik ve hormonlar\u2014en yayg\u0131n sa\u00e7 d\u00f6k\u00fclmesi nedenidir.<\/p>\n\n<\/div>\n<\/div>\n<div id=\"faq-question-1771238386758\" class=\"rank-math-list-item\">\n<h3 class=\"rank-math-question \">Mousse ne s\u0131kl\u0131kla sa\u00e7 d\u00f6k\u00fclmesine neden olur?<\/h3>\n<div class=\"rank-math-answer \">\n\n<p>Nadiren; mousse genelde ger\u00e7ek d\u00f6k\u00fclme yapmaz, yaln\u0131zca tahri\u015f veya k\u0131r\u0131lmayla.<\/p>\n\n<\/div>\n<\/div>\n<div id=\"faq-question-1771238387394\" class=\"rank-math-list-item\">\n<h3 class=\"rank-math-question \">Her g\u00fcn sa\u00e7 k\u00f6p\u00fc\u011f\u00fc kullanmak uygun mu?<\/h3>\n<div class=\"rank-math-answer \">\n\n<p>Evet; d\u00fczenli y\u0131karsan\u0131z ve sa\u00e7 derisi tahri\u015finden ka\u00e7\u0131n\u0131rsan\u0131z uygundur.<\/p>\n\n<\/div>\n<\/div>\n<div id=\"faq-question-1771238388388\" class=\"rank-math-list-item\">\n<h3 class=\"rank-math-question \">Sa\u00e7\u0131n\u0131z d\u00f6k\u00fcl\u00fcyorsa hangi vitamin eksiktir?<\/h3>\n<div class=\"rank-math-answer \">\n\n<p>D vitamini eksikli\u011fi s\u0131k ili\u015fkilidir, ancak demir ve \u00e7inko eksikli\u011fi de \u00f6nemlidir.<\/p>\n\n<\/div>\n<\/div>\n<div id=\"faq-question-1771238389162\" class=\"rank-math-list-item\">\n<h3 class=\"rank-math-question \">Sa\u00e7\u0131n\u0131z i\u00e7in jel mi mousse mu daha iyi?<\/h3>\n<div class=\"rank-math-answer \">\n\n<p>Mousse genellikle jelden daha hafif ve naziktir; jel daha \u00e7ok kurutabilir.<\/p>\n\n<\/div>\n<\/div>\n<\/div>\n<\/div>","protected":false},"excerpt":{"rendered":"<p>Sa\u00e7 K\u00f6p\u00fc\u011f\u00fc Nedir ve Sa\u00e7 D\u00f6k\u00fclmesine Neden Olur mu? Sa\u00e7 k\u00f6p\u00fc\u011f\u00fc, hacim, tutu\u015f ve bukle belirginli\u011fi sa\u011flayan hafif bir \u015fekillendirici k\u00f6p\u00fckt\u00fcr. Genetik sa\u00e7 d\u00f6k\u00fclmesine neden olmaz ancak a\u011f\u0131r birikim, kurutucu form\u00fcller veya sa\u00e7 derisi tahri\u015fi, k\u0131r\u0131lma ya da fazla d\u00f6k\u00fclme yoluyla sa\u00e7\u0131n daha ince g\u00f6r\u00fcnmesine neden olabilir. Sa\u00e7 uzunluklar\u0131na az miktarda uygulay\u0131n, d\u00fczenli olarak temizleyin [&hellip;]<\/p>\n","protected":false},"author":2,"featured_media":2957,"comment_status":"closed","ping_status":"closed","sticky":false,"template":"","format":"standard","meta":{"footnotes":""},"categories":[2,149],"tags":[],"class_list":["post-2599","post","type-post","status-publish","format-standard","has-post-thumbnail","hentry","category-blog","category-sac-dokulmesi"],"_links":{"self":[{"href":"https:\/\/haircenterofturkey.com\/tr\/wp-json\/wp\/v2\/posts\/2599","targetHints":{"allow":["GET"]}}],"collection":[{"href":"https:\/\/haircenterofturkey.com\/tr\/wp-json\/wp\/v2\/posts"}],"about":[{"href":"https:\/\/haircenterofturkey.com\/tr\/wp-json\/wp\/v2\/types\/post"}],"author":[{"embeddable":true,"href":"https:\/\/haircenterofturkey.com\/tr\/wp-json\/wp\/v2\/users\/2"}],"replies":[{"embeddable":true,"href":"https:\/\/haircenterofturkey.com\/tr\/wp-json\/wp\/v2\/comments?post=2599"}],"version-history":[{"count":3,"href":"https:\/\/haircenterofturkey.com\/tr\/wp-json\/wp\/v2\/posts\/2599\/revisions"}],"predecessor-version":[{"id":25535,"href":"https:\/\/haircenterofturkey.com\/tr\/wp-json\/wp\/v2\/posts\/2599\/revisions\/25535"}],"wp:featuredmedia":[{"embeddable":true,"href":"https:\/\/haircenterofturkey.com\/tr\/wp-json\/wp\/v2\/media\/2957"}],"wp:attachment":[{"href":"https:\/\/haircenterofturkey.com\/tr\/wp-json\/wp\/v2\/media?parent=2599"}],"wp:term":[{"taxonomy":"category","embeddable":true,"href":"https:\/\/haircenterofturkey.com\/tr\/wp-json\/wp\/v2\/categories?post=2599"},{"taxonomy":"post_tag","embeddable":true,"href":"https:\/\/haircenterofturkey.com\/tr\/wp-json\/wp\/v2\/tags?post=2599"}],"curies":[{"name":"wp","href":"https:\/\/api.w.org\/{rel}","templated":true}]}}