{"id":2358,"date":"2023-04-04T07:50:12","date_gmt":"2023-04-04T04:50:12","guid":{"rendered":"https:\/\/haircenterofturkey.com\/kemoterapi-sonrasi-sac-ekimi\/"},"modified":"2026-02-12T17:45:19","modified_gmt":"2026-02-12T14:45:19","slug":"kemoterapi-sonrasi-sac-ekimi","status":"publish","type":"post","link":"https:\/\/haircenterofturkey.com\/tr\/kemoterapi-sonrasi-sac-ekimi\/","title":{"rendered":"Kemoterapi Sonras\u0131 Sa\u00e7 Ekimi"},"content":{"rendered":"\n<h2 class=\"wp-block-heading\" id=\"kimyasal-tedavi-sonrasi-sac-ekimi\"><b>Kimyasal Tedavi Sonras\u0131 Sa\u00e7 Ekimi<\/b><\/h2>\n\n\n\n<p><span style=\"font-weight: 400;\">Kemoterapiye ba\u011fl\u0131 <a href=\"https:\/\/haircenterofturkey.com\/tr\/sac-dokulmesi-icin-hangi-doktora-gidilir\/\">sa\u00e7 d\u00f6k\u00fclmesi<\/a> genellikle ge\u00e7icidir. \u00c7o\u011fu ki\u015fi tedavi ba\u015flad\u0131ktan 2\u20134 hafta sonra sa\u00e7 d\u00f6k\u00fclmesi fark eder ve yeniden sa\u00e7 \u00e7\u0131k\u0131\u015f\u0131 genellikle kemoterapi bittikten 3\u20136 ay i\u00e7inde ba\u015flar. E\u011fer sa\u00e7lar tamamen geri d\u00f6nmezse veya kal\u0131c\u0131 seyrek alanlar kal\u0131rsa, tedavi tamamland\u0131ktan ve onkoloji ekibiniz t\u0131bbi olarak haz\u0131r oldu\u011funuzu onaylad\u0131ktan sonra <a href=\"https:\/\/haircenterofturkey.com\/tr\/sac-ekimi-nerede-yaptirilir-ingiltere-ve-turkiye-karsilastirma-rehberi\/\">sa\u00e7 ekimi<\/a> bir se\u00e7enek olabilir.<\/span><\/p>\n\n\n\n<div class=\"wp-block-rank-math-toc-block\" id=\"rank-math-toc\"><h2>Table of Contents<\/h2><nav><ul><li><a href=\"#kimyasal-tedavi-sonrasi-sac-ekimi\">Kimyasal Tedavi Sonras\u0131 Sa\u00e7 Ekimi<\/a><\/li><li><a href=\"#kemoterapi-nedir\">Kemoterapi Nedir?<\/a><\/li><li><a href=\"#kemoterapi-neden-kullanilir\">Kemoterapi Neden Kullan\u0131l\u0131r?<\/a><\/li><li><a href=\"#kemoterapi-sonrasi-sac-dokulmesi\">Kemoterapi Sonras\u0131 Sa\u00e7 D\u00f6k\u00fclmesi<\/a><\/li><li><a href=\"#saclar-ne-zaman-geri-cikar\">Sa\u00e7lar Ne Zaman Geri \u00c7\u0131kar?<\/a><\/li><li><a href=\"#kemoterapiye-bagli-sac-dokulmesiyle-nasil-basa-cikilir\">Kemoterapiye Ba\u011fl\u0131 Sa\u00e7 D\u00f6k\u00fclmesiyle Nas\u0131l Ba\u015fa \u00c7\u0131k\u0131l\u0131r?<\/a><ul><li><a href=\"#once-konforu-secin\">\u00d6nce Konforu Se\u00e7in<\/a><\/li><li><a href=\"#sac-bakimini-nazik-tutun\">Sa\u00e7 Bak\u0131m\u0131n\u0131 Nazik Tutun<\/a><\/li><li><a href=\"#sac-derinizi-koruyun\">Sa\u00e7 Derinizi Koruyun<\/a><\/li><li><a href=\"#destek-dusunun\">Destek D\u00fc\u015f\u00fcn\u00fcn<\/a><\/li><\/ul><\/li><li><a href=\"#kemoterapi-sirasinda-sac-dokulmesi-onlenebilir-mi\">Kemoterapi S\u0131ras\u0131nda Sa\u00e7 D\u00f6k\u00fclmesi \u00d6nlenebilir mi?<\/a><\/li><li><a href=\"#kemoterapi-sonrasi-sac-ekimi-yapilabilir-mi\">Kemoterapi Sonras\u0131 Sa\u00e7 Ekimi Yap\u0131labilir mi?<\/a><\/li><li><a href=\"#kemoterapi-sonrasi-sac-dokulmesi-bilinmesi-gereken-10-sey\">Kemoterapi Sonras\u0131 Sa\u00e7 D\u00f6k\u00fclmesi: Bilinmesi Gereken 10 \u015eey<\/a><ul><li><a href=\"#1-kanser-tedavisinde-sac-dokulmesine-ne-neden-olur\">1) Kanser tedavisinde sa\u00e7 d\u00f6k\u00fclmesine ne neden olur?<\/a><\/li><li><a href=\"#2-yeniden-cikis-ne-kadar-surer\">2) Yeniden \u00e7\u0131k\u0131\u015f ne kadar s\u00fcrer?<\/a><\/li><li><a href=\"#3-sac-farkli-mi-geri-gelir\">3) Sa\u00e7 farkl\u0131 m\u0131 geri gelir?<\/a><\/li><li><a href=\"#4-takviyeler-kemoterapi-sirasinda-sac-cikisini-hizlandirir-mi\">4) Takviyeler kemoterapi s\u0131ras\u0131nda sa\u00e7 \u00e7\u0131k\u0131\u015f\u0131n\u0131 h\u0131zland\u0131r\u0131r m\u0131?<\/a><\/li><li><a href=\"#5-sac-dokulmesi-basladiktan-sonra-durdurulabilir-mi\">5) Sa\u00e7 d\u00f6k\u00fclmesi ba\u015flad\u0131ktan sonra durdurulabilir mi?<\/a><\/li><li><a href=\"#6-dogal-yaglar-hassas-sac-derisinde-guvenli-mi\">6) \u201cDo\u011fal ya\u011flar\u201d hassas sa\u00e7 derisinde g\u00fcvenli mi?<\/a><\/li><li><a href=\"#7-herkes-kemoterapide-sac-kaybi-yasar-mi\">7) Herkes kemoterapide sa\u00e7 kayb\u0131 ya\u015far m\u0131?<\/a><\/li><li><a href=\"#8-dokulme-genellikle-ne-zaman-baslar\">8) D\u00f6k\u00fclme genellikle ne zaman ba\u015flar?<\/a><\/li><li><a href=\"#9-peruk-takmak-sac-derisine-zarar-verir-mi\">9) Peruk takmak sa\u00e7 derisine zarar verir mi?<\/a><\/li><li><a href=\"#10-stres-kansere-neden-olur-mu\">10) Stres kansere neden olur mu?<\/a><\/li><\/ul><\/li><li><a href=\"#sikca-sorulan-sorular\">S\u0131k\u00e7a Sorulan Sorular<\/a><ul><li><a href=\"#faq-question-1770907371517\">Kemoterapiden sonra sa\u00e7 ekimi yap\u0131labilir mi?<\/a><\/li><li><a href=\"#faq-question-1770907372353\">Kemodan sonra sa\u00e7 \u00e7\u0131k\u0131\u015f\u0131na ne yard\u0131mc\u0131 olur?<\/a><\/li><li><a href=\"#faq-question-1770907373204\">Kemodan sonra sa\u00e7\u0131n yeniden \u00e7\u0131kmas\u0131 ne kadar s\u00fcrer?<\/a><\/li><li><a href=\"#faq-question-1770907374120\">Sigorta kemodan sonra sa\u00e7 ekimini kar\u015f\u0131lar m\u0131?<\/a><\/li><li><a href=\"#faq-question-1770907375116\">V\u00fccut kemoterapiden tamamen toparlan\u0131r m\u0131?<\/a><\/li><li><a href=\"#faq-question-1770907376041\">Sa\u00e7 ekiminden 20 y\u0131l sonra ne olur?<\/a><\/li><\/ul><\/li><\/ul><\/nav><\/div>\n\n\n\n<h2 class=\"wp-block-heading\" id=\"kemoterapi-nedir\"><b>Kemoterapi Nedir?<\/b><\/h2>\n\n\n\n<p><span style=\"font-weight: 400;\">Kemoterapi, kanser h\u00fccrelerini yok etmek veya b\u00fcy\u00fcmelerini ve b\u00f6l\u00fcnmelerini durdurmak i\u00e7in ila\u00e7lar kullanan bir kanser tedavisidir. Tedavi plan\u0131na ba\u011fl\u0131 olarak damar yoluyla (IV), tablet \u015feklinde veya ba\u015fka yollarla uygulanabilir.<\/span><\/p>\n\n\n\n<p><span style=\"font-weight: 400;\">Kemoterapi h\u0131zl\u0131 b\u00fcy\u00fcyen h\u00fccreleri hedef ald\u0131\u011f\u0131 i\u00e7in, h\u0131zl\u0131 b\u00f6l\u00fcnen sa\u011fl\u0131kl\u0131 h\u00fccreleri de etkileyebilir; buna sa\u00e7 folik\u00fcl\u00fc h\u00fccreleri de dahildir. Bu nedenle sa\u00e7 d\u00f6k\u00fclmesi bir\u00e7ok hasta i\u00e7in yayg\u0131n bir yan etkidir.<\/span><\/p>\n\n\n\n<figure class=\"wp-block-image\"><img decoding=\"async\" src=\"https:\/\/haircenterofturkey.com\/wp-content\/uploads\/2023\/11\/What-is-Chemotherapy.webp\" alt=\"Kemoterapi Sonras\u0131 Sa\u00e7 Ekimi | Hair Center Of Turkey |\" title=\"\"><\/figure>\n\n\n\n<p><\/p>\n\n\n\n<h2 class=\"wp-block-heading\" id=\"kemoterapi-neden-kullanilir\"><b>Kemoterapi Neden Kullan\u0131l\u0131r?<\/b><\/h2>\n\n\n\n<p><span style=\"font-weight: 400;\">Kemoterapi \u015fu ama\u00e7larla \u00f6nerilebilir:<\/span><\/p>\n\n\n\n<ul class=\"wp-block-list\">\n<li><span style=\"font-weight: 400;\">Kanser h\u00fccrelerini yok etmek<\/span><\/li>\n\n\n\n<li><span style=\"font-weight: 400;\">Ameliyat veya radyoterapi \u00f6ncesinde t\u00fcm\u00f6r\u00fc k\u00fc\u00e7\u00fcltmek<\/span><\/li>\n\n\n\n<li><span style=\"font-weight: 400;\">Kansere yeniden yakalanma riskini azaltmak<\/span><\/li>\n\n\n\n<li><span style=\"font-weight: 400;\">Kansere b\u00fcy\u00fcmesini yava\u015flatmak veya kontrol alt\u0131na almak<\/span><\/li>\n\n\n\n<li><span style=\"font-weight: 400;\">\u0130leri vakalarda semptomlar\u0131 hafifletmek ve konforu art\u0131rmak<\/span><\/li>\n<\/ul>\n\n\n\n<p><span style=\"font-weight: 400;\">Onkolo\u011funuz, kanserin t\u00fcr\u00fc, evresi ve genel sa\u011fl\u0131k durumunuza g\u00f6re yakla\u015f\u0131m\u0131 belirler.<\/span><\/p>\n\n\n\n<h2 class=\"wp-block-heading\" id=\"kemoterapi-sonrasi-sac-dokulmesi\"><b>Kemoterapi Sonras\u0131 Sa\u00e7 D\u00f6k\u00fclmesi<\/b><\/h2>\n\n\n\n<p><span style=\"font-weight: 400;\">Kemoterapi s\u0131ras\u0131nda sa\u00e7 d\u00f6k\u00fclmesine kanser de\u011fil, kullan\u0131lan ila\u00e7lar neden olur. D\u00f6k\u00fclme genellikle <\/span><b>kemoterapiye ba\u015fland\u0131ktan 2\u20134 hafta sonra<\/b><span style=\"font-weight: 400;\"> ba\u015flar, ancak zamanlama ilaca ve dozaja g\u00f6re de\u011fi\u015febilir.<\/span><\/p>\n\n\n\n<p><span style=\"font-weight: 400;\">Sa\u00e7 d\u00f6k\u00fclmesi yaln\u0131zca sa\u00e7l\u0131 deriyi de\u011fil, ka\u015f, kirpik, sakal ve v\u00fccut k\u0131llar\u0131n\u0131 da etkileyebilir. Baz\u0131 ki\u015filerde hafif seyrekle\u015fme olurken, di\u011ferleri sa\u00e7lar\u0131n\u0131n b\u00fcy\u00fck k\u0131sm\u0131n\u0131 kaybedebilir.<\/span><\/p>\n\n\n\n<p><span style=\"font-weight: 400;\">Her kemoterapi rejimi belirgin sa\u00e7 d\u00f6k\u00fclmesine yol a\u00e7maz ve d\u00f6k\u00fclme derecesi ki\u015fiden ki\u015fiye farkl\u0131l\u0131k g\u00f6sterir.<\/span><\/p>\n\n\n\n<figure class=\"wp-block-image\"><img decoding=\"async\" src=\"https:\/\/haircenterofturkey.com\/wp-content\/uploads\/2023\/11\/Hair-Loss-After-Chemotherapy.webp\" alt=\"Kemoterapi Sonras\u0131 Sa\u00e7 Ekimi | Hair Center Of Turkey |\" title=\"\"><\/figure>\n\n\n\n<p><\/p>\n\n\n\n<h2 class=\"wp-block-heading\" id=\"saclar-ne-zaman-geri-cikar\"><b>Sa\u00e7lar Ne Zaman Geri \u00c7\u0131kar?<\/b><\/h2>\n\n\n\n<p><span style=\"font-weight: 400;\">Bir\u00e7ok hastada sa\u00e7lar <\/span><b>kemoterapi bittikten sonraki birka\u00e7 ay i\u00e7inde yeniden \u00e7\u0131kmaya ba\u015flar<\/b><span style=\"font-weight: 400;\">. G\u00f6r\u00fcn\u00fcr yeniden \u00e7\u0131k\u0131\u015f genellikle <\/span><b>3\u20136 ay<\/b><span style=\"font-weight: 400;\"> aral\u0131\u011f\u0131nda g\u00f6r\u00fcl\u00fcr ve erken d\u00f6nemde sa\u00e7 dokusu veya k\u0131vr\u0131m\u0131 ge\u00e7ici olarak de\u011fi\u015febilir.<\/span><\/p>\n\n\n\n<p><span style=\"font-weight: 400;\">Az say\u0131da vakada ise sa\u00e7 \u00e7\u0131k\u0131\u015f\u0131 eksik kalabilir veya beklenenden daha yava\u015f olabilir (bu duruma kal\u0131c\u0131 kemoterapi kaynakl\u0131 alopesi denir).<\/span><\/p>\n\n\n\n<h2 class=\"wp-block-heading\" id=\"kemoterapiye-bagli-sac-dokulmesiyle-nasil-basa-cikilir\"><b>Kemoterapiye Ba\u011fl\u0131 Sa\u00e7 D\u00f6k\u00fclmesiyle Nas\u0131l Ba\u015fa \u00c7\u0131k\u0131l\u0131r?<\/b><\/h2>\n\n\n\n<p><span style=\"font-weight: 400;\">Sa\u00e7 d\u00f6k\u00fclmesi \u00e7ok ki\u015fisel ve duygusal a\u00e7\u0131dan zorlay\u0131c\u0131 olabilir. S\u00fcreci daha y\u00f6netilebilir hale getirmek i\u00e7in \u015fu ad\u0131mlar faydal\u0131 olabilir:<\/span><\/p>\n\n\n\n<h3 class=\"wp-block-heading\" id=\"once-konforu-secin\"><b>\u00d6nce Konforu Se\u00e7in<\/b><\/h3>\n\n\n\n<p><span style=\"font-weight: 400;\">Yumu\u015fak pamuklu bereler, e\u015farplar veya bandanalar, \u00f6zellikle sa\u00e7 deriniz hassassa tahri\u015fi azaltabilir.<\/span><\/p>\n\n\n\n<h3 class=\"wp-block-heading\" id=\"sac-bakimini-nazik-tutun\"><b>Sa\u00e7 Bak\u0131m\u0131n\u0131 Nazik Tutun<\/b><\/h3>\n\n\n\n<p><span style=\"font-weight: 400;\">Nazik, parf\u00fcms\u00fcz \u015fampuanlar kullan\u0131n. Sa\u00e7 d\u00fczle\u015ftirici, ma\u015fa, s\u0131cak f\u00f6n gibi y\u00fcksek \u0131s\u0131dan ve sert kimyasallardan ka\u00e7\u0131n\u0131n.<\/span><\/p>\n\n\n\n<h3 class=\"wp-block-heading\" id=\"sac-derinizi-koruyun\"><b>Sa\u00e7 Derinizi Koruyun<\/b><\/h3>\n\n\n\n<p><span style=\"font-weight: 400;\">G\u00fcne\u015f ve so\u011fuk tedavi s\u0131ras\u0131nda rahats\u0131zl\u0131k verebilir. Nefes alabilen bir <a href=\"https:\/\/haircenterofturkey.com\/tr\/sac-ekimi-sonrasi-sapka-takmak\/\">\u015fapka<\/a> veya e\u015farp her iki durumda da yard\u0131mc\u0131 olur.<\/span><\/p>\n\n\n\n<h3 class=\"wp-block-heading\" id=\"destek-dusunun\"><b>Destek D\u00fc\u015f\u00fcn\u00fcn<\/b><\/h3>\n\n\n\n<p><span style=\"font-weight: 400;\">Online destek gruplar\u0131 veya tedavi s\u00fcrecini ya\u015fam\u0131\u015f biriyle konu\u015fmak, kendinizi daha az yaln\u0131z hissetmenizi sa\u011flayabilir.<\/span><\/p>\n\n\n\n<h2 class=\"wp-block-heading\" id=\"kemoterapi-sirasinda-sac-dokulmesi-onlenebilir-mi\"><b>Kemoterapi S\u0131ras\u0131nda Sa\u00e7 D\u00f6k\u00fclmesi \u00d6nlenebilir mi?<\/b><\/h2>\n\n\n\n<p><span style=\"font-weight: 400;\">Kemoterapiye ba\u011fl\u0131 sa\u00e7 d\u00f6k\u00fclmesini tamamen \u00f6nlemenin garantili bir yolu yoktur. Ancak <\/span><b><a href=\"https:\/\/haircenterofturkey.com\/tr\/sac-kasintisina-ne-iyi-gelir\/\">sa\u00e7 derisi<\/a> so\u011futma (so\u011fuk \u015fapka)<\/b><span style=\"font-weight: 400;\"> baz\u0131 hastalarda sa\u00e7 d\u00f6k\u00fclmesini azaltabilir; bu, kullan\u0131lan ila\u00e7lara ba\u011fl\u0131d\u0131r. Uygun olup olmad\u0131\u011f\u0131n\u0131 onkoloji ekibinize sorun.<\/span><\/p>\n\n\n\n<h2 class=\"wp-block-heading\" id=\"kemoterapi-sonrasi-sac-ekimi-yapilabilir-mi\"><b>Kemoterapi Sonras\u0131 Sa\u00e7 Ekimi Yap\u0131labilir mi?<\/b><\/h2>\n\n\n\n<p><span style=\"font-weight: 400;\">Sa\u00e7 ekimi, <\/span><b>kemoterapi tamamen tamamland\u0131ktan sonra<\/b><span style=\"font-weight: 400;\"> \u015fu durumlarda d\u00fc\u015f\u00fcn\u00fclebilir:<\/span><\/p>\n\n\n\n<ul class=\"wp-block-list\">\n<li><span style=\"font-weight: 400;\">Onkoloji ekibiniz t\u0131bbi olarak stabil oldu\u011funuzu onaylad\u0131ysa<\/span><\/li>\n\n\n\n<li><span style=\"font-weight: 400;\">Kan de\u011ferleri ve ba\u011f\u0131\u015f\u0131kl\u0131k sistemi yeterince toparland\u0131ysa<\/span><\/li>\n\n\n\n<li><span style=\"font-weight: 400;\">Sa\u00e7 yeniden \u00e7\u0131k\u0131\u015f\u0131 kendini g\u00f6stermi\u015fse<\/span><\/li>\n\n\n\n<li><span style=\"font-weight: 400;\">Yeterli miktarda sa\u011fl\u0131kl\u0131 <a href=\"https:\/\/haircenterofturkey.com\/tr\/kimler-sac-ekimine-uygun-degil\/\">don\u00f6r sa\u00e7<\/a> varsa (genellikle ba\u015f\u0131n arka ve yan taraflar\u0131nda)<\/span><\/li>\n<\/ul>\n\n\n\n<p><span style=\"font-weight: 400;\">Bir\u00e7ok ki\u015fi sa\u00e7\u0131n\u0131 do\u011fal olarak geri kazand\u0131\u011f\u0131 i\u00e7in, ilk ad\u0131m genellikle yeniden \u00e7\u0131k\u0131\u015f\u0131 beklemek ve sonra durumu yeniden de\u011ferlendirmektir. Seyrek veya yama \u015feklinde kalan b\u00f6lgeler varsa, bir dermatolog ve sa\u00e7 restorasyon uzman\u0131yla yap\u0131lacak muayene sa\u00e7 ekiminin uygun olup olmad\u0131\u011f\u0131n\u0131 belirlemede yard\u0131mc\u0131 olur.<\/span><\/p>\n\n\n\n<p><span style=\"font-weight: 400;\">E\u011fer sa\u00e7 d\u00f6k\u00fclmeniz tipik yeniden \u00e7\u0131k\u0131\u015f paternini takip etmiyorsa, planlama yap\u0131lmadan \u00f6nce kal\u0131c\u0131 kemoterapi kaynakl\u0131 alopesi de\u011ferlendirilmelidir.<\/span><\/p>\n\n\n\n<h2 class=\"wp-block-heading\" id=\"kemoterapi-sonrasi-sac-dokulmesi-bilinmesi-gereken-10-sey\"><b>Kemoterapi Sonras\u0131 Sa\u00e7 D\u00f6k\u00fclmesi: Bilinmesi Gereken 10 \u015eey<\/b><\/h2>\n\n\n\n<h3 class=\"wp-block-heading\" id=\"1-kanser-tedavisinde-sac-dokulmesine-ne-neden-olur\"><b>1) Kanser tedavisinde sa\u00e7 d\u00f6k\u00fclmesine ne neden olur?<\/b><\/h3>\n\n\n\n<p><span style=\"font-weight: 400;\">Kemoterapi ila\u00e7lar\u0131 h\u0131zl\u0131 b\u00f6l\u00fcnen sa\u00e7 folik\u00fcl\u00fc h\u00fccrelerine zarar vererek d\u00f6k\u00fclmeye yol a\u00e7abilir.<\/span><\/p>\n\n\n\n<h3 class=\"wp-block-heading\" id=\"2-yeniden-cikis-ne-kadar-surer\"><b>2) Yeniden \u00e7\u0131k\u0131\u015f ne kadar s\u00fcrer?<\/b><\/h3>\n\n\n\n<p><span style=\"font-weight: 400;\">Kemoterapi bittikten sonraki birka\u00e7 ay i\u00e7inde yeniden \u00e7\u0131k\u0131\u015f ba\u015flar, g\u00f6r\u00fcn\u00fcr \u00e7\u0131k\u0131\u015f genellikle 3\u20136 ay i\u00e7inde g\u00f6r\u00fcl\u00fcr.<\/span><\/p>\n\n\n\n<h3 class=\"wp-block-heading\" id=\"3-sac-farkli-mi-geri-gelir\"><b>3) Sa\u00e7 farkl\u0131 m\u0131 geri gelir?<\/b><\/h3>\n\n\n\n<p><span style=\"font-weight: 400;\">Evet, olabilir. Baz\u0131 ki\u015filerde erken d\u00f6nemde doku (\u00f6rne\u011fin \u201ckemoterapi k\u0131vr\u0131m\u0131\u201d) veya renk ge\u00e7ici olarak de\u011fi\u015febilir.<\/span><\/p>\n\n\n\n<h3 class=\"wp-block-heading\" id=\"4-takviyeler-kemoterapi-sirasinda-sac-cikisini-hizlandirir-mi\"><b>4) Takviyeler kemoterapi s\u0131ras\u0131nda sa\u00e7 \u00e7\u0131k\u0131\u015f\u0131n\u0131 h\u0131zland\u0131r\u0131r m\u0131?<\/b><\/h3>\n\n\n\n<p><span style=\"font-weight: 400;\">Onkoloji ekibinizin onay\u0131 olmadan aktif tedavi s\u0131ras\u0131nda hi\u00e7bir takviyeye ba\u015flamay\u0131n; baz\u0131lar\u0131 tedaviyle etkile\u015fime girebilir.<\/span><\/p>\n\n\n\n<h3 class=\"wp-block-heading\" id=\"5-sac-dokulmesi-basladiktan-sonra-durdurulabilir-mi\"><b>5) Sa\u00e7 d\u00f6k\u00fclmesi ba\u015flad\u0131ktan sonra durdurulabilir mi?<\/b><\/h3>\n\n\n\n<p><span style=\"font-weight: 400;\">Evde uygulanan y\u00f6ntemlerle kemoterapiye ba\u011fl\u0131 d\u00f6k\u00fclmeyi durdurman\u0131n g\u00fcvenilir bir yolu yoktur. Sa\u00e7 derisi so\u011futma, t\u0131bbi g\u00f6zetim alt\u0131nda baz\u0131 hastalarda fayda sa\u011flayabilir.<\/span><\/p>\n\n\n\n<h3 class=\"wp-block-heading\" id=\"6-dogal-yaglar-hassas-sac-derisinde-guvenli-mi\"><b>6) \u201cDo\u011fal ya\u011flar\u201d hassas sa\u00e7 derisinde g\u00fcvenli mi?<\/b><\/h3>\n\n\n\n<p><span style=\"font-weight: 400;\">Tedavi s\u0131ras\u0131nda sa\u00e7 derisi hassas olabilir. Yeni \u00fcr\u00fcnlerde yama testi yap\u0131n ve bak\u0131m rutinini nazik tutun. Tahri\u015f olursa kullan\u0131m\u0131 b\u0131rak\u0131n ve ekibinize dan\u0131\u015f\u0131n.<\/span><\/p>\n\n\n\n<h3 class=\"wp-block-heading\" id=\"7-herkes-kemoterapide-sac-kaybi-yasar-mi\"><b>7) Herkes kemoterapide sa\u00e7 kayb\u0131 ya\u015far m\u0131?<\/b><\/h3>\n\n\n\n<p><span style=\"font-weight: 400;\">Hay\u0131r. Sa\u00e7 d\u00f6k\u00fclmesi kullan\u0131lan ila\u00e7lara ve dozajlara ba\u011fl\u0131d\u0131r; baz\u0131 rejimler \u00e7ok az veya hi\u00e7 d\u00f6k\u00fclme yapmaz.<\/span><\/p>\n\n\n\n<h3 class=\"wp-block-heading\" id=\"8-dokulme-genellikle-ne-zaman-baslar\"><b>8) D\u00f6k\u00fclme genellikle ne zaman ba\u015flar?<\/b><\/h3>\n\n\n\n<p><span style=\"font-weight: 400;\">Genellikle tedavi ba\u015flad\u0131ktan 2\u20134 hafta sonra.<\/span><\/p>\n\n\n\n<h3 class=\"wp-block-heading\" id=\"9-peruk-takmak-sac-derisine-zarar-verir-mi\"><b>9) Peruk takmak sa\u00e7 derisine zarar verir mi?<\/b><\/h3>\n\n\n\n<p><span style=\"font-weight: 400;\">Pek \u00e7ok durumda <a href=\"https:\/\/haircenterofturkey.com\/tr\/sac-ekimi-mi-sac-protezi-mi\/\">peruk<\/a> kullan\u0131m\u0131 g\u00fcvenlidir, ancak konfor \u00f6nemlidir. S\u0131cak havalarda e\u015farp veya \u015fapka gibi daha hafif se\u00e7enekler daha rahat olabilir.<\/span><\/p>\n\n\n\n<h3 class=\"wp-block-heading\" id=\"10-stres-kansere-neden-olur-mu\"><b>10) Stres kansere neden olur mu?<\/b><\/h3>\n\n\n\n<p><span style=\"font-weight: 400;\">Stres, ruh halini, uykuyu ve ba\u015fa \u00e7\u0131kma becerilerini etkileyebilir, ancak kendi ba\u015f\u0131na kanserin kan\u0131tlanm\u0131\u015f bir nedeni olarak kabul edilmez.<\/span><\/p>\n\n\n\n<h2 class=\"wp-block-heading\" id=\"sikca-sorulan-sorular\"><b>S<\/b>\u0131k\u00e7a Sorulan Sorular<\/h2>\n\n\n<div id=\"rank-math-faq\" class=\"rank-math-block\">\n<div class=\"rank-math-list \">\n<div id=\"faq-question-1770907371517\" class=\"rank-math-list-item\">\n<h3 class=\"rank-math-question \">Kemoterapiden sonra sa\u00e7 ekimi yap\u0131labilir mi?<\/h3>\n<div class=\"rank-math-answer \">\n\n<p>Evet, onkolog onay\u0131 ve stabil geri \u00e7\u0131k\u0131\u015f sonras\u0131, 6\u201312 ay sonra.<\/p>\n\n<\/div>\n<\/div>\n<div id=\"faq-question-1770907372353\" class=\"rank-math-list-item\">\n<h3 class=\"rank-math-question \">Kemodan sonra sa\u00e7 \u00e7\u0131k\u0131\u015f\u0131na ne yard\u0131mc\u0131 olur?<\/h3>\n<div class=\"rank-math-answer \">\n\n<p>Zaman, nazik bak\u0131m, protein\/demir deste\u011fi ve doktor onayl\u0131 <a href=\"https:\/\/haircenterofturkey.com\/tr\/sac-dokulmesi-tedavisinde-kullanilan-ilaclar\/\">minoksidil<\/a> b\u00fcy\u00fcmeyi destekler.<\/p>\n\n<\/div>\n<\/div>\n<div id=\"faq-question-1770907373204\" class=\"rank-math-list-item\">\n<h3 class=\"rank-math-question \">Kemodan sonra sa\u00e7\u0131n yeniden \u00e7\u0131kmas\u0131 ne kadar s\u00fcrer?<\/h3>\n<div class=\"rank-math-answer \">\n\n<p>Yeni \u00e7\u0131k\u0131\u015f 3\u20136 haftada ba\u015flar, daha dolu sonu\u00e7 6\u201312 ayda g\u00f6r\u00fcl\u00fcr.<\/p>\n\n<\/div>\n<\/div>\n<div id=\"faq-question-1770907374120\" class=\"rank-math-list-item\">\n<h3 class=\"rank-math-question \">Sigorta kemodan sonra sa\u00e7 ekimini kar\u015f\u0131lar m\u0131?<\/h3>\n<div class=\"rank-math-answer \">\n\n<p>\u00c7o\u011funlukla hay\u0131r; sigortalar kozmetik sayar, nadiren t\u0131bbi-rekonstr\u00fcktif durumlarda kar\u015f\u0131lar.<\/p>\n\n<\/div>\n<\/div>\n<div id=\"faq-question-1770907375116\" class=\"rank-math-list-item\">\n<h3 class=\"rank-math-question \">V\u00fccut kemoterapiden tamamen toparlan\u0131r m\u0131?<\/h3>\n<div class=\"rank-math-answer \">\n\n<p>Bir\u00e7ok ki\u015fi iyi toparlan\u0131r, ancak baz\u0131lar\u0131nda ge\u00e7 veya kal\u0131c\u0131 etkiler kal\u0131r.<\/p>\n\n<\/div>\n<\/div>\n<div id=\"faq-question-1770907376041\" class=\"rank-math-list-item\">\n<h3 class=\"rank-math-question \">Sa\u00e7 ekiminden 20 y\u0131l sonra ne olur?<\/h3>\n<div class=\"rank-math-answer \">\n\n<p>Ekilen sa\u00e7 kal\u0131r, ancak do\u011fal sa\u00e7 incelir; yo\u011funluk azalabilir.<\/p>\n\n<\/div>\n<\/div>\n<\/div>\n<\/div>","protected":false},"excerpt":{"rendered":"<p>Kimyasal Tedavi Sonras\u0131 Sa\u00e7 Ekimi Kemoterapiye ba\u011fl\u0131 sa\u00e7 d\u00f6k\u00fclmesi genellikle ge\u00e7icidir. \u00c7o\u011fu ki\u015fi tedavi ba\u015flad\u0131ktan 2\u20134 hafta sonra sa\u00e7 d\u00f6k\u00fclmesi fark eder ve yeniden sa\u00e7 \u00e7\u0131k\u0131\u015f\u0131 genellikle kemoterapi bittikten 3\u20136 ay i\u00e7inde ba\u015flar. E\u011fer sa\u00e7lar tamamen geri d\u00f6nmezse veya kal\u0131c\u0131 seyrek alanlar kal\u0131rsa, tedavi tamamland\u0131ktan ve onkoloji ekibiniz t\u0131bbi olarak haz\u0131r oldu\u011funuzu onaylad\u0131ktan sonra sa\u00e7 [&hellip;]<\/p>\n","protected":false},"author":2,"featured_media":19309,"comment_status":"open","ping_status":"open","sticky":false,"template":"","format":"standard","meta":{"footnotes":""},"categories":[2,148],"tags":[],"class_list":["post-2358","post","type-post","status-publish","format-standard","has-post-thumbnail","hentry","category-blog","category-sac-ekimi-tedavileri"],"_links":{"self":[{"href":"https:\/\/haircenterofturkey.com\/tr\/wp-json\/wp\/v2\/posts\/2358","targetHints":{"allow":["GET"]}}],"collection":[{"href":"https:\/\/haircenterofturkey.com\/tr\/wp-json\/wp\/v2\/posts"}],"about":[{"href":"https:\/\/haircenterofturkey.com\/tr\/wp-json\/wp\/v2\/types\/post"}],"author":[{"embeddable":true,"href":"https:\/\/haircenterofturkey.com\/tr\/wp-json\/wp\/v2\/users\/2"}],"replies":[{"embeddable":true,"href":"https:\/\/haircenterofturkey.com\/tr\/wp-json\/wp\/v2\/comments?post=2358"}],"version-history":[{"count":3,"href":"https:\/\/haircenterofturkey.com\/tr\/wp-json\/wp\/v2\/posts\/2358\/revisions"}],"predecessor-version":[{"id":23646,"href":"https:\/\/haircenterofturkey.com\/tr\/wp-json\/wp\/v2\/posts\/2358\/revisions\/23646"}],"wp:featuredmedia":[{"embeddable":true,"href":"https:\/\/haircenterofturkey.com\/tr\/wp-json\/wp\/v2\/media\/19309"}],"wp:attachment":[{"href":"https:\/\/haircenterofturkey.com\/tr\/wp-json\/wp\/v2\/media?parent=2358"}],"wp:term":[{"taxonomy":"category","embeddable":true,"href":"https:\/\/haircenterofturkey.com\/tr\/wp-json\/wp\/v2\/categories?post=2358"},{"taxonomy":"post_tag","embeddable":true,"href":"https:\/\/haircenterofturkey.com\/tr\/wp-json\/wp\/v2\/tags?post=2358"}],"curies":[{"name":"wp","href":"https:\/\/api.w.org\/{rel}","templated":true}]}}