{"id":10978,"date":"2026-01-06T16:55:58","date_gmt":"2026-01-06T13:55:58","guid":{"rendered":"https:\/\/haircenterofturkey.com\/beard-transplant\/"},"modified":"2026-03-02T15:08:28","modified_gmt":"2026-03-02T12:08:28","slug":"sakal-ekimi","status":"publish","type":"post","link":"https:\/\/haircenterofturkey.com\/tr\/sakal-ekimi\/","title":{"rendered":"Sakal Ekimi"},"content":{"rendered":"\n<p>T\u00fcrkiye&#8217;de <a href=\"https:\/\/haircenterofturkey.com\/tr\/sakal-ekimi-yuz-sekline-nasil-uyumlu-hale-getirilir\/\">Sakal ekimi<\/a>, sa\u00e7 k\u00f6k\u00fc nakli tekniklerini kullanarak y\u00fczdeki k\u0131llar\u0131 geri kazand\u0131ran veya g\u00fc\u00e7lendiren kozmetik bir i\u015flemdir. Sakal ekimi s\u0131ras\u0131nda cerrahlar genellikle <a href=\"https:\/\/haircenterofturkey.com\/tr\/fue-2024-oncesi-ve-sonrasi\/\">FUE<\/a> y\u00f6ntemini kullanarak tek tek sa\u00e7 k\u00f6klerini \u00e7\u0131kar\u0131rlar. Sa\u00e7lar\u0131n genetik olarak d\u00f6k\u00fclmeye diren\u00e7li oldu\u011fu kafa derisinin arkas\u0131ndan k\u00f6kleri al\u0131rlar.<\/p>\n\n\n\n<p>Doktorlar daha sonra bu k\u00f6kleri seyrek veya d\u00fczensiz sakal b\u00f6lgelerine nakleder. Bu i\u015flem, do\u011fal g\u00f6r\u00fcn\u00fcml\u00fc ve kal\u0131c\u0131 y\u00fcz k\u0131llar\u0131n\u0131n uzamas\u0131n\u0131 sa\u011flar. \u0130\u015flem, ince sakall\u0131, yara izi olan veya d\u00fczensiz sakal uzayan erkekler i\u00e7in uygundur. \u0130yile\u015fme genellikle h\u0131zl\u0131d\u0131r ve hafif k\u0131zar\u0131kl\u0131k veya \u015fi\u015flik g\u00f6r\u00fcl\u00fcr. G\u00f6r\u00fcn\u00fcr sonu\u00e7lar genellikle \u00fc\u00e7 ila alt\u0131 ay i\u00e7inde ortaya \u00e7\u0131kar.<\/p>\n\n\n\n<div class=\"wp-block-rank-math-toc-block\" id=\"rank-math-toc\"><p><strong>\u0130\u00e7indekiler<\/strong><\/p><nav><ul><li class=\"\"><a href=\"#why-men-choose-beard-transplant-turkey\">Erkekler Neden T\u00fcrkiye&#8217;de Sakal Ekimi Tercih Ediyor?<\/a><\/li><li class=\"\"><a href=\"#how-a-beard-transplant-works\">Sakal Ekimi Nas\u0131l Yap\u0131l\u0131r?<\/a><\/li><li class=\"\"><a href=\"#beard-transplant-turkey-steps\">Sakal Ekimi T\u00fcrkiye Ad\u0131mlar\u0131<\/a><\/li><li class=\"\"><a href=\"#the-design-step\">Tasar\u0131m A\u015famas\u0131<\/a><\/li><li class=\"\"><a href=\"#what-are-the-different-surgical-techniques\">Farkl\u0131 Cerrahi Teknikler Nelerdir?<\/a><\/li><li class=\"\"><a href=\"#who-is-a-good-candidate-for-this-surgery\">Bu ameliyat i\u00e7in kimler uygun adaylard\u0131r?<\/a><\/li><li class=\"\"><a href=\"#why-beard-growth-is-patchy-for-many-men\">Neden bir\u00e7ok erkekte sakal b\u00fcy\u00fcmesi d\u00fczensizdir?<\/a><\/li><li class=\"\"><a href=\"#what-happens-during-a-consultation\">Dan\u0131\u015fma S\u0131ras\u0131nda Neler Olur?<\/a><\/li><li class=\"\"><a href=\"#recovery-timeline\">\u0130yile\u015fme S\u00fcreci<\/a><\/li><li class=\"\"><a href=\"#risks-and-side-effects-you-should-know\">Bilmeniz Gereken Riskler ve Yan Etkiler<\/a><\/li><li class=\"\"><a href=\"#beard-transplant-turkey-cost-2026\">T\u00fcrkiye&#8217;de Sakal Ekimi Fiyatlar\u0131 2026<\/a><\/li><li class=\"\"><a href=\"#frequently-asked-questions\">S\u0131k\u00e7a Sorulan Sorular<\/a><ul><li class=\"\"><a href=\"#faq-question-1771574065331\">T\u00fcrkiye&#8217;de sakal ekimi ne kadar tutar?<\/a><\/li><li class=\"\"><a href=\"#faq-question-1771574252255\">T\u00fcrkiye sakallar\u0131 uzamaya devam eder mi?<\/a><\/li><li class=\"\"><a href=\"#faq-question-1771574253480\">Sakal ekimi i\u015flemi ne kadar a\u011fr\u0131l\u0131d\u0131r?<\/a><\/li><li class=\"\"><a href=\"#faq-question-1771574254480\">3 ayl\u0131k sakal kural\u0131 nedir?<\/a><\/li><li class=\"\"><a href=\"#faq-question-1771574255324\">Sakal ekiminin dezavantajlar\u0131 nelerdir?<\/a><\/li><li class=\"\"><a href=\"#faq-question-1771577675643\">Sakal ekimi sahte g\u00f6r\u00fcn\u00fcr m\u00fc?<\/a><\/li><\/ul><\/li><\/ul><\/nav><\/div>\n\n\n\n<h2 class=\"wp-block-heading\" id=\"why-men-choose-beard-transplant-turkey\">Erkekler Neden T\u00fcrkiye&#8217;de Sakal Ekimi Tercih Ediyor?<\/h2>\n\n\n\n<p>Erkekler, birka\u00e7 \u00f6ng\u00f6r\u00fclebilir nedenden dolay\u0131 T\u00fcrkiye&#8217;de sakal ekimi tercih ediyor. Bir\u00e7o\u011fu, \u00f6zellikle yanaklarda veya b\u0131y\u0131k ve sakal aras\u0131ndaki ba\u011flant\u0131 noktalar\u0131nda, genetik nedenlerle her zaman ince veya d\u00fczensiz sakal uzamas\u0131na sahip olmu\u015ftur. Di\u011ferleri ise yara izleri, sivilce izleri veya ge\u00e7mi\u015fteki yaralanmalar\u0131n ard\u0131ndan sakal\u0131n yo\u011funlu\u011funu yeniden kazanmak istemektedir. Baz\u0131lar\u0131 ise sadece daha iyi bir \u015fekil ve belirginlik, \u00e7ene hatt\u0131 boyunca daha fazla yap\u0131, daha g\u00fc\u00e7l\u00fc favoriler veya daha dolgun bir \u00e7ene ar\u0131yor.<\/p>\n\n\n\n<p>T\u00fcrkiye, kliniklerin genellikle seyahati net bir programa dahil etmesi nedeniyle de caziptir. Bu, yurt d\u0131\u015f\u0131ndan gelen hastalar i\u00e7in bir\u00e7ok s\u0131k\u0131nt\u0131y\u0131 ortadan kald\u0131rabilir. Onlarca ayr\u0131 ad\u0131m\u0131 koordine etmek yerine, genellikle organize bir zaman \u00e7izelgesi al\u0131rs\u0131n\u0131z: kons\u00fcltasyon, i\u015flem g\u00fcn\u00fc, ilk y\u0131kama rehberli\u011fi, takip ve otel ile klinik aras\u0131ndaki ula\u015f\u0131m.<\/p>\n\n\n<div class=\"wp-block-image\">\n<figure class=\"aligncenter\"><img loading=\"lazy\" decoding=\"async\" width=\"1080\" height=\"600\" src=\"https:\/\/haircenterofturkey.com\/wp-content\/uploads\/2026\/01\/Beard-and-Mustache-Transplant-at-Hair-Center-of-Turkey-1.webp\" alt=\"Beard Transplant Turkey\" class=\"wp-image-16140\" title=\"\" srcset=\"https:\/\/haircenterofturkey.com\/wp-content\/uploads\/2026\/01\/Beard-and-Mustache-Transplant-at-Hair-Center-of-Turkey-1.webp 1080w, https:\/\/haircenterofturkey.com\/wp-content\/uploads\/2026\/01\/Beard-and-Mustache-Transplant-at-Hair-Center-of-Turkey-1-300x167.webp 300w, https:\/\/haircenterofturkey.com\/wp-content\/uploads\/2026\/01\/Beard-and-Mustache-Transplant-at-Hair-Center-of-Turkey-1-1024x569.webp 1024w, https:\/\/haircenterofturkey.com\/wp-content\/uploads\/2026\/01\/Beard-and-Mustache-Transplant-at-Hair-Center-of-Turkey-1-768x427.webp 768w, https:\/\/haircenterofturkey.com\/wp-content\/uploads\/2026\/01\/Beard-and-Mustache-Transplant-at-Hair-Center-of-Turkey-1-150x83.webp 150w\" sizes=\"auto, (max-width: 1080px) 100vw, 1080px\" \/><\/figure>\n<\/div>\n\n\n<h2 class=\"wp-block-heading\" id=\"how-a-beard-transplant-works\">Sakal Ekimi Nas\u0131l Yap\u0131l\u0131r?<\/h2>\n\n\n\n<p>\u00c7o\u011fu sakal nakli FUE (Folik\u00fcler \u00dcnite Ekstraksiyonu) y\u00f6ntemi ile ger\u00e7ekle\u015ftirilir. Basit\u00e7e ifade etmek gerekirse, klinik don\u00f6r b\u00f6lgeden (genellikle kafa derisinin arka k\u0131sm\u0131) sa\u00e7 k\u00f6kleri al\u0131r ve bunlar\u0131 sakal b\u00f6lgesine nakleder. Her <a href=\"https:\/\/haircenterofturkey.com\/tr\/fue-sac-ekimi-sonrasi-greftlerin-tutunm-orani-nasil-maksimuma-cikarilir\/\">greft<\/a>, do\u011fal sakal b\u00fcy\u00fcmesinin y\u00f6n\u00fc ve a\u00e7\u0131s\u0131na uyacak \u015fekilde yerle\u015ftirilir. Bu k\u0131s\u0131m, insanlar\u0131n bekledi\u011finden daha \u00f6nemlidir. Sakal k\u0131llar\u0131 cilde nispeten d\u00fcz bir \u015fekilde oturur ve b\u00fcy\u00fcme y\u00f6n\u00fc i\u00e7 yanaktan \u00e7eneye ve \u00e7eneye do\u011fru hafif\u00e7e de\u011fi\u015fir. Bir klinik k\u0131llar\u0131 \u00e7ok dik veya tekd\u00fcze bir y\u00f6nde yerle\u015ftirirse, sakal do\u011fal g\u00f6r\u00fcnmeyebilir ve \u015fekillendirmesi zorla\u015fabilir.<\/p>\n\n\n\n<p>Don\u00f6r sa\u00e7lar genellikle kafa derisinden al\u0131nd\u0131\u011f\u0131 i\u00e7in, nakledilen sakal k\u0131llar\u0131 kafa derisi k\u0131llar\u0131 gibi davranabilir: daha uzun uzayabilir ve kesilmesi gerekebilir. \u00c7o\u011fu erkek i\u00e7in bu bir sorun de\u011fildir, rutin bak\u0131m\u0131n bir par\u00e7as\u0131 haline gelir. Ancak, \u00f6zellikle amac\u0131n\u0131z bak\u0131m gerektirmeyen bir ya\u015fam tarz\u0131ysa, karar vermeden \u00f6nce bilmeniz gereken bir \u015feydir.<\/p>\n\n\n\n<h2 class=\"wp-block-heading\" id=\"beard-transplant-turkey-steps\">Sakal Ekimi T\u00fcrkiye Ad\u0131mlar\u0131<\/h2>\n\n\n\n<p>T\u00fcrkiye&#8217;de sakal ekimi, uzman planlama, geli\u015fmi\u015f FUE teknikleri ve kapsaml\u0131 hasta bak\u0131m\u0131n\u0131 bir araya getiren yap\u0131land\u0131r\u0131lm\u0131\u015f bir t\u0131bbi s\u00fcreci takip eder. T\u00fcrkiye, deneyimli cerrahlar\u0131 ve uygun fiyatl\u0131 paketleri sayesinde sakal ekimi prosed\u00fcrleri i\u00e7in \u00f6nde gelen bir destinasyon haline gelmi\u015ftir.<\/p>\n\n\n\n<p>T\u00fcrkiye&#8217;de Ad\u0131m Ad\u0131m Sakal Ekimi:<\/p>\n\n\n\n<ul class=\"wp-block-list\">\n<li>\u00c7evrimi\u00e7i Dan\u0131\u015fmanl\u0131k: Seyahate \u00e7\u0131kmadan \u00f6nce, klinik y\u00fcz foto\u011fraflar\u0131n\u0131z\u0131 de\u011ferlendirir ve yo\u011funluk ve \u015fekil hedeflerine g\u00f6re size \u00f6zel bir sakal ekimi plan\u0131 tasarlar.<\/li>\n\n\n\n<li>Var\u0131\u015f ve VIP Transfer: T\u00fcrkiye&#8217;deki \u00e7o\u011fu sakal ekimi paketleri, sorunsuz bir medikal turizm deneyimi i\u00e7in havaalan\u0131nda kar\u015f\u0131lama ve otel konaklamas\u0131n\u0131 i\u00e7ermektedir.<\/li>\n\n\n\n<li>T\u0131bbi Muayene ve Sakal Tasar\u0131m\u0131: Klinikte, cerrah y\u00fcz analizi yapar ve y\u00fcz yap\u0131n\u0131za g\u00f6re yeni sakal \u00e7izgisini \u00e7izer.<\/li>\n\n\n\n<li><a href=\"https:\/\/haircenterofturkey.com\/tr\/sac-ekimi-ameliyatinda-hangi-anestezi-turu-tercih-edilmelidir\/\">Lokal Anestezi<\/a>: A\u011fr\u0131s\u0131z bir i\u015flem i\u00e7in don\u00f6r b\u00f6lge (genellikle kafa derisinin arka k\u0131sm\u0131) ve sakal b\u00f6lgesi uyu\u015fturulur.<\/li>\n\n\n\n<li>Greft \u00c7\u0131karma (FUE Y\u00f6ntemi): G\u00f6r\u00fcn\u00fcr yara izi olu\u015fmas\u0131n\u0131 \u00f6nlemek i\u00e7in sa\u011fl\u0131kl\u0131 sa\u00e7 k\u00f6kleri FUE tekni\u011fi kullan\u0131larak tek tek \u00e7\u0131kar\u0131l\u0131r.<\/li>\n\n\n\n<li>Kanal A\u00e7ma ve \u0130mplantasyon: Sakal b\u00f6lgesinde k\u00fc\u00e7\u00fck kesikler a\u00e7\u0131l\u0131r ve greftler do\u011fal y\u00fcz k\u0131llar\u0131n\u0131n b\u00fcy\u00fcme y\u00f6n\u00fcne uygun olarak do\u011fru a\u00e7\u0131yla implante edilir.<\/li>\n\n\n\n<li>Sonras\u0131 Bak\u0131m ve \u0130lk Y\u0131kama: Klinik, ayr\u0131nt\u0131l\u0131 sonras\u0131 bak\u0131m talimatlar\u0131 sa\u011flar ve ayr\u0131lmadan \u00f6nce ilk y\u0131kamay\u0131 ger\u00e7ekle\u015ftirir.<\/li>\n<\/ul>\n\n\n\n<h2 class=\"wp-block-heading\" id=\"the-design-step\">Tasar\u0131m A\u015famas\u0131<\/h2>\n\n\n\n<p>Tasar\u0131m a\u015famas\u0131, sakal ekiminin ba\u015far\u0131l\u0131 olup olmayaca\u011f\u0131n\u0131 belirleyen a\u015famad\u0131r. \u0130yi bir klinik, foto\u011fraftan bir \u015fablon kopyalamaz. Y\u00fcz \u015feklinizi, \u00e7ene hatt\u0131n\u0131z\u0131, yanak yap\u0131n\u0131z\u0131 ve mevcut sakal\u0131n\u0131z\u0131n nas\u0131l uzad\u0131\u011f\u0131n\u0131 inceler. Ard\u0131ndan size uygun yo\u011funluk ve s\u0131n\u0131rlar\u0131 tasarlar.<\/p>\n\n\n<div class=\"wp-block-image\">\n<figure class=\"aligncenter\"><img loading=\"lazy\" decoding=\"async\" width=\"1080\" height=\"600\" src=\"https:\/\/haircenterofturkey.com\/wp-content\/uploads\/2026\/01\/Hair-and-Beard-Transplant-1.webp\" alt=\"beard transplant turkey design\" class=\"wp-image-16137\" title=\"\" srcset=\"https:\/\/haircenterofturkey.com\/wp-content\/uploads\/2026\/01\/Hair-and-Beard-Transplant-1.webp 1080w, https:\/\/haircenterofturkey.com\/wp-content\/uploads\/2026\/01\/Hair-and-Beard-Transplant-1-300x167.webp 300w, https:\/\/haircenterofturkey.com\/wp-content\/uploads\/2026\/01\/Hair-and-Beard-Transplant-1-1024x569.webp 1024w, https:\/\/haircenterofturkey.com\/wp-content\/uploads\/2026\/01\/Hair-and-Beard-Transplant-1-768x427.webp 768w, https:\/\/haircenterofturkey.com\/wp-content\/uploads\/2026\/01\/Hair-and-Beard-Transplant-1-150x83.webp 150w\" sizes=\"auto, (max-width: 1080px) 100vw, 1080px\" \/><\/figure>\n<\/div>\n\n\n<p>Baz\u0131 erkekler yanaklar\u0131 boyunca keskin \u201cberber tarz\u0131\u201d \u00e7izgiler ister. Di\u011ferleri ise \u00e7izilmi\u015f gibi g\u00f6r\u00fcnmeden do\u011fal olarak dolgun g\u00f6r\u00fcnen daha yumu\u015fak kenarlar ister. Her iki tercih de yanl\u0131\u015f de\u011fildir, ancak planlanmas\u0131 gerekir. Do\u011fal bir sakal genellikle kenarlarda hafif\u00e7e t\u00fcy gibi bir ge\u00e7i\u015f ve yo\u011funlu\u011fun daha ak\u0131ll\u0131 bir da\u011f\u0131l\u0131m\u0131n\u0131 kullan\u0131r; sakal\u0131n do\u011fal olarak daha g\u00fc\u00e7l\u00fc g\u00f6r\u00fcnd\u00fc\u011f\u00fc yerlerde daha fazla, y\u00fcz\u00fcn yumu\u015fakl\u0131\u011fa ihtiya\u00e7 duydu\u011fu yerlerde daha az. Bu, \u00f6zellikle yanaklar\u0131 restore ediyorsan\u0131z ge\u00e7erlidir, \u00e7\u00fcnk\u00fc greftler \u00e7ok yo\u011fun veya do\u011fru a\u00e7\u0131yla yerle\u015ftirilmezse yanak b\u00f6lgesi \u201ct\u0131kal\u0131\u201d g\u00f6r\u00fcnebilir.<\/p>\n\n\n\n<h2 class=\"wp-block-heading\" id=\"what-are-the-different-surgical-techniques\">Farkl\u0131 Cerrahi Teknikler Nelerdir?<\/h2>\n\n\n\n<p>T\u0131p uzmanlar\u0131, y\u00fcz k\u0131llar\u0131n\u0131n geri kazan\u0131lmas\u0131 i\u00e7in \u00e7e\u015fitli modern y\u00f6ntemler kullanmaktad\u0131r. Her teknik, hastan\u0131n ihtiya\u00e7lar\u0131na g\u00f6re belirli avantajlar sunmaktad\u0131r. Bu se\u00e7enekleri t\u0131bbi kons\u00fcltasyonunuz s\u0131ras\u0131nda ayr\u0131nt\u0131l\u0131 olarak g\u00f6r\u00fc\u015fmelisiniz.<\/p>\n\n\n\n<ul class=\"wp-block-list\">\n<li>Folik\u00fcler \u00dcnite Ekstraksiyonu, do\u011frusal yara izi b\u0131rakmadan tek tek greftlerin \u00e7\u0131kar\u0131lmas\u0131n\u0131 i\u00e7erir.<\/li>\n\n\n\n<li>Do\u011frudan Sa\u00e7 \u0130mplantasyonu, do\u011frudan yerle\u015ftirme i\u00e7in \u00f6zel bir kalem kullan\u0131r.<\/li>\n\n\n\n<li>Safir Folik\u00fcler \u00dcnite Ekstraksiyonu, de\u011ferli ta\u015flardan yap\u0131lm\u0131\u015f b\u0131\u00e7aklar kullan\u0131r.<\/li>\n<\/ul>\n\n\n\n<p>Bu y\u00f6ntemler, greftlerin maksimum d\u00fczeyde hayatta kalmas\u0131n\u0131 ve tamamen do\u011fal sonu\u00e7lar elde edilmesini sa\u011flar. Cerrahlar, sizin durumunuza en uygun yakla\u015f\u0131m\u0131 \u00f6nerecektir. Geli\u015fmi\u015f teknikler, hassas y\u00fcz derisi dokusuna verilen travmay\u0131 en aza indirir.<\/p>\n\n\n\n<h2 class=\"wp-block-heading\" id=\"who-is-a-good-candidate-for-this-surgery\">Bu ameliyat i\u00e7in kimler uygun adaylard\u0131r?<\/h2>\n\n\n\n<p>Y\u00fcz\u00fcnde d\u00fczensiz sakal b\u00fcy\u00fcmesi olan her erkek aday olabilir. Genetik fakt\u00f6rler genellikle ince sakalda b\u00fcy\u00fck rol oynar. Hormon dengesizlikleri de kal\u0131n sakal\u0131n geli\u015fmesini engelleyebilir. \u00d6nceki yaralanmalardan kalan yara izleri y\u00fcz\u00fcnde \u00e7\u0131plak lekeler b\u0131rakabilir. Adaylar\u0131n don\u00f6r b\u00f6lgesinde yeterli miktarda sa\u011fl\u0131kl\u0131 sa\u00e7 olmas\u0131 gerekir. Uygun iyile\u015fme i\u00e7in sa\u011fl\u0131kl\u0131 bir ba\u011f\u0131\u015f\u0131kl\u0131k sistemi gereklidir. Sonu\u00e7 hakk\u0131nda ger\u00e7ek\u00e7i beklentiler de \u00e7ok \u00f6nemlidir. Bir uzmana dan\u0131\u015farak ameliyat i\u00e7in tam olarak uygun olup olmad\u0131\u011f\u0131n\u0131z\u0131 belirleyebilirsiniz.<\/p>\n\n\n\n<h2 class=\"wp-block-heading\" id=\"why-beard-growth-is-patchy-for-many-men\">Neden bir\u00e7ok erkekte sakal b\u00fcy\u00fcmesi d\u00fczensizdir?<\/h2>\n\n\n\n<p>Sakal\u0131n d\u00fczensiz \u00e7\u0131kmas\u0131 son derece yayg\u0131n bir durumdur ve genellikle genetik nedenlere ba\u011fl\u0131d\u0131r. Bir\u00e7ok erkek, ne yaparlarsa yaps\u0131nlar, yanaklar\u0131nda daha seyrek sakal \u00e7\u0131kmas\u0131 veya b\u0131y\u0131k ile sakal aras\u0131nda bo\u015fluklar olmas\u0131 sorunuyla kar\u015f\u0131 kar\u015f\u0131yad\u0131r. Ya\u011flar, takviyeler ve \u201csakal \u00e7\u0131karma kitleri\u201d sa\u00e7\u0131n durumunu iyile\u015ftirebilir ve k\u0131r\u0131lmay\u0131 azaltabilir, ancak folik\u00fcllerin do\u011fal olarak aktif olmad\u0131\u011f\u0131 yerlerde yeni folik\u00fcller olu\u015fturmazlar.<\/p>\n\n\n\n<p>Sakal bo\u015fluklar\u0131n\u0131n di\u011fer nedenleri aras\u0131nda akne veya yaralanmalardan kaynaklanan yara izleri, al\u0131\u015fkanl\u0131k haline gelmi\u015f \u00e7ekme, \u00f6nceki i\u015flemler veya sa\u00e7 b\u00fcy\u00fcmesini etkileyen t\u0131bbi ve hormonal fakt\u00f6rler say\u0131labilir. Sakal kayb\u0131n\u0131z yeni ise veya aktif olarak de\u011fi\u015fiyorsa, iyi bir klinik ameliyattan \u00f6nce ele al\u0131nmas\u0131 gereken bir altta yatan neden olup olmad\u0131\u011f\u0131n\u0131 de\u011ferlendirmelidir. Nakli yine de bir se\u00e7enek olabilir, ancak sorumlu bir uzun vadeli plana uymal\u0131d\u0131r.<\/p>\n\n\n\n<h2 class=\"wp-block-heading\" id=\"what-happens-during-a-consultation\">Dan\u0131\u015fma S\u0131ras\u0131nda Neler Olur?<\/h2>\n\n\n\n<p>Do\u011fru bir dan\u0131\u015fma, \u015fablonlu de\u011fil, ki\u015fisel olmal\u0131d\u0131r. Ger\u00e7ekten istedi\u011finiz g\u00f6r\u00fcn\u00fcm\u00fc tart\u0131\u015fmal\u0131s\u0131n\u0131z: yumu\u015fak do\u011fal kenarlar m\u0131, keskin berber tarz\u0131 \u00e7izgiler mi, daha dolgun yanaklar m\u0131, daha g\u00fc\u00e7l\u00fc bir \u00e7ene hatt\u0131 m\u0131, daha kal\u0131n bir ke\u00e7i sakal\u0131 b\u00f6lgesi mi, yoksa sadece yara izlerini doldurmak m\u0131? Klinik, don\u00f6r kayna\u011f\u0131n\u0131z\u0131 de\u011ferlendirmeli ve a\u015f\u0131r\u0131 hasat yapmadan ka\u00e7 greftin ger\u00e7ek\u00e7i oldu\u011funu a\u00e7\u0131klamal\u0131d\u0131r.<\/p>\n\n\n\n<p>Bu a\u015famada, sa\u011flay\u0131c\u0131n\u0131n zihniyetini de de\u011ferlendirebilirsiniz. G\u00fc\u00e7l\u00fc bir klinik, y\u00fcz \u015fekliniz, sakal stili tercihleriniz ve uzun vadeli don\u00f6r y\u00f6netimi hakk\u0131nda konu\u015fur. Zay\u0131f bir klinik ise, mevcut sakal d\u00fczeninizi incelemeden do\u011frudan bir paket satmaya veya greft say\u0131s\u0131 teklif etmeye ba\u015flar.<\/p>\n\n\n\n<h2 class=\"wp-block-heading\" id=\"recovery-timeline\">\u0130yile\u015fme S\u00fcreci<\/h2>\n\n\n\n<p>Ameliyattan hemen sonra, sakal b\u00f6lgesi genellikle k\u0131rm\u0131z\u0131 g\u00f6r\u00fcn\u00fcr ve her greft b\u00f6lgesinde k\u00fc\u00e7\u00fck kabuklar olu\u015fur. \u00d6zellikle yanaklarda ve \u00e7ene hatt\u0131nda hafif \u015fi\u015flikler olabilir. Kafa derisindeki don\u00f6r b\u00f6lge hassasla\u015fabilir ve iyile\u015fme ilerledik\u00e7e kaybolan k\u00fc\u00e7\u00fck nokta benzeri izler g\u00f6r\u00fclebilir.<\/p>\n\n\n\n<p>\u0130lk hafta, nazik davranmak \u00f6nemlidir; ovmak, sert temizleyiciler kullanmak ve terlemeyi s\u0131n\u0131rlamak gerekir. Kabuklar genellikle iyile\u015fme devam ettik\u00e7e gev\u015fer ve d\u00fc\u015fer, ancak bunlar\u0131 koparmamak \u00f6nemlidir. B\u00f6lge iyile\u015firken ka\u015f\u0131nt\u0131 yayg\u0131nd\u0131r ve baz\u0131 erkekler, sa\u00e7lar deriden \u00e7\u0131karken yeniden uzama s\u0131ras\u0131nda k\u00fc\u00e7\u00fck \u015fi\u015flikler fark ederler.<\/p>\n\n\n\n<p>\u0130nsanlar\u0131 \u015fa\u015f\u0131rtan bir a\u015fama ise d\u00f6k\u00fclmedir. Nakledilen sa\u00e7lar\u0131n \u00e7o\u011fu ilk haftalarda d\u00f6k\u00fcl\u00fcr. Bu durum cesaret k\u0131r\u0131c\u0131 olabilir, ancak genellikle normal b\u00fcy\u00fcme d\u00f6ng\u00fcs\u00fcn\u00fcn bir par\u00e7as\u0131 olarak ger\u00e7ekle\u015fir. K\u00f6kler kal\u0131r ve daha sonra yeni sa\u00e7lar \u00fcretebilir. G\u00f6r\u00fcn\u00fcr d\u00f6n\u00fc\u015f\u00fcm g\u00fcnler de\u011fil, aylar s\u00fcrer.<\/p>\n\n\n\n<h2 class=\"wp-block-heading\" id=\"risks-and-side-effects-you-should-know\">Bilmeniz Gereken Riskler ve Yan Etkiler<\/h2>\n\n\n\n<p>\u00c7o\u011fu yan etki ge\u00e7icidir: k\u0131zar\u0131kl\u0131k, \u015fi\u015flik, hassasiyet, ka\u015f\u0131nt\u0131 ve k\u00fc\u00e7\u00fck kabuklanmalar. Baz\u0131 erkeklerde yeniden b\u00fcy\u00fcme s\u0131ras\u0131nda folik\u00fclit benzeri \u015fi\u015flikler olu\u015fur, bunlar genellikle uygun bak\u0131mla ge\u00e7er. Temiz bir t\u0131bbi ortamda enfeksiyon riski d\u00fc\u015f\u00fckt\u00fcr, ancak yine de m\u00fcmk\u00fcnd\u00fcr, bu nedenle bak\u0131m sonras\u0131 hijyen \u00f6nemlidir.<\/p>\n\n\n\n<p>D\u00fczensiz b\u00fcy\u00fcme meydana gelebilir ve her greft her hastada b\u00fcy\u00fcmez. B\u00fcy\u00fcme oranlar\u0131, greftin i\u015flenmesi, teknik ve bireysel biyolojiye ba\u011fl\u0131d\u0131r. Baz\u0131 ki\u015filer, \u00f6zellikle ba\u015flang\u0131\u00e7ta sakallar\u0131 \u00e7ok seyrekse veya hedefleri \u00f6zellikle dolgun bir stilse, ekstra yo\u011funluk i\u00e7in daha sonra bir r\u00f6tu\u015f seans\u0131 tercih ederler.<\/p>\n\n\n\n<p>Don\u00f6r y\u00f6netimi de dikkate al\u0131nmas\u0131 gereken bir ba\u015fka husustur. Sakal nakli i\u00e7in kafa derisinden don\u00f6r sa\u00e7 kullan\u0131l\u0131r ve bu don\u00f6r kayna\u011f\u0131 s\u0131n\u0131rl\u0131d\u0131r. A\u015f\u0131r\u0131 hasat, \u00f6zellikle k\u0131sa sa\u00e7 kesimi kullan\u0131yorsan\u0131z, don\u00f6r b\u00f6lgede d\u00fczensizliklere neden olabilir. Bu nedenle, konservatif hasat ve deneyimli bir ekip \u00f6nemlidir.<\/p>\n\n\n\n<h2 class=\"wp-block-heading\" id=\"beard-transplant-turkey-cost-2026\">T\u00fcrkiye&#8217;de Sakal Ekimi Fiyatlar\u0131 2026<\/h2>\n\n\n\n<p>2026 y\u0131l\u0131nda T\u00fcrkiye&#8217;de sakal ekimi maliyeti, klini\u011fe ve pakete ba\u011fl\u0131 olarak 2.500 ile 6.000 dolar aras\u0131nda de\u011fi\u015fmektedir.<\/p>\n\n\n\n<p>Fiyatlar, cerrah\u0131n deneyimi ve klini\u011fin itibar\u0131na g\u00f6re de\u011fi\u015fiklik g\u00f6stermektedir. Gerekli greft say\u0131s\u0131 da toplam maliyeti etkilemektedir. \u00c7o\u011fu klinik, uluslararas\u0131 hastalar i\u00e7in her \u015fey dahil paketler sunmaktad\u0131r. Bu paketler genellikle kons\u00fcltasyon, i\u015flem, konaklama ve havaalan\u0131 transferlerini kapsamaktad\u0131r.<\/p>\n\n\n\n<h2 class=\"wp-block-heading\" id=\"frequently-asked-questions\">S\u0131k\u00e7a Sorulan Sorular<\/h2>\n\n\n<div id=\"rank-math-faq\" class=\"rank-math-block\">\n<div class=\"rank-math-list \">\n<div id=\"faq-question-1771574065331\" class=\"rank-math-list-item\">\n<h3 class=\"rank-math-question \">T\u00fcrkiye&#8217;de sakal ekimi ne kadar tutar?<\/h3>\n<div class=\"rank-math-answer \">\n\n<p>Yakla\u015f\u0131k 2.500\u20136.000 $; greft say\u0131s\u0131, klinik ve pakete g\u00f6re.<\/p>\n\n<\/div>\n<\/div>\n<div id=\"faq-question-1771574252255\" class=\"rank-math-list-item\">\n<h3 class=\"rank-math-question \">T\u00fcrkiye sakallar\u0131 uzamaya devam eder mi?<\/h3>\n<div class=\"rank-math-answer \">\n\n<p>Evet, ekilen folik\u00fcller kal\u0131c\u0131 uzar ve d\u00fczenli k\u0131saltma gerekir.<\/p>\n\n<\/div>\n<\/div>\n<div id=\"faq-question-1771574253480\" class=\"rank-math-list-item\">\n<h3 class=\"rank-math-question \">Sakal ekimi i\u015flemi ne kadar a\u011fr\u0131l\u0131d\u0131r?<\/h3>\n<div class=\"rank-math-answer \">\n\n<p>Az; lokal <a href=\"https:\/\/haircenterofturkey.com\/tr\/sac-ekimi-ameliyatinda-hangi-anestezi-turu-tercih-edilmelidir\/\">anestezi<\/a> a\u011fr\u0131y\u0131 engeller, sonras\u0131nda hassasiyet ve \u015fi\u015flik olabilir.<\/p>\n\n<\/div>\n<\/div>\n<div id=\"faq-question-1771574254480\" class=\"rank-math-list-item\">\n<h3 class=\"rank-math-question \">3 ayl\u0131k sakal kural\u0131 nedir?<\/h3>\n<div class=\"rank-math-answer \">\n\n<p>\u00dc\u00e7 ay kesmeden uzat\u0131p sonra yo\u011funlu\u011fu de\u011ferlendirip \u015fekil vermektir.<\/p>\n\n<\/div>\n<\/div>\n<div id=\"faq-question-1771574255324\" class=\"rank-math-list-item\">\n<h3 class=\"rank-math-question \">Sakal ekiminin dezavantajlar\u0131 nelerdir?<\/h3>\n<div class=\"rank-math-answer \">\n\n<p>Dezavantajlar; iz, d\u00fczensiz \u00e7\u0131k\u0131\u015f, enfeksiyon, bat\u0131k k\u0131l ve don\u00f6r seyrelmesidir.<\/p>\n\n<\/div>\n<\/div>\n<div id=\"faq-question-1771577675643\" class=\"rank-math-list-item\">\n<h3 class=\"rank-math-question \">Sakal ekimi sahte g\u00f6r\u00fcn\u00fcr m\u00fc?<\/h3>\n<div class=\"rank-math-answer \">\n\n<p>Do\u011fru a\u00e7\u0131 ve yo\u011funlukla do\u011fal g\u00f6r\u00fcn\u00fcr; k\u00f6t\u00fc uygulama sahte durur.<\/p>\n\n<\/div>\n<\/div>\n<\/div>\n<\/div>\n\n\n<p><\/p>\n","protected":false},"excerpt":{"rendered":"<p>T\u00fcrkiye&#8217;de Sakal ekimi, sa\u00e7 k\u00f6k\u00fc nakli tekniklerini kullanarak y\u00fczdeki k\u0131llar\u0131 geri kazand\u0131ran veya g\u00fc\u00e7lendiren kozmetik bir i\u015flemdir. Sakal ekimi s\u0131ras\u0131nda cerrahlar genellikle FUE y\u00f6ntemini kullanarak tek tek sa\u00e7 k\u00f6klerini \u00e7\u0131kar\u0131rlar. Sa\u00e7lar\u0131n genetik olarak d\u00f6k\u00fclmeye diren\u00e7li oldu\u011fu kafa derisinin arkas\u0131ndan k\u00f6kleri al\u0131rlar. Doktorlar daha sonra bu k\u00f6kleri seyrek veya d\u00fczensiz sakal b\u00f6lgelerine nakleder. Bu i\u015flem, do\u011fal [&hellip;]<\/p>\n","protected":false},"author":2,"featured_media":29182,"comment_status":"closed","ping_status":"closed","sticky":false,"template":"","format":"standard","meta":{"footnotes":""},"categories":[132,2,148],"tags":[],"class_list":["post-10978","post","type-post","status-publish","format-standard","has-post-thumbnail","hentry","category-hair-transplant-treatments","category-blog","category-sac-ekimi-tedavileri"],"_links":{"self":[{"href":"https:\/\/haircenterofturkey.com\/tr\/wp-json\/wp\/v2\/posts\/10978","targetHints":{"allow":["GET"]}}],"collection":[{"href":"https:\/\/haircenterofturkey.com\/tr\/wp-json\/wp\/v2\/posts"}],"about":[{"href":"https:\/\/haircenterofturkey.com\/tr\/wp-json\/wp\/v2\/types\/post"}],"author":[{"embeddable":true,"href":"https:\/\/haircenterofturkey.com\/tr\/wp-json\/wp\/v2\/users\/2"}],"replies":[{"embeddable":true,"href":"https:\/\/haircenterofturkey.com\/tr\/wp-json\/wp\/v2\/comments?post=10978"}],"version-history":[{"count":7,"href":"https:\/\/haircenterofturkey.com\/tr\/wp-json\/wp\/v2\/posts\/10978\/revisions"}],"predecessor-version":[{"id":29902,"href":"https:\/\/haircenterofturkey.com\/tr\/wp-json\/wp\/v2\/posts\/10978\/revisions\/29902"}],"wp:featuredmedia":[{"embeddable":true,"href":"https:\/\/haircenterofturkey.com\/tr\/wp-json\/wp\/v2\/media\/29182"}],"wp:attachment":[{"href":"https:\/\/haircenterofturkey.com\/tr\/wp-json\/wp\/v2\/media?parent=10978"}],"wp:term":[{"taxonomy":"category","embeddable":true,"href":"https:\/\/haircenterofturkey.com\/tr\/wp-json\/wp\/v2\/categories?post=10978"},{"taxonomy":"post_tag","embeddable":true,"href":"https:\/\/haircenterofturkey.com\/tr\/wp-json\/wp\/v2\/tags?post=10978"}],"curies":[{"name":"wp","href":"https:\/\/api.w.org\/{rel}","templated":true}]}}