{"id":55944,"date":"2025-02-12T12:59:18","date_gmt":"2025-02-12T09:59:18","guid":{"rendered":"https:\/\/haircenterofturkey.com\/?p=55944"},"modified":"2026-09-01T16:25:43","modified_gmt":"2026-09-01T13:25:43","slug":"kvinnliga-kandisar-som-hanterar-haravfall","status":"publish","type":"post","link":"https:\/\/haircenterofturkey.com\/sv\/kvinnliga-kandisar-som-hanterar-haravfall\/","title":{"rendered":"Kvinnliga k\u00e4ndisar som hanterar h\u00e5ravfall"},"content":{"rendered":"\n<p class=\"wp-block-paragraph\"><p><strong>H\u00e5rcenter i Turkiet<\/strong> tar en n\u00e4rmare titt p\u00e5 varf\u00f6r vissa kvinnliga k\u00e4ndisar upplever m\u00e4rkbart h\u00e5ravfall och hur de tidiga tecknen tenderar att se ut. V\u00e5r klinik grundades 2014 och arbetar med patienter med utv\u00e4rdering av h\u00e5ravfall och behandlingsplanering, fr\u00e5n traction-relaterad gallring till autoimmuna och hormonella orsaker.<\/p><\/p>\n\n\n\n<p class=\"wp-block-paragraph\"><p><strong>H\u00e5rcenter i Turkiet<\/strong> tar en n\u00e4rmare titt p\u00e5 varf\u00f6r vissa kvinnliga k\u00e4ndisar upplever m\u00e4rkbart h\u00e5ravfall och hur de tidiga tecknen tenderar att se ut. V\u00e5r klinik grundades 2014 och arbetar med patienter med utv\u00e4rdering av h\u00e5ravfall och behandlingsplanering, fr\u00e5n traction-relaterad gallring till autoimmuna och hormonella orsaker.<\/p><\/p>\n\n\n<h2>Kvinnliga k\u00e4ndisar som hanterar h\u00e5ravfall<\/h2>\nFlera v\u00e4lk\u00e4nda kvinnliga k\u00e4ndisar har delat med sig av personliga historier om h\u00e5ravfall \u2013 fr\u00e5n alopecia areata till dragskador och behandlingsrelaterad h\u00e5ravfall. Deras erfarenheter lyfter fram vanliga orsaker, tidiga varningstecken och praktiska s\u00e4tt att hantera, som att minska sp\u00e4nningsfrisyrer, skydda h\u00e5rbotten, \u00f6verv\u00e4ga medicinsk utv\u00e4rdering och anv\u00e4nda peruker eller h\u00e5rstycken f\u00f6r sj\u00e4lvf\u00f6rtroende medan h\u00e5ret \u00e5terh\u00e4mtar sig.\n\n<img decoding=\"async\" src=\"https:\/\/haircenterofturkey.com\/wp-content\/uploads\/2025\/02\/female-celebrities-hair-loss-1.webp\" alt=\"Female Celebrities Dealing with Hair Loss\" title=\"\">\n<h2>Varf\u00f6r h\u00e5ravfall kan h\u00e4nda i rampljuset<\/h2>\nH\u00e5ravfall \u00e4r inte ovanligt, och ber\u00f6mmelse skyddar ingen fr\u00e5n det. Faktum \u00e4r att konstant styling, sn\u00e4va upps\u00e4ttningar, frekventa f\u00e4rgbyten och kr\u00e4vande scheman kan g\u00f6ra gallring mer m\u00e4rkbar. Medicinska tillst\u00e5nd, hormoner och stress kan ocks\u00e5 spela en roll, oavsett livsstil.\n\nVanliga orsaker inkluderar:\n<ul>\n \t<li>Hormonella f\u00f6r\u00e4ndringar (f\u00f6rskjutningar efter f\u00f6rlossningen, perimenopaus\/klimakteriet, obalans i sk\u00f6ldk\u00f6rteln) som kan utl\u00f6sa diffus uts\u00f6ndring eller gallring.<\/li>\n \t<li>Alopecia areata, ett autoimmunt tillst\u00e5nd som kan orsaka pl\u00f6tsligt fl\u00e4ckvis h\u00e5ravfall i h\u00e5rbotten eller \u00f6gonbrynen.<\/li>\n \t<li>Traction alopeci fr\u00e5n upprepade sp\u00e4nningar\u2014sn\u00e4va h\u00e4stsvansar, fl\u00e4tor, extensions och kraftig styling som belastar h\u00e5rf\u00e4stet \u00f6ver tiden.<\/li>\n \t<li>Stress, sjukdomar, mediciner och n\u00e4ringsluckor som kan pressa fler h\u00e5rstr\u00e5n in i h\u00e5rstr\u00e5n.<\/li>\n<\/ul>\n<img decoding=\"async\" src=\"https:\/\/haircenterofturkey.com\/wp-content\/uploads\/2025\/02\/female-celebrities-hair-loss-2.webp\" alt=\"Female Celebrities Dealing with Hair Loss\" title=\"\">\n<h2><span lang=\"EN-US\">Kvinnliga k\u00e4ndisar som har delat med sig av sina h\u00e5ravfallsresor<\/span><\/h2>\n<h3>Naomi Campbell<\/h3>\nNaomi Campbell har kopplats till dragrelaterat h\u00e5ravfall, en risk f\u00f6r alla som b\u00e4r tighta stilar eller f\u00f6rl\u00e4ngningar upprepade g\u00e5nger. Hennes erfarenhet n\u00e4mns ofta som en p\u00e5minnelse om att det \u00e4r viktigt att skydda h\u00e5rf\u00e4stet, s\u00e4rskilt n\u00e4r stylingkraven \u00e4r konstanta.\n\n<img decoding=\"async\" src=\"https:\/\/haircenterofturkey.com\/wp-content\/uploads\/2025\/02\/female-celebrities-hair-loss-3.webp\" alt=\"Female Celebrities Dealing with Hair Loss\" title=\"\">\n<h3>Naomi Campbell<\/h3>\nNaomi Campbell har kopplats till dragrelaterat h\u00e5ravfall, en risk f\u00f6r alla som b\u00e4r tighta stilar eller f\u00f6rl\u00e4ngningar upprepade g\u00e5nger. Hennes erfarenhet n\u00e4mns ofta som en p\u00e5minnelse om att det \u00e4r viktigt att skydda h\u00e5rf\u00e4stet, s\u00e4rskilt n\u00e4r stylingkraven \u00e4r konstanta.\n\n<img decoding=\"async\" src=\"https:\/\/haircenterofturkey.com\/wp-content\/uploads\/2025\/02\/female-celebrities-hair-loss-4.webp\" alt=\"Female Celebrities Dealing with Hair Loss\" title=\"\">\n<h3>Keira Knightley<\/h3>\nKeira Knightley har sagt att \u00e5r av frekvent h\u00e5rf\u00e4rgning f\u00f6r filmroller skadade hennes h\u00e5r tillr\u00e4ckligt f\u00f6r att det b\u00f6rjade falla av. Hon har ocks\u00e5 n\u00e4mnt att f\u00f6rlita sig p\u00e5 peruker under l\u00e4ngre perioder, vilket ger hennes naturliga h\u00e5r tid att vila och \u00e5terh\u00e4mta sig.\n\n<img decoding=\"async\" src=\"https:\/\/haircenterofturkey.com\/wp-content\/uploads\/2025\/02\/female-celebrities-hair-loss-5.webp\" alt=\"Female Celebrities Dealing with Hair Loss\" title=\"\">\n<h3>Tyra Banks<\/h3>\nTyra Banks har beskrivit perioder av h\u00e5ravfall som hon kopplat till intensiv stress. \u00c4ven om stress inte \u00e4r den enda faktorn bakom uts\u00f6ndring, kan h\u00f6gtrycksperioder f\u00f6rv\u00e4rra det &#8211; speciellt n\u00e4r s\u00f6mn, n\u00e4ring och \u00e5terh\u00e4mtning s\u00e4tter sig i baks\u00e4tet.\n\n<img decoding=\"async\" src=\"https:\/\/haircenterofturkey.com\/wp-content\/uploads\/2025\/02\/female-celebrities-hair-loss-6.webp\" alt=\"Female Celebrities Dealing with Hair Loss\" title=\"\">\n<h3>Selma Blair<\/h3>Selma Blair har dokumenterat h\u00e5ravfall och \u00e5terv\u00e4xt under behandling f\u00f6r multipel skleros, inklusive kemoterapi som en del av en hematopoetisk stamcellstransplantation (HSCT). Hon har delat uppriktiga uppdateringar om att anpassa sig till f\u00f6r\u00e4ndringar i textur och t\u00e4thet n\u00e4r hennes h\u00e5r v\u00e4xte tillbaka.\n\n<img decoding=\"async\" src=\"https:\/\/haircenterofturkey.com\/wp-content\/uploads\/2025\/02\/female-celebrities-hair-loss-7.webp\" alt=\"Female Celebrities Dealing with Hair Loss\" title=\"\">\n<h2>Hur k\u00e4ndisar hanterar h\u00e5ravfall<\/h2>\nDet finns inte en l\u00f6sning som passar alla, eftersom det b\u00e4sta tillv\u00e4gag\u00e5ngss\u00e4ttet beror p\u00e5 orsaken. Vad m\u00e5nga f\u00f6rs\u00f6ker \u2013 k\u00e4ndisar eller inte \u2013 faller vanligtvis i n\u00e5gra praktiska kategorier.\n<ul>\n \t<li>Peruker och h\u00e5rstr\u00e5n f\u00f6r omedelbar t\u00e4ckning och flexibilitet, speciellt under aktiv utgjutning eller \u00e5terv\u00e4xt.<\/li>\n \t<li>Skonsammare stylingvanor: lossa upp sn\u00e4va frisyrer, minska v\u00e4rmen och begr\u00e4nsa kemisk bearbetning f\u00f6r att minska brott och sp\u00e4nningar.<\/li>\n \t<li>H\u00e5rbottenfokuserade behandlingar som PRP (trombocytrik plasma) p\u00e5 kliniker som erbjuder det till l\u00e4mpliga kandidater.<\/li>\n \t<li>Receptbelagda alternativ eller receptfria alternativ som rekommenderas av en l\u00e4kare (till exempel aktuell minoxidil i l\u00e4mpliga fall).<\/li>\n \t<li>H\u00e5rtransplantationskirurgi i utvalda situationer, vanligtvis n\u00e4r f\u00f6rlusten \u00e4r stabil och en specialist bekr\u00e4ftar kandidatur.<\/li>\n<\/ul>\nOm uts\u00f6ndring \u00e4r pl\u00f6tslig, fl\u00e4ckvis, sm\u00e4rtsam eller i kombination med h\u00e5rbottenirritation, \u00e4r det v\u00e4rt att kolla in en hudl\u00e4kare eller trikolog. En korrekt diagnos kan spara m\u00e5nader av f\u00f6rs\u00f6k och misstag och utesluta behandlingsbara medicinska orsaker.\n<h2>Vad dessa konversationer f\u00f6r\u00e4ndrar<\/h2>\nN\u00e4r offentliga personer talar om h\u00e5ravfall g\u00f6r det \u00e4mnet mindre isolerande f\u00f6r alla andra. Det flyttar ocks\u00e5 fokus fr\u00e5n att &#8221;g\u00f6mma sig&#8221; till &#8221;hantera&#8221;, vilket kan inkludera medicinsk v\u00e5rd, skyddande styling eller helt enkelt att v\u00e4lja en look som k\u00e4nns bekv\u00e4m.\n<h2>Vanliga fr\u00e5gor<\/h2>\n<strong>Kan h\u00e5ret v\u00e4xa ut igen efter h\u00e5ravfall?<\/strong>\n\nIbland, ja &#8211; speciellt n\u00e4r triggern \u00e4r tillf\u00e4llig (stress, f\u00f6rlossningar efter f\u00f6rlossningen, sjukdom eller dragkraft som \u00e5tg\u00e4rdas tidigt). Autoimmunt h\u00e5ravfall och m\u00f6nsterf\u00f6rtunning kan fortfarande f\u00f6rb\u00e4ttras med r\u00e4tt plan, men resultaten varierar, s\u00e5 en professionell bed\u00f6mning hj\u00e4lper.\n\n<strong>B\u00e4r k\u00e4ndisar peruker eller extensions p\u00e5 grund av h\u00e5ravfall?<\/strong>\n\nM\u00e5nga g\u00f6r det. Peruker, toppers och f\u00f6rl\u00e4ngningar kan ge snabbt sj\u00e4lvf\u00f6rtroende, men sn\u00e4va eller tunga till\u00e4gg kan ocks\u00e5 bidra till dragkraft om de inte appliceras noggrant.\n\n<strong>Vilka \u00e4r de vanligaste triggerna f\u00f6r h\u00e5ravfall f\u00f6r k\u00e4ndisar?<\/strong>\n\nFrekvent v\u00e4rme och kemisk bearbetning, sn\u00e4va frisyrer, stress och medicinska eller hormonella f\u00f6r\u00e4ndringar dyker upp ofta. Samma faktorer p\u00e5verkar \u00e4ven icke-k\u00e4ndisar &#8211; skillnaden \u00e4r helt enkelt hur synlig f\u00f6r\u00e4ndringen kan vara p\u00e5 kameran.\n\n<strong>N\u00e4r ska jag s\u00f6ka l\u00e4kare?<\/strong>\n\nOm du m\u00e4rker pl\u00f6tslig oj\u00e4mn f\u00f6rlust, sveda\/kl\u00e5da i h\u00e5rbotten, vidgade dellinjer eller utfall som varar l\u00e4ngre \u00e4n n\u00e5gra m\u00e5nader, boka en tid. Blodarbete och en h\u00e5rbottenunders\u00f6kning kan avsl\u00f6ja sk\u00f6ldk\u00f6rtelproblem, j\u00e4rnbrist, inflammation eller andra behandlingsbara orsaker.\n\n\n<div class=\"wp-block-group\"><div class=\"wp-block-group__inner-container is-layout-flow wp-block-group-is-layout-flow\">\n\n<h2 class=\"wp-block-heading\">Om Hair Center of Turkey<\/h2>\n\n\n\n<p class=\"wp-block-paragraph\">Hair Center of Turkey har utv\u00e4rderat och behandlat h\u00e5ravfall sedan 2014. V\u00e5rt team best\u00e5r av 3 l\u00e4kare, och kliniken utf\u00f6r cirka 3 000 h\u00e5rtransplantationer per \u00e5r, tillsammans med icke-kirurgiska alternativ som PRP och receptbelagda behandlingar f\u00f6r patienter som inte \u00e4r kirurgiska kandidater. F\u00f6r fall som de ovan &#8211; dragskador, stressrelaterad avfall eller autoimmunt h\u00e5ravfall &#8211; \u00e4r en korrekt utv\u00e4rdering utg\u00e5ngspunkten innan du best\u00e4mmer dig f\u00f6r n\u00e5gon behandlingsv\u00e4g.<\/p>\n\n<\/div><\/div>\n","protected":false},"excerpt":{"rendered":"<p>H\u00e5rcenter i Turkiet tar en n\u00e4rmare titt p\u00e5 varf\u00f6r vissa kvinnliga k\u00e4ndisar upplever m\u00e4rkbart h\u00e5ravfall och hur de tidiga tecknen tenderar att se ut. V\u00e5r klinik grundades 2014 och arbetar med patienter med utv\u00e4rdering av h\u00e5ravfall och behandlingsplanering, fr\u00e5n traction-relaterad gallring till autoimmuna och hormonella orsaker. H\u00e5rcenter i Turkiet tar en n\u00e4rmare titt p\u00e5 varf\u00f6r [&hellip;]<\/p>\n","protected":false},"author":2,"featured_media":632,"comment_status":"closed","ping_status":"closed","sticky":false,"template":"","format":"standard","meta":{"footnotes":"","rank_math_title":"","rank_math_description":"Flera kvinnliga k\u00e4ndisar har \u00f6ppet diskuterat h\u00e5ravfall f\u00f6r att \u00f6ka medvetenheten och bryta stigmat kring det. Klicka f\u00f6r information.","rank_math_focus_keyword":"","rank_math_canonical_url":"","rank_math_breadcrumb_title":"","rank_math_facebook_title":"","rank_math_facebook_description":"","rank_math_facebook_image":"","rank_math_twitter_title":"","rank_math_twitter_description":"","rank_math_twitter_image":"","rank_math_pillar_content":""},"categories":[1006,1013],"tags":[],"class_list":["post-55944","post","type-post","status-publish","format-standard","has-post-thumbnail","hentry","category-blog","category-haravfall"],"_links":{"self":[{"href":"https:\/\/haircenterofturkey.com\/sv\/wp-json\/wp\/v2\/posts\/55944","targetHints":{"allow":["GET"]}}],"collection":[{"href":"https:\/\/haircenterofturkey.com\/sv\/wp-json\/wp\/v2\/posts"}],"about":[{"href":"https:\/\/haircenterofturkey.com\/sv\/wp-json\/wp\/v2\/types\/post"}],"author":[{"embeddable":true,"href":"https:\/\/haircenterofturkey.com\/sv\/wp-json\/wp\/v2\/users\/2"}],"replies":[{"embeddable":true,"href":"https:\/\/haircenterofturkey.com\/sv\/wp-json\/wp\/v2\/comments?post=55944"}],"version-history":[{"count":1,"href":"https:\/\/haircenterofturkey.com\/sv\/wp-json\/wp\/v2\/posts\/55944\/revisions"}],"predecessor-version":[{"id":61581,"href":"https:\/\/haircenterofturkey.com\/sv\/wp-json\/wp\/v2\/posts\/55944\/revisions\/61581"}],"wp:featuredmedia":[{"embeddable":true,"href":"https:\/\/haircenterofturkey.com\/sv\/wp-json\/wp\/v2\/media\/632"}],"wp:attachment":[{"href":"https:\/\/haircenterofturkey.com\/sv\/wp-json\/wp\/v2\/media?parent=55944"}],"wp:term":[{"taxonomy":"category","embeddable":true,"href":"https:\/\/haircenterofturkey.com\/sv\/wp-json\/wp\/v2\/categories?post=55944"},{"taxonomy":"post_tag","embeddable":true,"href":"https:\/\/haircenterofturkey.com\/sv\/wp-json\/wp\/v2\/tags?post=55944"}],"curies":[{"name":"wp","href":"https:\/\/api.w.org\/{rel}","templated":true}]}}