{"id":55889,"date":"2025-02-28T07:47:06","date_gmt":"2025-02-28T04:47:06","guid":{"rendered":"https:\/\/haircenterofturkey.com\/?p=55889"},"modified":"2026-09-01T16:38:33","modified_gmt":"2026-09-01T13:38:33","slug":"vilken-alder-borjar-manlig-skallighet","status":"publish","type":"post","link":"https:\/\/haircenterofturkey.com\/sv\/vilken-alder-borjar-manlig-skallighet\/","title":{"rendered":"Vilken \u00e5lder b\u00f6rjar manlig skallighet?"},"content":{"rendered":"\n<h2 class=\"wp-block-heading\" id=\"what-age-does-male-pattern-baldness-start\">Vilken \u00e5lder b\u00f6rjar manlig skallighet?<\/h2>\n\n\n\n<p class=\"wp-block-paragraph\"><strong>Snabbt svar: <\/strong>Manlig skallighet kan b\u00f6rja n\u00e4r som helst efter puberteten, men de flesta m\u00e4n m\u00e4rker f\u00f6rst ett vikande h\u00e5rf\u00e4ste eller en tunnare krona i 20- eller 30-\u00e5rs\u00e5ldern. Ton\u00e5ring \u00e4r m\u00f6jlig med en stark familjehistoria. Progressionen varierar, och tidig behandling kan ofta bromsa utfall och bevara t\u00e4theten.<\/p>\n\n\n\n<div class=\"wp-block-rank-math-toc-block\" id=\"rank-math-toc\"><h2>Table of Contents<\/h2><nav><ul><li><a href=\"#what-age-does-male-pattern-baldness-start\">Vilken \u00e5lder b\u00f6rjar manlig skallighet?<\/a><\/li><li><a href=\"#understanding-male-pattern-baldness\">F\u00f6rst\u00e5 manlig skallighet<\/a><\/li><li><a href=\"#typical-age-of-onset\">Typisk \u00e5lder f\u00f6r debut<\/a><\/li><li><a href=\"#early-signs-to-watch-for\">Tidiga tecken att se efter<\/a><\/li><li><a href=\"#why-it-starts-earlier-for-some-men\">Varf\u00f6r det b\u00f6rjar tidigare f\u00f6r vissa m\u00e4n<\/a><ul><li><a href=\"#genetics\">Genetik<\/a><\/li><li><a href=\"#dht-sensitivity\">DHT-k\u00e4nslighet<\/a><\/li><li><a href=\"#health-and-lifestyle-factors\">H\u00e4lsa och livsstilsfaktorer<\/a><\/li><\/ul><\/li><li><a href=\"#can-you-prevent-or-delay-male-pattern-baldness\">Kan du f\u00f6rhindra eller f\u00f6rdr\u00f6ja manlig skallighet?<\/a><ul><li><a href=\"#evidence-based-treatments\">Evidensbaserade behandlingar<\/a><\/li><li><a href=\"#clinic-based-options\">Klinikbaserade alternativ<\/a><\/li><\/ul><\/li><li><a href=\"#when-to-see-a-specialist\">N\u00e4r man ska tr\u00e4ffa en specialist<\/a><\/li><li><a href=\"#f-a-q\">F.A.Q<\/a><\/li><\/ul><\/nav><\/div>\n\n\n\n<h2 class=\"wp-block-heading\" id=\"understanding-male-pattern-baldness\">F\u00f6rst\u00e5 manlig skallighet<\/h2>\n\n\n\n<p class=\"wp-block-paragraph\">Manlig skallighet (androgen alopeci) \u00e4r den vanligaste orsaken till l\u00e5ngvarigt h\u00e5ravfall hos m\u00e4n. Det h\u00e4nder n\u00e4r genetiskt k\u00e4nsliga folliklar gradvis miniatyriseras och producerar tunnare, kortare h\u00e5rstr\u00e5n.<\/p>\n\n\n\n<p class=\"wp-block-paragraph\">Processen drivs till stor del av dihydrotestosteron (DHT), ett hormon som h\u00e4rr\u00f6r fr\u00e5n testosteron. Vissa m\u00e4n har folliklar som reagerar starkare p\u00e5 DHT, vilket f\u00f6rklarar varf\u00f6r debut\u00e5ldern och hastigheten p\u00e5 f\u00f6rlusten skiljer sig mycket mellan individer.<\/p>\n\n\n\n<h2 class=\"wp-block-heading\" id=\"typical-age-of-onset\">Typisk \u00e5lder f\u00f6r debut<\/h2>\n\n\n\n<p class=\"wp-block-paragraph\">Manlig skallighet kan b\u00f6rja i n\u00e4stan alla \u00e5ldrar, men n\u00e5gra m\u00f6nster dyker upp ofta:<\/p>\n\n\n\n<ul class=\"wp-block-list\">\n<li>Ton\u00e5ringar (15\u201319): Mindre vanliga, men det kan h\u00e4nda, vanligtvis hos personer med stark genetisk predisposition.<\/li>\n\n\n\n<li>20-tal: M\u00e5nga m\u00e4n m\u00e4rker de f\u00f6rsta tydliga f\u00f6r\u00e4ndringarna under det h\u00e4r decenniet, s\u00e5som tempelnedg\u00e5ng eller minskad densitet efter styling.<\/li>\n\n\n\n<li>30-tal: Gallring blir ofta l\u00e4ttare att uppt\u00e4cka, speciellt i starkt ljus eller n\u00e4r h\u00e5ret \u00e4r bl\u00f6tt.<\/li>\n\n\n\n<li>40-tal och l\u00e4ngre fram: M\u00f6nstret blir vanligtvis mer etablerat, med mer synlig kronf\u00f6rtunning och ett h\u00f6gre Norwood-stadium.<\/li>\n<\/ul>\n\n\n\n<p class=\"wp-block-paragraph\">Dessa intervall beskriver vad som \u00e4r typiskt, inte vad som \u00e4r &#8221;normalt&#8221; f\u00f6r en person. Tv\u00e5 m\u00e4n i samma \u00e5lder kan ha helt olika m\u00f6nster och sv\u00e5righetsgrad.<\/p>\n\n\n\n<figure class=\"wp-block-image\"><img decoding=\"async\" src=\"https:\/\/haircenterofturkey.com\/wp-content\/uploads\/2025\/02\/What-Age-Does-Male-Pattern-Baldness-2.webp\" alt=\"What Age Does Male Pattern Baldness Start?\" title=\"\"><\/figure>\n\n\n\n<p class=\"wp-block-paragraph\"><\/p>\n\n\n\n<h2 class=\"wp-block-heading\" id=\"early-signs-to-watch-for\">Tidiga tecken att se efter<\/h2>\n\n\n\n<p class=\"wp-block-paragraph\">Att f\u00e5nga tidiga f\u00f6r\u00e4ndringar \u00e4r viktigt eftersom de mest bepr\u00f6vade behandlingarna fungerar b\u00e4st innan folliklarna krymper f\u00f6r l\u00e5ngt. Vanliga tidiga tecken inkluderar:<\/p>\n\n\n\n<ul class=\"wp-block-list\">\n<li>\n<ul class=\"wp-block-list\">\n<li>Vikande h\u00e5rf\u00e4ste vid tinningarna, bildar ofta en &#8221;M&#8221;-form<\/li>\n\n\n\n<li>F\u00f6rtunning vid kronan som skapar en vidgningsfl\u00e4ck med tiden<\/li>\n\n\n\n<li>Finare h\u00e5rstruktur och minskad volym, speciellt efter tv\u00e4tt<\/li>\n\n\n\n<li>En bredare del eller mer h\u00e5rbotten syns igenom i foton ovanf\u00f6r<\/li>\n<\/ul>\n<\/li>\n<\/ul>\n\n\n\n<figure class=\"wp-block-image\"><img decoding=\"async\" src=\"https:\/\/haircenterofturkey.com\/wp-content\/uploads\/2025\/02\/What-Age-Does-Male-Pattern-Baldness-3.webp\" alt=\"What Age Does Male Pattern Baldness Start?\" title=\"\"><\/figure>\n\n\n\n<p class=\"wp-block-paragraph\"><\/p>\n\n\n\n<h2 class=\"wp-block-heading\" id=\"why-it-starts-earlier-for-some-men\">Varf\u00f6r det b\u00f6rjar tidigare f\u00f6r vissa m\u00e4n<\/h2>\n\n\n\n<h3 class=\"wp-block-heading\" id=\"genetics\">Genetik<\/h3>\n\n\n\n<p class=\"wp-block-paragraph\">Familjehistoria \u00e4r den starkaste prediktorn. Om n\u00e4ra sl\u00e4ktingar b\u00f6rjade bli tunnare i ton\u00e5ren eller 20-\u00e5rs\u00e5ldern, \u00f6kar dina odds f\u00f6r tidigare debut.<\/p>\n\n\n\n<figure class=\"wp-block-image\"><img decoding=\"async\" src=\"https:\/\/haircenterofturkey.com\/wp-content\/uploads\/2025\/02\/What-Age-Does-Male-Pattern-Baldness-4.webp\" alt=\"What Age Does Male Pattern Baldness Start?\" title=\"\"><\/figure>\n\n\n\n<p class=\"wp-block-paragraph\"><\/p>\n\n\n\n<h3 class=\"wp-block-heading\" id=\"dht-sensitivity\">DHT-k\u00e4nslighet<\/h3>\n\n\n\n<p class=\"wp-block-paragraph\">Det \u00e4r inte bara m\u00e4ngden DHT som spelar roll. Follikelk\u00e4nslighet f\u00f6r DHT \u00e4r en viktig drivkraft f\u00f6r hur tidig gallring b\u00f6rjar och hur snabbt den fortskrider.<\/p>\n\n\n\n<figure class=\"wp-block-image\"><img decoding=\"async\" src=\"https:\/\/haircenterofturkey.com\/wp-content\/uploads\/2025\/02\/What-Age-Does-Male-Pattern-Baldness-5.webp\" alt=\"What Age Does Male Pattern Baldness Start?\" title=\"\"><\/figure>\n\n\n\n<p class=\"wp-block-paragraph\"><\/p>\n\n\n\n<h3 class=\"wp-block-heading\" id=\"health-and-lifestyle-factors\">H\u00e4lsa och livsstilsfaktorer<\/h3>\n\n\n\n<p class=\"wp-block-paragraph\">Manlig skallighet orsakas inte enbart av stress eller diet, men dessa faktorer kan f\u00f6rv\u00e4rra h\u00e5ravfall eller g\u00f6ra att f\u00f6rlusten k\u00e4nns mer pl\u00f6tslig. D\u00e5lig s\u00f6mn, r\u00f6kning, snabb viktminskning och brister i n\u00e4rings\u00e4mnen kan utl\u00f6sa telogen effluvium, som kan \u00f6verlappa med manlig skallighet.<\/p>\n\n\n\n<figure class=\"wp-block-image\"><img decoding=\"async\" src=\"https:\/\/haircenterofturkey.com\/wp-content\/uploads\/2025\/02\/What-Age-Does-Male-Pattern-Baldness-6.webp\" alt=\"What Age Does Male Pattern Baldness Start?\" title=\"\"><\/figure>\n\n\n\n<p class=\"wp-block-paragraph\"><\/p>\n\n\n\n<h2 class=\"wp-block-heading\" id=\"can-you-prevent-or-delay-male-pattern-baldness\">Kan du f\u00f6rhindra eller f\u00f6rdr\u00f6ja manlig skallighet?<\/h2>\n\n\n\n<p class=\"wp-block-paragraph\">Du kan inte \u00e4ndra genetisk risk, men du kan ofta bromsa utvecklingen. Ett realistiskt m\u00e5l \u00e4r bevarande och f\u00f6rtjockning av miniatyriserade h\u00e5rstr\u00e5n, inte &#8221;stoppa&#8221; h\u00e5ravfall f\u00f6r alltid.<\/p>\n\n\n\n<figure class=\"wp-block-image\"><img decoding=\"async\" src=\"https:\/\/haircenterofturkey.com\/wp-content\/uploads\/2025\/02\/What-Age-Does-Male-Pattern-Baldness-7.webp\" alt=\"What Age Does Male Pattern Baldness Start?\" title=\"\"><\/figure>\n\n\n\n<p class=\"wp-block-paragraph\"><\/p>\n\n\n\n<h3 class=\"wp-block-heading\" id=\"evidence-based-treatments\">Evidensbaserade behandlingar<\/h3>\n\n\n\n<ul class=\"wp-block-list\">\n<li>Aktuell minoxidil: Hj\u00e4lper till att f\u00f6rl\u00e4nga tillv\u00e4xtfasen och kan f\u00f6rb\u00e4ttra densiteten under flera m\u00e5nader.<\/li>\n\n\n\n<li>Finasteride (oralt recept): S\u00e4nker DHT och kan bromsa f\u00f6rlusten, s\u00e4rskilt i hj\u00e4ssan och mitten av h\u00e5rbotten.<\/li>\n\n\n\n<li>L\u00e5gniv\u00e5 laserterapi (LLLT): Kan hj\u00e4lpa vissa m\u00e4n n\u00e4r den anv\u00e4nds konsekvent.<\/li>\n\n\n\n<li>Microneedling: Anv\u00e4nds ofta tillsammans med aktuella behandlingar under professionell v\u00e4gledning.<\/li>\n<\/ul>\n\n\n\n<p class=\"wp-block-paragraph\">L\u00e4kemedelsval beror p\u00e5 din medicinska historia, \u00e5lder och m\u00e5l. En l\u00e4kare kan hj\u00e4lpa till att v\u00e4ga f\u00f6rdelar, biverkningar och vilka resultat som \u00e4r realistiska f\u00f6r ditt stadium.<\/p>\n\n\n\n<figure class=\"wp-block-image\"><img decoding=\"async\" src=\"https:\/\/haircenterofturkey.com\/wp-content\/uploads\/2025\/02\/What-Age-Does-Male-Pattern-Baldness-8.webp\" alt=\"What Age Does Male Pattern Baldness Start?\" title=\"\"><\/figure>\n\n\n\n<p class=\"wp-block-paragraph\"><\/p>\n\n\n\n<h3 class=\"wp-block-heading\" id=\"clinic-based-options\">Klinikbaserade alternativ<\/h3>\n\n\n\n<ul class=\"wp-block-list\">\n<li>PRP (trombocytrik plasma): Injektioner som kan st\u00f6dja follikelaktivitet hos utvalda patienter.<\/li>\n\n\n\n<li>H\u00e5rtransplantationskirurgi: En permanent omf\u00f6rdelning av folliklar, vanligtvis \u00f6verv\u00e4gd n\u00e4r f\u00f6rlusten \u00e4r tillr\u00e4ckligt stabil f\u00f6r att planera en l\u00e5ngsiktig design.<\/li>\n<\/ul>\n\n\n\n<p class=\"wp-block-paragraph\">En transplantation stoppar inte framtida gallring i icke-transplanterade omr\u00e5den, s\u00e5 l\u00e5ngsiktig planering och medicinsk terapi \u00e4r ofta en del av strategin.<\/p>\n\n\n\n<figure class=\"wp-block-image\"><img decoding=\"async\" src=\"https:\/\/haircenterofturkey.com\/wp-content\/uploads\/2025\/02\/What-Age-Does-Male-Pattern-Baldness-9.webp\" alt=\"What Age Does Male Pattern Baldness Start?\" title=\"\"><\/figure>\n\n\n\n<p class=\"wp-block-paragraph\"><\/p>\n\n\n\n<h2 class=\"wp-block-heading\" id=\"when-to-see-a-specialist\">N\u00e4r man ska tr\u00e4ffa en specialist<\/h2>\n\n\n\n<p class=\"wp-block-paragraph\">Boka en professionell bed\u00f6mning om du m\u00e4rker snabb h\u00e5ravfall, fl\u00e4ckvis h\u00e5ravfall, h\u00e5rbottensm\u00e4rta, fj\u00e4llning eller pl\u00f6tslig gallring under n\u00e5gra m\u00e5nader. Dessa egenskaper kan peka p\u00e5 andra tillst\u00e5nd \u00e4n manlig skallighet.<\/p>\n\n\n\n<p class=\"wp-block-paragraph\">En hudl\u00e4kare eller h\u00e5rrestaureringsl\u00e4kare kan bekr\u00e4fta diagnosen, iscens\u00e4tta m\u00f6nstret och bygga en plan som matchar din tidslinje och budget.<\/p>\n\n\n\n<h2 class=\"wp-block-heading\" id=\"f-a-q\">F.A.Q<\/h2>\n\n\n<div id=\"rank-math-faq\" class=\"rank-math-block\">\n<div class=\"rank-math-list \">\n<div id=\"faq-question-1771493054755\" class=\"rank-math-list-item\">\n<h3 class=\"rank-math-question \">Vad \u00e4r medel\u00e5ldern f\u00f6r m\u00e4n som b\u00f6rjar skalliga?<\/h3>\n<div class=\"rank-math-answer \">\n\n<p>Sent 20-tal till b\u00f6rjan av 30-talet \u00e4r genomsnittligt debut, \u00e4ven om det kan b\u00f6rja tidigare.<\/p>\n\n<\/div>\n<\/div>\n<div id=\"faq-question-1771493055507\" class=\"rank-math-list-item\">\n<h3 class=\"rank-math-question \">Hur vet man om en man kommer att bli skallig?<\/h3>\n<div class=\"rank-math-answer \">\n\n<p>Familjehistoria plus tidig tempelnedg\u00e5ng, kronf\u00f6rtunning och miniatyriserade h\u00e5rstr\u00e5n tyder p\u00e5 framtida skallighet.<\/p>\n\n<\/div>\n<\/div>\n<div id=\"faq-question-1771493056291\" class=\"rank-math-list-item\">\n<h3 class=\"rank-math-question \">\u00c4r det b\u00e4ttre att f\u00e5nga h\u00e5ravfall tidigt?<\/h3>\n<div class=\"rank-math-answer \">\n\n<p>Ja; tidig behandling kan bromsa utvecklingen och bevara mer h\u00e5r.<\/p>\n\n<\/div>\n<\/div>\n<div id=\"faq-question-1771493056676\" class=\"rank-math-list-item\">\n<h3 class=\"rank-math-question \">Vad p\u00e5skyndar manlig skallighet?<\/h3>\n<div class=\"rank-math-answer \">\n\n<p>Genetik och androgener driver det; r\u00f6kning, stress, steroider och inflammation kan accelerera.<\/p>\n\n<\/div>\n<\/div>\n<div id=\"faq-question-1771493057163\" class=\"rank-math-list-item\">\n<h3 class=\"rank-math-question \">Hur ser skallighet i steg 1 ut?<\/h3>\n<div class=\"rank-math-answer \">\n\n<p>Steg 1 visar liten eller ingen l\u00e5gkonjunktur, med ett ungdomligt h\u00e5rf\u00e4ste och full densitet.<\/p>\n\n<\/div>\n<\/div>\n<\/div>\n<\/div>","protected":false},"excerpt":{"rendered":"<p>Vilken \u00e5lder b\u00f6rjar manlig skallighet? Snabbt svar: Manlig skallighet kan b\u00f6rja n\u00e4r som helst efter puberteten, men de flesta m\u00e4n m\u00e4rker f\u00f6rst ett vikande h\u00e5rf\u00e4ste eller en tunnare krona i 20- eller 30-\u00e5rs\u00e5ldern. Ton\u00e5ring \u00e4r m\u00f6jlig med en stark familjehistoria. Progressionen varierar, och tidig behandling kan ofta bromsa utfall och bevara t\u00e4theten. F\u00f6rst\u00e5 manlig skallighet [&hellip;]<\/p>\n","protected":false},"author":2,"featured_media":18683,"comment_status":"closed","ping_status":"closed","sticky":false,"template":"","format":"standard","meta":{"footnotes":"","rank_math_title":"","rank_math_description":"Manlig skallighet kan b\u00f6rja s\u00e5 tidigt som i slutet av ton\u00e5ren eller b\u00f6rjan av tjugotalet, men de flesta m\u00e4rker det vid 30 \u00e5rs \u00e5lder. Klicka f\u00f6r information.","rank_math_focus_keyword":"","rank_math_canonical_url":"","rank_math_breadcrumb_title":"","rank_math_facebook_title":"","rank_math_facebook_description":"","rank_math_facebook_image":"","rank_math_twitter_title":"","rank_math_twitter_description":"","rank_math_twitter_image":"","rank_math_pillar_content":""},"categories":[1006,1013],"tags":[],"class_list":["post-55889","post","type-post","status-publish","format-standard","has-post-thumbnail","hentry","category-blog","category-haravfall"],"_links":{"self":[{"href":"https:\/\/haircenterofturkey.com\/sv\/wp-json\/wp\/v2\/posts\/55889","targetHints":{"allow":["GET"]}}],"collection":[{"href":"https:\/\/haircenterofturkey.com\/sv\/wp-json\/wp\/v2\/posts"}],"about":[{"href":"https:\/\/haircenterofturkey.com\/sv\/wp-json\/wp\/v2\/types\/post"}],"author":[{"embeddable":true,"href":"https:\/\/haircenterofturkey.com\/sv\/wp-json\/wp\/v2\/users\/2"}],"replies":[{"embeddable":true,"href":"https:\/\/haircenterofturkey.com\/sv\/wp-json\/wp\/v2\/comments?post=55889"}],"version-history":[{"count":1,"href":"https:\/\/haircenterofturkey.com\/sv\/wp-json\/wp\/v2\/posts\/55889\/revisions"}],"predecessor-version":[{"id":61628,"href":"https:\/\/haircenterofturkey.com\/sv\/wp-json\/wp\/v2\/posts\/55889\/revisions\/61628"}],"wp:featuredmedia":[{"embeddable":true,"href":"https:\/\/haircenterofturkey.com\/sv\/wp-json\/wp\/v2\/media\/18683"}],"wp:attachment":[{"href":"https:\/\/haircenterofturkey.com\/sv\/wp-json\/wp\/v2\/media?parent=55889"}],"wp:term":[{"taxonomy":"category","embeddable":true,"href":"https:\/\/haircenterofturkey.com\/sv\/wp-json\/wp\/v2\/categories?post=55889"},{"taxonomy":"post_tag","embeddable":true,"href":"https:\/\/haircenterofturkey.com\/sv\/wp-json\/wp\/v2\/tags?post=55889"}],"curies":[{"name":"wp","href":"https:\/\/api.w.org\/{rel}","templated":true}]}}