{"id":55882,"date":"2025-03-03T09:00:24","date_gmt":"2025-03-03T06:00:24","guid":{"rendered":"https:\/\/haircenterofturkey.com\/?p=55882"},"modified":"2026-09-01T16:38:34","modified_gmt":"2026-09-01T13:38:34","slug":"vad-orsakar-konsharavfall","status":"publish","type":"post","link":"https:\/\/haircenterofturkey.com\/sv\/vad-orsakar-konsharavfall\/","title":{"rendered":"Vad orsakar k\u00f6nsh\u00e5ravfall"},"content":{"rendered":"\n<p class=\"wp-block-paragraph\"><strong>H\u00e5rcenter i Turkiet<\/strong> har fokuserat p\u00e5 h\u00e5rrestaurering sedan 2014, med ett team p\u00e5 tre l\u00e4kare som tillsammans utf\u00f6r mer \u00e4n 3 000 ingrepp om \u00e5ret. Den erfarenheten formar hur vi l\u00e4ser k\u00f6nsh\u00e5ravfall: vi arbetar f\u00f6r att fastst\u00e4lla den exakta orsaken &#8211; hormonell, dermatologisk, n\u00e4ringsm\u00e4ssig eller autoimmun &#8211; innan vi f\u00f6resl\u00e5r n\u00e5gon behandling, eftersom var och en kr\u00e4ver olika reaktioner.<\/p>\n\n\n\n<div class=\"wp-block-rank-math-toc-block\" id=\"rank-math-toc\"><h2>Table of Contents<\/h2><nav><ul><li><a href=\"#quick-answer\">Snabbt svar<\/a><\/li><li><a href=\"#what-causes-pubic-hair-loss\">Vad orsakar k\u00f6nsh\u00e5ravfall?<\/a><\/li><li><a href=\"#understanding-pubic-hair-loss\">F\u00f6rst\u00e5 blygdsh\u00e5ravfall<\/a><\/li><li><a href=\"#common-causes-of-pubic-hair-loss\">Vanliga orsaker till blygdsh\u00e5ravfall<\/a><ul><li><a href=\"#aging-and-natural-hormone-changes\">\u00c5ldrande och naturliga hormonf\u00f6r\u00e4ndringar<\/a><\/li><li><a href=\"#hormonal-imbalances\">Hormonella obalanser<\/a><\/li><li><a href=\"#skin-conditions-and-ongoing-irritation\">Hudtillst\u00e5nd och p\u00e5g\u00e5ende irritation<\/a><\/li><li><a href=\"#autoimmune-and-other-medical-conditions\">Autoimmuna och andra medicinska tillst\u00e5nd<\/a><\/li><li><a href=\"#infections-including-sexually-transmitted-infections\">Infektioner, inklusive sexuellt \u00f6verf\u00f6rbara infektioner<\/a><\/li><li><a href=\"#stress-rapid-weight-changes-and-poor-nutrition\">Stress, snabba viktf\u00f6r\u00e4ndringar och d\u00e5lig kost<\/a><\/li><li><a href=\"#medications-and-medical-treatments\">Mediciner och medicinska behandlingar<\/a><\/li><li><a href=\"#hair-removal-friction-and-mechanical-damage\">H\u00e5rborttagning, friktion och mekanisk skada<\/a><\/li><\/ul><\/li><li><a href=\"#symptoms-that-matter\">Symtom som spelar roll<\/a><\/li><li><a href=\"#how-pubic-hair-loss-is-diagnosed\">Hur k\u00f6nsh\u00e5ravfall diagnostiseras<\/a><\/li><li><a href=\"#solutions-and-treatment-options\">L\u00f6sningar och behandlingsalternativ<\/a><ul><li><a href=\"#treat-the-root-cause\">Behandla grundorsaken<\/a><\/li><li><a href=\"#support-healthy-regrowth\">St\u00f6d h\u00e4lsosam \u00e5terv\u00e4xt<\/a><\/li><li><a href=\"#when-hair-may-not-fully-return\">N\u00e4r h\u00e5ret kanske inte kommer tillbaka helt<\/a><\/li><\/ul><\/li><li><a href=\"#when-to-seek-medical-advice\">N\u00e4r ska man s\u00f6ka medicinsk r\u00e5dgivning<\/a><\/li><li><a href=\"#is-pubic-hair-loss-normal-with-age\">\u00c4r k\u00f6nsh\u00e5ravfall normalt med \u00e5ldern?<\/a><\/li><li><a href=\"#can-stress-cause-pubic-hair-loss\">Kan stress orsaka k\u00f6nsh\u00e5ravfall?<\/a><\/li><li><a href=\"#when-is-pubic-hair-loss-a-sign-of-an-sti\">N\u00e4r \u00e4r k\u00f6nsh\u00e5ravfall ett tecken p\u00e5 en STI?<\/a><\/li><li><a href=\"#medical-disclaimer\">Medicinsk ansvarsfriskrivning<\/a><\/li><li><a href=\"#frequently-asked-questions\">Vanliga fr\u00e5gor<\/a><\/li><\/ul><\/nav><\/div>\n\n\n\n<div class=\"wp-block-group tldr\"><div class=\"wp-block-group__inner-container is-layout-flow wp-block-group-is-layout-flow\">\n<h2 id=\"quick-answer\" class=\"wp-block-heading\">Snabbt svar<\/h2>\n\n\n\n<ul class=\"wp-block-list\">\n<li><strong>Huvudorsaker:<\/strong> \u00c5ldrande, hormonella f\u00f6r\u00e4ndringar, hud\u00e5kommor som eksem eller psoriasis, infektioner inklusive sexuellt \u00f6verf\u00f6rbara sjukdomar, autoimmuna sjukdomar som alopecia areata, kronisk stress, n\u00e4ringsbrist och l\u00e4kemedelsbiverkningar.<\/li>\n\n\n\n<li><strong>Varningsskyltar:<\/strong> Pl\u00f6tslig eller oj\u00e4mn f\u00f6rlust, s\u00e4rskilt med kl\u00e5da, s\u00e5r, sm\u00e4rta eller en f\u00f6r\u00e4ndring i hudf\u00e4rg, pekar p\u00e5 ett underliggande problem snarare \u00e4n normal gallring.<\/li>\n\n\n\n<li><strong>Diagnos:<\/strong> En fysisk unders\u00f6kning och medicinsk historia, ibland uppbackad av blodprov, en hudpinne eller en liten biopsi.<\/li>\n\n\n\n<li><strong>Behandling:<\/strong> Behandla grundorsaken f\u00f6rst &#8211; hormonbehandling, aktuella kr\u00e4mer, antimikrobiella medel eller livsstilsf\u00f6r\u00e4ndringar. H\u00e5rrestaurering \u00f6verv\u00e4gs endast i resistenta fall.<\/li>\n\n\n\n<li><strong>Experthj\u00e4lp:<\/strong> P\u00e5 Hair Center of Turkey bed\u00f6mer l\u00e4kare k\u00f6nsh\u00e5ravfall som en del av en fullst\u00e4ndig medicinsk utv\u00e4rdering snarare \u00e4n isolerat.<\/li>\n<\/ul>\n<\/div><\/div>\n\n\n\n<h2 id=\"what-causes-pubic-hair-loss\" class=\"wp-block-heading\">Vad orsakar k\u00f6nsh\u00e5ravfall?<\/h2>\n\n\n\n<figure class=\"wp-block-image\"><img decoding=\"async\" src=\"https:\/\/haircenterofturkey.com\/wp-content\/uploads\/2025\/03\/pubic-hair-loss-1.webp\" alt=\"What Causes Pubic Hair Loss\" title=\"\"><\/figure>\n\n\n\n<p class=\"wp-block-paragraph\">K\u00f6nsh\u00e5ravfall \u00e4r ofta kopplat till \u00e5ldrande och hormonf\u00f6r\u00e4ndringar, men det kan ocks\u00e5 f\u00f6lja irritation fr\u00e5n h\u00e5rborttagning, hud\u00e5kommor som eksem eller psoriasis, infektioner, stress, n\u00e4ringsbrist, mediciner eller autoimmuna sjukdomar som alopecia areata. Om h\u00e5ravfall \u00e4r pl\u00f6tsligt, fl\u00e4ckigt, sm\u00e4rtsamt eller kommer med s\u00e5r eller kl\u00e5da, kan en l\u00e4kare hj\u00e4lpa till att identifiera orsaken och behandlingen.<\/p>\n\n\n\n<h2 id=\"understanding-pubic-hair-loss\" class=\"wp-block-heading\">F\u00f6rst\u00e5 blygdsh\u00e5ravfall<\/h2>\n\n\n\n<p class=\"wp-block-paragraph\">Vissa m\u00e4nniskor m\u00e4rker gradvis f\u00f6rtunning \u00f6ver \u00e5r, medan andra upplever pl\u00f6tslig uts\u00f6ndring eller oj\u00e4mn f\u00f6rlust. M\u00f6nstret, tidpunkten och eventuella hudf\u00f6r\u00e4ndringar runt folliklarna ger vanligtvis ledtr\u00e5dar. Eftersom flera tillst\u00e5nd kan se likadana ut \u00e4r det f\u00f6rsta steget mot r\u00e4tt l\u00f6sning att identifiera utl\u00f6saren.<\/p>\n\n\n\n<h2 id=\"common-causes-of-pubic-hair-loss\" class=\"wp-block-heading\">Vanliga orsaker till blygdsh\u00e5ravfall<\/h2>\n\n\n\n<h3 id=\"aging-and-natural-hormone-changes\" class=\"wp-block-heading\">\u00c5ldrande och naturliga hormonf\u00f6r\u00e4ndringar<\/h3>\n\n\n\n<p class=\"wp-block-paragraph\">H\u00e5rdensiteten kan minska \u00f6ver hela kroppen med tiden, inklusive blygdomr\u00e5det. Detta \u00e4r vanligtvis relaterat till l\u00e4gre niv\u00e5er av k\u00f6nshormoner och l\u00e5ngsammare follikelcykling. Gradvis, j\u00e4mn f\u00f6rtunning utan rodnad eller sm\u00e4rta passar ofta in i detta m\u00f6nster.<\/p>\n\n\n\n<h3 id=\"hormonal-imbalances\" class=\"wp-block-heading\">Hormonella obalanser<\/h3>\n\n\n\n<p class=\"wp-block-paragraph\">Hormoner p\u00e5verkar h\u00e5rv\u00e4xten, tjockleken och l\u00e4ngden p\u00e5 tillv\u00e4xtfasen. F\u00f6rskjutningar eller obalanser kan orsaka m\u00e4rkbar f\u00f6rtunning, s\u00e4rskilt n\u00e4r de sker snabbt.<\/p>\n\n\n\n<ul class=\"wp-block-list\">\n<li>Menopaus eller perimenopause (ofta kopplat till l\u00e4gre \u00f6strogenniv\u00e5er)<\/li>\n\n\n\n<li>Sk\u00f6ldk\u00f6rtelst\u00f6rningar (\u00f6veraktiv eller underaktiv sk\u00f6ldk\u00f6rtel)<\/li>\n\n\n\n<li>Polycystiskt ovariesyndrom (PCOS)<\/li>\n\n\n\n<li>Postpartum hormonf\u00f6r\u00e4ndringar<\/li>\n<\/ul>\n\n\n\n<h3 id=\"skin-conditions-and-ongoing-irritation\" class=\"wp-block-heading\">Hudtillst\u00e5nd och p\u00e5g\u00e5ende irritation<\/h3>\n\n\n\n<p class=\"wp-block-paragraph\">Inflammation i huden runt folliklarna kan f\u00f6rsvaga h\u00e5rstr\u00e5n och \u00f6ka h\u00e5ravfall. Repning kan f\u00f6rv\u00e4rra cykeln och leda till brott eller sekund\u00e4r infektion.<\/p>\n\n\n\n<ul class=\"wp-block-list\">\n<li>Eksem eller kontakteksem (utl\u00f6st ofta av parfymerade produkter, \u00e5tsittande kl\u00e4der eller kuddar)<\/li>\n\n\n\n<li>Psoriasis<\/li>\n\n\n\n<li>Follikulit (inflammerade h\u00e5rs\u00e4ckar)<\/li>\n<\/ul>\n\n\n\n<h3 id=\"autoimmune-and-other-medical-conditions\" class=\"wp-block-heading\">Autoimmuna och andra medicinska tillst\u00e5nd<\/h3>\n\n\n\n<p class=\"wp-block-paragraph\">Vissa medicinska tillst\u00e5nd p\u00e5verkar follikelfunktionen eller blodfl\u00f6det, vilket kan visa sig som f\u00f6rtunning eller oj\u00e4mn f\u00f6rlust.<\/p>\n\n\n\n<ul class=\"wp-block-list\">\n<li>Alopecia areata (ett autoimmunt tillst\u00e5nd som kan p\u00e5verka alla h\u00e5rb\u00e4rande omr\u00e5den)<\/li>\n\n\n\n<li>Diabetes och cirkulationsrelaterade problem<\/li>\n\n\n\n<li>N\u00e4ringsmalabsorptionsf\u00f6rh\u00e5llanden som bidrar till brister<\/li>\n<\/ul>\n\n\n\n<h3 id=\"infections-including-sexually-transmitted-infections\" class=\"wp-block-heading\">Infektioner, inklusive sexuellt \u00f6verf\u00f6rbara infektioner<\/h3>\n\n\n\n<p class=\"wp-block-paragraph\">Infektioner kan inflammera huden och skada folliklarna, vilket leder till uts\u00f6ndring. Behandlingen beror p\u00e5 den specifika orsaken, s\u00e5 korrekt diagnos \u00e4r viktig.<\/p>\n\n\n\n<ul class=\"wp-block-list\">\n<li>Svampinfektioner (som tinea\/ringorm)<\/li>\n\n\n\n<li>Bakteriella infektioner<\/li>\n\n\n\n<li>Vissa sexuellt \u00f6verf\u00f6rbara sjukdomar kan associeras med h\u00e5ravfall, s\u00e4rskilt n\u00e4r symtomen \u00e4r systemiska<\/li>\n<\/ul>\n\n\n\n<h3 id=\"stress-rapid-weight-changes-and-poor-nutrition\" class=\"wp-block-heading\">Stress, snabba viktf\u00f6r\u00e4ndringar och d\u00e5lig kost<\/h3>\n\n\n\n<p class=\"wp-block-paragraph\">Stor stress, sjukdom, operation eller snabb viktminskning kan driva fler folliklar in i en vilofas, vilket leder till att de tappar veckor senare. Kosten spelar ocks\u00e5 roll eftersom folliklar \u00e4r beroende av en j\u00e4mn tillf\u00f6rsel av n\u00e4rings\u00e4mnen.<\/p>\n\n\n\n<ul class=\"wp-block-list\">\n<li>H\u00f6g stress eller en traumatisk h\u00e4ndelse (telogen effluvium)<\/li>\n\n\n\n<li>L\u00e5gt j\u00e4rn, zink eller D-vitamin<\/li>\n\n\n\n<li>Mycket l\u00e5gkaloridieter eller restriktiva \u00e4tm\u00f6nster<\/li>\n<\/ul>\n\n\n\n<h3 id=\"medications-and-medical-treatments\" class=\"wp-block-heading\">Mediciner och medicinska behandlingar<\/h3>\n\n\n\n<p class=\"wp-block-paragraph\">Vissa l\u00e4kemedel och behandlingar kan utl\u00f6sa uts\u00f6ndring som en bieffekt. Om tidpunkten st\u00e4mmer \u00f6verens med ett nytt recept, sluta inte medicinera p\u00e5 egen hand \u2013 fr\u00e5ga din l\u00e4kare om alternativ.<\/p>\n\n\n\n<ul class=\"wp-block-list\">\n<li>Kemoterapi och vissa cancerbehandlingar<\/li>\n\n\n\n<li>Vissa antidepressiva medel<\/li>\n\n\n\n<li>Hormonella terapier eller f\u00f6r\u00e4ndringar i preventivmedel<\/li>\n<\/ul>\n\n\n\n<h3 id=\"hair-removal-friction-and-mechanical-damage\" class=\"wp-block-heading\">H\u00e5rborttagning, friktion och mekanisk skada<\/h3>\n\n\n\n<p class=\"wp-block-paragraph\">Frekvent rakning, vaxning eller aggressiv exfoliering kan irritera huden och inflammera folliklarna. Tighta kl\u00e4der och upprepad friktion kan ocks\u00e5 bidra. Om irritationen \u00e4r kronisk kan folliklarna k\u00e4mpa f\u00f6r att producera starkt h\u00e5r.<\/p>\n\n\n\n<h2 id=\"symptoms-that-matter\" class=\"wp-block-heading\">Symtom som spelar roll<\/h2>\n\n\n\n<p class=\"wp-block-paragraph\">K\u00f6nsh\u00e5ravfall \u00e4r inte alltid en frist\u00e5ende fr\u00e5ga. Dessa tecken kan peka p\u00e5 ett underliggande tillst\u00e5nd som beh\u00f6ver behandling:<\/p>\n\n\n\n<ul class=\"wp-block-list\">\n<li>Kl\u00e5da, sveda eller ih\u00e5llande rodnad<\/li>\n\n\n\n<li>Sm\u00e4rtsamma kn\u00f6lar, pus eller skorpa runt folliklar<\/li>\n\n\n\n<li>Fj\u00e4llande fl\u00e4ckar, f\u00f6rtjockad hud eller bl\u00f6dning med repor<\/li>\n\n\n\n<li>Fl\u00e4ckiga kala fl\u00e4ckar eller pl\u00f6tslig, snabb avfall<\/li>\n\n\n\n<li>S\u00e5r, bl\u00e5sor eller ovanliga flytningar<\/li>\n<\/ul>\n\n\n\n<figure class=\"wp-block-image\"><img decoding=\"async\" src=\"https:\/\/haircenterofturkey.com\/wp-content\/uploads\/2025\/03\/pubic-hair-loss-2.webp\" alt=\"What Causes Pubic Hair Loss\" title=\"\"><\/figure>\n\n\n\n<h2 id=\"how-pubic-hair-loss-is-diagnosed\" class=\"wp-block-heading\">Hur k\u00f6nsh\u00e5ravfall diagnostiseras<\/h2>\n\n\n\n<p class=\"wp-block-paragraph\">En l\u00e4kare kan fr\u00e5ga om din tidslinje, h\u00e5rborttagningsvanor, stressfaktorer, mediciner och nyligen intr\u00e4ffad sjukdom. En hudunders\u00f6kning kan avsl\u00f6ja inflammation, infektion eller \u00e4rrbildning. Beroende p\u00e5 fynden kan de rekommendera blodprover f\u00f6r att kontrollera sk\u00f6ldk\u00f6rtelfunktion och n\u00e4ringsniv\u00e5er, eller ta ett litet hudprov f\u00f6r bekr\u00e4ftelse i komplexa fall.<\/p>\n\n\n\n<figure class=\"wp-block-image\"><img decoding=\"async\" src=\"https:\/\/haircenterofturkey.com\/wp-content\/uploads\/2025\/03\/pubic-hair-loss-3.webp\" alt=\"What Causes Pubic Hair Loss\" title=\"\"><\/figure>\n\n\n\n<h2 id=\"solutions-and-treatment-options\" class=\"wp-block-heading\">L\u00f6sningar och behandlingsalternativ<\/h2>\n\n\n\n<h3 id=\"treat-the-root-cause\" class=\"wp-block-heading\">Behandla grundorsaken<\/h3>\n\n\n\n<p class=\"wp-block-paragraph\">Det mest effektiva tillv\u00e4gag\u00e5ngss\u00e4ttet beror p\u00e5 vad som driver h\u00e5ravfallet.<\/p>\n\n\n\n<ul class=\"wp-block-list\">\n<li>F\u00f6r infektioner: riktad svampd\u00f6dande eller antibakteriell behandling<\/li>\n\n\n\n<li>F\u00f6r dermatit eller eksem: ta bort triggers och anv\u00e4nda l\u00e4mplig topikal terapi<\/li>\n\n\n\n<li>F\u00f6r hormonrelaterad uts\u00f6ndring: medicinsk utv\u00e4rdering och behandlingsalternativ anpassade till din situation<\/li>\n\n\n\n<li>F\u00f6r autoimmuna orsaker: en hudl\u00e4kare kan diskutera evidensbaserade terapier<\/li>\n<\/ul>\n\n\n\n<figure class=\"wp-block-image\"><img decoding=\"async\" src=\"https:\/\/haircenterofturkey.com\/wp-content\/uploads\/2025\/03\/pubic-hair-loss-4.webp\" alt=\"What Causes Pubic Hair Loss\" title=\"\"><\/figure>\n\n\n\n<h3 id=\"support-healthy-regrowth\" class=\"wp-block-heading\">St\u00f6d h\u00e4lsosam \u00e5terv\u00e4xt<\/h3>\n\n\n\n<p class=\"wp-block-paragraph\">N\u00e4r orsaken \u00e4r \u00e5tg\u00e4rdad kan \u00e5terv\u00e4xten ta tid eftersom folliklarna cirkulerar l\u00e5ngsamt. Skonsam v\u00e5rd hj\u00e4lper till att skydda omr\u00e5det medan det \u00e5terh\u00e4mtar sig.<\/p>\n\n\n\n<ul class=\"wp-block-list\">\n<li>Anv\u00e4nd milda, parfymfria reng\u00f6ringsmedel och undvik h\u00e5rda skrubbar<\/li>\n\n\n\n<li>Pausa vaxning och minska n\u00e4ra rakning om irritation finns<\/li>\n\n\n\n<li>V\u00e4lj underkl\u00e4der som andas och undvik \u00e5tsittande kl\u00e4der under blossningar<\/li>\n\n\n\n<li>Prioritera proteinintaget och korrigera bevisade brister under medicinsk ledning<\/li>\n<\/ul>\n\n\n\n<figure class=\"wp-block-image\"><img decoding=\"async\" src=\"https:\/\/haircenterofturkey.com\/wp-content\/uploads\/2025\/03\/pubic-hair-loss-5.webp\" alt=\"What Causes Pubic Hair Loss\" title=\"\"><\/figure>\n\n\n\n<h3 id=\"when-hair-may-not-fully-return\" class=\"wp-block-heading\">N\u00e4r h\u00e5ret kanske inte kommer tillbaka helt<\/h3>\n\n\n\n<p class=\"wp-block-paragraph\">Om det finns \u00e4rrbildning, upprepad djup infektion eller l\u00e5ngvarig inflammatorisk sjukdom kan folliklarna skadas permanent. Tidig bed\u00f6mning hj\u00e4lper till att minska den risken.<\/p>\n\n\n\n<figure class=\"wp-block-image\"><img decoding=\"async\" src=\"https:\/\/haircenterofturkey.com\/wp-content\/uploads\/2025\/03\/pubic-hair-loss-6.webp\" alt=\"What Causes Pubic Hair Loss\" title=\"\"><\/figure>\n\n\n\n<h2 id=\"when-to-seek-medical-advice\" class=\"wp-block-heading\">N\u00e4r ska man s\u00f6ka medicinsk r\u00e5dgivning<\/h2>\n\n\n\n<p class=\"wp-block-paragraph\">Ordna medicinsk utv\u00e4rdering om k\u00f6nsh\u00e5ravfall \u00e4r pl\u00f6tsligt, fl\u00e4ckigt eller f\u00f6rv\u00e4rrat, eller om du m\u00e4rker hudf\u00f6r\u00e4ndringar. S\u00f6k akut v\u00e5rd om du har sv\u00e5r sm\u00e4rta, spridande rodnad, feber eller snabbt f\u00f6rstorande s\u00e5r.<\/p>\n\n\n\n<div class=\"wp-block-group\"><div class=\"wp-block-group__inner-container is-layout-flow wp-block-group-is-layout-flow\">\n<h2 id=\"is-pubic-hair-loss-normal-with-age\" class=\"wp-block-heading\">\u00c4r k\u00f6nsh\u00e5ravfall normalt med \u00e5ldern?<\/h2>\n\n\n\n<p class=\"wp-block-paragraph\">Viss uttunning av k\u00f6nsh\u00e5r \u00e4r en normal del av att bli \u00e4ldre. Hormonniv\u00e5erna sjunker efter klimakteriet hos kvinnor och sjunker gradvis med \u00e5ldern hos m\u00e4n, vilket kan l\u00e4mna k\u00f6nsh\u00e5r glesare och finare. Pl\u00f6tslig eller oj\u00e4mn f\u00f6rlust \u00e4r dock inte en normal \u00e5ldersf\u00f6r\u00e4ndring och b\u00f6r kontrolleras av en l\u00e4kare.<\/p>\n\n\n\n<h2 id=\"can-stress-cause-pubic-hair-loss\" class=\"wp-block-heading\">Kan stress orsaka k\u00f6nsh\u00e5ravfall?<\/h2>\n\n\n\n<p class=\"wp-block-paragraph\">Ja. Intensiv eller l\u00e5ngvarig stress kan skjuta fler h\u00e5rstr\u00e5n \u00e4n vanligt in i h\u00e5ravfallsfasen &#8211; ett tillst\u00e5nd som kallas telogen effluvium. Det brukar dyka upp i h\u00e5rbotten f\u00f6rst, men det kan ocks\u00e5 n\u00e5 k\u00f6nsh\u00e5r och andra kroppsh\u00e5r. Avfallet \u00e4r normalt tillf\u00e4lligt och v\u00e4nder n\u00e4r stressen l\u00e4ttar.<\/p>\n\n\n\n<h2 id=\"when-is-pubic-hair-loss-a-sign-of-an-sti\" class=\"wp-block-heading\">N\u00e4r \u00e4r k\u00f6nsh\u00e5ravfall ett tecken p\u00e5 en STI?<\/h2>\n\n\n\n<p class=\"wp-block-paragraph\">K\u00f6nsh\u00e5ravfall kopplat till en STI kommer vanligtvis med andra tecken: kl\u00e5da, s\u00e5r, utslag eller synliga parasiter som blygdl\u00f6ss. L\u00f6ss och vissa infektioner kan f\u00e5 h\u00e5r att falla av runt den drabbade huden. Om h\u00e5ravfall upptr\u00e4der tillsammans med n\u00e5got av dessa symtom, testa dig av en l\u00e4kare ist\u00e4llet f\u00f6r att v\u00e4nta ut det.<\/p>\n<\/div><\/div>\n\n\n\n<div class=\"wp-block-group medical-disclaimer\"><div class=\"wp-block-group__inner-container is-layout-flow wp-block-group-is-layout-flow\">\n<h2 id=\"medical-disclaimer\" class=\"wp-block-heading\">Medicinsk ansvarsfriskrivning<\/h2>\n\n\n\n<p class=\"wp-block-paragraph\">Den h\u00e4r sidan \u00e4r endast avsedd f\u00f6r allm\u00e4n information och \u00e4r inte en ers\u00e4ttning f\u00f6r en personlig unders\u00f6kning eller personlig medicinsk r\u00e5dgivning. Om ditt k\u00f6nsh\u00e5ravfall kommer pl\u00f6tsligt, ser fl\u00e4ckigt ut eller \u00e4r sm\u00e4rtsamt &#8211; eller om det inte f\u00f6rb\u00e4ttras &#8211; kontakta en kvalificerad l\u00e4kare eller kontakta Hair Center of Turkey f\u00f6r en utv\u00e4rdering.<\/p>\n<\/div><\/div>\n\n\n\n<h2 id=\"frequently-asked-questions\" class=\"wp-block-heading\">Vanliga fr\u00e5gor<\/h2>\n\n\n","protected":false},"excerpt":{"rendered":"<p>H\u00e5rcenter i Turkiet har fokuserat p\u00e5 h\u00e5rrestaurering sedan 2014, med ett team p\u00e5 tre l\u00e4kare som tillsammans utf\u00f6r mer \u00e4n 3 000 ingrepp om \u00e5ret. Den erfarenheten formar hur vi l\u00e4ser k\u00f6nsh\u00e5ravfall: vi arbetar f\u00f6r att fastst\u00e4lla den exakta orsaken &#8211; hormonell, dermatologisk, n\u00e4ringsm\u00e4ssig eller autoimmun &#8211; innan vi f\u00f6resl\u00e5r n\u00e5gon behandling, eftersom var och [&hellip;]<\/p>\n","protected":false},"author":2,"featured_media":681,"comment_status":"closed","ping_status":"closed","sticky":false,"template":"","format":"standard","meta":{"footnotes":"","rank_math_title":"","rank_math_description":"K\u00f6nsh\u00e5ravfall kan orsakas av \u00e5ldrande, hormonella f\u00f6r\u00e4ndringar, infektioner eller vissa hud\u00e5kommor. Klicka f\u00f6r information.","rank_math_focus_keyword":"","rank_math_canonical_url":"","rank_math_breadcrumb_title":"","rank_math_facebook_title":"","rank_math_facebook_description":"","rank_math_facebook_image":"","rank_math_twitter_title":"","rank_math_twitter_description":"","rank_math_twitter_image":"","rank_math_pillar_content":""},"categories":[1006],"tags":[],"class_list":["post-55882","post","type-post","status-publish","format-standard","has-post-thumbnail","hentry","category-blog"],"_links":{"self":[{"href":"https:\/\/haircenterofturkey.com\/sv\/wp-json\/wp\/v2\/posts\/55882","targetHints":{"allow":["GET"]}}],"collection":[{"href":"https:\/\/haircenterofturkey.com\/sv\/wp-json\/wp\/v2\/posts"}],"about":[{"href":"https:\/\/haircenterofturkey.com\/sv\/wp-json\/wp\/v2\/types\/post"}],"author":[{"embeddable":true,"href":"https:\/\/haircenterofturkey.com\/sv\/wp-json\/wp\/v2\/users\/2"}],"replies":[{"embeddable":true,"href":"https:\/\/haircenterofturkey.com\/sv\/wp-json\/wp\/v2\/comments?post=55882"}],"version-history":[{"count":1,"href":"https:\/\/haircenterofturkey.com\/sv\/wp-json\/wp\/v2\/posts\/55882\/revisions"}],"predecessor-version":[{"id":55884,"href":"https:\/\/haircenterofturkey.com\/sv\/wp-json\/wp\/v2\/posts\/55882\/revisions\/55884"}],"wp:featuredmedia":[{"embeddable":true,"href":"https:\/\/haircenterofturkey.com\/sv\/wp-json\/wp\/v2\/media\/681"}],"wp:attachment":[{"href":"https:\/\/haircenterofturkey.com\/sv\/wp-json\/wp\/v2\/media?parent=55882"}],"wp:term":[{"taxonomy":"category","embeddable":true,"href":"https:\/\/haircenterofturkey.com\/sv\/wp-json\/wp\/v2\/categories?post=55882"},{"taxonomy":"post_tag","embeddable":true,"href":"https:\/\/haircenterofturkey.com\/sv\/wp-json\/wp\/v2\/tags?post=55882"}],"curies":[{"name":"wp","href":"https:\/\/api.w.org\/{rel}","templated":true}]}}