{"id":55860,"date":"2025-03-08T07:05:14","date_gmt":"2025-03-08T04:05:14","guid":{"rendered":"https:\/\/haircenterofturkey.com\/?p=55860"},"modified":"2026-09-01T16:38:39","modified_gmt":"2026-09-01T13:38:39","slug":"vad-ar-en-widows-peak-hairline-genetik-prevalens-och-estetiska-insikter","status":"publish","type":"post","link":"https:\/\/haircenterofturkey.com\/sv\/vad-ar-en-widows-peak-hairline-genetik-prevalens-och-estetiska-insikter\/","title":{"rendered":"Vad \u00e4r en Widow&#8217;s Peak Hairline? Genetik, prevalens och estetiska insikter"},"content":{"rendered":"\n<div class=\"wp-block-group widows-peak-tldr\"><div class=\"wp-block-group__inner-container is-layout-flow wp-block-group-is-layout-flow\">\n\n<h2 class=\"wp-block-heading\">Snabb sammanfattning: Widow&#8217;s Peak Hairline<\/h2>\n\n\n\n<ul class=\"wp-block-list\">\n\n<li>En \u00e4nkans topp \u00e4r en genetisk V-formad punkt i mitten av h\u00e5rf\u00e4stet, inte ett medicinskt tillst\u00e5nd.<\/li>\n\n\n<li>Det \u00e4rvs (dominant allel) och f\u00f6rekommer hos b\u00e5de m\u00e4n och kvinnor fr\u00e5n f\u00f6dseln.<\/li>\n\n\n<li>P\u00e5 egen hand orsakar det inte h\u00e5ravfall &#8211; men recession vid tinningarna kan f\u00e5 det att se mer uttalat ut.<\/li>\n\n\n<li>Behandling \u00e4r valfri; de flesta tittar f\u00f6rst p\u00e5 alternativen n\u00e4r h\u00e5rf\u00e4stet b\u00f6rjar tunnas ut eller avta.<\/li>\n\n\n<li>Hair Center of Turkey utv\u00e4rderar h\u00e5rf\u00e4stes form vid sidan av eventuell l\u00e5gkonjunktur f\u00f6r att planera en naturligt utseende transplantation vid behov.<\/li>\n\n<\/ul>\n\n<\/div><\/div>\n\n\n\n<h2 class=\"wp-block-heading\" id=\"what-is-a-widows-peak-hairline\">Vad \u00e4r A Widow&#8217;s Peak Hairline?<\/h2>\n\n\n\n<p class=\"wp-block-paragraph\"><strong data-start=\"456\" data-end=\"554\">En \u00e4nkas topph\u00e5rf\u00e4ste \u00e4r en naturligt f\u00f6rekommande V-formad punkt i mitten av pannan.<\/strong><br data-start=\"554\" data-end=\"557\">Det \u00e4r en genetisk egenskap som ses hos b\u00e5de m\u00e4n och kvinnor och \u00e4r inte i sig ett tecken p\u00e5 h\u00e5ravfall eller h\u00e5ravfall.<\/p>\n\n\n\n<div class=\"wp-block-rank-math-toc-block\" id=\"rank-math-toc\"><h2>Table of Contents<\/h2><nav><ul><li><a href=\"#what-is-a-widows-peak-hairline\">Vad \u00e4r A Widow&#8217;s Peak Hairline?<\/a><\/li><li><a href=\"#what-defines-a-widows-peak\">Vad definierar A Widow&#8217;s Peak?<\/a><\/li><li><a href=\"#is-a-widows-peak-common\">\u00c4r A Widow&#8217;s Peak vanligt?<\/a><\/li><li><a href=\"#does-a-widows-peak-mean-hair-loss\">Betyder A Widow&#8217;s Peak h\u00e5ravfall?<\/a><\/li><li><a href=\"#can-a-widows-peak-change-over-time\">Kan en \u00e4nkans topp f\u00f6r\u00e4ndras \u00f6ver tiden?<\/a><\/li><li><a href=\"#are-there-treatments-for-a-widows-peak\">Finns det behandlingar f\u00f6r A Widow&#8217;s Peak?<\/a><\/li><li><a href=\"#how-does-a-widows-peak-affect-appearance\">Hur p\u00e5verkar en \u00e4nkas topp utseendet?<\/a><\/li><li><a href=\"#why-do-some-people-want-to-change-their-widows-peak\">Varf\u00f6r vill vissa m\u00e4nniskor \u00e4ndra sin \u00e4nkans topp?<\/a><\/li><li><a href=\"#can-you-prevent-a-widows-peak\">Kan du f\u00f6rhindra en \u00e4nkans topp?<\/a><\/li><li><a href=\"#widows-peak-and-baldness-is-there-a-connection\">Widow&#8217;s Peak And Baldness: Finns det ett samband?<\/a><\/li><li><a href=\"#frequently-asked-questions\">Vanliga fr\u00e5gor<\/a><\/li><\/ul><\/nav><\/div>\n\n\n\n<h2 class=\"wp-block-heading\" id=\"what-defines-a-widows-peak\">Vad definierar A Widow&#8217;s Peak?<\/h2>\n\n\n\n<p class=\"wp-block-paragraph\">En \u00e4nkas topp identifieras av en distinkt dopp i mitten av h\u00e5rf\u00e4stet som stiger mot tinningarna och bildar en V-form. Formen kan vara skarp och uttalad eller mjuk och subtil, beroende p\u00e5 genetiska faktorer.<\/p>\n\n\n\n<p class=\"wp-block-paragraph\">Vissa m\u00e4nniskor f\u00f6ds med en \u00e4nkans topp, medan andra m\u00e4rker det tydligare n\u00e4r ansiktsdrag och h\u00e5rm\u00f6nster mognar med tiden.<\/p>\n\n\n\n<figure class=\"wp-block-image\"><img decoding=\"async\" src=\"https:\/\/haircenterofturkey.com\/wp-content\/uploads\/2025\/03\/Widows-Peak-Hairline-1.webp\" [What is  Peak Prevalence Aesthetic alt=\"\" title=\"\"><\/figure>\n\n\n\n<p class=\"wp-block-paragraph\"><\/p>\n\n\n\n<h2 class=\"wp-block-heading\" id=\"is-a-widows-peak-common\">\u00c4r A Widow&#8217;s Peak vanligt?<\/h2>\n\n\n\n<p class=\"wp-block-paragraph\">Ja. \u00c4nkans topph\u00e5rlinjer \u00e4r relativt vanliga i olika populationer. De f\u00f6rekommer hos b\u00e5de m\u00e4n och kvinnor och kan finnas i alla \u00e5ldrar.<\/p>\n\n\n\n<p class=\"wp-block-paragraph\">Dess synlighet blir ofta mer m\u00e4rkbar med \u00e5ldern, f\u00f6r\u00e4ndringar i styling eller f\u00f6r\u00e4ndringar i h\u00e5rt\u00e4thet, men h\u00e5rf\u00e4stet i sig \u00e4r \u00e4rvt.<\/p>\n\n\n\n<h2 class=\"wp-block-heading\" id=\"does-a-widows-peak-mean-hair-loss\">Betyder A Widow&#8217;s Peak h\u00e5ravfall?<\/h2>\n\n\n\n<p class=\"wp-block-paragraph\">Nej. En \u00e4nkas h\u00f6jdpunkt g\u00f6r det <strong data-start=\"1432\" data-end=\"1439\">inte<\/strong> orsaka h\u00e5ravfall och \u00e4r inte ett medicinskt tillst\u00e5nd.<\/p>\n\n\n\n<p class=\"wp-block-paragraph\">Men personer med en \u00e4nkas topp kan fortfarande uppleva h\u00e5ravfall p\u00e5 grund av orelaterade faktorer som genetik, \u00e5ldrande, hormonella f\u00f6r\u00e4ndringar eller androgen alopeci. I dessa fall f\u00f6rblir \u00e4nkans topp helt enkelt en del av h\u00e5rf\u00e4stet medan uttunning eller l\u00e5gkonjunktur intr\u00e4ffar n\u00e5gon annanstans.<\/p>\n\n\n\n<figure class=\"wp-block-image\"><img decoding=\"async\" src=\"https:\/\/haircenterofturkey.com\/wp-content\/uploads\/2025\/03\/Widows-Peak-Hairline-2.webp\" [What is  Peak Prevalence Aesthetic alt=\"\" title=\"\"><\/figure>\n\n\n\n<p class=\"wp-block-paragraph\"><\/p>\n\n\n\n<h2 class=\"wp-block-heading\" id=\"can-a-widows-peak-change-over-time\">Kan en \u00e4nkans topp f\u00f6r\u00e4ndras \u00f6ver tiden?<\/h2>\n\n\n\n<p class=\"wp-block-paragraph\">Den grundl\u00e4ggande formen p\u00e5 en \u00e4nkas topp \u00e4r genetisk och permanent. Som sagt, dess utseende kan f\u00f6r\u00e4ndras om h\u00e5rt\u00e4theten minskar eller recession utvecklas vid tinningarna.<\/p>\n\n\n\n<p class=\"wp-block-paragraph\">H\u00e5ravfall kan f\u00e5 toppen att verka mer framtr\u00e4dande, men \u00e4nkans topp i sig \u00e4r inte orsaken till l\u00e5gkonjunkturen.<\/p>\n\n\n\n<h2 class=\"wp-block-heading\" id=\"are-there-treatments-for-a-widows-peak\">Finns det behandlingar f\u00f6r A Widow&#8217;s Peak?<\/h2>\n\n\n\n<p class=\"wp-block-paragraph\">En \u00e4nkans topp kr\u00e4ver ingen behandling. Kosmetiska f\u00f6r\u00e4ndringar \u00e4r helt valfria och baserade p\u00e5 personliga preferenser.<\/p>\n\n\n\n<p class=\"wp-block-paragraph\">Alternativ som vissa m\u00e4nniskor \u00f6verv\u00e4ger inkluderar:<\/p>\n\n\n\n<ul class=\"wp-block-list\">\n<li><br><p data-start=\"2291\" data-end=\"2363\"><strong data-start=\"2291\" data-end=\"2321\">H\u00e5rtransplantationsprocedurer<\/strong>, som kan mjuka upp eller omforma h\u00e5rf\u00e4stet<\/p><br><\/li>\n\n\n\n<li><br><p data-start=\"2366\" data-end=\"2454\"><strong data-start=\"2366\" data-end=\"2393\">Mikropigmentering av h\u00e5rbotten<\/strong>, vilket skapar en illusion av en fylligare, rakare h\u00e5rf\u00e4ste<\/p><br><\/li>\n\n\n\n<li><br><p data-start=\"2457\" data-end=\"2549\"><strong data-start=\"2457\" data-end=\"2479\">Stylingtekniker<\/strong>, till exempel lagersnitt eller fransstilar, f\u00f6r att balansera ansiktsproportioner<\/p><br><\/li>\n<\/ul>\n\n\n\n<p class=\"wp-block-paragraph\">Alla medicinska eller kosmetiska ingrepp b\u00f6r v\u00e4gledas av en kvalificerad specialist.<\/p>\n\n\n\n<figure class=\"wp-block-image\"><img decoding=\"async\" src=\"https:\/\/haircenterofturkey.com\/wp-content\/uploads\/2025\/03\/Widows-Peak-Hairline-3.webp\" [What is  Peak Prevalence Aesthetic alt=\"\" title=\"\"><\/figure>\n\n\n\n<p class=\"wp-block-paragraph\"><\/p>\n\n\n\n<h2 class=\"wp-block-heading\" id=\"how-does-a-widows-peak-affect-appearance\">Hur p\u00e5verkar en \u00e4nkas topp utseendet?<\/h2>\n\n\n\n<p class=\"wp-block-paragraph\">En \u00e4nkas h\u00f6jdpunkt kan p\u00e5verka ansiktsbalansen p\u00e5 olika s\u00e4tt. F\u00f6r vissa ger det karakt\u00e4r och drar uppm\u00e4rksamheten till \u00f6gonen. F\u00f6r andra kan det accentuera pannan eller k\u00e4nnas asymmetrisk.<\/p>\n\n\n\n<p class=\"wp-block-paragraph\">Personlig uppfattning spelar en stor roll, varf\u00f6r styling och kosmetiska beslut varierar mycket mellan individer.<\/p>\n\n\n\n<figure class=\"wp-block-image\"><img decoding=\"async\" src=\"https:\/\/haircenterofturkey.com\/wp-content\/uploads\/2025\/03\/Widows-Peak-Hairline-4.webp\" [What is  Peak Prevalence Aesthetic alt=\"\" title=\"\"><\/figure>\n\n\n\n<p class=\"wp-block-paragraph\"><\/p>\n\n\n\n<h2 class=\"wp-block-heading\" id=\"why-do-some-people-want-to-change-their-widows-peak\">Varf\u00f6r vill vissa m\u00e4nniskor \u00e4ndra sin \u00e4nkans topp?<\/h2>\n\n\n\n<p class=\"wp-block-paragraph\">Sk\u00e4len varierar och inkluderar ofta estetiska preferenser, ansiktssymmetri eller sj\u00e4lvf\u00f6rtroende. Vissa m\u00e4nniskor f\u00f6redrar en rakare h\u00e5rf\u00e4ste, medan andra omfamnar det unika med en \u00e4nkas topp.<\/p>\n\n\n\n<p class=\"wp-block-paragraph\">Modern h\u00e5rrestaurering och kosmetiska alternativ till\u00e5ter individer att v\u00e4lja det som b\u00e4st passar deras sj\u00e4lvbild.<\/p>\n\n\n\n<h2 class=\"wp-block-heading\" id=\"can-you-prevent-a-widows-peak\">Kan du f\u00f6rhindra en \u00e4nkans topp?<\/h2>\n\n\n\n<p class=\"wp-block-paragraph\">Nej. Eftersom en \u00e4nkas topp \u00e4r genetiskt betingad kan den inte f\u00f6rhindras.<\/p>\n\n\n\n<p class=\"wp-block-paragraph\">Att bibeh\u00e5lla h\u00e5rets \u00f6vergripande h\u00e4lsa genom skonsam v\u00e5rd, r\u00e4tt n\u00e4ring och undvika dragkraft eller kemiska skador kan hj\u00e4lpa till att f\u00f6rhindra uttunning som kan \u00f6verdriva h\u00e5rf\u00e4stets utseende med tiden.<\/p>\n\n\n\n<figure class=\"wp-block-image\"><img decoding=\"async\" src=\"https:\/\/haircenterofturkey.com\/wp-content\/uploads\/2025\/03\/Widows-Peak-Hairline-5.webp\" [What is  Peak Prevalence Aesthetic alt=\"\" title=\"\"><\/figure>\n\n\n\n<p class=\"wp-block-paragraph\"><\/p>\n\n\n\n<h2 class=\"wp-block-heading\" id=\"widows-peak-and-baldness-is-there-a-connection\">Widow&#8217;s Peak And Baldness: Finns det ett samband?<\/h2>\n\n\n\n<p class=\"wp-block-paragraph\">En \u00e4nkas h\u00f6jdpunkt orsakar inte skallighet. Medan vissa individer med detta h\u00e5rf\u00e4ste senare kan utveckla manligt eller kvinnligt h\u00e5ravfall, \u00e4r de tv\u00e5 inte direkt kopplade.<\/p>\n\n\n\n<p class=\"wp-block-paragraph\">N\u00e4rvaron av en \u00e4nkans topp f\u00f6ruts\u00e4ger inte om n\u00e5gon kommer att bli skallig.<\/p>\n\n\n\n<h2 class=\"wp-block-heading\" id=\"frequently-asked-questions\">Vanliga fr\u00e5gor<\/h2>\n\n\n<div id=\"rank-math-faq\" class=\"rank-math-block\">\n<div class=\"rank-math-list \">\n<div id=\"faq-question-1771484022734\" class=\"rank-math-list-item\">\n<h3 class=\"rank-math-question \">Vilken genotyp kan en person med \u00e4nkans topp ha?<\/h3>\n<div class=\"rank-math-answer \">\n\n<p>WW eller WW, vilket betyder minst en dominant widow&#8217;s-peak-allel.<\/p>\n\n<\/div>\n<\/div>\n<div id=\"faq-question-1771484023495\" class=\"rank-math-list-item\">\n<h3 class=\"rank-math-question \">Vilken ansiktsform har en \u00e4nkans topp?<\/h3>\n<div class=\"rank-math-answer \">\n\n<p>Vilken ansiktsform som helst kan ha en \u00e4nkans topp; det \u00e4r inte kopplat till en form.<\/p>\n\n<\/div>\n<\/div>\n<div id=\"faq-question-1771484024119\" class=\"rank-math-list-item\">\n<h3 class=\"rank-math-question \">Vilken \u00e5lder upptr\u00e4der vanligtvis en \u00e4nkans topp?<\/h3>\n<div class=\"rank-math-answer \">\n\n<p>Fr\u00e5n f\u00f6dseln; det kan bli mer m\u00e4rkbart i barndomen eller ton\u00e5ren.<\/p>\n\n<\/div>\n<\/div>\n<div id=\"faq-question-1771484026161\" class=\"rank-math-list-item\">\n<h3 class=\"rank-math-question \">Vilket \u00e4r det mest attraktiva h\u00e5rf\u00e4stet?<\/h3>\n<div class=\"rank-math-answer \">\n\n<p>En naturlig, symmetrisk h\u00e5rf\u00e4ste som passar ansiktet \u00e4r oftast att f\u00f6redra.<\/p>\n\n<\/div>\n<\/div>\n<div id=\"faq-question-1771484026744\" class=\"rank-math-list-item\">\n<h3 class=\"rank-math-question \">\u00c4r det sant med mammans pappas h\u00e5r?<\/h3>\n<div class=\"rank-math-answer \">\n\n<p>Dels: risken f\u00f6r h\u00e5ravfall \u00e4r polygen; morfar kan p\u00e5verka det, men inte best\u00e4mma det.<\/p>\n\n<\/div>\n<\/div>\n<\/div>\n<\/div>","protected":false},"excerpt":{"rendered":"<p>Snabb sammanfattning: Widow&#8217;s Peak Hairline Vad \u00e4r A Widow&#8217;s Peak Hairline? En \u00e4nkas topph\u00e5rf\u00e4ste \u00e4r en naturligt f\u00f6rekommande V-formad punkt i mitten av pannan.Det \u00e4r en genetisk egenskap som ses hos b\u00e5de m\u00e4n och kvinnor och \u00e4r inte i sig ett tecken p\u00e5 h\u00e5ravfall eller h\u00e5ravfall. Vad definierar A Widow&#8217;s Peak? En \u00e4nkas topp identifieras [&hellip;]<\/p>\n","protected":false},"author":2,"featured_media":690,"comment_status":"closed","ping_status":"closed","sticky":false,"template":"","format":"standard","meta":{"footnotes":"","rank_math_title":"","rank_math_description":"En \u00e4nkas topph\u00e5rf\u00e4ste \u00e4r en naturlig h\u00e5rf\u00e4ste som bildar en distinkt V-punkt i mitten av pannan. Klicka f\u00f6r information.","rank_math_focus_keyword":"","rank_math_canonical_url":"","rank_math_breadcrumb_title":"","rank_math_facebook_title":"","rank_math_facebook_description":"","rank_math_facebook_image":"","rank_math_twitter_title":"","rank_math_twitter_description":"","rank_math_twitter_image":"","rank_math_pillar_content":""},"categories":[1006,1013],"tags":[],"class_list":["post-55860","post","type-post","status-publish","format-standard","has-post-thumbnail","hentry","category-blog","category-haravfall"],"_links":{"self":[{"href":"https:\/\/haircenterofturkey.com\/sv\/wp-json\/wp\/v2\/posts\/55860","targetHints":{"allow":["GET"]}}],"collection":[{"href":"https:\/\/haircenterofturkey.com\/sv\/wp-json\/wp\/v2\/posts"}],"about":[{"href":"https:\/\/haircenterofturkey.com\/sv\/wp-json\/wp\/v2\/types\/post"}],"author":[{"embeddable":true,"href":"https:\/\/haircenterofturkey.com\/sv\/wp-json\/wp\/v2\/users\/2"}],"replies":[{"embeddable":true,"href":"https:\/\/haircenterofturkey.com\/sv\/wp-json\/wp\/v2\/comments?post=55860"}],"version-history":[{"count":1,"href":"https:\/\/haircenterofturkey.com\/sv\/wp-json\/wp\/v2\/posts\/55860\/revisions"}],"predecessor-version":[{"id":61636,"href":"https:\/\/haircenterofturkey.com\/sv\/wp-json\/wp\/v2\/posts\/55860\/revisions\/61636"}],"wp:featuredmedia":[{"embeddable":true,"href":"https:\/\/haircenterofturkey.com\/sv\/wp-json\/wp\/v2\/media\/690"}],"wp:attachment":[{"href":"https:\/\/haircenterofturkey.com\/sv\/wp-json\/wp\/v2\/media?parent=55860"}],"wp:term":[{"taxonomy":"category","embeddable":true,"href":"https:\/\/haircenterofturkey.com\/sv\/wp-json\/wp\/v2\/categories?post=55860"},{"taxonomy":"post_tag","embeddable":true,"href":"https:\/\/haircenterofturkey.com\/sv\/wp-json\/wp\/v2\/tags?post=55860"}],"curies":[{"name":"wp","href":"https:\/\/api.w.org\/{rel}","templated":true}]}}