{"id":55378,"date":"2025-04-29T06:39:25","date_gmt":"2025-04-29T03:39:25","guid":{"rendered":"https:\/\/haircenterofturkey.com\/?p=55378"},"modified":"2026-09-01T16:38:49","modified_gmt":"2026-09-01T13:38:49","slug":"harskoljning-med-appelcidervinager-biverkningar-saker-utspadning-och-rad-om-hartransplantation","status":"publish","type":"post","link":"https:\/\/haircenterofturkey.com\/sv\/harskoljning-med-appelcidervinager-biverkningar-saker-utspadning-och-rad-om-hartransplantation\/","title":{"rendered":"H\u00e5rsk\u00f6ljning med \u00e4ppelcidervin\u00e4ger: biverkningar, s\u00e4ker utsp\u00e4dning och r\u00e5d om h\u00e5rtransplantation"},"content":{"rendered":"\n<div class=\"wp-block-group geo-short-answer\"><div class=\"wp-block-group__inner-container is-layout-flow wp-block-group-is-layout-flow\">\n<p class=\"wp-block-paragraph\">P\u00e5 Hair Center of Turkey f\u00e5r v\u00e5ra h\u00e5rtransplantations- och dermatologispecialister ofta fr\u00e5gan om en h\u00e5rsk\u00f6ljning av \u00e4ppelcidervin\u00e4ger (ACV) \u00e4r s\u00e4ker f\u00f6r h\u00e5rbotten, h\u00e5ret och nytransplanterade transplantat. Det korta svaret \u00e4r ja &#8211; men bara n\u00e4r det \u00e4r ordentligt utsp\u00e4tt och sparsamt anv\u00e4nds. I de flesta fall kan en blandning av 1\u20132 matskedar \u00e4ppelcidervin\u00e4ger i 1 kopp vatten, applicerad h\u00f6gst en eller tv\u00e5 g\u00e5nger i veckan, hj\u00e4lpa till att minska produktuppbyggnaden, balansera h\u00e5rbottens pH och f\u00f6rb\u00e4ttra h\u00e5rets glans. D\u00e4remot kan \u00f6verdriven eller outsp\u00e4dd anv\u00e4ndning orsaka sveda, kl\u00e5da, torrhet, h\u00e5rbrott, irritation i h\u00e5rbotten och snabbare f\u00e4rgblekning. Enligt Dr Rasime Erkan och det medicinska teamet vid Hair Center of Turkey b\u00f6r patienter undvika ACV-sk\u00f6ljningar helt under den tidiga \u00e5terh\u00e4mtningsperioden efter en h\u00e5rtransplantation och endast \u00e5teruppta anv\u00e4ndningen efter att deras kirurg bekr\u00e4ftat att h\u00e5rbotten har l\u00e4kt.<\/p>\n\n\n\n<h2 class=\"wp-block-heading\">Kort svar: H\u00e5rsk\u00f6ljning av \u00e4ppelcidervin\u00e4ger<\/h2>\n\n\n\n<p class=\"wp-block-paragraph\">En sk\u00f6ljning av utsp\u00e4dd \u00e4ppelcidervin\u00e4ger &#8211; 1 till 2 matskedar i en kopp vatten, som h\u00f6gst anv\u00e4nds en g\u00e5ng i veckan &#8211; \u00e4r i allm\u00e4nhet bra f\u00f6r en frisk h\u00e5rbotten och kan minska produktuppbyggnaden samtidigt som den tillf\u00f6r glans. Problemet b\u00f6rjar n\u00e4r det anv\u00e4nds outsp\u00e4tt eller f\u00f6r ofta.<\/p>\n\n\n\n<ul class=\"wp-block-list\">\n<li>S\u00e4ker utsp\u00e4dning: 1\u20132 matskedar ACV per 1 kopp vatten, inte mer \u00e4n en eller tv\u00e5 g\u00e5nger i veckan.<\/li>\n\n\n\n<li>Biverkningar av \u00f6veranv\u00e4ndning: sveda, kl\u00e5da, torrhet, frizz, brott och blekt h\u00e5rf\u00e4rg.<\/li>\n\n\n\n<li>Vem ska hoppa \u00f6ver det: k\u00e4nslig hud, eksem, psoriasis, \u00f6ppna sk\u00e4rs\u00e5r i h\u00e5rbotten eller en nyligen genomf\u00f6rd h\u00e5rtransplantation &#8211; fr\u00e5ga en l\u00e4kare f\u00f6rst.<\/li>\n\n\n\n<li>Om din h\u00e5rbotten svider eller blir r\u00f6d, sk\u00f6lj genast ur den med vatten och sluta anv\u00e4nda ACV.<\/li>\n<\/ul>\n<\/div><\/div>\n\n\n\n<h2 class=\"wp-block-heading\">Tv\u00e4tta h\u00e5ret med \u00e4ppelcidervin\u00e4ger: biverkningar och s\u00e4ker anv\u00e4ndning<\/h2>\n\n\n\n<figure class=\"wp-block-image\"><img decoding=\"async\" src=\"https:\/\/haircenterofturkey.com\/wp-content\/uploads\/2025\/04\/Washing-Hair-with-Apple-Cider-Vinegar-1.webp\" alt=\"Washing Hair with Apple Cider Vinegar: What Are the Side Effects?\" title=\"\"><\/figure>\n\n\n\n<p class=\"wp-block-paragraph\">\u00c4ppelcidervin\u00e4ger (ACV) kan hj\u00e4lpa till att ta bort ansamlingar och ge glans, men den \u00e4r sur och kan irritera h\u00e5rbotten om den anv\u00e4nds outsp\u00e4dd eller f\u00f6r ofta. Vanliga biverkningar inkluderar sveda, torrhet, frizz och bleknar f\u00e4rg. F\u00f6r s\u00e4krare anv\u00e4ndning, sp\u00e4d 1\u20132 matskedar i 1 kopp vatten, sk\u00f6lj i 1\u20132 minuter och konditionera sedan.<\/p>\n\n\n\n<p class=\"wp-block-paragraph\"><span style=\"font-weight: 400;\">\u00c4ppelcidervin\u00e4ger anv\u00e4nds ofta som en &#8221;klarg\u00f6rande&#8221; h\u00e5rsk\u00f6ljning f\u00f6r mj\u00e4ll, oljighet och matthet. Vissa m\u00e4nniskor \u00e4lskar resultatet, medan andra slutar med irritation eller alltf\u00f6r torrt h\u00e5r. Skillnaden beror vanligtvis p\u00e5 koncentration, frekvens och om din h\u00e5rbotten redan \u00e4r k\u00e4nslig.<\/span><\/p>\n\n\n\n<h2 class=\"wp-block-heading\"><b>Varf\u00f6r m\u00e4nniskor anv\u00e4nder \u00e4ppelcidervin\u00e4ger p\u00e5 h\u00e5ret<\/b><\/h2>\n\n\n\n<p class=\"wp-block-paragraph\"><span style=\"font-weight: 400;\">En ACV-sk\u00f6ljning anv\u00e4nds vanligtvis f\u00f6r att fr\u00e4scha upp h\u00e5rbotten och ta bort produktansamlingar. M\u00e4nniskor anv\u00e4nder det f\u00f6r resultat som:<\/span><\/p>\n\n\n\n<ul class=\"wp-block-list\">\n<li><span style=\"font-weight: 400;\">En renare h\u00e5rbotten efter tunga stylingprodukter<\/span><\/li>\n\n\n\n<li><span style=\"font-weight: 400;\">Mindre synlig fj\u00e4llning f\u00f6r vissa mj\u00e4llben\u00e4gna h\u00e5rbotten<\/span><\/li>\n\n\n\n<li><span style=\"font-weight: 400;\">Smidigare h\u00e5r och mer glans<\/span><\/li>\n\n\n\n<li><span style=\"font-weight: 400;\">L\u00e4ttare att trassla ur efter tv\u00e4tt<\/span><\/li>\n<\/ul>\n\n\n\n<p class=\"wp-block-paragraph\"><span style=\"font-weight: 400;\">Resultaten varierar beroende p\u00e5 h\u00e5rtyp, och ACV \u00e4r inte ett m\u00e5ste f\u00f6r friskt h\u00e5r. Om du provar det spelar tekniken roll.<\/span><\/p>\n\n\n\n<h2 class=\"wp-block-heading\"><b>M\u00f6jliga biverkningar av h\u00e5rsk\u00f6ljning av \u00e4ppelcidervin\u00e4ger<\/b><\/h2>\n\n\n\n<h3 class=\"wp-block-heading\"><b>Irritation och kl\u00e5da i h\u00e5rbotten<\/b><\/h3>\n\n\n\n<p class=\"wp-block-paragraph\"><span style=\"font-weight: 400;\">ACV \u00e4r surt, och den surheten kan st\u00f6ra h\u00e5rbotten &#8211; speciellt om din hudbarri\u00e4r redan \u00e4r k\u00e4nslig. Tecken inkluderar rodnad, kl\u00e5da, t\u00e4thet och en varm eller stickande k\u00e4nsla. Om du k\u00e4nner dig br\u00e4nnande, sk\u00f6lj omedelbart.<\/span><\/p>\n\n\n\n<h3 class=\"wp-block-heading\"><b>Torrhet, frizz och brott<\/b><\/h3>\n\n\n\n<p class=\"wp-block-paragraph\"><span style=\"font-weight: 400;\">Om du anv\u00e4nder ACV f\u00f6r ofta kan naturliga oljor avl\u00e4gsnas och h\u00e5ret k\u00e4nns str\u00e4vt. Torrhet kan visa sig som \u00f6kad frizz, trassling, matthet och mer kn\u00e4ppning i \u00e4ndarna. Detta \u00e4r vanligare med lockigt, krulligt, blekt eller redan torrt h\u00e5r.<\/span><\/p>\n\n\n\n<h3 class=\"wp-block-heading\"><b>Kemiska br\u00e4nnskador<\/b><\/h3>\n\n\n\n<p class=\"wp-block-paragraph\"><span style=\"font-weight: 400;\">Outsp\u00e4dd ACV (eller en mycket stark blandning) kan orsaka en kemisk br\u00e4nnskada i h\u00e5rbotten. Symtom inkluderar intensiv sveda, svullnad, bl\u00e5sor och s\u00e5r. Om du misst\u00e4nker en br\u00e4nnskada, sk\u00f6lj med kallt vatten och s\u00f6k l\u00e4karv\u00e5rd om symtomen \u00e4r betydande eller f\u00f6rv\u00e4rras.<\/span><\/p>\n\n\n\n<h3 class=\"wp-block-heading\"><b>Blekning av f\u00e4rgat eller tonat h\u00e5r<\/b><\/h3>\n\n\n\n<p class=\"wp-block-paragraph\"><span style=\"font-weight: 400;\">ACV kan p\u00e5skynda f\u00e4rgblekning f\u00f6r vissa personer, s\u00e4rskilt vid frekvent anv\u00e4ndning. Det kan ocks\u00e5 p\u00e5verka toner och semipermanenta f\u00e4rg\u00e4mnen. Om du f\u00e4rgar h\u00e5ret, h\u00e5ll sk\u00f6ljningar s\u00e4llan och mycket utsp\u00e4dda \u2013 eller hoppa \u00f6ver dem.<\/span><\/p>\n\n\n\n<h3 class=\"wp-block-heading\"><b>Irritation av \u00f6gon- och hudexponering<\/b><\/h3>\n\n\n\n<p class=\"wp-block-paragraph\"><span style=\"font-weight: 400;\">\u00c4ven en utsp\u00e4dd sk\u00f6ljning kan svida om den rinner in i \u00f6gonen eller sitter p\u00e5 \u00f6mt\u00e5lig hud runt h\u00e5rf\u00e4stet. Skydda ditt ansikte, h\u00e5ll huvudet bak\u00e5tlutat i duschen och sk\u00f6lj noggrant.<\/span><\/p>\n\n\n\n<h3 class=\"wp-block-heading\"><b>H\u00e5rbotten blossar upp under vissa f\u00f6rh\u00e5llanden<\/b><\/h3>\n\n\n\n<p class=\"wp-block-paragraph\"><span style=\"font-weight: 400;\">Om du har eksem, psoriasis, seborroiskt eksem eller en mycket reaktiv h\u00e5rbotten kan ACV utl\u00f6sa mer rodnad och obehag. Detsamma g\u00e4ller f\u00f6r trasig hud, repor eller aktiv inflammation.<\/span><\/p>\n\n\n\n<figure class=\"wp-block-image\"><img decoding=\"async\" src=\"https:\/\/haircenterofturkey.com\/wp-content\/uploads\/2025\/04\/Washing-Hair-with-Apple-Cider-Vinegar-2.webp\" alt=\"Washing Hair with Apple Cider Vinegar: What Are the Side Effects?\" title=\"\"><\/figure>\n\n\n\n<p class=\"wp-block-paragraph\"><\/p>\n\n\n\n<h2 class=\"wp-block-heading\"><b>Vem b\u00f6r undvika eller vara extra f\u00f6rsiktig med ACV<\/b><\/h2>\n\n\n\n<p class=\"wp-block-paragraph\"><span style=\"font-weight: 400;\">Var konservativ \u2013 eller hoppa \u00f6ver ACV helt \u2013 om du:<\/span><\/p>\n\n\n\n<ul class=\"wp-block-list\">\n<li><span style=\"font-weight: 400;\">Har en k\u00e4nslig h\u00e5rbotten, eksem, psoriasis eller frekvent irritation<\/span><\/li>\n\n\n\n<li><span style=\"font-weight: 400;\">Har \u00f6ppna sk\u00e4rs\u00e5r, s\u00e5r eller en solbr\u00e4nd h\u00e5rbotten<\/span><\/li>\n\n\n\n<li><span style=\"font-weight: 400;\">Nyligen blekt, avslappnat, permanentat eller keratinbehandlat ditt h\u00e5r<\/span><\/li>\n\n\n\n<li><span style=\"font-weight: 400;\">F\u00e4rga h\u00e5ret och k\u00e4mpa mot snabb blekning<\/span><\/li>\n\n\n\n<li><span style=\"font-weight: 400;\">Anv\u00e4nd starka aktiva \u00e4mnen i h\u00e5rbotten (till exempel receptbelagda behandlingar) och m\u00e4rk l\u00e4tt sveda<\/span><\/li>\n<\/ul>\n\n\n\n<p class=\"wp-block-paragraph\"><span style=\"font-weight: 400;\">Om du \u00e4r os\u00e4ker kan en hudl\u00e4kare eller trikolog hj\u00e4lpa dig att v\u00e4lja en s\u00e4krare h\u00e5rbottenrutin.<\/span><\/p>\n\n\n\n<figure class=\"wp-block-image\"><img decoding=\"async\" src=\"https:\/\/haircenterofturkey.com\/wp-content\/uploads\/2025\/04\/Washing-Hair-with-Apple-Cider-Vinegar-3.webp\" alt=\"Washing Hair with Apple Cider Vinegar: What Are the Side Effects?\" title=\"\"><\/figure>\n\n\n\n<p class=\"wp-block-paragraph\"><\/p>\n\n\n\n<h2 class=\"wp-block-heading\"><b>Hur man anv\u00e4nder \u00e4ppelcidervin\u00e4ger p\u00e5 ett s\u00e4kert s\u00e4tt i ditt h\u00e5r<\/b><\/h2>\n\n\n\n<h3 class=\"wp-block-heading\"><b>Anv\u00e4nd r\u00e4tt sp\u00e4dning<\/b><\/h3>\n\n\n\n<p class=\"wp-block-paragraph\"><span style=\"font-weight: 400;\">En praktisk utg\u00e5ngspunkt \u00e4r <\/span><b>1\u20132 matskedar ACV i 1 kopp (240 ml) vatten<\/b><span style=\"font-weight: 400;\">. Om din h\u00e5rbotten \u00e4r k\u00e4nslig, b\u00f6rja \u00e4nnu svagare och se hur det k\u00e4nns.<\/span><\/p>\n\n\n\n<h3 class=\"wp-block-heading\"><b>Begr\u00e4nsa hur ofta du anv\u00e4nder den<\/b><\/h3>\n\n\n\n<p class=\"wp-block-paragraph\"><span style=\"font-weight: 400;\">F\u00f6r de flesta m\u00e4nniskor, <\/span><b>en g\u00e5ng i veckan eller en g\u00e5ng varannan vecka<\/b><span style=\"font-weight: 400;\"> \u00e4r gott. Daglig anv\u00e4ndning \u00e4r d\u00e4r torrhet och irritation blir mycket mer sannolikt.<\/span><\/p>\n\n\n\n<h3 class=\"wp-block-heading\"><b>H\u00e5ll kontakttiden kort<\/b><\/h3>\n\n\n\n<p class=\"wp-block-paragraph\"><span style=\"font-weight: 400;\">Massera l\u00e4tt och sk\u00f6lj sedan efter <\/span><b>1\u20132 minuter<\/b><span style=\"font-weight: 400;\">. L\u00e4ngre kontakt \u00f6kar risken f\u00f6r irritation.<\/span><\/p>\n\n\n\n<h3 class=\"wp-block-heading\"><b>Sk\u00f6lj v\u00e4l och skick<\/b><\/h3>\n\n\n\n<p class=\"wp-block-paragraph\"><span style=\"font-weight: 400;\">Sk\u00f6lj noggrant och f\u00f6lj med balsam, fokusera p\u00e5 mellanl\u00e4ngder och toppar. Om ditt h\u00e5r k\u00e4nns pipigt eller str\u00e4vt efter ACV \u00e4r det ett tecken p\u00e5 att du \u00f6verdriver det.<\/span><\/p>\n\n\n\n<h3 class=\"wp-block-heading\"><b>Patch Test f\u00f6rst<\/b><\/h3>\n\n\n\n<p class=\"wp-block-paragraph\"><span style=\"font-weight: 400;\">Testa en liten m\u00e4ngd utsp\u00e4dd blandning bakom \u00f6rat eller p\u00e5 ett litet omr\u00e5de i h\u00e5rbotten. Om du m\u00e4rker rodnad, kl\u00e5da eller sveda, anv\u00e4nd den inte p\u00e5 hela huvudet.<\/span><\/p>\n\n\n\n<figure class=\"wp-block-image\"><img decoding=\"async\" src=\"https:\/\/haircenterofturkey.com\/wp-content\/uploads\/2025\/04\/Washing-Hair-with-Apple-Cider-Vinegar-4.webp\" alt=\"Washing Hair with Apple Cider Vinegar: What Are the Side Effects?\" title=\"\"><\/figure>\n\n\n\n<p class=\"wp-block-paragraph\"><\/p>\n\n\n\n<h2 class=\"wp-block-heading\"><b>Alternativ till \u00e4ppelcidervin\u00e4ger f\u00f6r h\u00e5rv\u00e5rd<\/b><\/h2>\n\n\n\n<p class=\"wp-block-paragraph\"><span style=\"font-weight: 400;\">Om ACV inte st\u00e4mmer \u00f6verens med din h\u00e5rbotten \u00e4r dessa ofta skonsammare alternativ:<\/span><\/p>\n\n\n\n<ul class=\"wp-block-list\">\n<li><b>Aloe vera gel<\/b><span style=\"font-weight: 400;\"> f\u00f6r lugnande och \u00e5terfuktning<\/span><\/li>\n\n\n\n<li><b>Ett milt klarg\u00f6rande schampo<\/b><span style=\"font-weight: 400;\"> anv\u00e4nds ibland f\u00f6r uppbyggnad<\/span><\/li>\n\n\n\n<li><b>H\u00e5rbottenv\u00e4nliga exfolieringsprodukter<\/b><span style=\"font-weight: 400;\"> designad f\u00f6r hud (inte k\u00f6kssyror)<\/span><\/li>\n\n\n\n<li><b>Kokosolja<\/b><span style=\"font-weight: 400;\"> p\u00e5 l\u00e4ngder f\u00f6r torrhet (hoppa \u00f6ver h\u00e5rbotten om du \u00e4r ben\u00e4gen att ansamlas)<\/span><\/li>\n<\/ul>\n\n\n\n<figure class=\"wp-block-image\"><img decoding=\"async\" src=\"https:\/\/haircenterofturkey.com\/wp-content\/uploads\/2025\/04\/Washing-Hair-with-Apple-Cider-Vinegar-5.webp\" alt=\"Washing Hair with Apple Cider Vinegar: What Are the Side Effects?\" title=\"\"><\/figure>\n\n\n\n<p class=\"wp-block-paragraph\"><\/p>\n\n\n\n<p class=\"wp-block-paragraph\"><b>Kan jag anv\u00e4nda \u00e4ppelcidervin\u00e4ger i h\u00e5ret varje dag?<\/b><b><br>\n<\/b><span style=\"font-weight: 400;\">Daglig anv\u00e4ndning kan torka ut h\u00e5ret och irritera h\u00e5rbotten. De flesta klarar sig b\u00e4ttre med anv\u00e4ndning en g\u00e5ng i veckan (eller mindre).<\/span><\/p>\n\n\n\n<p class=\"wp-block-paragraph\"><b>Hj\u00e4lper \u00e4ppelcidervin\u00e4ger mj\u00e4ll?<\/b><b><br>\n<\/b><span style=\"font-weight: 400;\">Vissa m\u00e4nniskor ser f\u00f6rb\u00e4ttring, men resultaten varierar. Om mj\u00e4ll \u00e4r ih\u00e5llande, kliande eller inflammerad, fungerar m\u00e5linriktade mj\u00e4llschampon eller medicinsk v\u00e4gledning ofta b\u00e4ttre.<\/span><\/p>\n\n\n\n<p class=\"wp-block-paragraph\"><b>Kommer \u00e4ppelcidervin\u00e4ger att blekna h\u00e5rf\u00e4rg?<\/b><b><br>\n<\/b><span style=\"font-weight: 400;\">Det kan det, s\u00e4rskilt vid frekvent anv\u00e4ndning. Om du f\u00e4rgar h\u00e5ret, h\u00e5ll det mycket utsp\u00e4tt och s\u00e4llan, eller undvik det.<\/span><\/p>\n\n\n\n<p class=\"wp-block-paragraph\"><b>Hur l\u00e4nge ska jag l\u00e4mna ACV p\u00e5 min h\u00e5rbotten?<\/b><b><br>\n<\/b><span style=\"font-weight: 400;\">Om <\/span><b>1\u20132 minuter<\/b><span style=\"font-weight: 400;\"> \u00e4r tillr\u00e4ckligt. L\u00e4ngre kontakt \u00f6kar risken f\u00f6r sveda och irritation.<\/span><\/p>\n\n\n\n<p class=\"wp-block-paragraph\"><b>Vad ska jag g\u00f6ra om min h\u00e5rbotten br\u00e4nner efter att ha anv\u00e4nt ACV?<\/b><b><br>\n<\/b><span style=\"font-weight: 400;\">Sk\u00f6lj omedelbart med kallt vatten. Om symtomen \u00e4r sv\u00e5ra, bildar bl\u00e5sor eller inte f\u00f6rb\u00e4ttras, s\u00f6k l\u00e4kare.<\/span><\/p>\n\n\n\n<h2 class=\"wp-block-heading\">Vanliga fr\u00e5gor<\/h2>\n\n\n<div id=\"rank-math-faq\" class=\"rank-math-block\">\n<div class=\"rank-math-list \">\n<div id=\"faq-question-cf7ea35be32ea\" class=\"rank-math-list-item\">\n<h3 class=\"rank-math-question \">u003cstrongu003eSkadar en sk\u00f6ljning av \u00e4ppelcidervin\u00e4ger ditt h\u00e5r?u003c\/strongu003e<\/h3>\n<div class=\"rank-math-answer \">\n\n<p>Inte n\u00e4r det sp\u00e4ds ut och anv\u00e4nds sparsamt. En svag sk\u00f6ljning &#8211; 1 till 2 matskedar i en kopp vatten &#8211; rensar produktuppbyggnad och ger glans till en frisk h\u00e5rbotten. Skador dyker upp med outsp\u00e4dd ACV eller flera anv\u00e4ndningar i veckan: det \u00e4r n\u00e4r du blir torr, friss, spricker och irritation.<\/p>\n\n<\/div>\n<\/div>\n<div id=\"faq-question-9f4f3ded30078\" class=\"rank-math-list-item\">\n<h3 class=\"rank-math-question \">u003cstrongu003eHur sp\u00e4der man \u00e4ppelcidervin\u00e4ger f\u00f6r en h\u00e5rsk\u00f6ljning?u003c\/strongu003e<\/h3>\n<div class=\"rank-math-answer \">\n\n<p>Blanda 1 till 2 matskedar \u00e4ppelcidervin\u00e4ger i 1 kopp (ca 240 ml) vatten. H\u00e4ll det \u00f6ver h\u00e5ret efter schamponering, l\u00e5t det sitta i ett par minuter och sk\u00f6lj sedan med vanligt vatten. H\u00e4ll aldrig ACV rakt p\u00e5 din h\u00e5rbotten.<\/p>\n\n<\/div>\n<\/div>\n<div id=\"faq-question-744d72dc8b3bf\" class=\"rank-math-list-item\">\n<h3 class=\"rank-math-question \">u003cstrongu003eHur ofta ska du anv\u00e4nda en h\u00e5rsk\u00f6ljning med \u00e4ppelcidervin\u00e4ger?u003c\/strongu003e<\/h3>\n<div class=\"rank-math-answer \">\n\n<p>En g\u00e5ng i veckan r\u00e4cker f\u00f6r de flesta, och tv\u00e5 g\u00e5nger i veckan \u00e4r den \u00f6vre gr\u00e4nsen. Att anv\u00e4nda den dagligen tar bort h\u00e5rbottens naturliga oljor och leder till torrhet och kl\u00e5da.<\/p>\n\n<\/div>\n<\/div>\n<div id=\"faq-question-b37e8b79bbb13\" class=\"rank-math-list-item\">\n<h3 class=\"rank-math-question \">u003cstrongu003eVem b\u00f6r undvika h\u00e5rsk\u00f6ljningar med \u00e4ppelcidervin\u00e4ger?u003c\/strongu003e<\/h3>\n<div class=\"rank-math-answer \">\n\n<p>Hoppa \u00f6ver ACV-sk\u00f6ljningar om du har k\u00e4nslig hud, eksem, psoriasis, \u00f6ppna sk\u00e4rs\u00e5r i h\u00e5rbotten eller nyligen en h\u00e5rtransplantation. I dessa fall kan syran svida eller s\u00e4tta tillbaka l\u00e4kningen, s\u00e5 kolla med en l\u00e4kare f\u00f6rst.<\/p>\n\n<\/div>\n<\/div>\n<div id=\"faq-question-c0acaf65b113c\" class=\"rank-math-list-item\">\n<h3 class=\"rank-math-question \">u003cstrongu003e\u00c4r \u00e4ppelcidervin\u00e4ger s\u00e4ker f\u00f6r f\u00e4rgbehandlat h\u00e5r?u003c\/strongu003e<\/h3>\n<div class=\"rank-math-answer \">\n\n<p>Anv\u00e4nd den f\u00f6rsiktigt. Frekventa eller kraftiga sk\u00f6ljningar kan blekna f\u00e4rgat h\u00e5r snabbare. Om ditt h\u00e5r \u00e4r f\u00e4rgat, h\u00e5ll utsp\u00e4dningen svag, begr\u00e4nsa den till en g\u00e5ng i veckan och hoppa \u00f6ver det under veckorna direkt efter f\u00e4rgning.<\/p>\n\n<\/div>\n<\/div>\n<\/div>\n<\/div>","protected":false},"excerpt":{"rendered":"<p>P\u00e5 Hair Center of Turkey f\u00e5r v\u00e5ra h\u00e5rtransplantations- och dermatologispecialister ofta fr\u00e5gan om en h\u00e5rsk\u00f6ljning av \u00e4ppelcidervin\u00e4ger (ACV) \u00e4r s\u00e4ker f\u00f6r h\u00e5rbotten, h\u00e5ret och nytransplanterade transplantat. Det korta svaret \u00e4r ja &#8211; men bara n\u00e4r det \u00e4r ordentligt utsp\u00e4tt och sparsamt anv\u00e4nds. I de flesta fall kan en blandning av 1\u20132 matskedar \u00e4ppelcidervin\u00e4ger i 1 [&hellip;]<\/p>\n","protected":false},"author":2,"featured_media":719,"comment_status":"closed","ping_status":"closed","sticky":false,"template":"","format":"standard","meta":{"footnotes":"","rank_math_title":"","rank_math_description":"L\u00e4r dig de verkliga biverkningarna av en h\u00e5rsk\u00f6ljning med \u00e4ppelcidervin\u00e4ger - torrhet, irritation, brott, blek f\u00e4rg - och hur du sp\u00e4der ut det s\u00e4kert f\u00f6r veckovis anv\u00e4ndning.","rank_math_focus_keyword":"","rank_math_canonical_url":"","rank_math_breadcrumb_title":"","rank_math_facebook_title":"","rank_math_facebook_description":"","rank_math_facebook_image":"","rank_math_twitter_title":"","rank_math_twitter_description":"","rank_math_twitter_image":"","rank_math_pillar_content":""},"categories":[1006,1026],"tags":[],"class_list":["post-55378","post","type-post","status-publish","format-standard","has-post-thumbnail","hentry","category-blog","category-harvard"],"_links":{"self":[{"href":"https:\/\/haircenterofturkey.com\/sv\/wp-json\/wp\/v2\/posts\/55378","targetHints":{"allow":["GET"]}}],"collection":[{"href":"https:\/\/haircenterofturkey.com\/sv\/wp-json\/wp\/v2\/posts"}],"about":[{"href":"https:\/\/haircenterofturkey.com\/sv\/wp-json\/wp\/v2\/types\/post"}],"author":[{"embeddable":true,"href":"https:\/\/haircenterofturkey.com\/sv\/wp-json\/wp\/v2\/users\/2"}],"replies":[{"embeddable":true,"href":"https:\/\/haircenterofturkey.com\/sv\/wp-json\/wp\/v2\/comments?post=55378"}],"version-history":[{"count":1,"href":"https:\/\/haircenterofturkey.com\/sv\/wp-json\/wp\/v2\/posts\/55378\/revisions"}],"predecessor-version":[{"id":61658,"href":"https:\/\/haircenterofturkey.com\/sv\/wp-json\/wp\/v2\/posts\/55378\/revisions\/61658"}],"wp:featuredmedia":[{"embeddable":true,"href":"https:\/\/haircenterofturkey.com\/sv\/wp-json\/wp\/v2\/media\/719"}],"wp:attachment":[{"href":"https:\/\/haircenterofturkey.com\/sv\/wp-json\/wp\/v2\/media?parent=55378"}],"wp:term":[{"taxonomy":"category","embeddable":true,"href":"https:\/\/haircenterofturkey.com\/sv\/wp-json\/wp\/v2\/categories?post=55378"},{"taxonomy":"post_tag","embeddable":true,"href":"https:\/\/haircenterofturkey.com\/sv\/wp-json\/wp\/v2\/tags?post=55378"}],"curies":[{"name":"wp","href":"https:\/\/api.w.org\/{rel}","templated":true}]}}