{"id":55240,"date":"2025-06-25T01:24:43","date_gmt":"2025-06-24T22:24:43","guid":{"rendered":"https:\/\/haircenterofturkey.com\/?p=55240"},"modified":"2026-09-01T16:39:16","modified_gmt":"2026-09-01T13:39:16","slug":"kan-personer-med-horsel-eller-talsvarigheter-fa-en-hartransplantation","status":"publish","type":"post","link":"https:\/\/haircenterofturkey.com\/sv\/kan-personer-med-horsel-eller-talsvarigheter-fa-en-hartransplantation\/","title":{"rendered":"Kan personer med h\u00f6rsel- eller talsv\u00e5righeter f\u00e5 en h\u00e5rtransplantation?"},"content":{"rendered":"\n<h2 class=\"wp-block-heading\" id=\"can-people-with-hearing-or-speech-disabilities-get-a-hair-transplant\"><b>Kan personer med h\u00f6rsel- eller talsv\u00e5righeter f\u00e5 en h\u00e5rtransplantation?<\/b><\/h2>\n\n\n\n<p class=\"wp-block-paragraph\"><b>Ja. Personer med h\u00f6rsel- eller talsv\u00e5righeter kan s\u00e4kert genomg\u00e5 en h\u00e5rtransplantation, s\u00e5 l\u00e4nge de \u00e4r medicinskt beh\u00f6riga.<\/b><span style=\"font-weight: 400;\"> Proceduren g\u00f6rs vanligtvis under lokalbed\u00f6vning, s\u00e5 att tala under operationen \u00e4r inte n\u00f6dv\u00e4ndigt. Den viktigaste skillnaden \u00e4r att planera kommunikationsst\u00f6d \u2013 f\u00f6re, under och efter proceduren \u2013 s\u00e5 att instruktioner, samtycke och efterv\u00e5rd f\u00f6rst\u00e5s fullt ut.<\/span><\/p>\n\n\n\n<div class=\"wp-block-rank-math-toc-block\" id=\"rank-math-toc\"><h2>Table of Contents<\/h2><nav><ul><li><a href=\"#can-people-with-hearing-or-speech-disabilities-get-a-hair-transplant\">Kan personer med h\u00f6rsel- eller talsv\u00e5righeter f\u00e5 en h\u00e5rtransplantation?<\/a><\/li><li><a href=\"#is-hair-transplantation-safe-for-people-with-hearing-or-speech-disabilities\">\u00c4r h\u00e5rtransplantation s\u00e4ker f\u00f6r personer med h\u00f6rsel- eller talsv\u00e5righeter?<\/a><\/li><li><a href=\"#what-should-be-considered-before-the-procedure\">Vad b\u00f6r \u00f6verv\u00e4gas innan f\u00f6rfarandet?<\/a><\/li><li><a href=\"#during-the-procedure-what-support-is-needed\">Under proceduren: Vilket st\u00f6d beh\u00f6vs?<\/a><\/li><li><a href=\"#aftercare-and-recovery-how-to-support-communication\">Efterv\u00e5rd och \u00e5terh\u00e4mtning: Hur st\u00f6djer man kommunikation?<\/a><\/li><li><a href=\"#can-people-with-additional-disabilities-undergo-the-procedure\">Kan personer med ytterligare funktionshinder genomg\u00e5 proceduren?<\/a><\/li><li><a href=\"#fa-qs-about-hair-transplants-for-people-with-hearing-or-speech-disabilities\">Vanliga fr\u00e5gor om h\u00e5rtransplantationer f\u00f6r personer med h\u00f6rsel- eller talsv\u00e5righeter<\/a><\/li><\/ul><\/nav><\/div>\n\n\n\n<h2 class=\"wp-block-heading\" id=\"is-hair-transplantation-safe-for-people-with-hearing-or-speech-disabilities\"><b>\u00c4r h\u00e5rtransplantation s\u00e4ker f\u00f6r personer med h\u00f6rsel- eller talsv\u00e5righeter?<\/b><\/h2>\n\n\n\n<p class=\"wp-block-paragraph\"><span style=\"font-weight: 400;\">Ja. H\u00f6rsel- eller talneds\u00e4ttningar p\u00e5verkar inte en persons fysiska f\u00f6rm\u00e5ga att genomg\u00e5 en h\u00e5rtransplantation. Moderna tekniker som FUE (Follicular Unit Extraction) och DHI (Direct Hair Implantation) utf\u00f6rs vanligtvis under lokalbed\u00f6vning och skapar ingen extra medicinsk risk p\u00e5 grund av dessa funktionsneds\u00e4ttningar.<\/span><\/p>\n\n\n\n<p class=\"wp-block-paragraph\"><span style=\"font-weight: 400;\">Det viktigaste \u00e4r tydlig och p\u00e5litlig kommunikation. Patienterna ska kunna f\u00f6rst\u00e5 behandlingsplanen, realistiska f\u00f6rv\u00e4ntningar, m\u00f6jliga risker och efterv\u00e5rdssteg i ett format som fungerar f\u00f6r dem.<\/span><\/p>\n\n\n\n<figure class=\"wp-block-image\"><img decoding=\"async\" src=\"https:\/\/haircenterofturkey.com\/wp-content\/uploads\/2025\/06\/Can-People-with-Hearing-or-Speech-Disabilities-Get-a-Hair-Transplant-1_result.webp\" alt=\"Can People with Hearing or Speech Disabilities Get a Hair Transplant?\" title=\"\"><\/figure>\n\n\n\n<p class=\"wp-block-paragraph\"><\/p>\n\n\n\n<h2 class=\"wp-block-heading\" id=\"what-should-be-considered-before-the-procedure\"><b>Vad b\u00f6r \u00f6verv\u00e4gas innan f\u00f6rfarandet?<\/b><\/h2>\n\n\n\n<p class=\"wp-block-paragraph\"><span style=\"font-weight: 400;\">Prioriteten \u00e4r att g\u00f6ra samr\u00e5det tillg\u00e4ngligt och l\u00e4ttillg\u00e4ngligt. Det \u00e4r h\u00e4r kirurgen utv\u00e4rderar ditt h\u00e5ravfallsm\u00f6nster, donatoromr\u00e5dets kvalitet och allm\u00e4nna h\u00e4lsa, och d\u00e4r du bekr\u00e4ftar planen och ger informerat samtycke.<\/span><\/p>\n\n\n\n<p class=\"wp-block-paragraph\"><span style=\"font-weight: 400;\">En patientv\u00e4nlig klinik b\u00f6r vara redo att:<\/span><\/p>\n\n\n\n<ul class=\"wp-block-list\">\n<li><span style=\"font-weight: 400;\">Ge en teckenspr\u00e5kstolk om det beh\u00f6vs (eller l\u00e5t dig ta med din egen).<\/span><\/li>\n\n\n\n<li><span style=\"font-weight: 400;\">Erbjud skriftliga f\u00f6rklaringar och steg-f\u00f6r-steg-instruktioner.<\/span><\/li>\n\n\n\n<li><span style=\"font-weight: 400;\">Ge extra tid f\u00f6r fr\u00e5gor och f\u00f6rtydliganden.<\/span><\/li>\n\n\n\n<li><span style=\"font-weight: 400;\">Anv\u00e4nd visuella hj\u00e4lpmedel (foton, diagram, modeller eller korta videor) f\u00f6r att f\u00f6rklara proceduren.<\/span><\/li>\n<\/ul>\n\n\n\n<p class=\"wp-block-paragraph\"><span style=\"font-weight: 400;\">Dessa steg minskar stress, f\u00f6rhindrar missf\u00f6rst\u00e5nd och hj\u00e4lper dig att k\u00e4nna dig s\u00e4ker p\u00e5 vad som h\u00e4nder.<\/span><\/p>\n\n\n\n<h2 class=\"wp-block-heading\" id=\"during-the-procedure-what-support-is-needed\"><b>Under proceduren: Vilket st\u00f6d beh\u00f6vs?<\/b><\/h2>\n\n\n\n<p class=\"wp-block-paragraph\"><span style=\"font-weight: 400;\">H\u00e5rtransplantationssessioner kan p\u00e5g\u00e5 i flera timmar, och patienterna \u00e4r vakna hela tiden. Verbal kommunikation \u00e4r minimal under operationen, s\u00e5 de flesta personer med h\u00f6rsel- eller talsv\u00e5righeter klarar sig mycket bra under ingreppet.<\/span><\/p>\n\n\n\n<p class=\"wp-block-paragraph\"><span style=\"font-weight: 400;\">Teamet b\u00f6r fortfarande g\u00f6ra dig redo f\u00f6r komfort och kontroll:<\/span><\/p>\n\n\n\n<ul class=\"wp-block-list\">\n<li><span style=\"font-weight: 400;\">Kom \u00f6verens om enkla ickeverbala signaler (handsignaler) f\u00f6r sm\u00e4rta, raster, vatten eller obehag.<\/span><\/li>\n\n\n\n<li><span style=\"font-weight: 400;\">Ber\u00e4tta f\u00f6r dig vilket stadium du befinner dig i (bed\u00f6vning, extraktion, kanal\u00f6ppning, implantation).<\/span><\/li>\n\n\n\n<li><span style=\"font-weight: 400;\">H\u00e5ll milj\u00f6n lugn och st\u00f6djande, s\u00e4rskilt om du upplever \u00e5ngest i kliniska milj\u00f6er.<\/span><\/li>\n<\/ul>\n\n\n\n<figure class=\"wp-block-image\"><img decoding=\"async\" src=\"https:\/\/haircenterofturkey.com\/wp-content\/uploads\/2025\/06\/Can-People-with-Hearing-or-Speech-Disabilities-Get-a-Hair-Transplant-2_result.webp\" alt=\"Can People with Hearing or Speech Disabilities Get a Hair Transplant?\" title=\"\"><\/figure>\n\n\n\n<p class=\"wp-block-paragraph\"><\/p>\n\n\n\n<h2 class=\"wp-block-heading\" id=\"aftercare-and-recovery-how-to-support-communication\"><b>Efterv\u00e5rd och \u00e5terh\u00e4mtning: Hur st\u00f6djer man kommunikation?<\/b><\/h2>\n\n\n\n<p class=\"wp-block-paragraph\"><span style=\"font-weight: 400;\">Efterv\u00e5rd \u00e4r en stor del av resultatet. Patienter m\u00e5ste f\u00f6rst\u00e5 tv\u00e4ttinstruktioner, sovst\u00e4llning, aktivitetsgr\u00e4nser, medicinering och varningssignaler som kr\u00e4ver l\u00e4karv\u00e5rd.<\/span><\/p>\n\n\n\n<p class=\"wp-block-paragraph\"><span style=\"font-weight: 400;\">F\u00f6r tillg\u00e4ngligt efterv\u00e5rdsst\u00f6d:<\/span><\/p>\n\n\n\n<ul class=\"wp-block-list\">\n<li><span style=\"font-weight: 400;\">Ge skriftliga instruktioner, helst med illustrationer.<\/span><\/li>\n\n\n\n<li><span style=\"font-weight: 400;\">Erbjud uppf\u00f6ljningsbes\u00f6k med tolkst\u00f6d eller en strukturerad skriftlig Q&amp;A.<\/span><\/li>\n\n\n\n<li><span style=\"font-weight: 400;\">Anv\u00e4nd s\u00e4kra meddelanden eller e-post f\u00f6r snabba fr\u00e5gor, fotoincheckningar och p\u00e5minnelser.<\/span><\/li>\n<\/ul>\n\n\n\n<p class=\"wp-block-paragraph\"><span style=\"font-weight: 400;\">Tydlig efterv\u00e5rdsv\u00e4gledning hj\u00e4lper till att skydda transplantat och minskar risken f\u00f6r komplikationer som kan f\u00f6rebyggas.<\/span><\/p>\n\n\n\n<h2 class=\"wp-block-heading\" id=\"can-people-with-additional-disabilities-undergo-the-procedure\"><b>Kan personer med ytterligare funktionshinder genomg\u00e5 proceduren?<\/b><\/h2>\n\n\n\n<p class=\"wp-block-paragraph\"><span style=\"font-weight: 400;\">Ofta, ja \u2013 \u00e4ven om det kan kr\u00e4va mer planering. Om en patient har begr\u00e4nsad r\u00f6rlighet, kroniska medicinska tillst\u00e5nd eller kognitiva utmaningar kan kliniken justera positionering, schemal\u00e4ggning eller konsultationsprocessen.<\/span><\/p>\n\n\n\n<p class=\"wp-block-paragraph\"><span style=\"font-weight: 400;\">Det b\u00e4sta s\u00e4ttet \u00e4r individanpassad v\u00e5rd. En v\u00e4lrenommerad klinik kommer att bed\u00f6ma behoven i f\u00f6rv\u00e4g och erbjuda praktiska anpassningar snarare \u00e4n att tvinga fram en &#8221;standard&#8221; process.<\/span><\/p>\n\n\n\n<figure class=\"wp-block-image\"><img decoding=\"async\" src=\"https:\/\/haircenterofturkey.com\/wp-content\/uploads\/2025\/06\/Can-People-with-Hearing-or-Speech-Disabilities-Get-a-Hair-Transplant-3_result.webp\" alt=\"Can People with Hearing or Speech Disabilities Get a Hair Transplant?\" title=\"\"><\/figure>\n\n\n\n<p class=\"wp-block-paragraph\"><\/p>\n\n\n\n<h2 class=\"wp-block-heading\" id=\"fa-qs-about-hair-transplants-for-people-with-hearing-or-speech-disabilities\"><b>Vanliga fr\u00e5gor om h\u00e5rtransplantationer f\u00f6r personer med h\u00f6rsel- eller talsv\u00e5righeter<\/b><\/h2>\n\n\n<div id=\"rank-math-faq\" class=\"rank-math-block\">\n<div class=\"rank-math-list \">\n<div id=\"faq-question-1771230807725\" class=\"rank-math-list-item\">\n<h3 class=\"rank-math-question \">Kan n\u00e5gon med h\u00f6rselneds\u00e4ttning genomg\u00e5 en h\u00e5rtransplantation p\u00e5 ett s\u00e4kert s\u00e4tt?<\/h3>\n<div class=\"rank-math-answer \">\n\n<p>Ja, med medicinsk l\u00e4mplighet och kommunikationslogi \u00e4r h\u00e5rtransplantation i allm\u00e4nhet s\u00e4kert.<\/p>\n\n<\/div>\n<\/div>\n<div id=\"faq-question-1771230808734\" class=\"rank-math-list-item\">\n<h3 class=\"rank-math-question \">P\u00e5verkar tal- eller h\u00f6rselneds\u00e4ttningar resultat av h\u00e5rtransplantation?<\/h3>\n<div class=\"rank-math-answer \">\n\n<p>Nej, funktionsneds\u00e4ttningar p\u00e5verkar inte transplantatets \u00f6verlevnad; kommunikation p\u00e5verkar f\u00f6rst\u00e5elsen av efterv\u00e5rden.<\/p>\n\n<\/div>\n<\/div>\n<div id=\"faq-question-1771230809875\" class=\"rank-math-list-item\">\n<h3 class=\"rank-math-question \">\u00c4r h\u00e5rtransplantationskliniker tillg\u00e4ngliga f\u00f6r patienter med h\u00f6rsel- eller talsv\u00e5righeter?<\/h3>\n<div class=\"rank-math-answer \">\n\n<p>M\u00e5nga kliniker \u00e4r tillg\u00e4ngliga; beg\u00e4ra tolkar, skriftliga instruktioner och hj\u00e4lpmedel f\u00f6r kommunikation.<\/p>\n\n<\/div>\n<\/div>\n<div id=\"faq-question-1771230810351\" class=\"rank-math-list-item\">\n<h3 class=\"rank-math-question \">Hur kan patienter med kommunikationssv\u00e5righeter f\u00f6rbereda sig f\u00f6r en h\u00e5rtransplantation?<\/h3>\n<div class=\"rank-math-answer \">\n\n<p>Ordna tolk, ta med apparat, anv\u00e4nd skriftligt samtycke, bekr\u00e4fta efterv\u00e5rd skriftligen.<\/p>\n\n<\/div>\n<\/div>\n<div id=\"faq-question-1771230811012\" class=\"rank-math-list-item\">\n<h3 class=\"rank-math-question \">Har h\u00e5rtransplantationskirurger erfarenhet av att behandla patienter med funktionshinder?<\/h3>\n<div class=\"rank-math-answer \">\n\n<p>Mycket ja; fr\u00e5ga dem om deras erfarenhet, deras faciliteter och deras kommunikationsprotokoll.<\/p>\n\n<\/div>\n<\/div>\n<\/div>\n<\/div>","protected":false},"excerpt":{"rendered":"<p>Kan personer med h\u00f6rsel- eller talsv\u00e5righeter f\u00e5 en h\u00e5rtransplantation? Ja. Personer med h\u00f6rsel- eller talsv\u00e5righeter kan s\u00e4kert genomg\u00e5 en h\u00e5rtransplantation, s\u00e5 l\u00e4nge de \u00e4r medicinskt beh\u00f6riga. Proceduren g\u00f6rs vanligtvis under lokalbed\u00f6vning, s\u00e5 att tala under operationen \u00e4r inte n\u00f6dv\u00e4ndigt. Den viktigaste skillnaden \u00e4r att planera kommunikationsst\u00f6d \u2013 f\u00f6re, under och efter proceduren \u2013 s\u00e5 att [&hellip;]<\/p>\n","protected":false},"author":2,"featured_media":780,"comment_status":"closed","ping_status":"closed","sticky":false,"template":"","format":"standard","meta":{"footnotes":"","rank_math_title":"","rank_math_description":"Ja, personer med h\u00f6rsel- eller talsv\u00e5righeter kan s\u00e4kert f\u00e5 en h\u00e5rtransplantation med r\u00e4tt kommunikationsst\u00f6d. Klicka f\u00f6r information.","rank_math_focus_keyword":"","rank_math_canonical_url":"","rank_math_breadcrumb_title":"","rank_math_facebook_title":"","rank_math_facebook_description":"","rank_math_facebook_image":"","rank_math_twitter_title":"","rank_math_twitter_description":"","rank_math_twitter_image":"","rank_math_pillar_content":""},"categories":[1006,1016],"tags":[],"class_list":["post-55240","post","type-post","status-publish","format-standard","has-post-thumbnail","hentry","category-blog","category-hartransplantationsbehandlingar"],"_links":{"self":[{"href":"https:\/\/haircenterofturkey.com\/sv\/wp-json\/wp\/v2\/posts\/55240","targetHints":{"allow":["GET"]}}],"collection":[{"href":"https:\/\/haircenterofturkey.com\/sv\/wp-json\/wp\/v2\/posts"}],"about":[{"href":"https:\/\/haircenterofturkey.com\/sv\/wp-json\/wp\/v2\/types\/post"}],"author":[{"embeddable":true,"href":"https:\/\/haircenterofturkey.com\/sv\/wp-json\/wp\/v2\/users\/2"}],"replies":[{"embeddable":true,"href":"https:\/\/haircenterofturkey.com\/sv\/wp-json\/wp\/v2\/comments?post=55240"}],"version-history":[{"count":1,"href":"https:\/\/haircenterofturkey.com\/sv\/wp-json\/wp\/v2\/posts\/55240\/revisions"}],"predecessor-version":[{"id":61710,"href":"https:\/\/haircenterofturkey.com\/sv\/wp-json\/wp\/v2\/posts\/55240\/revisions\/61710"}],"wp:featuredmedia":[{"embeddable":true,"href":"https:\/\/haircenterofturkey.com\/sv\/wp-json\/wp\/v2\/media\/780"}],"wp:attachment":[{"href":"https:\/\/haircenterofturkey.com\/sv\/wp-json\/wp\/v2\/media?parent=55240"}],"wp:term":[{"taxonomy":"category","embeddable":true,"href":"https:\/\/haircenterofturkey.com\/sv\/wp-json\/wp\/v2\/categories?post=55240"},{"taxonomy":"post_tag","embeddable":true,"href":"https:\/\/haircenterofturkey.com\/sv\/wp-json\/wp\/v2\/tags?post=55240"}],"curies":[{"name":"wp","href":"https:\/\/api.w.org\/{rel}","templated":true}]}}