{"id":55233,"date":"2025-06-25T22:15:53","date_gmt":"2025-06-25T19:15:53","guid":{"rendered":"https:\/\/haircenterofturkey.com\/?p=55233"},"modified":"2026-09-01T16:39:18","modified_gmt":"2026-09-01T13:39:18","slug":"nar-ar-den-basta-sasongen-for-skaggtransplantation","status":"publish","type":"post","link":"https:\/\/haircenterofturkey.com\/sv\/nar-ar-den-basta-sasongen-for-skaggtransplantation\/","title":{"rendered":"N\u00e4r \u00e4r den b\u00e4sta s\u00e4songen f\u00f6r sk\u00e4ggtransplantation?"},"content":{"rendered":"\n<h2 class=\"wp-block-heading\" id=\"when-is-the-best-season-for-a-beard-transplant\"><b>N\u00e4r \u00e4r den b\u00e4sta s\u00e4songen f\u00f6r en sk\u00e4ggtransplantation?<\/b><\/h2>\n\n\n\n<p class=\"wp-block-paragraph\"><span style=\"font-weight: 400;\">En sk\u00e4ggtransplantation kan schemal\u00e4ggas n\u00e4r som helst p\u00e5 \u00e5ret, men m\u00e5nga m\u00e4nniskor tycker att h\u00f6sten och vintern \u00e4r bekv\u00e4mare eftersom svalare v\u00e4der vanligtvis inneb\u00e4r mindre svettningar och mindre intensiv solexponering. V\u00e4lj en period d\u00e5 du kan h\u00e5lla aktiviteten l\u00e5g i cirka 7\u201314 dagar och planera 9\u201312 m\u00e5nader fram\u00e5t om du vill ha mogen tillv\u00e4xt som ser slutgiltigt ut.<\/span><\/p>\n\n\n\n<div class=\"wp-block-rank-math-toc-block\" id=\"rank-math-toc\"><h2>Table of Contents<\/h2><nav><ul><li><a href=\"#when-is-the-best-season-for-a-beard-transplant\">N\u00e4r \u00e4r den b\u00e4sta s\u00e4songen f\u00f6r en sk\u00e4ggtransplantation?<\/a><\/li><li><a href=\"#why-timing-can-make-recovery-easier\">Varf\u00f6r timing kan g\u00f6ra \u00e5terh\u00e4mtning enklare<\/a><\/li><li><a href=\"#can-a-beard-transplant-be-done-in-any-season\">Kan en sk\u00e4ggtransplantation g\u00f6ras under vilken s\u00e4song som helst?<\/a><\/li><li><a href=\"#season-by-season-pros-and-cons\">S\u00e4song-f\u00f6r-s\u00e4song f\u00f6r- och nackdelar<\/a><ul><li><a href=\"#winter\">Vinter<\/a><\/li><li><a href=\"#spring\">V\u00e5r<\/a><\/li><li><a href=\"#summer\">Sommar<\/a><\/li><li><a href=\"#fall\">H\u00f6st<\/a><\/li><\/ul><\/li><li><a href=\"#planning-around-healing-and-final-results\">Planering kring l\u00e4kning och slutresultat<\/a><\/li><li><a href=\"#lifestyle-factors-that-matter-more-than-the-calendar\">Livsstilsfaktorer som betyder mer \u00e4n kalendern<\/a><\/li><li><a href=\"#travel-beach-holidays-or-activity-heavy-trips-right-after-surgery-are-rarely-convenient-even-if-theyre-technically-possible-with-strict-precautions-\ufffc\">Resor: strandsemester eller aktivitetstunga resor direkt efter operationen \u00e4r s\u00e4llan praktiska, \u00e4ven om de \u00e4r tekniskt m\u00f6jliga med strikta f\u00f6rsiktighets\u00e5tg\u00e4rder.<\/a><\/li><li><a href=\"#fa-qs-about-beard-transplant-timing\">Vanliga fr\u00e5gor om sk\u00e4ggtransplantationstid<\/a><\/li><\/ul><\/nav><\/div>\n\n\n\n<h2 class=\"wp-block-heading\" id=\"why-timing-can-make-recovery-easier\"><b>Varf\u00f6r timing kan g\u00f6ra \u00e5terh\u00e4mtning enklare<\/b><\/h2>\n\n\n\n<p class=\"wp-block-paragraph\"><span style=\"font-weight: 400;\">Direkt efter en sk\u00e4ggtransplantation \u00e4r det normalt att se rodnad, mild svullnad och sm\u00e5 s\u00e5rskorpor medan transplantaten s\u00e4tter sig. M\u00e5nga kliniker rekommenderar att man undviker kraftig svettning, stark sol, simning och friktion p\u00e5 omr\u00e5det under tidig l\u00e4kning. Att v\u00e4lja en s\u00e4song som naturligt st\u00f6der dessa f\u00f6rsiktighets\u00e5tg\u00e4rder kan g\u00f6ra efterv\u00e5rden enklare och bekv\u00e4mare.<\/span><\/p>\n\n\n\n<figure class=\"wp-block-image\"><img decoding=\"async\" src=\"https:\/\/haircenterofturkey.com\/wp-content\/uploads\/2025\/06\/When-Is-the-Best-Season-for-Beard-Transplant-1.webp\" alt=\"When Is the Best Season for Beard Transplant?\" title=\"\"><\/figure>\n\n\n\n<p class=\"wp-block-paragraph\"><\/p>\n\n\n\n<h2 class=\"wp-block-heading\" id=\"can-a-beard-transplant-be-done-in-any-season\"><b>Kan en sk\u00e4ggtransplantation g\u00f6ras under vilken s\u00e4song som helst?<\/b><\/h2>\n\n\n\n<p class=\"wp-block-paragraph\"><span style=\"font-weight: 400;\">Ja. Sk\u00e4ggtransplantation utf\u00f6rs \u00e5ret runt, och den &#8221;r\u00e4tta&#8221; s\u00e4songen \u00e4r ofta den som passar ditt schema och l\u00e5ter dig skydda transplantaten ordentligt. Om dina arbets- eller resplaner g\u00f6r det sv\u00e5rt att undvika v\u00e4rme, sol eller intensiv tr\u00e4ning, kan en \u00e4ndring av tidpunkten minska besv\u00e4ret under de f\u00f6rsta veckorna.<\/span><\/p>\n\n\n\n<h2 class=\"wp-block-heading\" id=\"season-by-season-pros-and-cons\"><b>S\u00e4song-f\u00f6r-s\u00e4song f\u00f6r- och nackdelar<\/b><\/h2>\n\n\n\n<h3 class=\"wp-block-heading\" id=\"winter\"><b>Vinter<\/b><\/h3>\n\n\n\n<p class=\"wp-block-paragraph\"><span style=\"font-weight: 400;\">Vintern k\u00e4nns ofta l\u00e4ttare eftersom svalare temperaturer minskar svettning, och du \u00e4r mindre ben\u00e4gen att spendera l\u00e5nga timmar i direkt sol. M\u00e5nga m\u00e4nniskor f\u00f6redrar ocks\u00e5 vintern f\u00f6r avskildhet eftersom tillf\u00e4llig rodnad eller s\u00e5r \u00e4r l\u00e4ttare att h\u00e5lla l\u00e5gm\u00e4ld med normala s\u00e4songsm\u00e4ssiga rutiner. Se bara upp f\u00f6r grova tyger eller h\u00f6ga kragar som gnuggar mottagningsomr\u00e5det de f\u00f6rsta dagarna.<\/span><\/p>\n\n\n\n<h3 class=\"wp-block-heading\" id=\"spring\"><b>V\u00e5r<\/b><\/h3>\n\n\n\n<p class=\"wp-block-paragraph\"><span style=\"font-weight: 400;\">V\u00e5ren kan vara en behaglig mellanv\u00e4g eftersom temperaturerna vanligtvis \u00e4r milda, vilket hj\u00e4lper dig att undvika b\u00e5de kraftig svettning och h\u00e5rd kyla. Om du hanterar s\u00e4songsbetonade allergier kan frekventa nysningar eller ansiktsgnidningar vara irriterande under tidig l\u00e4kning. Planera i s\u00e5 fall allergihanteringen i f\u00f6rv\u00e4g och var extra disciplinerad med att inte r\u00f6ra transplantaten.<\/span><\/p>\n\n\n\n<h3 class=\"wp-block-heading\" id=\"summer\"><b>Sommar<\/b><\/h3>\n\n\n\n<p class=\"wp-block-paragraph\"><span style=\"font-weight: 400;\">Sommaren \u00e4r fungerande, men den kr\u00e4ver mer planering. V\u00e4rme och luftfuktighet kan \u00f6ka svettning, och det \u00e4r sv\u00e5rare att h\u00e5lla sig borta fr\u00e5n direkt sol n\u00e4r utomhustid och helgdagar \u00e4r som mest. Om sommaren \u00e4r ditt enda praktiska f\u00f6nster, bygg din plan kring skugga, inomhuskylning och strikt efterv\u00e5rd f\u00f6r att minska risken f\u00f6r irritation.<\/span><\/p>\n\n\n\n<h3 class=\"wp-block-heading\" id=\"fall\"><b>H\u00f6st<\/b><\/h3>\n\n\n\n<p class=\"wp-block-paragraph\"><span style=\"font-weight: 400;\">H\u00f6sten \u00e4r ett popul\u00e4rt val av samma sk\u00e4l som vintern: svalare, stabilare v\u00e4der och f\u00e4rre soltunga aktiviteter f\u00f6r m\u00e5nga patienter. En annan praktisk f\u00f6rdel \u00e4r timing \u2013 om du g\u00f6r proceduren p\u00e5 h\u00f6sten har ditt sk\u00e4gg tid att g\u00e5 igenom tillv\u00e4xtcykeln s\u00e5 det ser mycket mer etablerat ut n\u00e4sta sommar.<\/span><\/p>\n\n\n\n<figure class=\"wp-block-image\"><img decoding=\"async\" src=\"https:\/\/haircenterofturkey.com\/wp-content\/uploads\/2025\/06\/When-Is-the-Best-Season-for-Beard-Transplant-2.webp\" alt=\"When Is the Best Season for Beard Transplant?\" title=\"\"><\/figure>\n\n\n\n<p class=\"wp-block-paragraph\"><\/p>\n\n\n\n<h2 class=\"wp-block-heading\" id=\"planning-around-healing-and-final-results\"><b>Planering kring l\u00e4kning och slutresultat<\/b><\/h2>\n\n\n\n<p class=\"wp-block-paragraph\"><span style=\"font-weight: 400;\">De flesta m\u00e4nniskor ser socialt &#8221;normala&#8221; ganska snabbt ut, men h\u00e5rv\u00e4xtens tidslinje \u00e4r l\u00e4ngre \u00e4n m\u00e5nga f\u00f6rv\u00e4ntar sig.<\/span><\/p>\n\n\n\n<ul class=\"wp-block-list\">\n<li><b>Dag 7\u201310:<\/b><span style=\"font-weight: 400;\"> S\u00e5rskorpor lyfter och faller ofta bort n\u00e4r l\u00e4kning s\u00e4tter sig.<\/span><span style=\"font-weight: 400;\"><br><\/span><\/li>\n\n\n\n<li><b>Cirka 1-2 veckor:<\/b><span style=\"font-weight: 400;\"> tidig rodnad\/skorpor\/svullnad brukar lugna ner sig f\u00f6r m\u00e5nga patienter.<\/span><span style=\"font-weight: 400;\"><br><\/span><\/li>\n\n\n\n<li><b>M\u00e5nader 3\u201312:<\/b><span style=\"font-weight: 400;\"> ny tillv\u00e4xt blir mer m\u00e4rkbar med tiden, med slutgiltiga resultat som vanligtvis finns <\/span><b>9\u201312 m\u00e5nader<\/b><span style=\"font-weight: 400;\"> (ibland l\u00e4ngre beroende p\u00e5 individ).<\/span><span style=\"font-weight: 400;\"><br><\/span><\/li>\n<\/ul>\n\n\n\n<p class=\"wp-block-paragraph\"><span style=\"font-weight: 400;\">Det \u00e4r d\u00e4rf\u00f6r h\u00e4ndelsebaserad planering \u00e4r viktig. Om du vill att ditt sk\u00e4gg ska se mest moget ut f\u00f6r ett br\u00f6llop, en professionell fotografering eller en stor resa, schemal\u00e4gg <\/span><b>9\u201312 m\u00e5nader fram\u00e5t<\/b><span style=\"font-weight: 400;\"> \u00e4r det s\u00e4kraste alternativet.<\/span><\/p>\n\n\n\n<h2 class=\"wp-block-heading\" id=\"lifestyle-factors-that-matter-more-than-the-calendar\"><b>Livsstilsfaktorer som betyder mer \u00e4n kalendern<\/b><\/h2>\n\n\n\n<p class=\"wp-block-paragraph\"><span style=\"font-weight: 400;\">S\u00e4song hj\u00e4lper, men din rutin \u00e4r viktigare. Innan du bokar, kontrollera dessa praktiska punkter:<\/span><\/p>\n\n\n\n<ul class=\"wp-block-list\">\n<li><b>Ledighet:<\/b><span style=\"font-weight: 400;\"> planera \u00e5tminstone n\u00e5gra lugnare dagar s\u00e5 att du inte rusar, svettas eller pendlar h\u00e5rt under den mest k\u00e4nsliga fasen.<\/span><span style=\"font-weight: 400;\"><br><\/span><\/li>\n\n\n\n<li><b>Exponering f\u00f6r sol och vatten:<\/b><span style=\"font-weight: 400;\"> m\u00e5nga leverant\u00f6rer rekommenderar att du undviker direkt sol tidigt och att pooler\/hav\/bastu skjuts upp under en viss tid (exakt tidpunkt varierar \u2013 f\u00f6lj din kliniks protokoll).<\/span><span style=\"font-weight: 400;\"><br><\/span><\/li>\n\n\n\n<li><b>Gym och sport:<\/b><span style=\"font-weight: 400;\"> tr\u00e4ning som orsakar kraftig svettning kan avskr\u00e4ckas i den tidiga fasen av m\u00e5nga kliniker.<\/span><span style=\"font-weight: 400;\"><br><\/span><\/li>\n<\/ul>\n\n\n\n<h2 class=\"wp-block-heading\" id=\"travel-beach-holidays-or-activity-heavy-trips-right-after-surgery-are-rarely-convenient-even-if-theyre-technically-possible-with-strict-precautions-\ufffc\"><b>Resor:<\/b><span style=\"font-weight: 400;\"> strandsemester eller aktivitetstunga resor direkt efter operationen \u00e4r s\u00e4llan praktiska, \u00e4ven om de \u00e4r tekniskt m\u00f6jliga med strikta f\u00f6rsiktighets\u00e5tg\u00e4rder.<\/span><span style=\"font-weight: 400;\"><br><\/span><figure><img decoding=\"async\" style=\"font-size: 16px;\" src=\"https:\/\/haircenterofturkey.com\/wp-content\/uploads\/2025\/06\/When-Is-the-Best-Season-for-Beard-Transplant-3.webp\" alt=\"When Is the Best Season for Beard Transplant?\" title=\"\"><\/figure><\/h2>\n\n\n\n<h2 class=\"wp-block-heading\" id=\"fa-qs-about-beard-transplant-timing\"><b>Vanliga fr\u00e5gor om sk\u00e4ggtransplantationstid<\/b><\/h2>\n\n\n<div id=\"rank-math-faq\" class=\"rank-math-block\">\n<div class=\"rank-math-list \">\n<div id=\"faq-question-1771235639950\" class=\"rank-math-list-item\">\n<h3 class=\"rank-math-question \">Vilken \u00e5rstid \u00e4r idealisk f\u00f6r en sk\u00e4ggtransplantation?<\/h3>\n<div class=\"rank-math-answer \">\n\n<p>V\u00e5r eller h\u00f6st \u00e4r idealiska; milt v\u00e4der minskar svettningar, solexponering och irritation.<\/p>\n\n<\/div>\n<\/div>\n<div id=\"faq-question-1771235641887\" class=\"rank-math-list-item\">\n<h3 class=\"rank-math-question \">Kan sommaren eller vintern p\u00e5verka \u00e5terh\u00e4mtningen av sk\u00e4ggtransplantation?<\/h3>\n<div class=\"rank-math-answer \">\n\n<p>Ja, sommarv\u00e4rmen \u00f6kar svettning; vinterkyla torkar huden och minskar komforten.<\/p>\n\n<\/div>\n<\/div>\n<div id=\"faq-question-1771235642279\" class=\"rank-math-list-item\">\n<h3 class=\"rank-math-question \">Finns det en b\u00e4sta tid p\u00e5 \u00e5ret f\u00f6r att maximera sk\u00e4ggtransplantationsresultat?<\/h3>\n<div class=\"rank-math-answer \">\n\n<p>Nej, resultat beror p\u00e5 teknik och efterv\u00e5rd; v\u00e4lj en period med l\u00e5g sol och l\u00e5g svett.<\/p>\n\n<\/div>\n<\/div>\n<div id=\"faq-question-1771235642800\" class=\"rank-math-list-item\">\n<h3 class=\"rank-math-question \">Hur p\u00e5verkar v\u00e4derf\u00f6rh\u00e5llandena sk\u00e4ggtransplantationsl\u00e4kning?<\/h3>\n<div class=\"rank-math-answer \">\n\n<p>V\u00e4rme, svett och UV ger irritation; kyla, vind och torrhet saktar tillbaka hudens \u00e5terh\u00e4mtning.<\/p>\n\n<\/div>\n<\/div>\n<div id=\"faq-question-1771235643642\" class=\"rank-math-list-item\">\n<h3 class=\"rank-math-question \">Finns det s\u00e4songsbetonade tips f\u00f6r v\u00e5rd f\u00f6re och efter sk\u00e4ggtransplantation?u003cbru003e<\/h3>\n<div class=\"rank-math-answer \">\n\n<p>Ja: undvik sol, svett, pooler; \u00e5terfukta p\u00e5 vintern; f\u00f6lj tv\u00e4ttr\u00e5den strikt.<\/p>\n\n<\/div>\n<\/div>\n<\/div>\n<\/div>","protected":false},"excerpt":{"rendered":"<p>N\u00e4r \u00e4r den b\u00e4sta s\u00e4songen f\u00f6r en sk\u00e4ggtransplantation? En sk\u00e4ggtransplantation kan schemal\u00e4ggas n\u00e4r som helst p\u00e5 \u00e5ret, men m\u00e5nga m\u00e4nniskor tycker att h\u00f6sten och vintern \u00e4r bekv\u00e4mare eftersom svalare v\u00e4der vanligtvis inneb\u00e4r mindre svettningar och mindre intensiv solexponering. V\u00e4lj en period d\u00e5 du kan h\u00e5lla aktiviteten l\u00e5g i cirka 7\u201314 dagar och planera 9\u201312 m\u00e5nader [&hellip;]<\/p>\n","protected":false},"author":2,"featured_media":784,"comment_status":"closed","ping_status":"closed","sticky":false,"template":"","format":"standard","meta":{"footnotes":"","rank_math_title":"","rank_math_description":"Den b\u00e4sta s\u00e4songen f\u00f6r en sk\u00e4ggtransplantation \u00e4r h\u00f6st eller vinter p\u00e5 grund av svalare v\u00e4der och snabbare l\u00e4kning. Klicka f\u00f6r information.","rank_math_focus_keyword":"","rank_math_canonical_url":"","rank_math_breadcrumb_title":"","rank_math_facebook_title":"","rank_math_facebook_description":"","rank_math_facebook_image":"","rank_math_twitter_title":"","rank_math_twitter_description":"","rank_math_twitter_image":"","rank_math_pillar_content":""},"categories":[1006,1016],"tags":[],"class_list":["post-55233","post","type-post","status-publish","format-standard","has-post-thumbnail","hentry","category-blog","category-hartransplantationsbehandlingar"],"_links":{"self":[{"href":"https:\/\/haircenterofturkey.com\/sv\/wp-json\/wp\/v2\/posts\/55233","targetHints":{"allow":["GET"]}}],"collection":[{"href":"https:\/\/haircenterofturkey.com\/sv\/wp-json\/wp\/v2\/posts"}],"about":[{"href":"https:\/\/haircenterofturkey.com\/sv\/wp-json\/wp\/v2\/types\/post"}],"author":[{"embeddable":true,"href":"https:\/\/haircenterofturkey.com\/sv\/wp-json\/wp\/v2\/users\/2"}],"replies":[{"embeddable":true,"href":"https:\/\/haircenterofturkey.com\/sv\/wp-json\/wp\/v2\/comments?post=55233"}],"version-history":[{"count":1,"href":"https:\/\/haircenterofturkey.com\/sv\/wp-json\/wp\/v2\/posts\/55233\/revisions"}],"predecessor-version":[{"id":61714,"href":"https:\/\/haircenterofturkey.com\/sv\/wp-json\/wp\/v2\/posts\/55233\/revisions\/61714"}],"wp:featuredmedia":[{"embeddable":true,"href":"https:\/\/haircenterofturkey.com\/sv\/wp-json\/wp\/v2\/media\/784"}],"wp:attachment":[{"href":"https:\/\/haircenterofturkey.com\/sv\/wp-json\/wp\/v2\/media?parent=55233"}],"wp:term":[{"taxonomy":"category","embeddable":true,"href":"https:\/\/haircenterofturkey.com\/sv\/wp-json\/wp\/v2\/categories?post=55233"},{"taxonomy":"post_tag","embeddable":true,"href":"https:\/\/haircenterofturkey.com\/sv\/wp-json\/wp\/v2\/tags?post=55233"}],"curies":[{"name":"wp","href":"https:\/\/api.w.org\/{rel}","templated":true}]}}