{"id":54801,"date":"2025-08-07T19:31:22","date_gmt":"2025-08-07T16:31:22","guid":{"rendered":"https:\/\/haircenterofturkey.com\/?p=54801"},"modified":"2026-09-01T16:54:22","modified_gmt":"2026-09-01T13:54:22","slug":"hur-har-sociala-medier-paverkat-var-syn-pa-haravfall","status":"publish","type":"post","link":"https:\/\/haircenterofturkey.com\/sv\/hur-har-sociala-medier-paverkat-var-syn-pa-haravfall\/","title":{"rendered":"Hur har sociala medier p\u00e5verkat v\u00e5r syn p\u00e5 h\u00e5ravfall"},"content":{"rendered":"\n<h2 class=\"wp-block-heading\" id=\"how-has-social-media-affected-our-view-on-hair-loss\"><b>Hur har sociala medier p\u00e5verkat v\u00e5r syn p\u00e5 h\u00e5ravfall?<\/b><\/h2>\n\n\n\n<p class=\"wp-block-paragraph\"><b>Sociala medier har omformat hur h\u00e5ravfall uppfattas och flyttat det fr\u00e5n ett privat problem till ett brett diskuterat \u00e4mne.<\/b><b><br><\/b><span style=\"font-weight: 400;\"> Genom riktiga patientber\u00e4ttelser, influencer-resor och \u00f6ppna konversationer har plattformar som Instagram, TikTok och YouTube minskat stigmatisering samtidigt som de skapar nya pressar kring utseende och behandlingsf\u00f6rv\u00e4ntningar.<\/span><\/p>\n\n\n\n<div class=\"wp-block-rank-math-toc-block\" id=\"rank-math-toc\"><h2>Table of Contents<\/h2><nav><ul><li><a href=\"#how-has-social-media-affected-our-view-on-hair-loss\">Hur har sociala medier p\u00e5verkat v\u00e5r syn p\u00e5 h\u00e5ravfall?<\/a><\/li><li><a href=\"#the-rise-of-hair-loss-awareness-online\">\u00d6kningen av medvetenhet om h\u00e5ravfall online<\/a><\/li><li><a href=\"#how-social-media-normalized-hair-loss-treatments\">Hur sociala medier normaliserade behandlingar f\u00f6r h\u00e5ravfall<\/a><\/li><li><a href=\"#the-pressure-of-perfection-and-unrealistic-expectations\">Trycket av perfektion och orealistiska f\u00f6rv\u00e4ntningar<\/a><\/li><li><a href=\"#hashtags-trends-and-the-bald-positivity-movement\">Hashtags, trender och den kala positivitetsr\u00f6relsen<\/a><\/li><li><a href=\"#the-role-of-clinics-in-social-media-marketing\">Klinikernas roll i marknadsf\u00f6ring p\u00e5 sociala medier<\/a><\/li><li><a href=\"#creating-a-healthier-digital-perspective-on-hair-loss\">Skapa ett h\u00e4lsosammare digitalt perspektiv p\u00e5 h\u00e5ravfall<\/a><\/li><li><a href=\"#frequently-asked-questions\">Vanliga fr\u00e5gor<\/a><\/li><\/ul><\/nav><\/div>\n\n\n\n<h2 class=\"wp-block-heading\" id=\"the-rise-of-hair-loss-awareness-online\"><b>\u00d6kningen av medvetenhet om h\u00e5ravfall online<\/b><\/h2>\n\n\n\n<p class=\"wp-block-paragraph\"><span style=\"font-weight: 400;\">Innan sociala medier var h\u00e5ravfall ofta dolt eller i tysthet. M\u00e5nga undvek att diskutera det p\u00e5 grund av f\u00f6rl\u00e4genhet eller r\u00e4dsla f\u00f6r att d\u00f6ma.<\/span><\/p>\n\n\n\n<p class=\"wp-block-paragraph\"><span style=\"font-weight: 400;\">Idag delar anv\u00e4ndare \u00f6ppet med sig av tidiga tecken p\u00e5 gallring, behandlingsupplevelser och \u00e5terh\u00e4mtningsframsteg. Denna synlighet har hj\u00e4lpt till att normalisera h\u00e5ravfall och skapat samh\u00e4llen d\u00e4r m\u00e4nniskor k\u00e4nner sig f\u00f6rst\u00e5dda snarare \u00e4n isolerade.<\/span><\/p>\n\n\n\n<figure class=\"wp-block-image\"><img decoding=\"async\" src=\"https:\/\/haircenterofturkey.com\/wp-content\/uploads\/2025\/08\/How-Has-Social-Media-Affected-Our-View-on-Hair-Loss-1-1.webp\" alt=\"How Has Social Media Affected Our View on Hair Loss\" title=\"\"><\/figure>\n\n\n\n<p class=\"wp-block-paragraph\"><\/p>\n\n\n\n<h2 class=\"wp-block-heading\" id=\"how-social-media-normalized-hair-loss-treatments\"><b>Hur sociala medier normaliserade behandlingar f\u00f6r h\u00e5ravfall<\/b><\/h2>\n\n\n\n<p class=\"wp-block-paragraph\"><span style=\"font-weight: 400;\">H\u00e5rrestaureringsprocedurer s\u00e5gs en g\u00e5ng som n\u00e5got att h\u00e5lla privat. Sociala plattformar f\u00f6r\u00e4ndrade den uppfattningen genom att l\u00e5ta m\u00e4nniskor dokumentera sina resor offentligt.<\/span><\/p>\n\n\n\n<p class=\"wp-block-paragraph\"><span style=\"font-weight: 400;\">Utbildningsinl\u00e4gg och tidslinjer f\u00f6r \u00e5terh\u00e4mtning har gjort behandlingar l\u00e4ttare att f\u00f6rst\u00e5. Att se verkliga resultat hj\u00e4lper till att minska r\u00e4dslan och till\u00e5ter individer att n\u00e4rma sig alternativ med tydligare f\u00f6rv\u00e4ntningar snarare \u00e4n antaganden.<\/span><\/p>\n\n\n\n<h2 class=\"wp-block-heading\" id=\"the-pressure-of-perfection-and-unrealistic-expectations\"><b>Trycket av perfektion och orealistiska f\u00f6rv\u00e4ntningar<\/b><\/h2>\n\n\n\n<p class=\"wp-block-paragraph\"><span style=\"font-weight: 400;\">\u00c4ven om \u00f6ppenhet har f\u00f6rdelar, kan konstant exponering f\u00f6r kurerade transformationer skapa k\u00e4nslom\u00e4ssig p\u00e5frestning. Idealiserade h\u00e5rlinjer och snabba resultat kan f\u00f6rvr\u00e4nga vad som \u00e4r realistiskt m\u00f6jligt.<\/span><\/p>\n\n\n\n<p class=\"wp-block-paragraph\"><span style=\"font-weight: 400;\">Vissa individer k\u00e4nner sig pressade att agera snabbt eller j\u00e4mf\u00f6ra sig med andra vars situation kan vara v\u00e4ldigt annorlunda. Denna milj\u00f6 kan f\u00f6rst\u00e4rka otryggheten ist\u00e4llet f\u00f6r att ge trygghet n\u00e4r inneh\u00e5llet saknar balans.<\/span><\/p>\n\n\n\n<h2 class=\"wp-block-heading\" id=\"hashtags-trends-and-the-bald-positivity-movement\"><b>Hashtags, trender och den kala positivitetsr\u00f6relsen<\/b><\/h2>\n\n\n\n<p class=\"wp-block-paragraph\"><span style=\"font-weight: 400;\">Inte varje trend fokuserar p\u00e5 restaurering. R\u00f6relser som skallig positivitet fr\u00e4mjar sj\u00e4lvf\u00f6rtroende utan h\u00e5r och utmanar traditionella sk\u00f6nhetsstandarder.<\/span><\/p>\n\n\n\n<p class=\"wp-block-paragraph\"><span style=\"font-weight: 400;\">M\u00e4nniskor som v\u00e4ljer att omfamna h\u00e5ravfall visar \u00f6ppet att sj\u00e4lvk\u00e4nsla inte enbart beror p\u00e5 utseendet. Dessa r\u00f6ster spelar en viktig roll f\u00f6r att motverka orealistiska ideal och uppmuntra sj\u00e4lvacceptans.<\/span><\/p>\n\n\n\n<h2 class=\"wp-block-heading\" id=\"\ufffc\"><figure><img decoding=\"async\" style=\"font-size: 16px;\" src=\"https:\/\/haircenterofturkey.com\/wp-content\/uploads\/2025\/08\/How-Has-Social-Media-Affected-Our-View-on-Hair-Loss-2-1.webp\" alt=\"How Has Social Media Affected Our View on Hair Loss\" title=\"\"><\/figure><\/h2>\n\n\n\n<h2 class=\"wp-block-heading\" id=\"the-role-of-clinics-in-social-media-marketing\"><b>Klinikernas roll i marknadsf\u00f6ring p\u00e5 sociala medier<\/b><\/h2>\n\n\n\n<p class=\"wp-block-paragraph\"><span style=\"font-weight: 400;\">H\u00e5rtransplantationskliniker anv\u00e4nder alltmer sociala plattformar f\u00f6r att f\u00f6rklara procedurer, dela patientber\u00e4ttelser och n\u00e5 internationell publik. N\u00e4r den hanteras ansvarsfullt hj\u00e4lper denna transparens m\u00e4nniskor att fatta v\u00e4lgrundade beslut.<\/span><\/p>\n\n\n\n<p class=\"wp-block-paragraph\"><span style=\"font-weight: 400;\">Problem uppst\u00e5r n\u00e4r meddelanden bygger p\u00e5 \u00f6verdrivna l\u00f6ften eller r\u00e4dslabaserade taktiker. Tittarna b\u00f6r n\u00e4rma sig reklaminneh\u00e5ll kritiskt och s\u00f6ka professionell konsultation innan de fattar beslut.<\/span><\/p>\n\n\n\n<h2 class=\"wp-block-heading\" id=\"creating-a-healthier-digital-perspective-on-hair-loss\"><b>Skapa ett h\u00e4lsosammare digitalt perspektiv p\u00e5 h\u00e5ravfall<\/b><\/h2>\n\n\n\n<p class=\"wp-block-paragraph\"><span style=\"font-weight: 400;\">Sociala medier i sig \u00e4r inte i sig positiva eller negativa. Dess inverkan beror p\u00e5 hur information delas och konsumeras.<\/span><\/p>\n\n\n\n<p class=\"wp-block-paragraph\"><span style=\"font-weight: 400;\">Balanserat, \u00e4rligt inneh\u00e5ll kan utbilda och st\u00f6dja. Medveten anv\u00e4ndning hj\u00e4lper individer att skilja inspiration fr\u00e5n orealistiska j\u00e4mf\u00f6relser och uppmuntrar till f\u00f6rtroende som grundar sig i informerade val snarare \u00e4n p\u00e5tryckningar.<\/span><\/p>\n\n\n\n<h2 class=\"wp-block-heading\" id=\"frequently-asked-questions\"><b>Vanliga fr\u00e5gor<\/b><\/h2>\n\n\n<div id=\"rank-math-faq\" class=\"rank-math-block\">\n<div class=\"rank-math-list \">\n<div id=\"faq-question-1771229949198\" class=\"rank-math-list-item\">\n<h3 class=\"rank-math-question \">Vilka \u00e4r de sociala effekterna av h\u00e5ravfall?<\/h3>\n<div class=\"rank-math-answer \">\n\n<p>H\u00e5ravfall kan minska sj\u00e4lvk\u00e4nslan, \u00f6ka \u00e5ngest och p\u00e5verka socialt sj\u00e4lvf\u00f6rtroende och relationer.<\/p>\n\n<\/div>\n<\/div>\n<div id=\"faq-question-1771229950180\" class=\"rank-math-list-item\">\n<h3 class=\"rank-math-question \">Vilka \u00e4r 5 negativa effekter av sociala medier?<\/h3>\n<div class=\"rank-math-answer \">\n\n<p>\u00c5ngest, depression, s\u00f6mnst\u00f6rningar, exponering f\u00f6r n\u00e4tmobbning och minskad uppm\u00e4rksamhet \u00e4r vanliga negativa effekter.<\/p>\n\n<\/div>\n<\/div>\n<div id=\"faq-question-1771229950864\" class=\"rank-math-list-item\">\n<h3 class=\"rank-math-question \">Vad \u00e4r den st\u00f6rsta orsaken till h\u00e5ravfall?<\/h3>\n<div class=\"rank-math-answer \">\n\n<p>Androgen alopeci \u00e4r den vanligaste orsaken till h\u00e5ravfall.<\/p>\n\n<\/div>\n<\/div>\n<div id=\"faq-question-1771229951780\" class=\"rank-math-list-item\">\n<h3 class=\"rank-math-question \">Hur p\u00e5verkar sociala medier v\u00e5r uppfattning om sk\u00f6nhet?<\/h3>\n<div class=\"rank-math-answer \">\n\n<p>Det fr\u00e4mjar filtrerade ideal, \u00f6kande j\u00e4mf\u00f6relser, missn\u00f6je och press att anpassa sig.<\/p>\n\n<\/div>\n<\/div>\n<div id=\"faq-question-1771229952339\" class=\"rank-math-list-item\">\n<h3 class=\"rank-math-question \">Varf\u00f6r drabbas alla av h\u00e5ravfall?<\/h3>\n<div class=\"rank-math-answer \">\n\n<p>Inte alla; genetik, \u00e5ldrande, hormoner, stress, sjukdomar och brister kan utl\u00f6sa h\u00e5ravfall.<\/p>\n\n<\/div>\n<\/div>\n<div id=\"faq-question-1771229953313\" class=\"rank-math-list-item\">\n<h3 class=\"rank-math-question \">Vilken \u00e4r den sv\u00e5raste psykiska sjukdomen att leva med?<\/h3>\n<div class=\"rank-math-answer \">\n\n<p>Ingen enskild psykisk sjukdom \u00e4r universellt sv\u00e5rast; p\u00e5verkan beror p\u00e5 sv\u00e5righetsgrad, st\u00f6d och samsjuklighet.<\/p>\n\n<\/div>\n<\/div>\n<\/div>\n<\/div>","protected":false},"excerpt":{"rendered":"<p>Hur har sociala medier p\u00e5verkat v\u00e5r syn p\u00e5 h\u00e5ravfall? Sociala medier har omformat hur h\u00e5ravfall uppfattas och flyttat det fr\u00e5n ett privat problem till ett brett diskuterat \u00e4mne. Genom riktiga patientber\u00e4ttelser, influencer-resor och \u00f6ppna konversationer har plattformar som Instagram, TikTok och YouTube minskat stigmatisering samtidigt som de skapar nya pressar kring utseende och behandlingsf\u00f6rv\u00e4ntningar. \u00d6kningen [&hellip;]<\/p>\n","protected":false},"author":2,"featured_media":888,"comment_status":"closed","ping_status":"closed","sticky":false,"template":"","format":"standard","meta":{"footnotes":"","rank_math_title":"","rank_math_description":"Sociala medier har avsev\u00e4rt f\u00f6r\u00e4ndrat hur m\u00e4nniskor uppfattar h\u00e5ravfall, vilket g\u00f6r det mer synligt och \u00f6ppet diskuterat. Klicka f\u00f6r information.","rank_math_focus_keyword":"","rank_math_canonical_url":"","rank_math_breadcrumb_title":"","rank_math_facebook_title":"","rank_math_facebook_description":"","rank_math_facebook_image":"","rank_math_twitter_title":"","rank_math_twitter_description":"","rank_math_twitter_image":"","rank_math_pillar_content":""},"categories":[1006,1013],"tags":[],"class_list":["post-54801","post","type-post","status-publish","format-standard","has-post-thumbnail","hentry","category-blog","category-haravfall"],"_links":{"self":[{"href":"https:\/\/haircenterofturkey.com\/sv\/wp-json\/wp\/v2\/posts\/54801","targetHints":{"allow":["GET"]}}],"collection":[{"href":"https:\/\/haircenterofturkey.com\/sv\/wp-json\/wp\/v2\/posts"}],"about":[{"href":"https:\/\/haircenterofturkey.com\/sv\/wp-json\/wp\/v2\/types\/post"}],"author":[{"embeddable":true,"href":"https:\/\/haircenterofturkey.com\/sv\/wp-json\/wp\/v2\/users\/2"}],"replies":[{"embeddable":true,"href":"https:\/\/haircenterofturkey.com\/sv\/wp-json\/wp\/v2\/comments?post=54801"}],"version-history":[{"count":1,"href":"https:\/\/haircenterofturkey.com\/sv\/wp-json\/wp\/v2\/posts\/54801\/revisions"}],"predecessor-version":[{"id":61825,"href":"https:\/\/haircenterofturkey.com\/sv\/wp-json\/wp\/v2\/posts\/54801\/revisions\/61825"}],"wp:featuredmedia":[{"embeddable":true,"href":"https:\/\/haircenterofturkey.com\/sv\/wp-json\/wp\/v2\/media\/888"}],"wp:attachment":[{"href":"https:\/\/haircenterofturkey.com\/sv\/wp-json\/wp\/v2\/media?parent=54801"}],"wp:term":[{"taxonomy":"category","embeddable":true,"href":"https:\/\/haircenterofturkey.com\/sv\/wp-json\/wp\/v2\/categories?post=54801"},{"taxonomy":"post_tag","embeddable":true,"href":"https:\/\/haircenterofturkey.com\/sv\/wp-json\/wp\/v2\/tags?post=54801"}],"curies":[{"name":"wp","href":"https:\/\/api.w.org\/{rel}","templated":true}]}}