{"id":54704,"date":"2026-07-16T11:29:03","date_gmt":"2026-07-16T08:29:03","guid":{"rendered":"https:\/\/haircenterofturkey.com\/?p=54704"},"modified":"2026-09-01T16:54:30","modified_gmt":"2026-09-01T13:54:30","slug":"vanliga-orsaker-till-haravfall-hos-man-och-kvinnor","status":"publish","type":"post","link":"https:\/\/haircenterofturkey.com\/sv\/vanliga-orsaker-till-haravfall-hos-man-och-kvinnor\/","title":{"rendered":"Vanliga orsaker till h\u00e5ravfall hos m\u00e4n och kvinnor"},"content":{"rendered":"\n<p class=\"wp-block-paragraph\">H\u00e5ravfall hos m\u00e4n och kvinnor \u00e4r en komplex fr\u00e5ga som drivs av genetik, hormonella f\u00f6r\u00e4ndringar, stress, medicinska tillst\u00e5nd och livsstilsvanor. Att identifiera grundorsaken \u00e4r det f\u00f6rsta steget mot att hitta en effektiv behandling. <\/p>\n\n\n\n<p class=\"wp-block-paragraph\">F\u00f6r dem som s\u00f6ker expertl\u00f6sningar, s\u00e4rskilt patienter fr\u00e5n USA, erbjuder Hair Center of Turkey v\u00e5rd i v\u00e4rldsklass till ett \u00f6verkomligt pris.<\/p>\n\n\n\n<p class=\"wp-block-paragraph\">V\u00e5rt engagerade team av 3 expertl\u00e4kare grundades 2014 och utf\u00f6r \u00f6ver 3000 framg\u00e5ngsrika procedurer \u00e5rligen, specialiserade p\u00e5 att diagnostisera och behandla de invecklade orsakerna till h\u00e5ravfall.<\/p>\n\n\n\n<p class=\"wp-block-paragraph\">Att f\u00f6rst\u00e5 varf\u00f6r du tappar h\u00e5r kan k\u00e4nnas \u00f6verv\u00e4ldigande, men det \u00e4r en vanlig upplevelse. Mer \u00e4n h\u00e4lften av alla kvinnor kommer att drabbas av m\u00e4rkbart h\u00e5ravfall n\u00e5gon g\u00e5ng i livet. Samtidigt kommer cirka 85 % av m\u00e4nnen att uppleva betydande gallring n\u00e4r de n\u00e5r 50 \u00e5rs \u00e5lder.<\/p>\n\n\n\n<p class=\"wp-block-paragraph\">Nyckeln \u00e4r att skilja mellan normal daglig avfall och ett mer ih\u00e5llande problem som kr\u00e4ver professionell uppm\u00e4rksamhet. Den h\u00e4r guiden utforskar de vanligaste orsakerna till h\u00e5ravfall f\u00f6r att ge klarhet och riktning.<\/p>\n\n\n\n<h2 id=\"androgenetic-alopecia-the-role-of-genetics\" class=\"wp-block-heading\">Androgenetisk Alopeci: Genetikens roll<\/h2>\n\n\n\n<p class=\"wp-block-paragraph\">Den vanligaste orsaken till h\u00e5ravfall hos m\u00e4n och kvinnor \u00e4r androgen alopeci, ofta kallad manlig eller kvinnlig skallighet. Detta tillst\u00e5nd \u00e4r \u00e4rftligt, vilket inneb\u00e4r att det \u00f6verf\u00f6rs genom familjer. Det \u00e4r direkt kopplat till en genetisk k\u00e4nslighet f\u00f6r dihydrotestosteron (DHT), en biprodukt av testosteron.<\/p>\n\n\n\n<div class=\"wp-block-rank-math-toc-block\" id=\"rank-math-toc\"><h2>Table of Contents<\/h2><nav><ul><li><a href=\"#androgenetic-alopecia-the-role-of-genetics\">Androgenetisk Alopeci: Genetikens roll<\/a><\/li><li><a href=\"#telogen-effluvium-stress-and-illness-as-triggers\">Telogen Effluvium: Stress och sjukdom som triggers<\/a><\/li><li><a href=\"#alopecia-areata-an-autoimmune-perspective\">Alopecia Areata: Ett autoimmunt perspektiv<\/a><\/li><li><a href=\"#hormonal-changes-and-their-impact-on-hair-health\">Hormonella f\u00f6r\u00e4ndringar och deras inverkan p\u00e5 h\u00e5rets h\u00e4lsa<\/a><ul><li><a href=\"#pregnancy-and-menopause\">Graviditet och klimakteriet<\/a><\/li><li><a href=\"#thyroid-conditions\">Sk\u00f6ldk\u00f6rteltillst\u00e5nd<\/a><\/li><\/ul><\/li><li><a href=\"#nutritional-deficiencies-the-link-between-diet-and-hair\">N\u00e4ringsbrister: kopplingen mellan kost och h\u00e5r<\/a><\/li><li><a href=\"#traction-alopecia-when-hairstyles-cause-hair-loss\">Traction Alopeci: N\u00e4r frisyrer orsakar h\u00e5ravfall<\/a><\/li><li><a href=\"#medical-conditions-and-medications-as-underlying-causes\">Medicinska tillst\u00e5nd och mediciner som bakomliggande orsaker<\/a><ul><li><a href=\"#underlying-health-conditions\">Underliggande h\u00e4lsotillst\u00e5nd<\/a><\/li><li><a href=\"#side-effects-of-medications\">Biverkningar av mediciner<\/a><\/li><\/ul><\/li><li><a href=\"#frequently-asked-questions\">Vanliga fr\u00e5gor<\/a><\/li><\/ul><\/nav><\/div>\n\n\n\n<p class=\"wp-block-paragraph\">DHT kan binda till receptorer i h\u00e5rs\u00e4ckarna, vilket f\u00e5r dem att krympa och producera kortare, finare h\u00e5rstr\u00e5n tills de slutligen slutar producera h\u00e5r helt. Detta tillst\u00e5nd p\u00e5verkar uppskattningsvis 50 miljoner m\u00e4n och 30 miljoner kvinnor enbart i USA.<\/p>\n\n\n\n<p class=\"wp-block-paragraph\">Hos m\u00e4n f\u00f6ljer androgen alopeci vanligtvis ett f\u00f6ruts\u00e4gbart m\u00f6nster. Det b\u00f6rjar ofta med ett vikande h\u00e5rf\u00e4ste som bildar en distinkt &#8221;M&#8221;-form. Detta f\u00f6ljs ofta av gallring vid hj\u00e4ssan. Med tiden kan dessa tv\u00e5 omr\u00e5den av h\u00e5ravfall sm\u00e4lta samman, vilket leder till partiell eller till och med fullst\u00e4ndig skallighet p\u00e5 toppen av h\u00e5rbotten.<\/p>\n\n\n\n<p class=\"wp-block-paragraph\">Progressionen m\u00e4ts ofta med hj\u00e4lp av Norwood-skalan, som hj\u00e4lper till att klassificera de olika stadierna av manlig skallighet. \u00c4ven om det kan b\u00f6rja i ton\u00e5ren, \u00f6kar dess prevalens avsev\u00e4rt med \u00e5ldern.<\/p>\n\n\n\n<p class=\"wp-block-paragraph\">M\u00f6nstret ser annorlunda ut f\u00f6r kvinnor. Ist\u00e4llet f\u00f6r ett vikande h\u00e5rf\u00e4ste upptr\u00e4der kvinnligt h\u00e5ravfall vanligtvis som en diffus uttunning \u00f6ver hela h\u00e5rbotten. Det vanligaste initialtecknet \u00e4r en vidgning av den mittersta h\u00e5rdelen, vilket g\u00f6r h\u00e5rbotten mer synlig.<\/p>\n\n\n\n<p class=\"wp-block-paragraph\">Fullst\u00e4ndig skallighet \u00e4r s\u00e4llsynt hos kvinnor, men den totala h\u00e5rt\u00e4theten kan reduceras avsev\u00e4rt, vilket p\u00e5verkar volym och t\u00e4ckning. Denna gradvisa f\u00f6rtunning m\u00e4rks ofta f\u00f6rst n\u00e4r du stylar h\u00e5ret eller ser mer h\u00e5rbotten \u00e4n vanligt. Ludwigskalan \u00e4r ett vanligt verktyg som anv\u00e4nds f\u00f6r att sp\u00e5ra utvecklingen av denna typ av h\u00e5ravfall f\u00f6r m\u00e4n och kvinnor.<\/p>\n\n\n\n<h2 id=\"telogen-effluvium-stress-and-illness-as-triggers\" class=\"wp-block-heading\">Telogen Effluvium: Stress och sjukdom som triggers<\/h2>\n\n\n\n<p class=\"wp-block-paragraph\">Telogen effluvium \u00e4r en form av tillf\u00e4llig h\u00e5ravfall som \u00e4r en betydande utl\u00f6sande faktor f\u00f6r det pl\u00f6tsliga h\u00e5ravfall som m\u00e4n och kvinnor rapporterar efter en chock i kroppen. En person f\u00e4ller normalt mellan 50 och 100 h\u00e5rstr\u00e5n per dag som en del av en h\u00e4lsosam h\u00e5rcykel. Med telogen effluvium kan dock detta antal hoppa dramatiskt till 300 eller till och med 500 h\u00e5rstr\u00e5n per dag. Tillst\u00e5ndet intr\u00e4ffar n\u00e4r ett stort antal h\u00e5rstr\u00e5n i tillv\u00e4xtfasen (anagen) f\u00f6r tidigt pressas in i vilofasen (telogen), vilket leder till utbredd h\u00e5ravfall n\u00e5gra m\u00e5nader efter den utl\u00f6sande h\u00e4ndelsen.<\/p>\n\n\n\n<p class=\"wp-block-paragraph\">Listan \u00f6ver potentiella triggers \u00e4r omfattande och mycket personlig. Stora fysiska trauman, som en allvarlig olycka eller st\u00f6rre operation, \u00e4r en vanlig orsak. Allvarlig k\u00e4nslom\u00e4ssig stress, som f\u00f6rlust av en \u00e4lskad, en skilsm\u00e4ssa eller en period av intensiv professionell press, kan ocks\u00e5 initiera en episod.<\/p>\n\n\n\n<p class=\"wp-block-paragraph\">Andra triggers inkluderar h\u00f6g feber, betydande sjukdomar som COVID-19, extrem och snabb viktminskning och stora kostf\u00f6r\u00e4ndringar. H\u00e5ravfall efter f\u00f6rlossningen, som m\u00e5nga nyblivna m\u00f6drar upplever, \u00e4r ocks\u00e5 en form av telogen effluvium som orsakas av den kraftiga minskningen av hormonniv\u00e5erna efter f\u00f6rlossningen.<\/p>\n\n\n\n<p class=\"wp-block-paragraph\">Den positiva aspekten av detta tillst\u00e5nd \u00e4r att det n\u00e4stan alltid \u00e4r reversibelt. N\u00e4r den underliggande stressfaktorn har identifierats och l\u00f6sts \u00e5terg\u00e5r h\u00e5rs\u00e4ckarna vanligtvis till sin normala tillv\u00e4xtcykel utan permanent skada. Avfallet saktar ner och nytt h\u00e5r b\u00f6rjar v\u00e4xa ut igen under de kommande m\u00e5naderna. \u00c4ven om det pl\u00f6tsliga och m\u00e4rkbara h\u00e5ravfallet kan vara alarmerande, \u00e4r t\u00e5lamod viktigt, eftersom det kan ta tid f\u00f6r h\u00e5rt\u00e4theten att \u00e5terg\u00e5 till sitt tidigare tillst\u00e5nd.<\/p>\n\n\n\n<figure class=\"wp-block-image size-large\"><img loading=\"lazy\" decoding=\"async\" width=\"1024\" height=\"569\" src=\"https:\/\/haircenterofturkey.com\/wp-content\/uploads\/2026\/07\/Telogen-Effluvium-Stress-and-Illness-as-Triggers-1024x569.webp\" alt=\"\" class=\"wp-image-54455\" title=\"\" srcset=\"https:\/\/haircenterofturkey.com\/wp-content\/uploads\/2026\/07\/Telogen-Effluvium-Stress-and-Illness-as-Triggers-1024x569.webp 1024w, https:\/\/haircenterofturkey.com\/wp-content\/uploads\/2026\/07\/Telogen-Effluvium-Stress-and-Illness-as-Triggers-300x167.webp 300w, https:\/\/haircenterofturkey.com\/wp-content\/uploads\/2026\/07\/Telogen-Effluvium-Stress-and-Illness-as-Triggers-768x427.webp 768w, https:\/\/haircenterofturkey.com\/wp-content\/uploads\/2026\/07\/Telogen-Effluvium-Stress-and-Illness-as-Triggers-150x83.webp 150w, https:\/\/haircenterofturkey.com\/wp-content\/uploads\/2026\/07\/Telogen-Effluvium-Stress-and-Illness-as-Triggers.webp 1080w\" sizes=\"auto, (max-width: 1024px) 100vw, 1024px\" \/><\/figure>\n\n\n\n<h2 id=\"alopecia-areata-an-autoimmune-perspective\" class=\"wp-block-heading\">Alopecia Areata: Ett autoimmunt perspektiv<\/h2>\n\n\n\n<p class=\"wp-block-paragraph\">Alopecia areata \u00e4r en autoimmun sjukdom d\u00e4r kroppens immunf\u00f6rsvar av misstag attackerar sina egna h\u00e5rs\u00e4ckar, vilket leder till h\u00e5ravfall. Detta tillst\u00e5nd kan drabba vem som helst i alla \u00e5ldrar och oavsett k\u00f6n, \u00e4ven om det oftast upptr\u00e4der i barndomen eller tidig vuxen \u00e5lder. Dess k\u00e4nnetecken \u00e4r det pl\u00f6tsliga uppkomsten av en eller flera sm\u00e5, runda och helt sl\u00e4ta kala fl\u00e4ckar p\u00e5 h\u00e5rbotten. Dessa pl\u00e5ster kan tyckas dyka upp \u00f6ver natten eller utvecklas under loppet av n\u00e5gra dagar.<\/p>\n\n\n\n<p class=\"wp-block-paragraph\">F\u00f6rloppet av alopecia areata \u00e4r mycket of\u00f6ruts\u00e4gbart, vilket kan vara k\u00e4nslom\u00e4ssigt utmanande f\u00f6r de drabbade. I vissa fall v\u00e4xer h\u00e5ret ut igen av sig sj\u00e4lvt inom ett \u00e5r utan n\u00e5gon behandling. I andra fall kan det initiala pl\u00e5stret v\u00e4xa ut igen medan nya pl\u00e5ster bildas n\u00e5gon annanstans i h\u00e5rbotten eller kroppen. Tillst\u00e5ndet kan ocks\u00e5 utvecklas till mer omfattande former.<\/p>\n\n\n\n<p class=\"wp-block-paragraph\">Alopecia totalis inneb\u00e4r f\u00f6rlust av allt h\u00e5r p\u00e5 h\u00e5rbotten, medan alopecia universalis resulterar i fullst\u00e4ndig f\u00f6rlust av h\u00e5r p\u00e5 hela kroppen, inklusive \u00f6gonbryn, \u00f6gonfransar och kroppsh\u00e5r.<\/p>\n\n\n\n<p class=\"wp-block-paragraph\">Till skillnad fr\u00e5n androgenetisk alopeci orsakas inte alopecia areata av hormoner. Det \u00e4r ett fel p\u00e5 immunf\u00f6rsvaret. Den exakta utl\u00f6saren \u00e4r inte helt klarlagd, \u00e4ven om genetik tros spela en roll, vilket g\u00f6r vissa individer mer mottagliga.<\/p>\n\n\n\n<p class=\"wp-block-paragraph\">Behandlingsalternativen syftar till att undertrycka immunsvaret p\u00e5 platsen f\u00f6r h\u00e5rs\u00e4cken f\u00f6r att uppmuntra \u00e5terv\u00e4xt. Dessa kan inkludera kortikosteroidinjektioner, aktuella l\u00e4kemedel eller ljusterapi.<\/p>\n\n\n\n<figure class=\"wp-block-image size-large\"><img loading=\"lazy\" decoding=\"async\" width=\"1024\" height=\"569\" src=\"https:\/\/haircenterofturkey.com\/wp-content\/uploads\/2026\/07\/Hormonal-Changes-and-Their-Impact-on-Hair-Health-1024x569.webp\" alt=\"\" class=\"wp-image-54456\" title=\"\" srcset=\"https:\/\/haircenterofturkey.com\/wp-content\/uploads\/2026\/07\/Hormonal-Changes-and-Their-Impact-on-Hair-Health-1024x569.webp 1024w, https:\/\/haircenterofturkey.com\/wp-content\/uploads\/2026\/07\/Hormonal-Changes-and-Their-Impact-on-Hair-Health-300x167.webp 300w, https:\/\/haircenterofturkey.com\/wp-content\/uploads\/2026\/07\/Hormonal-Changes-and-Their-Impact-on-Hair-Health-768x427.webp 768w, https:\/\/haircenterofturkey.com\/wp-content\/uploads\/2026\/07\/Hormonal-Changes-and-Their-Impact-on-Hair-Health-150x83.webp 150w, https:\/\/haircenterofturkey.com\/wp-content\/uploads\/2026\/07\/Hormonal-Changes-and-Their-Impact-on-Hair-Health.webp 1080w\" sizes=\"auto, (max-width: 1024px) 100vw, 1024px\" \/><\/figure>\n\n\n\n<h2 id=\"hormonal-changes-and-their-impact-on-hair-health\" class=\"wp-block-heading\">Hormonella f\u00f6r\u00e4ndringar och deras inverkan p\u00e5 h\u00e5rets h\u00e4lsa<\/h2>\n\n\n\n<p class=\"wp-block-paragraph\">Hormonella fluktuationer \u00e4r en av de viktigaste orsakerna till h\u00e5ravfall som m\u00e4n och kvinnor upplever, \u00e4ven om de \u00e4r s\u00e4rskilt p\u00e5verkande f\u00f6r kvinnor. Den invecklade balansen av hormoner som \u00f6strogen, progesteron och androgener spelar en direkt roll f\u00f6r att reglera h\u00e5rv\u00e4xtcykeln. N\u00e4r denna balans st\u00f6rs kan det leda till m\u00e4rkbara f\u00f6r\u00e4ndringar i h\u00e5rt\u00e4thet och allm\u00e4n h\u00e4lsa.<\/p>\n\n\n\n<h3 id=\"pregnancy-and-menopause\" class=\"wp-block-heading\">Graviditet och klimakteriet<\/h3>\n\n\n\n<p class=\"wp-block-paragraph\">Under graviditeten f\u00f6rl\u00e4nger f\u00f6rh\u00f6jda \u00f6strogenniv\u00e5er den anagena (v\u00e4xande) fasen av h\u00e5rcykeln. Detta resulterar i mindre daglig avfall och h\u00e5r som ofta ser tjockare och fylligare ut \u00e4n vanligt. Efter f\u00f6rlossningen sjunker dock \u00f6strogenniv\u00e5erna kraftigt.<\/p>\n\n\n\n<p class=\"wp-block-paragraph\">Denna pl\u00f6tsliga f\u00f6r\u00e4ndring g\u00f6r att ett stort antal h\u00e5rstr\u00e5n g\u00e5r in i den telogena fasen p\u00e5 en g\u00e5ng. Resultatet \u00e4r postpartum telogen effluvium, en tillf\u00e4llig men ofta dramatisk period av uts\u00f6ndring som vanligtvis n\u00e5r sin topp n\u00e5gra m\u00e5nader efter f\u00f6rlossningen.<\/p>\n\n\n\n<p class=\"wp-block-paragraph\">Klimakteriet medf\u00f6r ytterligare ett stort hormonf\u00f6rskjutning. N\u00e4r \u00f6strogen- och progesteronniv\u00e5erna sjunker kan den relativa p\u00e5verkan av androgener (manliga hormoner) \u00f6ka. Detta kan f\u00e5 h\u00e5rs\u00e4ckarna att krympa, en process som kallas miniatyrisering. H\u00e5ret som v\u00e4xer blir finare och tunnare, vilket speglar m\u00f6nstret av kvinnligt h\u00e5ravfall och leder till minskad volym.<\/p>\n\n\n\n<h3 id=\"thyroid-conditions\" class=\"wp-block-heading\">Sk\u00f6ldk\u00f6rteltillst\u00e5nd<\/h3>\n\n\n\n<p class=\"wp-block-paragraph\">Sk\u00f6ldk\u00f6rteln producerar hormoner som \u00e4r avg\u00f6rande f\u00f6r att reglera kroppens \u00e4mnesoms\u00e4ttning, och detta inkluderar aktiviteten av h\u00e5rs\u00e4ckar. B\u00e5de en \u00f6veraktiv sk\u00f6ldk\u00f6rtel (hypertyreos) och en underaktiv sk\u00f6ldk\u00f6rtel (hypotyreos) kan st\u00f6ra h\u00e5rv\u00e4xtcykeln och orsaka h\u00e5ravfall.<\/p>\n\n\n\n<p class=\"wp-block-paragraph\">Detta h\u00e5ravfall \u00e4r vanligtvis diffust, vilket inneb\u00e4r att det f\u00f6rekommer \u00f6ver hela h\u00e5rbotten snarare \u00e4n i distinkta fl\u00e4ckar. I m\u00e5nga fall \u00e4r h\u00e5ravfall ett av de f\u00f6rsta m\u00e4rkbara symtomen p\u00e5 en obalans i sk\u00f6ldk\u00f6rteln. Lyckligtvis till\u00e5ter behandling av det underliggande sk\u00f6ldk\u00f6rteltillst\u00e5ndet vanligtvis h\u00e5ret att v\u00e4xa igen.<\/p>\n\n\n\n<h2 id=\"nutritional-deficiencies-the-link-between-diet-and-hair\" class=\"wp-block-heading\">N\u00e4ringsbrister: kopplingen mellan kost och h\u00e5r<\/h2>\n\n\n\n<p class=\"wp-block-paragraph\">Ditt h\u00e5r \u00e4r ofta en \u00e5terspegling av din allm\u00e4nna h\u00e4lsa, och din kost p\u00e5verkar direkt dess styrka och tillv\u00e4xt. H\u00e5rs\u00e4ckar \u00e4r bland de mest metaboliskt aktiva cellerna i kroppen. Brist p\u00e5 essentiella n\u00e4rings\u00e4mnen kan snabbt leda till att h\u00e5ret blir tunt och h\u00e5ravfall. En balanserad kost \u00e4r avg\u00f6rande f\u00f6r att uppr\u00e4tth\u00e5lla ett friskt h\u00e5r.<\/p>\n\n\n\n<p class=\"wp-block-paragraph\">En av de vanligaste n\u00e4ringsl\u00e4nkarna till h\u00e5ravfall \u00e4r j\u00e4rnbrist, \u00e4ven k\u00e4nd som anemi. J\u00e4rn \u00e4r viktigt f\u00f6r att producera hemoglobin i ditt blod, som transporterar syre f\u00f6r tillv\u00e4xt och reparation av celler i hela kroppen, inklusive de celler som stimulerar h\u00e5rv\u00e4xt. Detta \u00e4r ett s\u00e4rskilt vanligt problem f\u00f6r kvinnor, s\u00e4rskilt de med kraftiga menstruationer eller som f\u00f6ljer en vegetarisk eller vegansk kost.<\/p>\n\n\n\n<p class=\"wp-block-paragraph\">Andra viktiga n\u00e4rings\u00e4mnen inkluderar zink, som spelar en nyckelroll i h\u00e5rv\u00e4vnadstillv\u00e4xt och reparation, och protein. Eftersom h\u00e5ret i sig n\u00e4stan helt best\u00e5r av ett protein som kallas keratin, kan otillr\u00e4ckligt proteinintag f\u00f6rsvaga h\u00e5rets struktur.<\/p>\n\n\n\n<p class=\"wp-block-paragraph\">Vitaminer spelar ocks\u00e5 en avg\u00f6rande roll. Brist p\u00e5 B-vitaminer, s\u00e4rskilt biotin (B7), \u00e4r ofta kopplat till h\u00e5ravfall. D-vitamin \u00e4r ocks\u00e5 viktigt; det tros bidra till att skapa nya folliklar, de sm\u00e5 porerna fr\u00e5n vilka nya h\u00e5rstr\u00e5n kan v\u00e4xa.<\/p>\n\n\n\n<p class=\"wp-block-paragraph\">Det \u00e4r viktigt att komma till r\u00e4tta med dessa brister genom en balanserad kost eller, vid behov, tillskott under l\u00e4kares ledning. Att ta kosttillskott utan en bekr\u00e4ftad brist kan vara ineffektivt och potentiellt skadligt.<\/p>\n\n\n\n<h2 id=\"traction-alopecia-when-hairstyles-cause-hair-loss\" class=\"wp-block-heading\">Traction Alopeci: N\u00e4r frisyrer orsakar h\u00e5ravfall<\/h2>\n\n\n\n<p class=\"wp-block-paragraph\">Ibland \u00e4r orsaken till h\u00e5ravfall extern och mekanisk snarare \u00e4n intern och biologisk. Traction alopeci \u00e4r h\u00e5ravfall orsakat av l\u00e5ngvarig eller upprepad sp\u00e4nning p\u00e5 h\u00e5rs\u00e4ckarna. Denna konstanta dragning kan skada folliklarna, orsaka inflammation och leda till att h\u00e5ret g\u00e5r s\u00f6nder och faller av. Om sp\u00e4nningen forts\u00e4tter under en l\u00e5ng period kan folliklarna bli permanenta \u00e4rr, vilket f\u00f6rhindrar eventuell framtida h\u00e5rv\u00e4xt i det omr\u00e5det.<\/p>\n\n\n\n<p class=\"wp-block-paragraph\">Detta tillst\u00e5nd \u00e4r oftast f\u00f6rknippat med vissa frisyrer som belastar h\u00e5rbotten. Tighta h\u00e4stsvansar, bullar, fl\u00e4tor, cornrows och dreadlocks \u00e4r ofta bovarna. H\u00e5rf\u00f6rl\u00e4ngningar och v\u00e4vningar, som tillf\u00f6r tyngd och drar p\u00e5 det naturliga h\u00e5ret, kan ocks\u00e5 bidra avsev\u00e4rt till traction alopeci. H\u00e5ravfallet \u00e4r vanligtvis mest m\u00e4rkbart l\u00e4ngs h\u00e5rf\u00e4stet, s\u00e4rskilt runt tinningarna och pannan, d\u00e4r dragkraften ofta \u00e4r starkast.<\/p>\n\n\n\n<p class=\"wp-block-paragraph\">Den goda nyheten \u00e4r att alopeci kan f\u00f6rebyggas och, om den uppt\u00e4cks tidigt, helt reversibel. Det f\u00f6rsta och viktigaste steget \u00e4r att sluta b\u00e4ra frisyren som orsakar sp\u00e4nningen.<\/p>\n\n\n\n<p class=\"wp-block-paragraph\">Att v\u00e4lja l\u00f6sare stilar som inte drar i h\u00e5rbotten g\u00f6r att folliklarna kan \u00e5terh\u00e4mta sig fr\u00e5n p\u00e5frestningen. I de tidiga stadierna kommer h\u00e5ret vanligtvis att v\u00e4xa igen av sig sj\u00e4lv. Men om \u00e4rr har uppst\u00e5tt kan h\u00e5ravfallet vara permanent, och mer avancerade behandlingar kan beh\u00f6vas f\u00f6r att \u00e5terst\u00e4lla h\u00e5ret.<\/p>\n\n\n\n<h2 id=\"medical-conditions-and-medications-as-underlying-causes\" class=\"wp-block-heading\">Medicinska tillst\u00e5nd och mediciner som bakomliggande orsaker<\/h2>\n\n\n\n<p class=\"wp-block-paragraph\">Ut\u00f6ver de vanligaste triggers kan en rad medicinska tillst\u00e5nd och behandlingar lista h\u00e5ravfall som en bieffekt. Det \u00e4r ofta ett av m\u00e5nga symtom som understryker vikten av en omfattande diagnos n\u00e4r man unders\u00f6ker de bakomliggande orsakerna till h\u00e5ravfall som m\u00e4n och kvinnor m\u00f6ter.<\/p>\n\n\n\n<h3 id=\"underlying-health-conditions\" class=\"wp-block-heading\">Underliggande h\u00e4lsotillst\u00e5nd<\/h3>\n\n\n\n<p class=\"wp-block-paragraph\">Vissa systemiska sjukdomar kan manifestera sig med h\u00e5rf\u00f6rtunning. Autoimmuna tillst\u00e5nd som lupus kan orsaka utbredd inflammation som leder till h\u00e5ravfall. Polycystiskt ovariesyndrom (PCOS) hos kvinnor skapar en hormonell obalans som k\u00e4nnetecknas av \u00f6verskott av androgener, vilket kan utl\u00f6sa eller f\u00f6rv\u00e4rra h\u00e5ravfall hos kvinnor. Infektioner i h\u00e5rbotten, s\u00e5som tinea capitis (ringorm), kan ocks\u00e5 invadera h\u00e5rstr\u00e5et och huden i h\u00e5rbotten, vilket leder till fj\u00e4llande fl\u00e4ckar och lokalt h\u00e5ravfall.<\/p>\n\n\n\n<h3 id=\"side-effects-of-medications\" class=\"wp-block-heading\">Biverkningar av mediciner<\/h3>\n\n\n\n<p class=\"wp-block-paragraph\">Ett brett utbud av mediciner kan st\u00f6ra den normala h\u00e5rv\u00e4xtcykeln. Kemoterapi \u00e4r det mest v\u00e4lk\u00e4nda exemplet, eftersom dessa kraftfulla l\u00e4kemedel \u00e4r utformade f\u00f6r att rikta in sig p\u00e5 alla snabbt delande celler, vilket tyv\u00e4rr inkluderar de i h\u00e5rs\u00e4ckarna. Andra vanliga l\u00e4kemedelskategorier inkluderar vissa blodf\u00f6rtunnande medel, vissa mediciner f\u00f6r h\u00f6gt blodtryck (som betablockerare) och specifika typer av antidepressiva medel. H\u00e5ravfallet \u00e4r vanligtvis tillf\u00e4lligt och f\u00f6rsvinner n\u00e4r medicineringen stoppas eller \u00e4ndras, vilket alltid b\u00f6r g\u00f6ras under en l\u00e4kares \u00f6verinseende.<\/p>\n\n\n\n<h2 id=\"frequently-asked-questions\" class=\"wp-block-heading\">Vanliga fr\u00e5gor<\/h2>\n\n\n<div id=\"rank-math-faq\" class=\"rank-math-block\">\n<div class=\"rank-math-list \">\n<div id=\"faq-question-a76215a202d14\" class=\"rank-math-list-item\">\n<h3 class=\"rank-math-question \">Orsakar det att b\u00e4ra hattar skallighet?<\/h3>\n<div class=\"rank-math-answer \">\n\n<p>Nej, att b\u00e4ra en vanlig hatt orsakar inte direkt skallighet. Det enda undantaget \u00e4r om huvudbonaden \u00e4r s\u00e5 extremt tight att den hela tiden drar i h\u00e5rs\u00e4ckarna, vilket kan bidra till ett tillst\u00e5nd som kallas traction alopeci. F\u00f6r de flesta m\u00e4nniskor \u00e4r regelbunden hatt att b\u00e4ra helt s\u00e4kert f\u00f6r h\u00e5ret.<\/p>\n\n<\/div>\n<\/div>\n<div id=\"faq-question-cb32e0af0ec34\" class=\"rank-math-list-item\">\n<h3 class=\"rank-math-question \">Kan stress ensam orsaka permanent h\u00e5ravfall?<\/h3>\n<div class=\"rank-math-answer \">\n\n<p>Allvarlig fysisk eller k\u00e4nslom\u00e4ssig stress kan utl\u00f6sa ett tillf\u00e4lligt tillst\u00e5nd som kallas telogen effluvium. Detta \u00e4r vanligtvis inte permanent, och h\u00e5ret b\u00f6rjar vanligtvis v\u00e4xa ut igen n\u00e5gra m\u00e5nader efter att den stressiga h\u00e4ndelsen har passerat. Kronisk, l\u00e5ngvarig stress kan dock potentiellt f\u00f6rv\u00e4rra genetiskt h\u00e5ravfall hos m\u00e4n och kvinnor.<\/p>\n\n<\/div>\n<\/div>\n<div id=\"faq-question-9fe942851b6b4\" class=\"rank-math-list-item\">\n<h3 class=\"rank-math-question \">\u00c4r h\u00e5ravfall bara ett problem f\u00f6r \u00e4ldre m\u00e4nniskor?<\/h3>\n<div class=\"rank-math-answer \">\n\n<p>Nej, h\u00e5ravfall \u00e4r inte exklusivt f\u00f6r \u00e4ldre individer. Genetiskt h\u00e5ravfall, eller androgen alopeci, kan b\u00f6rja s\u00e5 tidigt som i ton\u00e5ren f\u00f6r b\u00e5de m\u00e4n och kvinnor. Medan sannolikheten f\u00f6r att uppleva h\u00e5ravfall \u00f6kar med \u00e5ldern, m\u00e4rker m\u00e5nga m\u00e4nniskor de f\u00f6rsta tecknen i 20- eller 30-\u00e5rs\u00e5ldern.<\/p>\n\n<\/div>\n<\/div>\n<div id=\"faq-question-e5bdcb07056e4\" class=\"rank-math-list-item\">\n<h3 class=\"rank-math-question \">F\u00e5r det att falla av att tv\u00e4tta h\u00e5ret f\u00f6r ofta?<\/h3>\n<div class=\"rank-math-answer \">\n\n<p>Att tv\u00e4tta h\u00e5ret f\u00e5r det inte att falla av. Det \u00e4r normalt att se n\u00e5gra h\u00e5rstr\u00e5n i duschavloppet, men det h\u00e4r \u00e4r h\u00e5rstr\u00e5n som redan var i h\u00e5rcykelns avfallsfas (telogen). Att h\u00e5lla din h\u00e5rbotten ren \u00e4r faktiskt en viktig del av att uppr\u00e4tth\u00e5lla en h\u00e4lsosam milj\u00f6 f\u00f6r h\u00e5rv\u00e4xt.<\/p>\n\n<\/div>\n<\/div>\n<\/div>\n<\/div>\n\n\n<p class=\"wp-block-paragraph\"><\/p>\n","protected":false},"excerpt":{"rendered":"<p>H\u00e5ravfall hos m\u00e4n och kvinnor \u00e4r en komplex fr\u00e5ga som drivs av genetik, hormonella f\u00f6r\u00e4ndringar, stress, medicinska tillst\u00e5nd och livsstilsvanor. Att identifiera grundorsaken \u00e4r det f\u00f6rsta steget mot att hitta en effektiv behandling. F\u00f6r dem som s\u00f6ker expertl\u00f6sningar, s\u00e4rskilt patienter fr\u00e5n USA, erbjuder Hair Center of Turkey v\u00e5rd i v\u00e4rldsklass till ett \u00f6verkomligt pris. V\u00e5rt [&hellip;]<\/p>\n","protected":false},"author":2,"featured_media":54454,"comment_status":"closed","ping_status":"closed","sticky":false,"template":"","format":"standard","meta":{"footnotes":"","rank_math_title":"","rank_math_description":"Utforska de vanligaste orsakerna till h\u00e5ravfall hos m\u00e4n och kvinnor, fr\u00e5n genetik och hormoner till stress. F\u00f6rst\u00e5 varf\u00f6r du tappar h\u00e5r och vilka faktorer som kan spela in.","rank_math_focus_keyword":"","rank_math_canonical_url":"","rank_math_breadcrumb_title":"","rank_math_facebook_title":"","rank_math_facebook_description":"","rank_math_facebook_image":"","rank_math_twitter_title":"","rank_math_twitter_description":"","rank_math_twitter_image":"","rank_math_pillar_content":""},"categories":[1006],"tags":[],"class_list":["post-54704","post","type-post","status-publish","format-standard","has-post-thumbnail","hentry","category-blog"],"_links":{"self":[{"href":"https:\/\/haircenterofturkey.com\/sv\/wp-json\/wp\/v2\/posts\/54704","targetHints":{"allow":["GET"]}}],"collection":[{"href":"https:\/\/haircenterofturkey.com\/sv\/wp-json\/wp\/v2\/posts"}],"about":[{"href":"https:\/\/haircenterofturkey.com\/sv\/wp-json\/wp\/v2\/types\/post"}],"author":[{"embeddable":true,"href":"https:\/\/haircenterofturkey.com\/sv\/wp-json\/wp\/v2\/users\/2"}],"replies":[{"embeddable":true,"href":"https:\/\/haircenterofturkey.com\/sv\/wp-json\/wp\/v2\/comments?post=54704"}],"version-history":[{"count":1,"href":"https:\/\/haircenterofturkey.com\/sv\/wp-json\/wp\/v2\/posts\/54704\/revisions"}],"predecessor-version":[{"id":61839,"href":"https:\/\/haircenterofturkey.com\/sv\/wp-json\/wp\/v2\/posts\/54704\/revisions\/61839"}],"wp:featuredmedia":[{"embeddable":true,"href":"https:\/\/haircenterofturkey.com\/sv\/wp-json\/wp\/v2\/media\/54454"}],"wp:attachment":[{"href":"https:\/\/haircenterofturkey.com\/sv\/wp-json\/wp\/v2\/media?parent=54704"}],"wp:term":[{"taxonomy":"category","embeddable":true,"href":"https:\/\/haircenterofturkey.com\/sv\/wp-json\/wp\/v2\/categories?post=54704"},{"taxonomy":"post_tag","embeddable":true,"href":"https:\/\/haircenterofturkey.com\/sv\/wp-json\/wp\/v2\/tags?post=54704"}],"curies":[{"name":"wp","href":"https:\/\/api.w.org\/{rel}","templated":true}]}}