{"id":46646,"date":"2025-08-13T17:38:27","date_gmt":"2025-08-13T14:38:27","guid":{"rendered":"https:\/\/haircenterofturkey.com\/?p=46646"},"modified":"2026-09-01T17:29:43","modified_gmt":"2026-09-01T14:29:43","slug":"gjorde-james-nesbitt-en-hartransplantation","status":"publish","type":"post","link":"https:\/\/haircenterofturkey.com\/sv\/gjorde-james-nesbitt-en-hartransplantation\/","title":{"rendered":"Gjorde James Nesbitt en h\u00e5rtransplantation?"},"content":{"rendered":"\n<h2 class=\"wp-block-heading\" id=\"did-james-nesbitt-have-a-hair-transplant\">Did James Nesbitt Have a Hair Transplant?<\/h2>\n\n<p class=\"wp-block-paragraph\"><span style=\"font-weight: 400;\">Yes. James Nesbitt has publicly said he\u2019s had hair transplant surgery and has shared his experience in interviews and clinic testimonials. He hasn\u2019t released full medical details, so specifics like the exact technique, graft numbers, and timeline are best treated as informed estimates rather than confirmed facts.<\/span><\/p>\n\n<div class=\"wp-block-rank-math-toc-block\" id=\"rank-math-toc\"><h2>Table of Contents<\/h2><nav><ul><li><a href=\"#did-james-nesbitt-have-a-hair-transplant\">Did James Nesbitt Have a Hair Transplant?<\/a><\/li><li><a href=\"#did-james-nesbitt-confirm-having-a-hair-transplant\">Did James Nesbitt Confirm Having a Hair Transplant?<\/a><\/li><li><a href=\"#where-did-james-nesbitt-have-the-procedure\">Where did James Nesbitt have the procedure?<\/a><\/li><li><a href=\"#which-hair-transplant-method-did-he-have\">Which hair transplant method did he have?<\/a><\/li><li><a href=\"#how-many-grafts-did-james-nesbitt-have\">How many grafts did James Nesbitt have?<\/a><\/li><li><a href=\"#was-james-nesbitts-hair-transplant-safe\">Was James Nesbitt\u2019s hair transplant safe?<\/a><\/li><li><a href=\"#how-did-it-affect-his-appearance\">How did it affect his appearance?<\/a><\/li><li><a href=\"#hair-transplants-in-the-spotlight\">Hair transplants in the spotlight<\/a><\/li><li><a href=\"#fa-qs\">FAQs<\/a><ul><li><a href=\"#faq-question-1770644280930\">How many hair transplants has James Nesbitt had?<\/a><\/li><li><a href=\"#faq-question-1770645824509\">Has James Nesbitt had a hair transplant?<\/a><\/li><li><a href=\"#faq-question-1770645833185\">How much did James Nesbitt pay for his hair transplant?<\/a><\/li><li><a href=\"#faq-question-1770645844686\">Where did James Nesbitt get his hair transplant?<\/a><\/li><li><a href=\"#faq-question-1770645847078\">Is hair transplant safe?<\/a><\/li><li><a href=\"#faq-question-1770645859046\">Does hair transplant really work?<\/a><\/li><li><a href=\"#faq-question-1770645860087\">Is hair transplant permanent?<\/a><\/li><li><a href=\"#faq-question-1770645861941\">Where do celebrities get hair transplants?<\/a><\/li><\/ul><\/li><\/ul><\/nav><\/div>\n\n<h2 class=\"wp-block-heading\" id=\"did-james-nesbitt-confirm-having-a-hair-transplant\">Did James Nesbitt Confirm Having a Hair Transplant?<\/h2>\n\n<p class=\"wp-block-paragraph\"><span style=\"font-weight: 400;\">He has. Nesbitt has spoken about having hair transplant surgery and recorded a testimonial about the impact it had on his confidence and work. What he\u2019s shared publicly focuses on the personal experience\u2014how it felt, why he chose to do it, and the difference it made\u2014rather than detailed clinical data.<\/span><\/p>\n\n<figure class=\"wp-block-image\"><img decoding=\"async\" src=\"https:\/\/haircenterofturkey.com\/wp-content\/uploads\/2025\/08\/Did-James-Nesbitt-Have-a-Hair-Transplant-1.webp\" alt=\"Did James Nesbitt Have a Hair Transplant?\" title=\"\"><\/figure>\n\n<p class=\"wp-block-paragraph\"><\/p>\n\n<h2 class=\"wp-block-heading\" id=\"where-did-james-nesbitt-have-the-procedure\"><b>Where did James Nesbitt have the procedure?<\/b><\/h2>\n\n<p class=\"wp-block-paragraph\"><span style=\"font-weight: 400;\">Publicly available material links his treatment to Hair Restoration Blackrock (HRBR) in Dublin, Ireland. In that testimonial content, he describes having his first procedure years earlier and later returning for further restoration.<\/span><\/p>\n\n<h2 class=\"wp-block-heading\" id=\"which-hair-transplant-method-did-he-have\"><b>Which hair transplant method did he have?<\/b><\/h2>\n\n<p class=\"wp-block-paragraph\"><span style=\"font-weight: 400;\">There isn\u2019t a single, universally verified answer in the public record. Some clinic and specialist write\u2011ups describe Follicular Unit Transplantation (FUT), which involves removing a thin strip from the donor area and implanting grafts. Other analyses suggest an FUE-style approach (including \u2018unshaven\u2019 FUE), largely because there\u2019s little visible evidence of a linear donor scar and because his hairline improvements look consistent with modern graft placement.<\/span><\/p>\n\n<p class=\"wp-block-paragraph\"><span style=\"font-weight: 400;\">The most realistic view is that technique may have varied across procedures\u2014especially if his first surgery was done when FUT was more common and later work was refined with FUE.<\/span><\/p>\n\n<figure class=\"wp-block-image\"><img decoding=\"async\" src=\"https:\/\/haircenterofturkey.com\/wp-content\/uploads\/2025\/08\/Did-James-Nesbitt-Have-a-Hair-Transplant-2.webp\" alt=\"Did James Nesbitt Have a Hair Transplant?\" title=\"\"><\/figure>\n\n<p class=\"wp-block-paragraph\"><\/p>\n\n<h2 class=\"wp-block-heading\" id=\"how-many-grafts-did-james-nesbitt-have\"><b>How many grafts did James Nesbitt have?<\/b><\/h2>\n\n<p class=\"wp-block-paragraph\"><span style=\"font-weight: 400;\">Exact graft numbers haven\u2019t been published as a medical record. Online estimates vary, often placing his hairline work somewhere in the low-to-mid thousands of grafts. Because these figures are usually based on photo comparisons and professional opinion rather than documentation, treat them as estimates\u2014not confirmed statistics.<\/span><\/p>\n\n<h2 class=\"wp-block-heading\" id=\"was-james-nesbitts-hair-transplant-safe\"><b>Was James Nesbitt\u2019s hair transplant safe?<\/b><\/h2>\n\n<p class=\"wp-block-paragraph\"><span style=\"font-weight: 400;\">Nesbitt\u2019s own comments frame the experience as positive, and his visible results suggest careful planning and a conservative, natural-looking design. In general, hair transplantation is considered a low-risk elective procedure when performed by qualified clinicians with proper screening, sterile technique, and appropriate aftercare. As with any surgery, outcomes depend heavily on the team\u2019s experience, the patient\u2019s donor supply, and realistic expectations.<\/span><\/p>\n\n<h2 class=\"wp-block-heading\" id=\"how-did-it-affect-his-appearance\"><b>How did it affect his appearance?<\/b><\/h2>\n\n<p class=\"wp-block-paragraph\"><span style=\"font-weight: 400;\">The most noticeable change is a stronger, fuller hairline and better density through the frontal area. That kind of improvement can subtly \u2018de-age\u2019 the face on camera, especially under bright lighting and high-definition filming. Natural results usually come from a soft, irregular hairline, correct angulation, and avoiding over-dense packing that can look artificial.<\/span><\/p>\n\n<h2 class=\"wp-block-heading\" id=\"hair-transplants-in-the-spotlight\"><b>Hair transplants in the spotlight<\/b><\/h2>\n\n<p class=\"wp-block-paragraph\"><span style=\"font-weight: 400;\">Celebrity hair restoration often attracts attention because the before-and-after difference can be dramatic, yet the best work is designed to be hard to spot. Nesbitt\u2019s openness is part of a broader shift: fewer public figures feel the need to deny cosmetic procedures, and more people view hair restoration as a practical option rather than a taboo subject. For anyone considering treatment, the takeaway is simple\u2014choose a medically led clinic, ask to see real patient results, and plan for long-term hair loss, not just today\u2019s hairline.<\/span><\/p>\n\n<h2 class=\"wp-block-heading\" id=\"fa-qs\">FAQs<\/h2>\n<div id=\"rank-math-faq\" class=\"rank-math-block\">\n<div class=\"rank-math-list \">\n<div id=\"faq-question-1770644280930\" class=\"rank-math-list-item\">\n<h3 class=\"rank-math-question \">How many hair transplants has James Nesbitt had?<\/h3>\n<div class=\"rank-math-answer \">\n\n<p>Reports vary; he has confirmed multiple hair transplants.<\/p>\n\n<\/div>\n<\/div>\n<div id=\"faq-question-1770645824509\" class=\"rank-math-list-item\">\n<h3 class=\"rank-math-question \">Has James Nesbitt had a hair transplant?<\/h3>\n<div class=\"rank-math-answer \">\n\n<p>Yes; he has spoken publicly about having hair transplants.<\/p>\n\n<\/div>\n<\/div>\n<div id=\"faq-question-1770645833185\" class=\"rank-math-list-item\">\n<h3 class=\"rank-math-question \">How much did James Nesbitt pay for his hair transplant?<\/h3>\n<div class=\"rank-math-answer \">\n\n<p>Exact cost isn\u2019t public; estimates vary widely by clinic and graft count.<\/p>\n\n<\/div>\n<\/div>\n<div id=\"faq-question-1770645844686\" class=\"rank-math-list-item\">\n<h3 class=\"rank-math-question \">Where did James Nesbitt get his hair transplant?<\/h3>\n<div class=\"rank-math-answer \">\n\n<p>He has said his procedures were done in Dublin, Ireland.<\/p>\n\n<\/div>\n<\/div>\n<div id=\"faq-question-1770645847078\" class=\"rank-math-list-item\">\n<h3 class=\"rank-math-question \">Is hair transplant safe?<\/h3>\n<div class=\"rank-math-answer \">\n\n<p>Hair transplants are generally safe with qualified surgeons, but risks include infection and scarring.<\/p>\n\n<\/div>\n<\/div>\n<div id=\"faq-question-1770645859046\" class=\"rank-math-list-item\">\n<h3 class=\"rank-math-question \">Does hair transplant really work?<\/h3>\n<div class=\"rank-math-answer \">\n\n<p>Hair transplants work by moving follicles; success depends on donor hair and technique.<\/p>\n\n<\/div>\n<\/div>\n<div id=\"faq-question-1770645860087\" class=\"rank-math-list-item\">\n<h3 class=\"rank-math-question \">Is hair transplant permanent?<\/h3>\n<div class=\"rank-math-answer \">\n\n<p>Transplanted follicles usually last, but ongoing hair loss may require further treatment.<\/p>\n\n<\/div>\n<\/div>\n<div id=\"faq-question-1770645861941\" class=\"rank-math-list-item\">\n<h3 class=\"rank-math-question \">Where do celebrities get hair transplants?<\/h3>\n<div class=\"rank-math-answer \">\n\n<p>Celebrities use reputable clinics worldwide, often choosing privacy, experienced surgeons, and advanced techniques.<\/p>\n\n<\/div>\n<\/div>\n<\/div>\n<\/div>","protected":false},"excerpt":{"rendered":"<p>Did James Nesbitt Have a Hair Transplant? Yes. James Nesbitt has publicly said he\u2019s had hair transplant surgery and has shared his experience in interviews and clinic testimonials. He hasn\u2019t released full medical details, so specifics like the exact technique, graft numbers, and timeline are best treated as informed estimates rather than confirmed facts. Did [&hellip;]<\/p>\n","protected":false},"author":2,"featured_media":904,"comment_status":"closed","ping_status":"closed","sticky":false,"template":"","format":"standard","meta":{"footnotes":"","rank_math_title":"","rank_math_description":"Ja, James Nesbitt har \u00f6ppet bekr\u00e4ftat att han genomg\u00e5tt en h\u00e5rtransplantation.","rank_math_focus_keyword":"","rank_math_canonical_url":"","rank_math_breadcrumb_title":"","rank_math_facebook_title":"","rank_math_facebook_description":"","rank_math_facebook_image":"","rank_math_twitter_title":"","rank_math_twitter_description":"","rank_math_twitter_image":"","rank_math_pillar_content":""},"categories":[1006,1023],"tags":[],"class_list":["post-46646","post","type-post","status-publish","format-standard","has-post-thumbnail","hentry","category-blog","category-kandisar-hartransplantation"],"_links":{"self":[{"href":"https:\/\/haircenterofturkey.com\/sv\/wp-json\/wp\/v2\/posts\/46646","targetHints":{"allow":["GET"]}}],"collection":[{"href":"https:\/\/haircenterofturkey.com\/sv\/wp-json\/wp\/v2\/posts"}],"about":[{"href":"https:\/\/haircenterofturkey.com\/sv\/wp-json\/wp\/v2\/types\/post"}],"author":[{"embeddable":true,"href":"https:\/\/haircenterofturkey.com\/sv\/wp-json\/wp\/v2\/users\/2"}],"replies":[{"embeddable":true,"href":"https:\/\/haircenterofturkey.com\/sv\/wp-json\/wp\/v2\/comments?post=46646"}],"version-history":[{"count":2,"href":"https:\/\/haircenterofturkey.com\/sv\/wp-json\/wp\/v2\/posts\/46646\/revisions"}],"predecessor-version":[{"id":47890,"href":"https:\/\/haircenterofturkey.com\/sv\/wp-json\/wp\/v2\/posts\/46646\/revisions\/47890"}],"wp:featuredmedia":[{"embeddable":true,"href":"https:\/\/haircenterofturkey.com\/sv\/wp-json\/wp\/v2\/media\/904"}],"wp:attachment":[{"href":"https:\/\/haircenterofturkey.com\/sv\/wp-json\/wp\/v2\/media?parent=46646"}],"wp:term":[{"taxonomy":"category","embeddable":true,"href":"https:\/\/haircenterofturkey.com\/sv\/wp-json\/wp\/v2\/categories?post=46646"},{"taxonomy":"post_tag","embeddable":true,"href":"https:\/\/haircenterofturkey.com\/sv\/wp-json\/wp\/v2\/tags?post=46646"}],"curies":[{"name":"wp","href":"https:\/\/api.w.org\/{rel}","templated":true}]}}