{"id":46463,"date":"2025-11-05T13:04:02","date_gmt":"2025-11-05T10:04:02","guid":{"rendered":"https:\/\/haircenterofturkey.com\/?p=46463"},"modified":"2026-09-01T16:20:36","modified_gmt":"2026-09-01T13:20:36","slug":"nasta-generations-perm","status":"publish","type":"post","link":"https:\/\/haircenterofturkey.com\/sv\/nasta-generations-perm\/","title":{"rendered":"N\u00e4sta generations Perm"},"content":{"rendered":"\n<h2 class=\"wp-block-heading\" id=\"next-generation-perm\"><strong>Next Generation Perm<\/strong><\/h2>\n\n<p class=\"wp-block-paragraph\"><span style=\"font-weight: 400;\">The Next Generation Perm is a modern perm method designed to create soft, natural-looking waves with a gentler approach than many traditional perms. It focuses on achieving long-lasting texture while supporting hair feel and shine through more conditioning formulas and a tailored technique based on hair type and desired wave pattern.<\/span><\/p>\n\n<p class=\"wp-block-paragraph\"><span style=\"font-weight: 400;\">Hair trends come and go, yet natural waves and airy volume stay in demand. Classic perm treatments can leave hair dry or brittle, which is why many people hesitate. The Next Generation Perm is positioned as a newer alternative for those who want movement and shape with a more hair-friendly finish.<\/span><\/p>\n\n<h2 class=\"wp-block-heading\" id=\"what-is-a-next-generation-perm\"><b>What is a Next Generation Perm?<\/b><\/h2>\n\n<p class=\"wp-block-paragraph\"><span style=\"font-weight: 400;\">The Next Generation Perm is a modern hair-styling technique that creates loose, natural waves rather than tight curls. It\u2019s typically described as using newer-generation formulas that aim to reshape the hair while being more conditioning than older perm solutions.<\/span><\/p>\n\n<p class=\"wp-block-paragraph\"><span style=\"font-weight: 400;\">A key goal is a softer look and feel after the service. Many people choose it because the end result can appear more \u201clived-in\u201d and less uniform than a classic perm.<\/span><\/p>\n\n<p class=\"wp-block-paragraph\">This method creates long-lasting waves without damaging the hair and has become one of<\/p>\n\n<figure class=\"wp-block-image\"><img decoding=\"async\" src=\"https:\/\/haircenterofturkey.com\/wp-content\/uploads\/2025\/11\/1_result-2.webp\" alt=\"Next Generation Perm\" title=\"\"><\/figure>\n\n<div class=\"wp-block-rank-math-toc-block\" id=\"rank-math-toc\"><h2>Table of Contents<\/h2><nav><ul><li><a href=\"#next-generation-perm\">Next Generation Perm<\/a><\/li><li><a href=\"#what-is-a-next-generation-perm\">What is a Next Generation Perm?<\/a><\/li><li><a href=\"#how-it-differs-from-a-classic-perm\">How it differs from a classic perm<\/a><\/li><li><a href=\"#effects-on-hair\">Effects on hair<\/a><\/li><li><a href=\"#how-the-next-generation-perm-is-applied\">How the Next Generation Perm is applied<\/a><\/li><li><a href=\"#how-long-does-it-last\">How long does it last?<\/a><\/li><li><a href=\"#aftercare-tips-that-make-a-real-difference\">Aftercare tips that make a real difference<\/a><\/li><li><a href=\"#typical-pricing-and-what-affects-the-cost\">Typical pricing and what affects the cost<\/a><\/li><li><a href=\"#frequently-asked-questions\">Frequently Asked Questions<\/a><ul><li><a href=\"#faq-question-1770712742888\">Why is Gen Z getting perms?<\/a><\/li><li><a href=\"#faq-question-1770712749044\">Does it damage hair?<\/a><\/li><li><a href=\"#faq-question-1770712755816\">Is it suitable for all hair types?<\/a><\/li><li><a href=\"#faq-question-1770712764799\">Are perms in style for 2026?<\/a><\/li><li><a href=\"#faq-question-1770712773436\">How long to wait until the next perm?<\/a><\/li><\/ul><\/li><\/ul><\/nav><\/div>\n\n<h2 class=\"wp-block-heading\" id=\"how-it-differs-from-a-classic-perm\"><b>How it differs from a classic perm<\/b><\/h2>\n\n<p class=\"wp-block-paragraph\"><span style=\"font-weight: 400;\">Traditional perms often rely on stronger chemical processing to break and reform bonds in the hair. That\u2019s one reason some people associate perms with dryness, frizz, or breakage especially when hair is already fragile.<\/span><\/p>\n\n<p class=\"wp-block-paragraph\"><span style=\"font-weight: 400;\">Next Generation Perm techniques are usually marketed as gentler and more customizable. They tend to focus on:<\/span><\/p>\n\n<ul class=\"wp-block-list\">\n<li><b>Wave style:<\/b><span style=\"font-weight: 400;\"> softer, more natural movement instead of tight curls<\/span><\/li>\n\n\n\n<li><b>Finish:<\/b><span style=\"font-weight: 400;\"> a smoother, shinier appearance when paired with good aftercare<\/span><\/li>\n\n\n\n<li><b>Customization:<\/b><span style=\"font-weight: 400;\"> rod size, placement, and processing tailored to hair type and the look you want<\/span><\/li>\n<\/ul>\n\n<p class=\"wp-block-paragraph\"><span style=\"font-weight: 400;\">No perm is completely \u201cdamage-proof,\u201d but the newer approach is often chosen for a more manageable finish and a less harsh feel.<\/span><\/p>\n\n<figure class=\"wp-block-image\"><img decoding=\"async\" src=\"https:\/\/haircenterofturkey.com\/wp-content\/uploads\/2025\/11\/2_result-2.webp\" alt=\"Next Generation Perm\" title=\"\"><\/figure>\n\n<p class=\"wp-block-paragraph\"><\/p>\n\n<h2 class=\"wp-block-heading\" id=\"effects-on-hair\"><b>Effects on hair<\/b><\/h2>\n\n<p class=\"wp-block-paragraph\"><span style=\"font-weight: 400;\">Many people notice a visible change in texture, volume, and styling time. Fine or flat hair can look fuller, while thick hair can gain more defined shape and movement.<\/span><\/p>\n\n<p class=\"wp-block-paragraph\"><span style=\"font-weight: 400;\">When done well, the hair often looks more polished without daily heat styling. Frizz can also be easier to control because the wave pattern gives hair a more consistent form.<\/span><\/p>\n\n<h2 class=\"wp-block-heading\" id=\"how-the-next-generation-perm-is-applied\"><b>How the Next Generation Perm is applied<\/b><\/h2>\n\n<p class=\"wp-block-paragraph\"><span style=\"font-weight: 400;\">This service should be done by an experienced stylist who can assess hair health and choose the right technique. The exact steps vary by salon, but the process commonly includes:<\/span><\/p>\n\n<ol class=\"wp-block-list\">\n<li><b>Consultation:<\/b><span style=\"font-weight: 400;\"> hair analysis, goal setting, and choosing wave size<\/span><\/li>\n\n\n\n<li><b>Clarifying wash:<\/b><span style=\"font-weight: 400;\"> removing buildup so the solution works evenly<\/span><\/li>\n\n\n\n<li><b>Sectioning and wrapping:<\/b><span style=\"font-weight: 400;\"> rollers placed based on the wave pattern you want<\/span><\/li>\n\n\n\n<li><b>Processing:<\/b><span style=\"font-weight: 400;\"> solution applied and monitored carefully<\/span><\/li>\n\n\n\n<li><b>Rinsing and neutralizing:<\/b><span style=\"font-weight: 400;\"> setting the new shape<\/span><\/li>\n\n\n\n<li><b>Finishing care:<\/b><span style=\"font-weight: 400;\"> conditioning and styling for a soft result<\/span><\/li>\n<\/ol>\n\n<p class=\"wp-block-paragraph\"><span style=\"font-weight: 400;\">If your hair is heavily bleached or heat-damaged, a stylist may suggest repairing treatments first to reduce the risk of breakage.<\/span><\/p>\n\n<h2 class=\"wp-block-heading\" id=\"how-long-does-it-last\"><b>How long does it last?<\/b><\/h2>\n\n<p class=\"wp-block-paragraph\"><span style=\"font-weight: 400;\">On average, results can last <\/span><b>6\u201312 weeks<\/b><span style=\"font-weight: 400;\">, depending on hair type and routine. Some people see longer wear, especially with consistent aftercare and minimal heat styling.<\/span><\/p>\n\n<p class=\"wp-block-paragraph\"><span style=\"font-weight: 400;\">Longevity often depends on:<\/span><\/p>\n\n<ul class=\"wp-block-list\">\n<li><span style=\"font-weight: 400;\">natural hair structure (fine, thick, treated, or porous)<\/span><\/li>\n\n\n\n<li><span style=\"font-weight: 400;\">products used at home<\/span><\/li>\n\n\n\n<li><span style=\"font-weight: 400;\">how often you use hot tools<\/span><\/li>\n\n\n\n<li><span style=\"font-weight: 400;\">your post-treatment care routine<\/span><\/li>\n<\/ul>\n\n<figure class=\"wp-block-image\"><img decoding=\"async\" src=\"https:\/\/haircenterofturkey.com\/wp-content\/uploads\/2025\/11\/3_result-2.webp\" alt=\"Next Generation Perm\" title=\"\"><\/figure>\n\n<p class=\"wp-block-paragraph\"><\/p>\n\n<h2 class=\"wp-block-heading\" id=\"aftercare-tips-that-make-a-real-difference\"><b>Aftercare tips that make a real difference<\/b><\/h2>\n\n<p class=\"wp-block-paragraph\"><span style=\"font-weight: 400;\">The first week matters most. Treat your hair gently and keep moisture high.<\/span><\/p>\n\n<ul class=\"wp-block-list\">\n<li><span style=\"font-weight: 400;\">Use a <\/span><b>sulfate-free shampoo<\/b><span style=\"font-weight: 400;\"> and avoid harsh clarifying products early on<\/span><\/li>\n\n\n\n<li><span style=\"font-weight: 400;\">Apply a <\/span><b>moisturizing mask once a week<\/b><\/li>\n\n\n\n<li><span style=\"font-weight: 400;\">Limit heat styling, and use heat protection when you do<\/span><\/li>\n\n\n\n<li><span style=\"font-weight: 400;\">Detangle carefully and avoid aggressive brushing when hair is wet<\/span><\/li>\n<\/ul>\n\n<p class=\"wp-block-paragraph\"><span style=\"font-weight: 400;\">Good aftercare keeps waves looking softer and helps the shape last.<\/span><\/p>\n\n<h2 class=\"wp-block-heading\" id=\"typical-pricing-and-what-affects-the-cost\"><b>Typical pricing and what affects the cost<\/b><\/h2>\n\n<p class=\"wp-block-paragraph\"><span style=\"font-weight: 400;\">Pricing depends on the salon, the products used, and the time required. Hair <\/span><b>length and density<\/b><span style=\"font-weight: 400;\"> are usually the biggest cost drivers, since longer or thicker hair takes more product and more labor.<\/span><\/p>\n\n<p class=\"wp-block-paragraph\"><span style=\"font-weight: 400;\">Other common factors include:<\/span><\/p>\n\n<ul class=\"wp-block-list\">\n<li><span style=\"font-weight: 400;\">stylist experience and salon location<\/span><\/li>\n\n\n\n<li><span style=\"font-weight: 400;\">brand and quality of perm solutions<\/span><\/li>\n\n\n\n<li><span style=\"font-weight: 400;\">whether a repair or bonding treatment is included<\/span><\/li>\n\n\n\n<li><span style=\"font-weight: 400;\">packages that bundle the perm with post-care treatments<\/span><\/li>\n<\/ul>\n\n<p class=\"wp-block-paragraph\"><span style=\"font-weight: 400;\">If you\u2019re comparing prices, look at what\u2019s included in the service (consultation, aftercare products, repair steps), not only the headline number.<\/span><\/p>\n\n<h2 class=\"wp-block-heading\" id=\"frequently-asked-questions\">Frequently Asked Questions<\/h2>\n<div id=\"rank-math-faq\" class=\"rank-math-block\">\n<div class=\"rank-math-list \">\n<div id=\"faq-question-1770712742888\" class=\"rank-math-list-item\">\n<h3 class=\"rank-math-question \">Why is Gen Z getting perms?<\/h3>\n<div class=\"rank-math-answer \">\n\n<p>They want lasting texture, volume, and an on-trend look without daily styling.<\/p>\n\n<\/div>\n<\/div>\n<div id=\"faq-question-1770712749044\" class=\"rank-math-list-item\">\n<h3 class=\"rank-math-question \">Does it damage hair?<\/h3>\n<div class=\"rank-math-answer \">\n\n<p>Yes, perms can weaken hair; damage increases with bleach, heat, and repeated processing.<\/p>\n\n<\/div>\n<\/div>\n<div id=\"faq-question-1770712755816\" class=\"rank-math-list-item\">\n<h3 class=\"rank-math-question \">Is it suitable for all hair types?<\/h3>\n<div class=\"rank-math-answer \">\n\n<p>No, very damaged, heavily bleached, or fragile hair isn\u2019t a good perm candidate.<\/p>\n\n<\/div>\n<\/div>\n<div id=\"faq-question-1770712764799\" class=\"rank-math-list-item\">\n<h3 class=\"rank-math-question \">Are perms in style for 2026?<\/h3>\n<div class=\"rank-math-answer \">\n\n<p>Yes, soft \u201cbro perms\u201d and loose texture perms remain popular in 2026.<\/p>\n\n<\/div>\n<\/div>\n<div id=\"faq-question-1770712773436\" class=\"rank-math-list-item\">\n<h3 class=\"rank-math-question \">How long to wait until the next perm?<\/h3>\n<div class=\"rank-math-answer \">\n\n<p>Wait at least 8\u201312 weeks, or longer if hair feels dry or breaks.<\/p>\n\n<\/div>\n<\/div>\n<\/div>\n<\/div>\n<p class=\"wp-block-paragraph\">\u00a0<\/p>\n","protected":false},"excerpt":{"rendered":"<p>Next Generation Perm The Next Generation Perm is a modern perm method designed to create soft, natural-looking waves with a gentler approach than many traditional perms. It focuses on achieving long-lasting texture while supporting hair feel and shine through more conditioning formulas and a tailored technique based on hair type and desired wave pattern. Hair [&hellip;]<\/p>\n","protected":false},"author":2,"featured_media":1057,"comment_status":"closed","ping_status":"closed","sticky":false,"template":"","format":"standard","meta":{"footnotes":"","rank_math_title":"","rank_math_description":"N\u00e4sta generations perm anv\u00e4nder mildare formler och moderna tekniker f\u00f6r att skapa mjuka v\u00e5gor eller lockar med naturligt utseende.","rank_math_focus_keyword":"","rank_math_canonical_url":"","rank_math_breadcrumb_title":"","rank_math_facebook_title":"","rank_math_facebook_description":"","rank_math_facebook_image":"","rank_math_twitter_title":"","rank_math_twitter_description":"","rank_math_twitter_image":"","rank_math_pillar_content":""},"categories":[1006,1026],"tags":[],"class_list":["post-46463","post","type-post","status-publish","format-standard","has-post-thumbnail","hentry","category-blog","category-harvard"],"_links":{"self":[{"href":"https:\/\/haircenterofturkey.com\/sv\/wp-json\/wp\/v2\/posts\/46463","targetHints":{"allow":["GET"]}}],"collection":[{"href":"https:\/\/haircenterofturkey.com\/sv\/wp-json\/wp\/v2\/posts"}],"about":[{"href":"https:\/\/haircenterofturkey.com\/sv\/wp-json\/wp\/v2\/types\/post"}],"author":[{"embeddable":true,"href":"https:\/\/haircenterofturkey.com\/sv\/wp-json\/wp\/v2\/users\/2"}],"replies":[{"embeddable":true,"href":"https:\/\/haircenterofturkey.com\/sv\/wp-json\/wp\/v2\/comments?post=46463"}],"version-history":[{"count":2,"href":"https:\/\/haircenterofturkey.com\/sv\/wp-json\/wp\/v2\/posts\/46463\/revisions"}],"predecessor-version":[{"id":47672,"href":"https:\/\/haircenterofturkey.com\/sv\/wp-json\/wp\/v2\/posts\/46463\/revisions\/47672"}],"wp:featuredmedia":[{"embeddable":true,"href":"https:\/\/haircenterofturkey.com\/sv\/wp-json\/wp\/v2\/media\/1057"}],"wp:attachment":[{"href":"https:\/\/haircenterofturkey.com\/sv\/wp-json\/wp\/v2\/media?parent=46463"}],"wp:term":[{"taxonomy":"category","embeddable":true,"href":"https:\/\/haircenterofturkey.com\/sv\/wp-json\/wp\/v2\/categories?post=46463"},{"taxonomy":"post_tag","embeddable":true,"href":"https:\/\/haircenterofturkey.com\/sv\/wp-json\/wp\/v2\/tags?post=46463"}],"curies":[{"name":"wp","href":"https:\/\/api.w.org\/{rel}","templated":true}]}}