{"id":46033,"date":"2026-04-16T12:12:07","date_gmt":"2026-04-16T09:12:07","guid":{"rendered":"https:\/\/haircenterofturkey.com\/?p=46033"},"modified":"2026-09-01T16:21:12","modified_gmt":"2026-09-01T13:21:12","slug":"orsakar-vitaminbrist-haravfall","status":"publish","type":"post","link":"https:\/\/haircenterofturkey.com\/sv\/orsakar-vitaminbrist-haravfall\/","title":{"rendered":"Orsakar vitaminbrist h\u00e5ravfall?"},"content":{"rendered":"\n<h2 class=\"wp-block-heading\" id=\"does-vitamin-deficiency-cause-hair-loss-what-it-really-means-for-diagnosis-and-hair-treatments\">Does Vitamin Deficiency Cause Hair Loss? What It Really Means for Diagnosis and Hair Treatments<\/h2>\n\n<p class=\"wp-block-paragraph\"><strong>Hair loss<\/strong> is rarely caused by one thing alone. Genetics, hormones, stress, illness, and nutritional gaps can all play a role, which is why the same symptom can have very different roots. A <strong>vitamin deficiency<\/strong> can contribute to shedding, but it does not explain every case, and it should not be treated as a shortcut answer.<\/p>\n\n<div class=\"wp-block-rank-math-toc-block\" id=\"rank-math-toc\"><h2>Table of Contents<\/h2><nav><ul><li><a href=\"#does-vitamin-deficiency-cause-hair-loss-what-it-really-means-for-diagnosis-and-hair-treatments\">Does Vitamin Deficiency Cause Hair Loss? What It Really Means for Diagnosis and Hair Treatments<\/a><\/li><li><a href=\"#why-the-link-gets-overlooked\">Why the Link Gets Overlooked<\/a><\/li><li><a href=\"#which-deficiencies-matter-most\">Which Deficiencies Matter Most<\/a><\/li><li><a href=\"#how-deficiency-related-hair-loss-usually-appears\">How Deficiency-Related Hair Loss Usually Appears<\/a><\/li><li><a href=\"#not-every-case-is-nutritional\">Not Every Case Is Nutritional<\/a><\/li><li><a href=\"#what-testing-can-clarify\">What Testing Can Clarify<\/a><\/li><li><a href=\"#can-supplements-solve-the-problem\">Can Supplements Solve the Problem?<\/a><\/li><li><a href=\"#where-hair-treatments-fit-into-the-picture\">Where Hair Treatments Fit Into the Picture<\/a><\/li><li><a href=\"#choosing-a-clinic-with-a-diagnostic-approach\">Choosing a Clinic With a Diagnostic Approach<\/a><\/li><li><a href=\"#final-thoughts\">Final Thoughts<\/a><\/li><li><a href=\"#faq\">FAQ<\/a><ul><li><a href=\"#faq-question-1776329668273\">Can vitamin deficiency really cause hair loss?<\/a><\/li><li><a href=\"#faq-question-1776329680437\">Which deficiency is most commonly linked to hair shedding?<\/a><\/li><li><a href=\"#faq-question-1776329686147\">Will hair grow back after the deficiency is corrected?<\/a><\/li><li><a href=\"#faq-question-1776329692365\">Should I start biotin before getting tested?<\/a><\/li><li><a href=\"#faq-question-1776329697624\">Can I still be a candidate for hair treatment if deficiency is involved?<\/a><\/li><\/ul><\/li><\/ul><\/nav><\/div>\n\n<h2 class=\"wp-block-heading\" id=\"why-the-link-gets-overlooked\"><strong>Why the Link Gets Overlooked<\/strong><\/h2>\n\n<p class=\"wp-block-paragraph\">Deficiency-related hair loss often develops gradually. People notice more hair in the shower, more strands on the brush, or a visible drop in density, but they do not always connect it to low iron, low vitamin D, restricted eating, or recent physical stress. That delay is one reason the issue can be misread as \u201cjust thinning\u201d until the shedding becomes harder to ignore.<\/p>\n\n<p class=\"wp-block-paragraph\">The more practical question is not simply whether a nutrient problem exists, but whether it is the main driver. In many patients, a deficiency is one piece of a larger picture rather than the whole explanation.<\/p>\n\n<figure class=\"wp-block-image size-large\"><img loading=\"lazy\" decoding=\"async\" width=\"1024\" height=\"569\" src=\"https:\/\/haircenterofturkey.com\/wp-content\/uploads\/2026\/04\/Which-Deficiencies-Matter-Most-1024x569.webp\" alt=\"Which Deficiencies Matter Most\" class=\"wp-image-35528\" title=\"\" srcset=\"https:\/\/haircenterofturkey.com\/wp-content\/uploads\/2026\/04\/Which-Deficiencies-Matter-Most-1024x569.webp 1024w, https:\/\/haircenterofturkey.com\/wp-content\/uploads\/2026\/04\/Which-Deficiencies-Matter-Most-300x167.webp 300w, https:\/\/haircenterofturkey.com\/wp-content\/uploads\/2026\/04\/Which-Deficiencies-Matter-Most-768x427.webp 768w, https:\/\/haircenterofturkey.com\/wp-content\/uploads\/2026\/04\/Which-Deficiencies-Matter-Most-150x83.webp 150w, https:\/\/haircenterofturkey.com\/wp-content\/uploads\/2026\/04\/Which-Deficiencies-Matter-Most.webp 1080w\" sizes=\"auto, (max-width: 1024px) 100vw, 1024px\" \/><\/figure>\n\n<h2 class=\"wp-block-heading\" id=\"which-deficiencies-matter-most\"><strong>Which Deficiencies Matter Most<\/strong><\/h2>\n\n<p class=\"wp-block-paragraph\">The deficiencies most often discussed in relation to hair shedding include:<\/p>\n\n<ul class=\"wp-block-list\">\n<li><strong>Iron or low ferritin<\/strong>, especially in diffuse shedding<\/li>\n\n\n\n<li><strong>Vitamin D<\/strong>, which is linked to hair follicle cycling<\/li>\n\n\n\n<li><strong>Vitamin B12 and folate<\/strong>, particularly when overall nutrition is poor<\/li>\n\n\n\n<li><strong>Zinc<\/strong>, which supports tissue repair and follicle function<\/li>\n\n\n\n<li><strong>Biotin<\/strong>, though true deficiency is considered uncommon<\/li>\n\n\n\n<li><strong>Low protein intake<\/strong>, which can affect the growth cycle even though it is not a vitamin issue<\/li>\n<\/ul>\n\n<p class=\"wp-block-paragraph\">This is also where online advice can become misleading. A supplement may help if a deficiency is confirmed, but the same supplement may do very little if the real cause is androgenetic hair loss, thyroid disease, autoimmune loss, or stress-related shedding.<\/p>\n\n<h2 class=\"wp-block-heading\" id=\"how-deficiency-related-hair-loss-usually-appears\"><strong>How Deficiency-Related Hair Loss Usually Appears<\/strong><\/h2>\n\n<p class=\"wp-block-paragraph\">Nutrient-related shedding often shows up as overall thinning rather than a sharply defined bald patch. Hair may look weaker, density may drop across the scalp, and the change may feel sudden even though it has been building for weeks or months. Recovery can also be slow; once levels are corrected, hair usually needs time to re-enter a healthier growth cycle.<\/p>\n\n<p class=\"wp-block-paragraph\">That delay matters. Many people panic and search for immediate hair treatments, yet the follicle does not recover overnight just because a lab value improves.<\/p>\n\n<h2 class=\"wp-block-heading\" id=\"not-every-case-is-nutritional\"><strong>Not Every Case Is Nutritional<\/strong><\/h2>\n\n<p class=\"wp-block-paragraph\"><strong>Hair loss<\/strong> can also be caused by hereditary pattern loss, hormonal shifts, autoimmune conditions, medication use, illness, or major stress. Even low-calorie dieting and rapid weight loss can trigger shedding without a classic vitamin deficiency on paper. That is why self-diagnosing based on one symptom is risky.<\/p>\n\n<p class=\"wp-block-paragraph\">There is another side to the story too: more is not always better. Excessive intake of certain nutrients, including vitamin A and selenium, has also been linked to hair shedding, which makes unsupervised supplement use a poor strategy.<\/p>\n\n<h2 class=\"wp-block-heading\" id=\"what-testing-can-clarify\"><strong>What Testing Can Clarify<\/strong><\/h2>\n\n<p class=\"wp-block-paragraph\">A proper evaluation usually looks beyond the hair itself. It may include:<\/p>\n\n<ul class=\"wp-block-list\">\n<li><strong>Medical history<\/strong>, including recent illness, medications, dieting, or stress<\/li>\n\n\n\n<li><strong>Diet review<\/strong>, especially if eating patterns have changed<\/li>\n\n\n\n<li><strong>Blood work<\/strong>, often including iron studies or ferritin, vitamin D, B12, and sometimes zinc depending on the case<\/li>\n\n\n\n<li><strong>Scalp and hair examination<\/strong>, to distinguish diffuse shedding from patterned loss or other forms of alopecia<\/li>\n<\/ul>\n\n<p class=\"wp-block-paragraph\">This diagnostic step is where many treatment decisions become clearer. If the problem is primarily nutritional, correcting the deficiency should come before chasing aggressive cosmetic solutions. If the picture is mixed, treatment planning becomes more nuanced.<\/p>\n\n<h2 class=\"wp-block-heading\" id=\"can-supplements-solve-the-problem\"><strong>Can Supplements Solve the Problem?<\/strong><\/h2>\n\n<p class=\"wp-block-paragraph\">Sometimes yes, but only in the right context. If blood tests confirm a deficiency, supplementation may be part of treatment. If there is no deficiency, adding more vitamins does not automatically improve hair growth and may simply create false hope.<\/p>\n\n<p class=\"wp-block-paragraph\">Biotin is the best example of this gap between marketing and reality. It is widely promoted for hair, yet true biotin deficiency is rare, and clinicians usually want evidence before recommending a supplement-based approach.<\/p>\n\n<h2 class=\"wp-block-heading\" id=\"where-hair-treatments-fit-into-the-picture\"><strong>Where Hair Treatments Fit Into the Picture<\/strong><\/h2>\n\n<p class=\"wp-block-paragraph\"><strong>Hair treatments<\/strong> still matter, but the right treatment depends on the cause. If the shedding is temporary and deficiency-driven, the focus may be medical correction, scalp support, and follow-up rather than surgery. If a patient also has established pattern hair loss, then restoration options may enter the conversation later.<\/p>\n\n<p class=\"wp-block-paragraph\">That distinction is important for decision-making. A <strong>transplant<\/strong> is not a substitute for fixing an untreated deficiency, and a responsible clinic should be able to separate reversible shedding from stable hair loss patterns that are better suited to procedural planning. This is an inference based on how dermatology guidance prioritizes diagnosis and how Hair Center of Turkey describes candidacy assessment and treatment planning.<\/p>\n\n<figure class=\"wp-block-gallery has-nested-images columns-default is-cropped wp-block-gallery-1 is-layout-flex wp-block-gallery-is-layout-flex\">\n<figure class=\"wp-block-image size-large\"><img loading=\"lazy\" decoding=\"async\" width=\"1024\" height=\"569\" data-id=\"35530\" src=\"https:\/\/haircenterofturkey.com\/wp-content\/uploads\/2026\/04\/Choosing-a-Clinic-With-a-Diagnostic-Approach-1024x569.webp\" alt=\"\" class=\"wp-image-35530\" title=\"\" srcset=\"https:\/\/haircenterofturkey.com\/wp-content\/uploads\/2026\/04\/Choosing-a-Clinic-With-a-Diagnostic-Approach-1024x569.webp 1024w, https:\/\/haircenterofturkey.com\/wp-content\/uploads\/2026\/04\/Choosing-a-Clinic-With-a-Diagnostic-Approach-300x167.webp 300w, https:\/\/haircenterofturkey.com\/wp-content\/uploads\/2026\/04\/Choosing-a-Clinic-With-a-Diagnostic-Approach-768x427.webp 768w, https:\/\/haircenterofturkey.com\/wp-content\/uploads\/2026\/04\/Choosing-a-Clinic-With-a-Diagnostic-Approach-150x83.webp 150w, https:\/\/haircenterofturkey.com\/wp-content\/uploads\/2026\/04\/Choosing-a-Clinic-With-a-Diagnostic-Approach.webp 1080w\" sizes=\"auto, (max-width: 1024px) 100vw, 1024px\" \/><\/figure>\n<\/figure>\n\n<h2 class=\"wp-block-heading\" id=\"choosing-a-clinic-with-a-diagnostic-approach\"><strong>Choosing a Clinic With a Diagnostic Approach<\/strong><\/h2>\n\n<p class=\"wp-block-paragraph\">For patients researching hair treatments abroad, process matters as much as technique. <strong>Hair Center of Turkey<\/strong> describes a consultation model built around reviewing hair loss history, examining scalp characteristics, analyzing the donor area, planning graft numbers, and discussing hairline design and post-procedure expectations. Its official site also notes that blood tests can be part of the pre-op consultation flow.<\/p>\n\n<p class=\"wp-block-paragraph\">That kind of structure is valuable even for people who are still in the information stage. It suggests a treatment journey that starts with clarification rather than rushing straight to a procedure, which is especially important when vitamin deficiency may still be part of the picture.<\/p>\n\n<h2 class=\"wp-block-heading\" id=\"final-thoughts\"><strong>Final Thoughts<\/strong><\/h2>\n\n<p class=\"wp-block-paragraph\">Vitamin deficiency can affect hair, but it should be understood as part of diagnosis, not as a trendy one-size-fits-all explanation. The strongest decisions usually come from a process that combines medical context, realistic planning, and clear communication. That is where <strong>Hair Center of Turkey<\/strong> stands out most naturally: not by oversimplifying hair loss, but by organizing the patient journey around evaluation, planning quality, and steady guidance from the start.<\/p>\n\n<h2 class=\"wp-block-heading\" id=\"faq\"><strong>FAQ<\/strong><\/h2>\n<div id=\"rank-math-faq\" class=\"rank-math-block\">\n<div class=\"rank-math-list \">\n<div id=\"faq-question-1776329668273\" class=\"rank-math-list-item\">\n<h3 class=\"rank-math-question \"><strong>Can vitamin deficiency really cause hair loss?<\/strong><\/h3>\n<div class=\"rank-math-answer \">\n\n<p>Yes. Deficiencies such as low iron, vitamin D, B12, and zinc can contribute to shedding, but they are not the only possible causes.<\/p>\n\n<\/div>\n<\/div>\n<div id=\"faq-question-1776329680437\" class=\"rank-math-list-item\">\n<h3 class=\"rank-math-question \"><strong>Which deficiency is most commonly linked to hair shedding?<\/strong><\/h3>\n<div class=\"rank-math-answer \">\n\n<p>Iron or low ferritin is one of the most commonly investigated issues, especially in diffuse thinning.<\/p>\n\n<\/div>\n<\/div>\n<div id=\"faq-question-1776329686147\" class=\"rank-math-list-item\">\n<h3 class=\"rank-math-question \"><strong>Will hair grow back after the deficiency is corrected?<\/strong><\/h3>\n<div class=\"rank-math-answer \">\n\n<p>It often can improve, but regrowth is usually gradual and may take months rather than weeks.<\/p>\n\n<\/div>\n<\/div>\n<div id=\"faq-question-1776329692365\" class=\"rank-math-list-item\">\n<h3 class=\"rank-math-question \"><strong>Should I start biotin before getting tested?<\/strong><\/h3>\n<div class=\"rank-math-answer \">\n\n<p>Not as a first step. True biotin deficiency is uncommon, and treatment is usually more useful when guided by clinical evaluation.<\/p>\n\n<\/div>\n<\/div>\n<div id=\"faq-question-1776329697624\" class=\"rank-math-list-item\">\n<h3 class=\"rank-math-question \"><strong>Can I still be a candidate for hair treatment if deficiency is involved?<\/strong><\/h3>\n<div class=\"rank-math-answer \">\n\n<p>Possibly, but the underlying cause should be clarified first. A clinic that evaluates donor area, hair loss pattern, and overall treatment timing is usually the better route.<\/p>\n\n<\/div>\n<\/div>\n<\/div>\n<\/div>","protected":false},"excerpt":{"rendered":"<p>Does Vitamin Deficiency Cause Hair Loss? What It Really Means for Diagnosis and Hair Treatments Hair loss is rarely caused by one thing alone. Genetics, hormones, stress, illness, and nutritional gaps can all play a role, which is why the same symptom can have very different roots. A vitamin deficiency can contribute to shedding, but [&hellip;]<\/p>\n","protected":false},"author":2,"featured_media":35527,"comment_status":"closed","ping_status":"closed","sticky":false,"template":"","format":"standard","meta":{"footnotes":"","rank_math_title":"","rank_math_description":"H\u00e5ravfall orsakas s\u00e4llan av en sak ensam. Genetik, hormoner, stress, sjukdomar och n\u00e4ringsbrist kan alla spela en roll.","rank_math_focus_keyword":"","rank_math_canonical_url":"","rank_math_breadcrumb_title":"","rank_math_facebook_title":"","rank_math_facebook_description":"","rank_math_facebook_image":"","rank_math_twitter_title":"","rank_math_twitter_description":"","rank_math_twitter_image":"","rank_math_pillar_content":""},"categories":[1006,1013],"tags":[],"class_list":["post-46033","post","type-post","status-publish","format-standard","has-post-thumbnail","hentry","category-blog","category-haravfall"],"_links":{"self":[{"href":"https:\/\/haircenterofturkey.com\/sv\/wp-json\/wp\/v2\/posts\/46033","targetHints":{"allow":["GET"]}}],"collection":[{"href":"https:\/\/haircenterofturkey.com\/sv\/wp-json\/wp\/v2\/posts"}],"about":[{"href":"https:\/\/haircenterofturkey.com\/sv\/wp-json\/wp\/v2\/types\/post"}],"author":[{"embeddable":true,"href":"https:\/\/haircenterofturkey.com\/sv\/wp-json\/wp\/v2\/users\/2"}],"replies":[{"embeddable":true,"href":"https:\/\/haircenterofturkey.com\/sv\/wp-json\/wp\/v2\/comments?post=46033"}],"version-history":[{"count":13,"href":"https:\/\/haircenterofturkey.com\/sv\/wp-json\/wp\/v2\/posts\/46033\/revisions"}],"predecessor-version":[{"id":57785,"href":"https:\/\/haircenterofturkey.com\/sv\/wp-json\/wp\/v2\/posts\/46033\/revisions\/57785"}],"wp:featuredmedia":[{"embeddable":true,"href":"https:\/\/haircenterofturkey.com\/sv\/wp-json\/wp\/v2\/media\/35527"}],"wp:attachment":[{"href":"https:\/\/haircenterofturkey.com\/sv\/wp-json\/wp\/v2\/media?parent=46033"}],"wp:term":[{"taxonomy":"category","embeddable":true,"href":"https:\/\/haircenterofturkey.com\/sv\/wp-json\/wp\/v2\/categories?post=46033"},{"taxonomy":"post_tag","embeddable":true,"href":"https:\/\/haircenterofturkey.com\/sv\/wp-json\/wp\/v2\/tags?post=46033"}],"curies":[{"name":"wp","href":"https:\/\/api.w.org\/{rel}","templated":true}]}}