{"id":57623,"date":"2026-07-16T11:29:03","date_gmt":"2026-07-16T08:29:03","guid":{"rendered":"https:\/\/haircenterofturkey.com\/?p=57623"},"modified":"2026-08-31T14:00:12","modified_gmt":"2026-08-31T11:00:12","slug":"cauze-comune-ale-caderii-parului-la-barbati-si-femei","status":"publish","type":"post","link":"https:\/\/haircenterofturkey.com\/ro\/cauze-comune-ale-caderii-parului-la-barbati-si-femei\/","title":{"rendered":"Cauze comune ale c\u0103derii p\u0103rului la b\u0103rba\u021bi \u0219i femei"},"content":{"rendered":"\n<p class=\"wp-block-paragraph\">C\u0103derea p\u0103rului la b\u0103rba\u021bi \u0219i femei este o problem\u0103 complex\u0103 determinat\u0103 de genetic\u0103, schimb\u0103ri hormonale, stres, afec\u021biuni medicale \u0219i obiceiuri de stil de via\u021b\u0103. Identificarea cauzei principale este primul pas c\u0103tre g\u0103sirea unui tratament eficient. <\/p>\n\n\n\n<p class=\"wp-block-paragraph\">Pentru cei care caut\u0103 solu\u021bii experte, \u00een special pacien\u021bii din SUA, Hair Center of Turkey ofer\u0103 \u00eengrijire de clas\u0103 mondial\u0103 la un pre\u021b accesibil.<\/p>\n\n\n\n<p class=\"wp-block-paragraph\">Fondat\u0103 \u00een 2014, echipa noastr\u0103 dedicat\u0103 de 3 medici exper\u021bi efectueaz\u0103 anual peste 3000 de proceduri de succes, specializate \u00een diagnosticarea \u0219i tratarea cauzelor complexe ale c\u0103derii p\u0103rului.<\/p>\n\n\n\n<p class=\"wp-block-paragraph\">\u00cen\u021belegerea de ce v\u0103 pierde\u021bi p\u0103rul poate fi cople\u0219itoare, dar este o experien\u021b\u0103 comun\u0103. Mai mult de jum\u0103tate dintre femei se vor confrunta cu o c\u0103dere vizibil\u0103 a p\u0103rului la un moment dat \u00een via\u021ba lor. \u00centre timp, aproximativ 85% dintre b\u0103rba\u021bi vor experimenta o sub\u021biere semnificativ\u0103 p\u00e2n\u0103 la v\u00e2rsta de 50 de ani.<\/p>\n\n\n\n<p class=\"wp-block-paragraph\">Cheia este de a face diferen\u021ba \u00eentre v\u0103rsarea zilnic\u0103 normal\u0103 \u0219i o problem\u0103 mai persistent\u0103 care necesit\u0103 aten\u021bie profesional\u0103. Acest ghid exploreaz\u0103 cele mai r\u0103sp\u00e2ndite motive pentru c\u0103derea p\u0103rului pentru a oferi claritate \u0219i direc\u021bie.<\/p>\n\n\n\n<h2 id=\"androgenetic-alopecia-the-role-of-genetics\" class=\"wp-block-heading\">Alopecia androgenetic\u0103: rolul geneticii<\/h2>\n\n\n\n<p class=\"wp-block-paragraph\">Cel mai frecvent motiv pentru c\u0103derea p\u0103rului la b\u0103rba\u021bi \u0219i femei este alopecia androgenetic\u0103, adesea numit\u0103 chelie masculin\u0103 sau feminin\u0103. Aceast\u0103 condi\u021bie este ereditar\u0103, adic\u0103 se transmite prin familii. Este direct legat de o sensibilitate genetic\u0103 la dihidrotestosteron (DHT), un produs secundar al testosteronului.<\/p>\n\n\n\n<div class=\"wp-block-rank-math-toc-block\" id=\"rank-math-toc\"><h2>Table of Contents<\/h2><nav><ul><li><a href=\"#androgenetic-alopecia-the-role-of-genetics\">Alopecia androgenetic\u0103: rolul geneticii<\/a><\/li><li><a href=\"#telogen-effluvium-stress-and-illness-as-triggers\">Efluviu telogen: stresul \u0219i boala ca factori declan\u0219atori<\/a><\/li><li><a href=\"#alopecia-areata-an-autoimmune-perspective\">Alopecia Areata: o perspectiv\u0103 autoimun\u0103<\/a><\/li><li><a href=\"#hormonal-changes-and-their-impact-on-hair-health\">Schimb\u0103rile hormonale \u0219i impactul lor asupra s\u0103n\u0103t\u0103\u021bii p\u0103rului<\/a><ul><li><a href=\"#pregnancy-and-menopause\">Sarcina si menopauza<\/a><\/li><li><a href=\"#thyroid-conditions\">Afec\u021biuni ale tiroidei<\/a><\/li><\/ul><\/li><li><a href=\"#nutritional-deficiencies-the-link-between-diet-and-hair\">Deficien\u021be nutri\u021bionale: leg\u0103tura dintre diet\u0103 \u0219i p\u0103r<\/a><\/li><li><a href=\"#traction-alopecia-when-hairstyles-cause-hair-loss\">Alopecia de trac\u021biune: c\u00e2nd coafura provoac\u0103 c\u0103derea p\u0103rului<\/a><\/li><li><a href=\"#medical-conditions-and-medications-as-underlying-causes\">Condi\u021bii medicale \u0219i medicamente ca cauze subiacente<\/a><ul><li><a href=\"#underlying-health-conditions\">Condi\u021bii de s\u0103n\u0103tate subiacente<\/a><\/li><li><a href=\"#side-effects-of-medications\">Efectele secundare ale medicamentelor<\/a><\/li><\/ul><\/li><li><a href=\"#frequently-asked-questions\">\u00centreb\u0103ri frecvente<\/a><\/li><\/ul><\/nav><\/div>\n\n\n\n<p class=\"wp-block-paragraph\">DHT se poate lega de receptorii din foliculii de p\u0103r, determin\u00e2ndu-i s\u0103 se mic\u0219oreze \u0219i s\u0103 produc\u0103 fire de p\u0103r mai scurte \u0219i mai fine, p\u00e2n\u0103 c\u00e2nd \u00een cele din urm\u0103 \u00eenceteaz\u0103 s\u0103 produc\u0103 p\u0103r. Aceast\u0103 afec\u021biune afecteaz\u0103 aproximativ 50 de milioane de b\u0103rba\u021bi \u0219i 30 de milioane de femei numai \u00een Statele Unite.<\/p>\n\n\n\n<p class=\"wp-block-paragraph\">La b\u0103rba\u021bi, alopecia androgenetic\u0103 urmeaz\u0103 de obicei un model previzibil. Adesea \u00eencepe cu o linie de p\u0103r \u00een retragere care formeaz\u0103 o form\u0103 distinct\u0103 de \u201eM\u201d. Aceasta este frecvent urmat\u0103 de sub\u021bierea la nivelul coroanei capului. \u00cen timp, aceste dou\u0103 zone ale c\u0103derii p\u0103rului se pot \u00eembina, duc\u00e2nd la chelie par\u021bial\u0103 sau chiar complet\u0103 deasupra scalpului.<\/p>\n\n\n\n<p class=\"wp-block-paragraph\">Progresia este adesea m\u0103surat\u0103 folosind scara Norwood, care ajut\u0103 la clasificarea diferitelor stadii ale cheliei masculine. De\u0219i poate \u00eencepe \u00een anii adolescen\u021bei, prevalen\u021ba sa cre\u0219te semnificativ odat\u0103 cu v\u00e2rsta.<\/p>\n\n\n\n<p class=\"wp-block-paragraph\">Modelul arat\u0103 diferit pentru femei. \u00cen loc de linia p\u0103rului \u00een retragere, chelie feminin\u0103 se prezint\u0103 de obicei ca sub\u021biere difuz\u0103 pe \u00eentregul scalp. Cel mai frecvent semn ini\u021bial este o l\u0103rgire a p\u0103r\u021bii centrale a p\u0103rului, f\u0103c\u00e2nd scalpul mai vizibil.<\/p>\n\n\n\n<p class=\"wp-block-paragraph\">Calvi\u021bia complet\u0103 este rar\u0103 la femei, dar densitatea general\u0103 a p\u0103rului poate fi redus\u0103 semnificativ, impact\u00e2nd volumul \u0219i acoperirea. Aceast\u0103 sub\u021biere treptat\u0103 este adesea observat\u0103 pentru prima dat\u0103 c\u00e2nd coafa\u021bi p\u0103rul sau c\u00e2nd vede\u021bi mai mult scalp dec\u00e2t de obicei. Scala Ludwig este un instrument comun folosit pentru a urm\u0103ri progresia acestui tip de c\u0103derea p\u0103rului pe care b\u0103rba\u021bii \u0219i femeile se confrunt\u0103.<\/p>\n\n\n\n<h2 id=\"telogen-effluvium-stress-and-illness-as-triggers\" class=\"wp-block-heading\">Efluviu telogen: stresul \u0219i boala ca factori declan\u0219atori<\/h2>\n\n\n\n<p class=\"wp-block-paragraph\">Efluviul telogen este o form\u0103 de c\u0103dere temporar\u0103 a p\u0103rului care este un declan\u0219ator semnificativ pentru c\u0103derea brusc\u0103 a p\u0103rului pe care b\u0103rba\u021bii \u0219i femeile o raporteaz\u0103 dup\u0103 un \u0219oc asupra corpului. O persoan\u0103 pierde \u00een mod normal \u00eentre 50 \u0219i 100 de fire de p\u0103r pe zi, ca parte a unui ciclu de p\u0103r s\u0103n\u0103tos. Cu efluviul telogen, totu\u0219i, acest num\u0103r poate s\u0103ri dramatic la 300 sau chiar 500 de fire de p\u0103r pe zi. Afec\u021biunea se \u00eent\u00e2mpl\u0103 atunci c\u00e2nd un num\u0103r mare de fire de p\u0103r \u00een faza de cre\u0219tere (anagen) sunt \u00eempinse prematur \u00een faza de repaus (telogen), ceea ce duce la pierderea pe scar\u0103 larg\u0103 la c\u00e2teva luni dup\u0103 evenimentul declan\u0219ator.<\/p>\n\n\n\n<p class=\"wp-block-paragraph\">Lista poten\u021bialilor declan\u0219atori este extins\u0103 \u0219i foarte personal\u0103. Trauma fizic\u0103 major\u0103, cum ar fi un accident grav sau o interven\u021bie chirurgical\u0103 major\u0103, este o cauz\u0103 comun\u0103. Stresul emo\u021bional sever, cum ar fi pierderea unei persoane dragi, un divor\u021b sau o perioad\u0103 de presiune profesional\u0103 intens\u0103, poate ini\u021bia, de asemenea, un episod.<\/p>\n\n\n\n<p class=\"wp-block-paragraph\">Al\u021bi factori declan\u0219atori includ febr\u0103 mare, boli semnificative precum COVID-19, pierderea extrem\u0103 \u0219i rapid\u0103 \u00een greutate \u0219i modific\u0103ri majore ale dietei. C\u0103derea p\u0103rului dup\u0103 na\u0219tere, experimentat\u0103 de multe proaspete mame, este, de asemenea, o form\u0103 de efluviu telogen cauzat\u0103 de sc\u0103derea brusc\u0103 a nivelului hormonal dup\u0103 na\u0219tere.<\/p>\n\n\n\n<p class=\"wp-block-paragraph\">Aspectul pozitiv al acestei afec\u021biuni este c\u0103 este aproape \u00eentotdeauna reversibil\u0103. Odat\u0103 ce factorul de stres de baz\u0103 este identificat \u0219i rezolvat, foliculii de p\u0103r revin de obicei la ciclul lor normal de cre\u0219tere f\u0103r\u0103 deteriorare permanent\u0103. C\u0103derea \u00eencetine\u0219te, iar p\u0103rul nou \u00eencepe s\u0103 recreasc\u0103 \u00een urm\u0103toarele c\u00e2teva luni. \u00cen timp ce c\u0103derea brusc\u0103 \u0219i vizibil\u0103 a p\u0103rului poate fi alarmant\u0103, r\u0103bdarea este esen\u021bial\u0103, deoarece poate dura timp pentru ca densitatea p\u0103rului s\u0103 revin\u0103 la starea anterioar\u0103.<\/p>\n\n\n\n<figure class=\"wp-block-image size-large\"><img loading=\"lazy\" decoding=\"async\" width=\"1024\" height=\"569\" src=\"https:\/\/haircenterofturkey.com\/wp-content\/uploads\/2026\/07\/Telogen-Effluvium-Stress-and-Illness-as-Triggers-1024x569.webp\" alt=\"\" class=\"wp-image-54455\" title=\"\" srcset=\"https:\/\/haircenterofturkey.com\/wp-content\/uploads\/2026\/07\/Telogen-Effluvium-Stress-and-Illness-as-Triggers-1024x569.webp 1024w, https:\/\/haircenterofturkey.com\/wp-content\/uploads\/2026\/07\/Telogen-Effluvium-Stress-and-Illness-as-Triggers-300x167.webp 300w, https:\/\/haircenterofturkey.com\/wp-content\/uploads\/2026\/07\/Telogen-Effluvium-Stress-and-Illness-as-Triggers-768x427.webp 768w, https:\/\/haircenterofturkey.com\/wp-content\/uploads\/2026\/07\/Telogen-Effluvium-Stress-and-Illness-as-Triggers-150x83.webp 150w, https:\/\/haircenterofturkey.com\/wp-content\/uploads\/2026\/07\/Telogen-Effluvium-Stress-and-Illness-as-Triggers.webp 1080w\" sizes=\"auto, (max-width: 1024px) 100vw, 1024px\" \/><\/figure>\n\n\n\n<h2 id=\"alopecia-areata-an-autoimmune-perspective\" class=\"wp-block-heading\">Alopecia Areata: o perspectiv\u0103 autoimun\u0103<\/h2>\n\n\n\n<p class=\"wp-block-paragraph\">Alopecia areata este o boal\u0103 autoimun\u0103 \u00een care sistemul imunitar al corpului atac\u0103 \u00een mod gre\u0219it propriii foliculi de p\u0103r, duc\u00e2nd la c\u0103derea p\u0103rului. Aceast\u0103 afec\u021biune poate afecta pe oricine, la orice v\u00e2rst\u0103 \u0219i de orice sex, de\u0219i apare cel mai adesea \u00een copil\u0103rie sau la v\u00e2rsta adult\u0103 timpurie. Semnul s\u0103u distinctiv este apari\u021bia brusc\u0103 a unuia sau mai multor pete chele mici, rotunde \u0219i complet netede pe scalp. Aceste plasturi pot p\u0103rea s\u0103 apar\u0103 peste noapte sau s\u0103 se dezvolte \u00een decurs de c\u00e2teva zile.<\/p>\n\n\n\n<p class=\"wp-block-paragraph\">Evolu\u021bia alopeciei areata este foarte imprevizibil\u0103, ceea ce poate fi o provocare emo\u021bional\u0103 pentru cei afecta\u021bi. \u00cen unele cazuri, p\u0103rul cre\u0219te de la sine \u00een decurs de un an, f\u0103r\u0103 niciun tratament. \u00cen alte cazuri, plasturele ini\u021bial poate s\u0103 reg\u0103seasc\u0103 \u00een timp ce noi plasturi se formeaz\u0103 \u00een alt\u0103 parte a scalpului sau a corpului. Afec\u021biunea poate evolua \u0219i la forme mai extinse.<\/p>\n\n\n\n<p class=\"wp-block-paragraph\">Alopecia totalis implic\u0103 pierderea \u00eentregului p\u0103r de pe scalp, \u00een timp ce alopecia universalis duce la pierderea complet\u0103 a p\u0103rului pe \u00eentregul corp, inclusiv spr\u00e2ncenele, genele \u0219i p\u0103rul de pe corp.<\/p>\n\n\n\n<p class=\"wp-block-paragraph\">Spre deosebire de alopecia androgenetic\u0103, alopecia areata nu este cauzat\u0103 de hormoni. Este o defec\u021biune a sistemului imunitar. Declan\u0219atorul exact nu este pe deplin \u00een\u021beles, de\u0219i se crede c\u0103 genetica joac\u0103 un rol, f\u0103c\u00e2ndu-i pe unii indivizi mai susceptibili.<\/p>\n\n\n\n<p class=\"wp-block-paragraph\">Op\u021biunile de tratament urm\u0103resc suprimarea r\u0103spunsului imunitar la locul foliculului de p\u0103r pentru a \u00eencuraja regenerarea. Acestea pot include injec\u021bii cu corticosteroizi, medicamente topice sau terapie cu lumin\u0103.<\/p>\n\n\n\n<figure class=\"wp-block-image size-large\"><img loading=\"lazy\" decoding=\"async\" width=\"1024\" height=\"569\" src=\"https:\/\/haircenterofturkey.com\/wp-content\/uploads\/2026\/07\/Hormonal-Changes-and-Their-Impact-on-Hair-Health-1024x569.webp\" alt=\"\" class=\"wp-image-54456\" title=\"\" srcset=\"https:\/\/haircenterofturkey.com\/wp-content\/uploads\/2026\/07\/Hormonal-Changes-and-Their-Impact-on-Hair-Health-1024x569.webp 1024w, https:\/\/haircenterofturkey.com\/wp-content\/uploads\/2026\/07\/Hormonal-Changes-and-Their-Impact-on-Hair-Health-300x167.webp 300w, https:\/\/haircenterofturkey.com\/wp-content\/uploads\/2026\/07\/Hormonal-Changes-and-Their-Impact-on-Hair-Health-768x427.webp 768w, https:\/\/haircenterofturkey.com\/wp-content\/uploads\/2026\/07\/Hormonal-Changes-and-Their-Impact-on-Hair-Health-150x83.webp 150w, https:\/\/haircenterofturkey.com\/wp-content\/uploads\/2026\/07\/Hormonal-Changes-and-Their-Impact-on-Hair-Health.webp 1080w\" sizes=\"auto, (max-width: 1024px) 100vw, 1024px\" \/><\/figure>\n\n\n\n<h2 id=\"hormonal-changes-and-their-impact-on-hair-health\" class=\"wp-block-heading\">Schimb\u0103rile hormonale \u0219i impactul lor asupra s\u0103n\u0103t\u0103\u021bii p\u0103rului<\/h2>\n\n\n\n<p class=\"wp-block-paragraph\">Fluctua\u021biile hormonale sunt una dintre cele mai importante cauze ale c\u0103derii p\u0103rului pe care b\u0103rba\u021bii \u0219i femeile se confrunt\u0103, de\u0219i sunt deosebit de impactante pentru femei. Echilibrul complicat al hormonilor precum estrogenul, progesteronul \u0219i androgenii joac\u0103 un rol direct \u00een reglarea ciclului de cre\u0219tere a p\u0103rului. Atunci c\u00e2nd acest echilibru este perturbat, poate duce la modific\u0103ri vizibile ale densit\u0103\u021bii p\u0103rului \u0219i s\u0103n\u0103t\u0103\u021bii generale.<\/p>\n\n\n\n<h3 id=\"pregnancy-and-menopause\" class=\"wp-block-heading\">Sarcina si menopauza<\/h3>\n\n\n\n<p class=\"wp-block-paragraph\">\u00cen timpul sarcinii, nivelurile crescute de estrogen prelungesc faza anagen\u0103 (de cre\u0219tere) a ciclului p\u0103rului. Acest lucru duce la pierderea zilnic\u0103 mai mic\u0103 \u0219i p\u0103rul care deseori pare mai gros \u0219i mai plin dec\u00e2t de obicei. Dup\u0103 na\u0219tere, totu\u0219i, nivelul de estrogen scade brusc.<\/p>\n\n\n\n<p class=\"wp-block-paragraph\">Aceast\u0103 schimbare brusc\u0103 face ca un num\u0103r mare de fire de p\u0103r s\u0103 intre \u00een faza telogen\u0103 (de curgere) dintr-o dat\u0103. Rezultatul este efluviul telogen postpartum, o perioad\u0103 temporar\u0103, dar adesea dramatic\u0103 de pierdere, care de obicei atinge v\u00e2rful la c\u00e2teva luni dup\u0103 na\u0219tere.<\/p>\n\n\n\n<p class=\"wp-block-paragraph\">Menopauza aduce o alt\u0103 schimbare hormonal\u0103 major\u0103. Pe m\u0103sur\u0103 ce nivelurile de estrogen \u0219i progesteron scad, influen\u021ba relativ\u0103 a androgenilor (hormoni masculini) poate cre\u0219te. Acest lucru poate determina mic\u0219orarea foliculilor de p\u0103r, un proces cunoscut sub numele de miniaturizare. P\u0103rul care cre\u0219te devine mai fin \u0219i mai sub\u021bire, oglindind modelul de c\u0103dere a p\u0103rului cu model feminin \u0219i conduc\u00e2nd la volum redus.<\/p>\n\n\n\n<h3 id=\"thyroid-conditions\" class=\"wp-block-heading\">Afec\u021biuni ale tiroidei<\/h3>\n\n\n\n<p class=\"wp-block-paragraph\">Glanda tiroid\u0103 produce hormoni care sunt cruciali pentru reglarea metabolismului organismului, iar aceasta include activitatea foliculilor de p\u0103r. At\u00e2t o tiroid\u0103 hiperactiv\u0103 (hipertiroidism) c\u00e2t \u0219i o tiroid\u0103 subactiv\u0103 (hipotiroidism) pot perturba ciclul de cre\u0219tere a p\u0103rului \u0219i pot provoca c\u0103derea p\u0103rului.<\/p>\n\n\n\n<p class=\"wp-block-paragraph\">Aceast\u0103 c\u0103dere a p\u0103rului este de obicei difuz\u0103, ceea ce \u00eenseamn\u0103 c\u0103 apare pe \u00eentregul scalp, mai degrab\u0103 dec\u00e2t \u00een zone distincte. \u00cen multe cazuri, c\u0103derea p\u0103rului este unul dintre primele simptome vizibile ale unui dezechilibru tiroidian. Din fericire, tratarea afec\u021biunii tiroidei de baz\u0103 permite, de obicei, p\u0103rului s\u0103 recreasc\u0103.<\/p>\n\n\n\n<h2 id=\"nutritional-deficiencies-the-link-between-diet-and-hair\" class=\"wp-block-heading\">Deficien\u021be nutri\u021bionale: leg\u0103tura dintre diet\u0103 \u0219i p\u0103r<\/h2>\n\n\n\n<p class=\"wp-block-paragraph\">P\u0103rul t\u0103u este adesea o reflectare a s\u0103n\u0103t\u0103\u021bii tale generale, iar dieta ta are un impact direct asupra puterii \u0219i cre\u0219terii sale. Foliculii de p\u0103r sunt printre cele mai active din punct de vedere metabolic celule din organism. Lipsa nutrien\u021bilor esen\u021biali poate duce rapid la r\u0103rirea \u0219i pierderea p\u0103rului. O diet\u0103 echilibrat\u0103 este esen\u021bial\u0103 pentru men\u021binerea unui p\u0103r s\u0103n\u0103tos.<\/p>\n\n\n\n<p class=\"wp-block-paragraph\">Una dintre cele mai comune leg\u0103turi nutri\u021bionale cu c\u0103derea p\u0103rului este deficien\u021ba de fier, cunoscut\u0103 \u0219i sub numele de anemie. Fierul este esen\u021bial pentru producerea hemoglobinei \u00een s\u00e2nge, care transport\u0103 oxigenul pentru cre\u0219terea \u0219i repararea celulelor din tot corpul, inclusiv a celulelor care stimuleaz\u0103 cre\u0219terea p\u0103rului. Aceasta este o problem\u0103 deosebit de comun\u0103 pentru femei, \u00een special pentru cele cu perioade menstruale abundente sau care urmeaz\u0103 o diet\u0103 vegetarian\u0103 sau vegan\u0103.<\/p>\n\n\n\n<p class=\"wp-block-paragraph\">Al\u021bi nutrien\u021bi vitali includ zincul, care joac\u0103 un rol cheie \u00een cre\u0219terea \u0219i repararea \u021besutului p\u0103rului, \u0219i proteine. Deoarece p\u0103rul \u00een sine este format aproape \u00een \u00eentregime dintr-o protein\u0103 numit\u0103 cheratina, aportul inadecvat de proteine \u200b\u200bpoate sl\u0103bi structura p\u0103rului.<\/p>\n\n\n\n<p class=\"wp-block-paragraph\">Vitaminele joac\u0103, de asemenea, un rol crucial. Un deficit de vitamine B, \u00een special biotina (B7), este adesea legat de c\u0103derea p\u0103rului. Vitamina D este, de asemenea, important\u0103; se crede c\u0103 ajut\u0103 la crearea de noi foliculi, porii minuscuri din care pot cre\u0219te firele de p\u0103r noi.<\/p>\n\n\n\n<p class=\"wp-block-paragraph\">Este important s\u0103 aborda\u021bi aceste deficien\u021be printr-o diet\u0103 echilibrat\u0103 sau, dac\u0103 este necesar, prin suplimentarea sub \u00eendrumarea unui medic. Luarea suplimentelor f\u0103r\u0103 o deficien\u021b\u0103 confirmat\u0103 poate fi ineficient\u0103 \u0219i poten\u021bial d\u0103un\u0103toare.<\/p>\n\n\n\n<h2 id=\"traction-alopecia-when-hairstyles-cause-hair-loss\" class=\"wp-block-heading\">Alopecia de trac\u021biune: c\u00e2nd coafura provoac\u0103 c\u0103derea p\u0103rului<\/h2>\n\n\n\n<p class=\"wp-block-paragraph\">Uneori, cauza c\u0103derii p\u0103rului este mai degrab\u0103 extern\u0103 \u0219i mecanic\u0103 dec\u00e2t intern\u0103 \u0219i biologic\u0103. Alopecia de trac\u021biune este c\u0103derea p\u0103rului cauzat\u0103 de tensiune prelungit\u0103 sau repetitiv\u0103 asupra foliculilor de p\u0103r. Aceast\u0103 tragere constant\u0103 poate deteriora foliculii, provoc\u00e2nd inflama\u021bie \u0219i duc\u00e2nd la ruperea \u0219i c\u0103derea p\u0103rului. Dac\u0103 tensiunea continu\u0103 pe o perioad\u0103 lung\u0103 de timp, foliculii pot deveni permanent cicatrici, ceea ce \u00eempiedic\u0103 orice cre\u0219tere viitoare a p\u0103rului \u00een acea zon\u0103.<\/p>\n\n\n\n<p class=\"wp-block-paragraph\">Aceast\u0103 afec\u021biune este cel mai frecvent asociat\u0103 cu anumite coafuri care pun stres pe scalp. Cozile de cal str\u00e2nse, chiflele, \u00eempletiturile, cornrows \u0219i dreadlock-urile sunt vinovate frecvente. Extensiile \u0219i \u021bes\u0103turile de p\u0103r, care adaug\u0103 greutate \u0219i atrag p\u0103rul natural, pot contribui, de asemenea, \u00een mod semnificativ la alopecia de trac\u021biune. C\u0103derea p\u0103rului este de obicei cel mai vizibil\u0103 de-a lungul liniei p\u0103rului, \u00een special \u00een jurul t\u00e2mplelor \u0219i al frun\u021bii, unde for\u021ba de tragere este adesea cea mai puternic\u0103.<\/p>\n\n\n\n<p class=\"wp-block-paragraph\">Vestea bun\u0103 este c\u0103 alopecia de trac\u021biune este prevenibil\u0103 \u0219i, dac\u0103 este depistat\u0103 devreme, complet reversibil\u0103. Primul \u0219i cel mai important pas este s\u0103 nu mai purta\u021bi coafura care provoac\u0103 tensiunea.<\/p>\n\n\n\n<p class=\"wp-block-paragraph\">Opt\u00e2nd pentru stiluri mai libere, care nu trag de scalp, permite foliculilor s\u0103-\u0219i revin\u0103 dup\u0103 efort. \u00cen stadiile incipiente, p\u0103rul va cre\u0219te de obicei singur. Cu toate acestea, dac\u0103 au ap\u0103rut cicatrici, c\u0103derea p\u0103rului poate fi permanent\u0103 \u0219i ar putea fi necesare tratamente mai avansate pentru refacerea p\u0103rului.<\/p>\n\n\n\n<h2 id=\"medical-conditions-and-medications-as-underlying-causes\" class=\"wp-block-heading\">Condi\u021bii medicale \u0219i medicamente ca cauze subiacente<\/h2>\n\n\n\n<p class=\"wp-block-paragraph\">Dincolo de factorii declan\u0219atori mai obi\u0219nui\u021bi, o serie de afec\u021biuni \u0219i tratamente medicale pot enumera c\u0103derea p\u0103rului ca efect secundar. Este adesea unul dintre multele simptome, subliniind importan\u021ba unui diagnostic cuprinz\u0103tor atunci c\u00e2nd se investigheaz\u0103 cauzele care stau la baza c\u0103derii p\u0103rului cu care se confrunt\u0103 b\u0103rba\u021bii \u0219i femeile.<\/p>\n\n\n\n<h3 id=\"underlying-health-conditions\" class=\"wp-block-heading\">Condi\u021bii de s\u0103n\u0103tate subiacente<\/h3>\n\n\n\n<p class=\"wp-block-paragraph\">Anumite boli sistemice se pot manifesta prin r\u0103rirea p\u0103rului. Afec\u021biunile autoimune precum lupusul pot provoca inflama\u021bii pe scar\u0103 larg\u0103 care duce la c\u0103derea p\u0103rului. Sindromul ovarului polichistic (PCOS) la femei creeaz\u0103 un dezechilibru hormonal caracterizat prin excesul de androgeni, care poate declan\u0219a sau agrava c\u0103derea p\u0103rului la modelul feminin. Infec\u021biile scalpului, cum ar fi tinea capitis (pecingine), pot invada, de asemenea, firul de p\u0103r \u0219i pielea scalpului, duc\u00e2nd la pete solzoase \u0219i la c\u0103derea localizat\u0103 a p\u0103rului.<\/p>\n\n\n\n<h3 id=\"side-effects-of-medications\" class=\"wp-block-heading\">Efectele secundare ale medicamentelor<\/h3>\n\n\n\n<p class=\"wp-block-paragraph\">O mare varietate de medicamente pot interfera cu ciclul normal de cre\u0219tere a p\u0103rului. Chimioterapia este cel mai cunoscut exemplu, deoarece aceste medicamente puternice sunt concepute pentru a viza toate celulele cu diviziune rapid\u0103, care, din p\u0103cate, le includ pe cele din foliculii de p\u0103r. Alte categorii comune de medicamente includ anumi\u021bi diluan\u021bi ai s\u00e2ngelui, unele medicamente pentru hipertensiune arterial\u0103 (cum ar fi beta-blocantele) \u0219i anumite tipuri de antidepresive. C\u0103derea p\u0103rului este de obicei temporar\u0103 \u0219i se rezolv\u0103 odat\u0103 cu oprirea sau schimbarea medicamentului, lucru care trebuie f\u0103cut \u00eentotdeauna sub supravegherea unui medic.<\/p>\n\n\n\n<h2 id=\"frequently-asked-questions\" class=\"wp-block-heading\">\u00centreb\u0103ri frecvente<\/h2>\n\n\n<div id=\"rank-math-faq\" class=\"rank-math-block\">\n<div class=\"rank-math-list \">\n<div id=\"faq-question-a76215a202d14\" class=\"rank-math-list-item\">\n<h3 class=\"rank-math-question \">Purtarea p\u0103l\u0103riilor provoac\u0103 chelie?<\/h3>\n<div class=\"rank-math-answer \">\n\n<p>Nu, purtarea unei p\u0103l\u0103rii standard nu provoac\u0103 direct chelie. Singura excep\u021bie este \u00een cazul \u00een care articolele pentru cap sunt at\u00e2t de str\u00e2nse \u00eenc\u00e2t trage constant de foliculii de p\u0103r, ceea ce ar putea contribui la o afec\u021biune cunoscut\u0103 sub numele de alopecie de trac\u021biune. Pentru majoritatea oamenilor, purtarea regulat\u0103 a p\u0103l\u0103riilor este perfect sigur\u0103 pentru p\u0103rul lor.<\/p>\n\n<\/div>\n<\/div>\n<div id=\"faq-question-cb32e0af0ec34\" class=\"rank-math-list-item\">\n<h3 class=\"rank-math-question \">Poate doar stresul s\u0103 provoace c\u0103derea permanent\u0103 a p\u0103rului?<\/h3>\n<div class=\"rank-math-answer \">\n\n<p>Stresul fizic sau emo\u021bional sever poate declan\u0219a o afec\u021biune temporar\u0103 de eliminare numit\u0103 efluviu telogen. Acest lucru nu este de obicei permanent, iar p\u0103rul \u00eencepe de obicei s\u0103 recreasc\u0103 la c\u00e2teva luni dup\u0103 ce evenimentul stresant a trecut. Cu toate acestea, stresul cronic, pe termen lung, poate exacerba c\u0103derea genetic\u0103 a p\u0103rului la b\u0103rba\u021bi \u0219i femei.<\/p>\n\n<\/div>\n<\/div>\n<div id=\"faq-question-9fe942851b6b4\" class=\"rank-math-list-item\">\n<h3 class=\"rank-math-question \">Este c\u0103derea p\u0103rului doar o problem\u0103 pentru persoanele \u00een v\u00e2rst\u0103?<\/h3>\n<div class=\"rank-math-answer \">\n\n<p>Nu, c\u0103derea p\u0103rului nu este exclusiv\u0103 persoanelor \u00een v\u00e2rst\u0103. C\u0103derea genetic\u0103 a p\u0103rului sau alopecia androgenetic\u0103 poate \u00eencepe \u00eenc\u0103 din anii adolescen\u021bei at\u00e2t pentru b\u0103rba\u021bi, c\u00e2t \u0219i pentru femei. \u00cen timp ce probabilitatea de a experimenta c\u0103derea p\u0103rului cre\u0219te odat\u0103 cu v\u00e2rsta, mul\u021bi oameni observ\u0103 primele semne la v\u00e2rsta de 20 sau 30 de ani.<\/p>\n\n<\/div>\n<\/div>\n<div id=\"faq-question-e5bdcb07056e4\" class=\"rank-math-list-item\">\n<h3 class=\"rank-math-question \">Sp\u0103larea p\u0103rului prea des \u00eel face s\u0103 cad\u0103?<\/h3>\n<div class=\"rank-math-answer \">\n\n<p>Sp\u0103larea p\u0103rului nu face ca acesta s\u0103 cad\u0103. Este normal s\u0103 vezi ni\u0219te fire de p\u0103r \u00een scurgerea du\u0219ului, dar acestea sunt fire de p\u0103r care se aflau deja \u00een faza de v\u0103rsare (telogen) a ciclului p\u0103rului. Men\u021binerea scalpului curat este de fapt o parte important\u0103 a men\u021binerii unui mediu s\u0103n\u0103tos pentru cre\u0219terea p\u0103rului.<\/p>\n\n<\/div>\n<\/div>\n<\/div>\n<\/div>\n\n\n<p class=\"wp-block-paragraph\"><\/p>\n","protected":false},"excerpt":{"rendered":"<p>C\u0103derea p\u0103rului la b\u0103rba\u021bi \u0219i femei este o problem\u0103 complex\u0103 determinat\u0103 de genetic\u0103, schimb\u0103ri hormonale, stres, afec\u021biuni medicale \u0219i obiceiuri de stil de via\u021b\u0103. Identificarea cauzei principale este primul pas c\u0103tre g\u0103sirea unui tratament eficient. Pentru cei care caut\u0103 solu\u021bii experte, \u00een special pacien\u021bii din SUA, Hair Center of Turkey ofer\u0103 \u00eengrijire de clas\u0103 mondial\u0103 [&hellip;]<\/p>\n","protected":false},"author":2,"featured_media":54454,"comment_status":"closed","ping_status":"closed","sticky":false,"template":"","format":"standard","meta":{"footnotes":"","rank_math_title":"","rank_math_description":"Explora\u021bi cauzele comune ale c\u0103derii p\u0103rului la b\u0103rba\u021bi \u0219i femei, de la genetic\u0103 \u0219i hormoni p\u00e2n\u0103 la stres. \u00cen\u021belege\u021bi de ce v\u0103 pierde\u021bi p\u0103rul \u0219i ce factori ar putea fi \u00een joc.","rank_math_focus_keyword":"","rank_math_canonical_url":"","rank_math_breadcrumb_title":"","rank_math_facebook_title":"","rank_math_facebook_description":"","rank_math_facebook_image":"","rank_math_twitter_title":"","rank_math_twitter_description":"","rank_math_twitter_image":"","rank_math_pillar_content":""},"categories":[968],"tags":[],"class_list":["post-57623","post","type-post","status-publish","format-standard","has-post-thumbnail","hentry","category-blog"],"_links":{"self":[{"href":"https:\/\/haircenterofturkey.com\/ro\/wp-json\/wp\/v2\/posts\/57623","targetHints":{"allow":["GET"]}}],"collection":[{"href":"https:\/\/haircenterofturkey.com\/ro\/wp-json\/wp\/v2\/posts"}],"about":[{"href":"https:\/\/haircenterofturkey.com\/ro\/wp-json\/wp\/v2\/types\/post"}],"author":[{"embeddable":true,"href":"https:\/\/haircenterofturkey.com\/ro\/wp-json\/wp\/v2\/users\/2"}],"replies":[{"embeddable":true,"href":"https:\/\/haircenterofturkey.com\/ro\/wp-json\/wp\/v2\/comments?post=57623"}],"version-history":[{"count":1,"href":"https:\/\/haircenterofturkey.com\/ro\/wp-json\/wp\/v2\/posts\/57623\/revisions"}],"predecessor-version":[{"id":60392,"href":"https:\/\/haircenterofturkey.com\/ro\/wp-json\/wp\/v2\/posts\/57623\/revisions\/60392"}],"wp:featuredmedia":[{"embeddable":true,"href":"https:\/\/haircenterofturkey.com\/ro\/wp-json\/wp\/v2\/media\/54454"}],"wp:attachment":[{"href":"https:\/\/haircenterofturkey.com\/ro\/wp-json\/wp\/v2\/media?parent=57623"}],"wp:term":[{"taxonomy":"category","embeddable":true,"href":"https:\/\/haircenterofturkey.com\/ro\/wp-json\/wp\/v2\/categories?post=57623"},{"taxonomy":"post_tag","embeddable":true,"href":"https:\/\/haircenterofturkey.com\/ro\/wp-json\/wp\/v2\/tags?post=57623"}],"curies":[{"name":"wp","href":"https:\/\/api.w.org\/{rel}","templated":true}]}}