{"id":54234,"date":"2022-03-18T03:36:17","date_gmt":"2022-03-18T00:36:17","guid":{"rendered":"https:\/\/haircenterofturkey.com\/?p=54234"},"modified":"2026-08-31T15:15:12","modified_gmt":"2026-08-31T12:15:12","slug":"de-ce-pierd-atat-de-mult-par","status":"publish","type":"post","link":"https:\/\/haircenterofturkey.com\/ro\/de-ce-pierd-atat-de-mult-par\/","title":{"rendered":"De ce pierd at\u00e2t de mult p\u0103r?"},"content":{"rendered":"\n<h2 class=\"wp-block-heading\" id=\"why-am-i-losing-so-much-hair\">De ce pierd at\u00e2t de mult p\u0103r?<\/h2>\n\n\n\n<p class=\"wp-block-paragraph\"><strong data-start=\"439\" data-end=\"555\">Pierderea a p\u00e2n\u0103 la 100 de fire de p\u0103r pe zi este normal\u0103, dar c\u0103derea excesiv\u0103 sau prelungit\u0103 semnaleaz\u0103 adesea o cauz\u0103 subiacent\u0103.<\/strong><br data-start=\"555\" data-end=\"558\">C\u0103derea p\u0103rului poate rezulta din genetic\u0103, modific\u0103ri hormonale, deficien\u021be nutri\u021bionale, stres sau afec\u021biuni medicale. Identificarea din timp a motivului ajut\u0103 la ghidarea tratamentului potrivit \u0219i la prevenirea sub\u021bierii ulterioare.<\/p>\n\n\n\n<div class=\"wp-block-rank-math-toc-block\" id=\"rank-math-toc\"><h2>Table of Contents<\/h2><nav><ul><li><a href=\"#why-am-i-losing-so-much-hair\">De ce pierd at\u00e2t de mult p\u0103r?<\/a><\/li><li><a href=\"#is-hair-loss-always-a-problem\">C\u0103derea p\u0103rului este \u00eentotdeauna o problem\u0103?<\/a><\/li><li><a href=\"#common-causes-of-excessive-hair-loss\">Cauze comune ale c\u0103derii excesive a p\u0103rului<\/a><ul><li><a href=\"#genetic-hair-loss\">C\u0103derea genetic\u0103 a p\u0103rului<\/a><\/li><li><a href=\"#hormonal-changes\">Modific\u0103ri hormonale<\/a><\/li><li><a href=\"#nutritional-deficiencies\">Deficien\u021be nutri\u021bionale<\/a><\/li><li><a href=\"#stress-and-illness\">Stres \u0219i boal\u0103<\/a><\/li><li><a href=\"#medications-and-medical-conditions\">Medicamente \u0219i afec\u021biuni medicale<\/a><\/li><li><a href=\"#hair-and-scalp-care-habits\">Obiceiuri de \u00eengrijire a p\u0103rului \u0219i a scalpului<\/a><\/li><\/ul><\/li><li><a href=\"#hair-loss-in-children\">C\u0103derea p\u0103rului la copii<\/a><\/li><li><a href=\"#different-types-of-hair-loss\">Diferite tipuri de c\u0103derea p\u0103rului<\/a><\/li><li><a href=\"#what-can-help-reduce-hair-loss\">Ce poate ajuta la reducerea c\u0103derii p\u0103rului?<\/a><\/li><li><a href=\"#when-to-see-a-specialist\">C\u00e2nd s\u0103 vezi un specialist<\/a><\/li><li><a href=\"#frequently-asked-questions\">\u00centreb\u0103ri frecvente<\/a><\/li><\/ul><\/nav><\/div>\n\n\n\n<h2 class=\"wp-block-heading\" id=\"is-hair-loss-always-a-problem\">C\u0103derea p\u0103rului este \u00eentotdeauna o problem\u0103?<\/h2>\n\n\n\n<p class=\"wp-block-paragraph\">P\u0103rul trece \u00een mod natural prin cicluri de cre\u0219tere \u0219i pierdere. C\u0103derea zilnic\u0103 a p\u0103rului face parte din acest proces \u0219i, de obicei, nu indic\u0103 o boal\u0103.<\/p>\n\n\n\n<p class=\"wp-block-paragraph\">\u00cengrijorarea apare atunci c\u00e2nd c\u0103derea devine considerabil mai grea, dureaz\u0103 c\u00e2teva luni sau este \u00eenso\u021bit\u0103 de sub\u021bierea vizibil\u0103, pete chelie sau modific\u0103ri ale texturii p\u0103rului. \u00cen aceste cazuri, se recomand\u0103 evaluarea profesional\u0103.<\/p>\n\n\n\n<h2 class=\"wp-block-heading\" id=\"common-causes-of-excessive-hair-loss\">Cauze comune ale c\u0103derii excesive a p\u0103rului<\/h2>\n\n\n\n<p class=\"wp-block-paragraph\">C\u0103derea p\u0103rului poate afecta at\u00e2t b\u0103rba\u021bii, c\u00e2t \u0219i femeile, de\u0219i cauzele \u0219i modelele difer\u0103 adesea.<\/p>\n\n\n\n<h3 class=\"wp-block-heading\" id=\"genetic-hair-loss\">C\u0103derea genetic\u0103 a p\u0103rului<\/h3>\n\n\n\n<p class=\"wp-block-paragraph\">Alopecia androgenetic\u0103 este cea mai frecvent\u0103 cauz\u0103 a c\u0103derii p\u0103rului. La b\u0103rba\u021bi, \u00eencepe de obicei cu recesiunea templului sau sub\u021bierea coroanei. La femei, se prezint\u0103 mai degrab\u0103 ca sub\u021biere difuz\u0103 dec\u00e2t pete chelie.<\/p>\n\n\n\n<h3 class=\"wp-block-heading\" id=\"hormonal-changes\">Modific\u0103ri hormonale<\/h3>\n\n\n\n<p class=\"wp-block-paragraph\">Schimb\u0103rile hormonale dup\u0103 na\u0219tere, \u00een timpul menopauzei sau din cauza tulbur\u0103rilor tiroidiene pot perturba ciclul p\u0103rului. Odat\u0103 ce nivelurile hormonale se stabilizeaz\u0103, are loc adesea regenerarea.<\/p>\n\n\n\n<h3 class=\"wp-block-heading\" id=\"nutritional-deficiencies\">Deficien\u021be nutri\u021bionale<\/h3>\n\n\n\n<p class=\"wp-block-paragraph\">Lipsa de fier, zinc, biotin\u0103, vitamina B12 sau vitamina D poate sl\u0103bi cre\u0219terea p\u0103rului. Deficien\u021bele trebuie confirmate cu analize de s\u00e2nge \u00eenainte de suplimentare.<\/p>\n\n\n\n<h3 class=\"wp-block-heading\" id=\"stress-and-illness\">Stres \u0219i boal\u0103<\/h3>\n\n\n\n<p class=\"wp-block-paragraph\">Stresul fizic sau emo\u021bional poate declan\u0219a efluviul telogen, o afec\u021biune \u00een care un num\u0103r mare de fire de p\u0103r intr\u0103 simultan \u00een faza de repaus. Pierderea \u00eencepe de obicei la c\u00e2teva s\u0103pt\u0103m\u00e2ni dup\u0103 declan\u0219are \u0219i este adesea temporar\u0103.<\/p>\n\n\n\n<figure class=\"wp-block-image\"><img decoding=\"async\" src=\"https:\/\/haircenterofturkey.com\/wp-content\/uploads\/2023\/11\/What-Is-Good-For-Hair-Loss.webp\" alt=\"Why Am I Losing So Much Hair?\" title=\"\"><\/figure>\n\n\n\n<p class=\"wp-block-paragraph\"><\/p>\n\n\n\n<h3 class=\"wp-block-heading\" id=\"medications-and-medical-conditions\">Medicamente \u0219i afec\u021biuni medicale<\/h3>\n\n\n\n<p class=\"wp-block-paragraph\">Anumite medicamente \u0219i afec\u021biuni cronice pot contribui la c\u0103derea p\u0103rului. O analiz\u0103 medical\u0103 ajut\u0103 la determinarea dac\u0103 sunt necesare ajust\u0103ri ale tratamentului.<\/p>\n\n\n\n<h3 class=\"wp-block-heading\" id=\"hair-and-scalp-care-habits\">Obiceiuri de \u00eengrijire a p\u0103rului \u0219i a scalpului<\/h3>\n\n\n\n<p class=\"wp-block-paragraph\">Coafarea frecvent\u0103 la c\u0103ldur\u0103, produsele dure, cl\u0103tirea inadecvat\u0103 sau periajul agresiv pot agrava ruperea \u0219i c\u0103derea, mai ales \u00een cazul p\u0103rului deja fragil.<\/p>\n\n\n\n<h2 class=\"wp-block-heading\" id=\"hair-loss-in-children\">C\u0103derea p\u0103rului la copii<\/h2>\n\n\n\n<p class=\"wp-block-paragraph\">C\u0103derea p\u0103rului la copii nu este normal\u0103 \u0219i trebuie \u00eentotdeauna evaluat\u0103. O cauz\u0103 comun\u0103 este alopecia areata, o afec\u021biune autoimun\u0103 care duce la chelie \u00een form\u0103 de moned\u0103.<\/p>\n\n\n\n<p class=\"wp-block-paragraph\">Nu este contagioas\u0103. Diagnosticul precoce \u00eembun\u0103t\u0103\u021be\u0219te managementul \u0219i reduce riscul de progresie.<\/p>\n\n\n\n<h2 class=\"wp-block-heading\" id=\"different-types-of-hair-loss\">Diferite tipuri de c\u0103derea p\u0103rului<\/h2>\n\n\n\n<p class=\"wp-block-paragraph\">Exist\u0103 mai multe forme de c\u0103dere a p\u0103rului, fiecare av\u00e2nd cauze \u0219i tratamente diferite:<\/p>\n\n\n\n<p class=\"wp-block-paragraph\">C\u0103derea p\u0103rului cu model masculin \u0219i feminin<br data-start=\"2914\" data-end=\"2917\">Alopecia areata<br data-start=\"2932\" data-end=\"2935\">C\u0103derea p\u0103rului legat\u0103 de boala tiroidian\u0103<br data-start=\"2971\" data-end=\"2974\">C\u0103derea p\u0103rului legat\u0103 de deficitul de vitamine<br data-start=\"3010\" data-end=\"3013\">Efluviu telogen indus de stres<\/p>\n\n\n\n<p class=\"wp-block-paragraph\">Diagnosticul precis este esen\u021bial, deoarece tratamentul variaz\u0103 \u00een func\u021bie de tip.<\/p>\n\n\n\n<h2 class=\"wp-block-heading\" id=\"what-can-help-reduce-hair-loss\">Ce poate ajuta la reducerea c\u0103derii p\u0103rului?<\/h2>\n\n\n\n<p class=\"wp-block-paragraph\">Tratamentul \u00eencepe cu identificarea cauzei. Un dermatolog poate evalua s\u0103n\u0103tatea scalpului, poate comanda teste dac\u0103 este necesar \u0219i poate recomanda op\u021biuni adecvate.<\/p>\n\n\n\n<p class=\"wp-block-paragraph\">\u00cengrijirea de sus\u021binere poate include:<\/p>\n\n\n\n<p class=\"wp-block-paragraph\">Corectarea deficien\u021belor nutri\u021bionale<br data-start=\"3372\" data-end=\"3375\">Gestionarea stresului \u0219i a afec\u021biunilor medicale subiacente<br data-start=\"3424\" data-end=\"3427\">Folosind produse bl\u00e2nde, adecvate tipului de p\u0103r<br data-start=\"3471\" data-end=\"3474\">Reducerea c\u0103ldurii \u0219i a daunelor mecanice<\/p>\n\n\n\n<p class=\"wp-block-paragraph\">Produsele de \u00eengrijire a p\u0103rului pot sus\u021bine calitatea p\u0103rului, dar nu \u00eenlocuiesc tratamentul medical atunci c\u00e2nd exist\u0103 o cauz\u0103 subiacent\u0103.<\/p>\n\n\n\n<h2 class=\"wp-block-heading\" id=\"when-to-see-a-specialist\">C\u00e2nd s\u0103 vezi un specialist<\/h2>\n\n\n\n<p class=\"wp-block-paragraph\">Dac\u0103 c\u0103derea p\u0103rului dureaz\u0103 mai mult de dou\u0103-trei luni, se agraveaz\u0103 rapid sau provoac\u0103 sub\u021bierea vizibil\u0103, evaluarea profesional\u0103 este important\u0103. Interven\u021bia timpurie \u00eembun\u0103t\u0103\u021be\u0219te rezultatele \u0219i poate preveni pierderea permanent\u0103.<\/p>\n\n\n\n<h2 class=\"wp-block-heading\" id=\"frequently-asked-questions\">\u00centreb\u0103ri frecvente<\/h2>\n\n\n<div id=\"rank-math-faq\" class=\"rank-math-block\">\n<div class=\"rank-math-list \">\n<div id=\"faq-question-1770705283431\" class=\"rank-math-list-item\">\n<h3 class=\"rank-math-question \">Cum s\u0103 \u0219tii dac\u0103 c\u0103derea p\u0103rului este grav\u0103?<\/h3>\n<div class=\"rank-math-answer \">\n\n<p>Este grav dac\u0103 v\u0103rsarea este brusc\u0103, neregulat\u0103 sau asociat\u0103 cu simptome sau boli ale scalpului.<\/p>\n\n<\/div>\n<\/div>\n<div id=\"faq-question-1770705471020\" class=\"rank-math-list-item\">\n<h3 class=\"rank-math-question \">Cum pot s\u0103-mi opresc c\u0103derea p\u0103rului?<\/h3>\n<div class=\"rank-math-answer \">\n\n<p>Opri\u021bi c\u0103derea p\u0103rului abord\u00e2nd cauza: nutri\u021bie, controlul stresului, \u00eengrijire bl\u00e2nd\u0103 \u0219i tratament.<\/p>\n\n<\/div>\n<\/div>\n<div id=\"faq-question-1770705471679\" class=\"rank-math-list-item\">\n<h3 class=\"rank-math-question \">Este normal\u0103 pierderea a 700 de fire de p\u0103r pe zi?<\/h3>\n<div class=\"rank-math-answer \">\n\n<p>Nu, 700 de fire de p\u0103r zilnic este excesiv; consulta\u021bi un medic dac\u0103 dureaz\u0103 s\u0103pt\u0103m\u00e2ni.<\/p>\n\n<\/div>\n<\/div>\n<div id=\"faq-question-1770705472190\" class=\"rank-math-list-item\">\n<h3 class=\"rank-math-question \">Ce aliment opre\u0219te c\u0103derea p\u0103rului?<\/h3>\n<div class=\"rank-math-answer \">\n\n<p>Nicio m\u00e2ncare nu opre\u0219te v\u0103rsarea; prioritizeaz\u0103 proteinele, fierul, zincul, omega-3 \u0219i vitamina D.<\/p>\n\n<\/div>\n<\/div>\n<div id=\"faq-question-1770705473105\" class=\"rank-math-list-item\">\n<h3 class=\"rank-math-question \">Cum arat\u0103 c\u0103derea p\u0103rului de stres?<\/h3>\n<div class=\"rank-math-answer \">\n\n<p>C\u0103derea p\u0103rului cauzat\u0103 de stres provoac\u0103 adesea sub\u021bierea difuz\u0103 \u0219i v\u0103rsarea puternic\u0103 dou\u0103 p\u00e2n\u0103 la trei luni mai t\u00e2rziu.<\/p>\n\n<\/div>\n<\/div>\n<div id=\"faq-question-1770705594903\" class=\"rank-math-list-item\">\n<h3 class=\"rank-math-question \">C\u00e2t de des ar trebui s\u0103 v\u0103 sp\u0103la\u021bi p\u0103rul?<\/h3>\n<div class=\"rank-math-answer \">\n\n<p>Sp\u0103la\u021bi la nevoie: scalpul gras zilnic sau o dat\u0103 la dou\u0103 zile; p\u0103r uscat\/cre\u021b s\u0103pt\u0103m\u00e2nal.<\/p>\n\n<\/div>\n<\/div>\n<\/div>\n<\/div>","protected":false},"excerpt":{"rendered":"<p>De ce pierd at\u00e2t de mult p\u0103r? Pierderea a p\u00e2n\u0103 la 100 de fire de p\u0103r pe zi este normal\u0103, dar c\u0103derea excesiv\u0103 sau prelungit\u0103 semnaleaz\u0103 adesea o cauz\u0103 subiacent\u0103.C\u0103derea p\u0103rului poate rezulta din genetic\u0103, modific\u0103ri hormonale, deficien\u021be nutri\u021bionale, stres sau afec\u021biuni medicale. Identificarea din timp a motivului ajut\u0103 la ghidarea tratamentului potrivit \u0219i la [&hellip;]<\/p>\n","protected":false},"author":2,"featured_media":18741,"comment_status":"closed","ping_status":"closed","sticky":false,"template":"","format":"standard","meta":{"footnotes":"","rank_math_title":"","rank_math_description":"C\u0103derea excesiv\u0103 a p\u0103rului poate rezulta din stres, dezechilibre hormonale, nutri\u021bie proast\u0103, genetic\u0103 sau condi\u021bii de s\u0103n\u0103tate subiacente. Face\u021bi clic pentru informa\u021bii.","rank_math_focus_keyword":"","rank_math_canonical_url":"","rank_math_breadcrumb_title":"","rank_math_facebook_title":"","rank_math_facebook_description":"","rank_math_facebook_image":"","rank_math_twitter_title":"","rank_math_twitter_description":"","rank_math_twitter_image":"","rank_math_pillar_content":""},"categories":[968,987],"tags":[],"class_list":["post-54234","post","type-post","status-publish","format-standard","has-post-thumbnail","hentry","category-blog","category-caderea-parului"],"_links":{"self":[{"href":"https:\/\/haircenterofturkey.com\/ro\/wp-json\/wp\/v2\/posts\/54234","targetHints":{"allow":["GET"]}}],"collection":[{"href":"https:\/\/haircenterofturkey.com\/ro\/wp-json\/wp\/v2\/posts"}],"about":[{"href":"https:\/\/haircenterofturkey.com\/ro\/wp-json\/wp\/v2\/types\/post"}],"author":[{"embeddable":true,"href":"https:\/\/haircenterofturkey.com\/ro\/wp-json\/wp\/v2\/users\/2"}],"replies":[{"embeddable":true,"href":"https:\/\/haircenterofturkey.com\/ro\/wp-json\/wp\/v2\/comments?post=54234"}],"version-history":[{"count":2,"href":"https:\/\/haircenterofturkey.com\/ro\/wp-json\/wp\/v2\/posts\/54234\/revisions"}],"predecessor-version":[{"id":60545,"href":"https:\/\/haircenterofturkey.com\/ro\/wp-json\/wp\/v2\/posts\/54234\/revisions\/60545"}],"wp:featuredmedia":[{"embeddable":true,"href":"https:\/\/haircenterofturkey.com\/ro\/wp-json\/wp\/v2\/media\/18741"}],"wp:attachment":[{"href":"https:\/\/haircenterofturkey.com\/ro\/wp-json\/wp\/v2\/media?parent=54234"}],"wp:term":[{"taxonomy":"category","embeddable":true,"href":"https:\/\/haircenterofturkey.com\/ro\/wp-json\/wp\/v2\/categories?post=54234"},{"taxonomy":"post_tag","embeddable":true,"href":"https:\/\/haircenterofturkey.com\/ro\/wp-json\/wp\/v2\/tags?post=54234"}],"curies":[{"name":"wp","href":"https:\/\/api.w.org\/{rel}","templated":true}]}}