{"id":54178,"date":"2023-03-01T08:20:42","date_gmt":"2023-03-01T05:20:42","guid":{"rendered":"https:\/\/haircenterofturkey.com\/?p=54178"},"modified":"2026-08-31T15:05:45","modified_gmt":"2026-08-31T12:05:45","slug":"cine-nu-este-potrivit-pentru-transplant-de-par","status":"publish","type":"post","link":"https:\/\/haircenterofturkey.com\/ro\/cine-nu-este-potrivit-pentru-transplant-de-par\/","title":{"rendered":"Cine nu este potrivit pentru transplant de p\u0103r?"},"content":{"rendered":"\n<h2 class=\"wp-block-heading\" id=\"who-is-not-suitable-for-hair-transplantation\"><b>Cine nu este potrivit pentru transplantul de p\u0103r?<\/b><\/h2>\n\n\n\n<p class=\"wp-block-paragraph\"><span style=\"font-weight: 400;\">Transplantul de p\u0103r poate s\u0103 nu fie potrivit dac\u0103 nu ave\u021bi suficient p\u0103r de la donator, ave\u021bi sub 18 ani, sunte\u021bi \u00eens\u0103rcinat\u0103, ave\u021bi tulbur\u0103ri de s\u00e2ngerare necontrolate sau ave\u021bi o boal\u0103 activ\u0103 a scalpului (cum ar fi psoriazis sau eczeme). Unele afec\u021biuni medicale nu v\u0103 exclud definitiv, dar necesit\u0103 autorizare, calendar \u0219i protocoale stricte de siguran\u021b\u0103.<\/span><\/p>\n\n\n\n<div class=\"wp-block-rank-math-toc-block\" id=\"rank-math-toc\"><h2>Table of Contents<\/h2><nav><ul><li><a href=\"#who-is-not-suitable-for-hair-transplantation\">Cine nu este potrivit pentru transplantul de p\u0103r?<\/a><\/li><li><a href=\"#people-who-dont-have-usable-donor-hair\">Persoane care nu au p\u0103r de donator utilizabil<\/a><\/li><li><a href=\"#people-under-18\">Persoane sub 18 ani<\/a><\/li><li><a href=\"#people-with-blood-borne-infections\">Persoanele cu infec\u021bii transmise prin s\u00e2nge<\/a><\/li><li><a href=\"#people-with-hemophilia-or-significant-bleeding-risk\">Persoanele cu hemofilie sau cu risc semnificativ de s\u00e2ngerare<\/a><\/li><li><a href=\"#people-with-active-scalp-disease-or-acute-scalp-problems\">Persoanele cu boal\u0103 activ\u0103 a scalpului sau probleme acute ale scalpului<\/a><\/li><li><a href=\"#pregnant-women\">Femei \u00eens\u0103rcinate<\/a><\/li><li><a href=\"#people-with-uncontrolled-alcohol-or-drug-use\">Persoane cu consum necontrolat de alcool sau droguri<\/a><\/li><li><a href=\"#faq\">\u00centreb\u0103ri frecvente<\/a><\/li><\/ul><\/nav><\/div>\n\n\n\n<h2 class=\"wp-block-heading\" id=\"people-who-dont-have-usable-donor-hair\"><b>Persoane care nu au p\u0103r de donator utilizabil<\/b><\/h2>\n\n\n\n<p class=\"wp-block-paragraph\"><span style=\"font-weight: 400;\">Un transplant de p\u0103r depinde de recoltarea foliculilor s\u0103n\u0103to\u0219i dintr-o \u201ezon\u0103 donatoare\u201d, de obicei spatele \u0219i p\u0103r\u021bile laterale ale scalpului, unde p\u0103rul este mai rezistent la c\u0103derea genetic\u0103 a p\u0103rului.<\/span><span style=\"font-weight: 400;\"><br><\/span><span style=\"font-weight: 400;\"> Dac\u0103 cineva se na\u0219te f\u0103r\u0103 foliculi de p\u0103r pe scalp (sau nu are foliculi donatori viabili din cauza pierderii extinse sau a cicatricilor), un transplant nu poate fi efectuat cu tehnicile standard de ast\u0103zi, deoarece nu exist\u0103 nimic de mutat.<\/span><\/p>\n\n\n\n<figure class=\"wp-block-image\"><img decoding=\"async\" src=\"https:\/\/haircenterofturkey.com\/wp-content\/uploads\/2023\/11\/Born-Without-Hair.webp\" alt=\"Who is not suitable for hair transplant?\" title=\"\"><\/figure>\n\n\n\n<p class=\"wp-block-paragraph\"><\/p>\n\n\n\n<h2 class=\"wp-block-heading\" id=\"people-under-18\"><b>Persoane sub 18 ani<\/b><\/h2>\n\n\n\n<p class=\"wp-block-paragraph\"><span style=\"font-weight: 400;\">Cele mai multe clinici stabilite <\/span><b>18<\/b><span style=\"font-weight: 400;\"> ca v\u00e2rst\u0103 minim\u0103 deoarece interven\u021bia chirurgical\u0103 necesit\u0103 consim\u021b\u0103m\u00e2nt informat \u0219i un plan stabil pentru c\u0103derea p\u0103rului pe termen lung.<\/span><span style=\"font-weight: 400;\"><br><\/span><span style=\"font-weight: 400;\"> \u00cen practic\u0103, mul\u021bi chirurgi prefer\u0103 s\u0103 a\u0219tepte p\u00e2n\u0103 c\u00e2nd modelele de c\u0103dere a p\u0103rului sunt mai clare (deseori la mijlocul anilor 20 sau mai t\u00e2rziu), cu excep\u021bia cazului \u00een care cazul este selectat cu aten\u021bie \u0219i a\u0219tept\u0103rile sunt realiste.<\/span><\/p>\n\n\n\n<h2 class=\"wp-block-heading\" id=\"\ufffc\"><figure><img decoding=\"async\" style=\"font-size: 16px;\" src=\"https:\/\/haircenterofturkey.com\/wp-content\/uploads\/2023\/11\/Under-18-Years-of-Age.webp\" alt=\"Who is not suitable for hair transplant?\" title=\"\"><\/figure><\/h2>\n\n\n\n<h2 class=\"wp-block-heading\" id=\"people-with-blood-borne-infections\"><b>Persoanele cu infec\u021bii transmise prin s\u00e2nge<\/b><\/h2>\n\n\n\n<p class=\"wp-block-paragraph\"><span style=\"font-weight: 400;\">Condi\u021bii precum <\/span><b>HIV<\/b><span style=\"font-weight: 400;\"> \u015fi <\/span><b>Hepatita B\/C<\/b><span style=\"font-weight: 400;\"> nu exclude\u021bi automat transplantul de p\u0103r \u00een fiecare setare. \u00cen multe cazuri, factorii determinan\u021bi sunt stabilitatea medical\u0103, screening-ul preoperatoriu \u0219i dac\u0103 clinica urmeaz\u0103 un control strict al infec\u021biei cu sterilizare adecvat\u0103 \u0219i materiale de unic\u0103 folosin\u021b\u0103.<\/span><span style=\"font-weight: 400;\"><br><\/span><span style=\"font-weight: 400;\"> La <\/span><b>Centrul de coafur\u0103 din Turcia<\/b><span style=\"font-weight: 400;\">, procedurile sunt planificate \u00een conformitate cu standarde \u00eenalte de sterilizare \u0219i protocoale de siguran\u021b\u0103 specifice pacientului, astfel \u00eenc\u00e2t eligibilitatea este evaluat\u0103 individual, mai degrab\u0103 dec\u00e2t cu un \u201eda\/nu\u201d.<\/span><\/p>\n\n\n\n<figure class=\"wp-block-image\"><img decoding=\"async\" src=\"https:\/\/haircenterofturkey.com\/wp-content\/uploads\/2023\/11\/Blood-borne-diseases.webp\" alt=\"Who is not suitable for hair transplant?\" title=\"\"><\/figure>\n\n\n\n<p class=\"wp-block-paragraph\"><\/p>\n\n\n\n<h2 class=\"wp-block-heading\" id=\"people-with-hemophilia-or-significant-bleeding-risk\"><b>Persoanele cu hemofilie sau cu risc semnificativ de s\u00e2ngerare<\/b><\/h2>\n\n\n\n<p class=\"wp-block-paragraph\"><span style=\"font-weight: 400;\">Transplantul de p\u0103r implic\u0103 multe incizii mici, astfel \u00eenc\u00e2t coagularea normal\u0103 este important\u0103. Persoanele cu hemofilie (sau alte probleme de coagulare) pot fi candida\u021bi numai dac\u0103 starea lor este <\/span><b>gestionat medical<\/b><span style=\"font-weight: 400;\"> iar rezultatele lor de laborator sunt \u00eentr-un interval sigur.<\/span><span style=\"font-weight: 400;\"><br><\/span><span style=\"font-weight: 400;\"> Aceasta nu este o situa\u021bie de auto-screening &#8211; autorizarea ar trebui s\u0103 vin\u0103 de la medicul curant, iar echipa chirurgical\u0103 ar trebui s\u0103 planifice procedura \u00een func\u021bie de ghidul respectiv.<\/span><\/p>\n\n\n\n<figure class=\"wp-block-image\"><img decoding=\"async\" src=\"https:\/\/haircenterofturkey.com\/wp-content\/uploads\/2023\/11\/Hemophilia-patients.webp\" alt=\"Who is not suitable for hair transplant?\" title=\"\"><\/figure>\n\n\n\n<p class=\"wp-block-paragraph\"><\/p>\n\n\n\n<h2 class=\"wp-block-heading\" id=\"people-with-active-scalp-disease-or-acute-scalp-problems\"><b>Persoanele cu boal\u0103 activ\u0103 a scalpului sau probleme acute ale scalpului<\/b><\/h2>\n\n\n\n<p class=\"wp-block-paragraph\"><span style=\"font-weight: 400;\">Un scalp s\u0103n\u0103tos conteaz\u0103 pentru supravie\u021buirea \u0219i vindecarea grefei. Dac\u0103 ave\u021bi un <\/span><b>erup\u021bie activ\u0103<\/b><span style=\"font-weight: 400;\"> afec\u021biunilor inflamatorii sau autoimune ale scalpului (exemplele discutate frecvent includ psoriazis, eczeme, lupus \u0219i tulbur\u0103ri inflamatorii similare), este de obicei mai sigur s\u0103 tratezi \u0219i s\u0103 stabilizi scalpul mai \u00eent\u00e2i, apoi s\u0103 reevaluezi.<\/span><span style=\"font-weight: 400;\"><br><\/span><span style=\"font-weight: 400;\"> Transplantul \u00een timpul unei faze active poate cre\u0219te irita\u021bia, vindecarea lent\u0103 \u0219i poate compromite rezultatele.<\/span><\/p>\n\n\n\n<figure class=\"wp-block-image\"><img decoding=\"async\" src=\"https:\/\/haircenterofturkey.com\/wp-content\/uploads\/2023\/11\/Those-with-acute-scalp-problems.webp\" alt=\"Who is not suitable for hair transplant?\" title=\"\"><\/figure>\n\n\n\n<p class=\"wp-block-paragraph\"><\/p>\n\n\n\n<h2 class=\"wp-block-heading\" id=\"pregnant-women\"><b>Femei \u00eens\u0103rcinate<\/b><\/h2>\n\n\n\n<p class=\"wp-block-paragraph\"><span style=\"font-weight: 400;\">Transplantul de p\u0103r este de obicei am\u00e2nat \u00een timpul sarcinii. Procedura se bazeaz\u0103 de obicei pe anestezie local\u0103 \u0219i medicamente perioperatorii, iar interven\u021bia chirurgical\u0103 electiv\u0103 este \u00een general evitat\u0103 pentru a reduce riscul inutil pentru copil \u0219i mam\u0103.<\/span><span style=\"font-weight: 400;\"><br><\/span><span style=\"font-weight: 400;\"> Dac\u0103 c\u0103derea p\u0103rului este o problem\u0103 \u00een timpul sarcinii, majoritatea pacien\u021bilor sunt sf\u0103tui\u021bi s\u0103 a\u0219tepte p\u00e2n\u0103 dup\u0103 na\u0219tere \u0219i dup\u0103 autorizarea medical\u0103.<\/span><\/p>\n\n\n\n<figure class=\"wp-block-image\"><img decoding=\"async\" src=\"https:\/\/haircenterofturkey.com\/wp-content\/uploads\/2023\/11\/Pregnant-women.webp\" alt=\"Who is not suitable for hair transplant?\" title=\"\"><\/figure>\n\n\n\n<p class=\"wp-block-paragraph\"><\/p>\n\n\n\n<h2 class=\"wp-block-heading\" id=\"people-with-uncontrolled-alcohol-or-drug-use\"><b>Persoane cu consum necontrolat de alcool sau droguri<\/b><\/h2>\n\n\n\n<p class=\"wp-block-paragraph\"><span style=\"font-weight: 400;\">Consumul regulat de alcool poate cre\u0219te tendin\u021ba de s\u00e2ngerare \u0219i poate interfera cu rutinele de \u00eengrijire ulterioar\u0103, \u00een timp ce abuzul de substan\u021be poate complica r\u0103spunsul la anestezie, \u00eengrijirea r\u0103nilor \u0219i comportamentul consecvent postoperator.<\/span><span style=\"font-weight: 400;\"><br><\/span><span style=\"font-weight: 400;\"> Deoarece grefele sunt delicate \u00een perioada incipient\u0103, clinicile solicit\u0103 adesea pacien\u021bilor s\u0103 demonstreze stabilitate \u0219i capacitatea de a urma instruc\u021biunile \u00eenainte de programarea unei interven\u021bii chirurgicale.<\/span><\/p>\n\n\n\n<figure class=\"wp-block-image\"><img decoding=\"async\" src=\"https:\/\/haircenterofturkey.com\/wp-content\/uploads\/2023\/11\/Alcoholdrug-addiction.webp\" alt=\"Who is not suitable for hair transplant?\" title=\"\"><\/figure>\n\n\n\n<p class=\"wp-block-paragraph\"><\/p>\n\n\n\n<h2 class=\"wp-block-heading\" id=\"faq\"><b>\u00centreb\u0103ri frecvente<\/b><\/h2>\n\n\n<div id=\"rank-math-faq\" class=\"rank-math-block\">\n<div class=\"rank-math-list \">\n<div id=\"faq-question-1770894865226\" class=\"rank-math-list-item\">\n<h3 class=\"rank-math-question \">Cine nu este eligibil pentru un transplant de p\u0103r?<\/h3>\n<div class=\"rank-math-answer \">\n\n<p>Persoanele cu boal\u0103 inflamatorie activ\u0103 a scalpului, afec\u021biuni medicale necontrolate sau a\u0219tept\u0103ri nerealiste nu sunt eligibile.<\/p>\n\n<\/div>\n<\/div>\n<div id=\"faq-question-1770894868780\" class=\"rank-math-list-item\">\n<h3 class=\"rank-math-question \">Ce te descalific\u0103 de la un transplant?<\/h3>\n<div class=\"rank-math-answer \">\n\n<p>Alopecia cicatricial\u0103 activ\u0103, alopecia difuz\u0103 f\u0103r\u0103 model, c\u0103derea instabil\u0103 a p\u0103rului sau aprovizionarea inadecvat\u0103 a donatorilor pot descalifica.<\/p>\n\n<\/div>\n<\/div>\n<div id=\"faq-question-1770894869273\" class=\"rank-math-list-item\">\n<h3 class=\"rank-math-question \">Pot persoanele cu boli cronice s\u0103 fac\u0103 un transplant de p\u0103r?<\/h3>\n<div class=\"rank-math-answer \">\n\n<p>Da, dac\u0103 boala este bine controlat\u0103 \u0219i \u00eenl\u0103turat\u0103 de medicul lor; boala necontrolat\u0103 cre\u0219te riscul.<\/p>\n\n<\/div>\n<\/div>\n<div id=\"faq-question-1770894869939\" class=\"rank-math-list-item\">\n<h3 class=\"rank-math-question \">Exist\u0103 o limit\u0103 de v\u00e2rst\u0103 pentru transplantul de p\u0103r?<\/h3>\n<div class=\"rank-math-answer \">\n\n<p>F\u0103r\u0103 limit\u0103 strict\u0103 de v\u00e2rst\u0103; chirurgii evit\u0103 pacien\u021bii foarte tineri p\u00e2n\u0103 c\u00e2nd c\u0103derea p\u0103rului se stabilizeaz\u0103.<\/p>\n\n<\/div>\n<\/div>\n<div id=\"faq-question-1770894870939\" class=\"rank-math-list-item\">\n<h3 class=\"rank-math-question \">Parul insuficient de la donator face pe cineva nepotrivit pentru un transplant?<\/h3>\n<div class=\"rank-math-answer \">\n\n<p>Da, p\u0103rul donator insuficient poate limita acoperirea, f\u0103c\u00e2nd uneori transplantul inadecvat sau nesatisf\u0103c\u0103tor.<\/p>\n\n<\/div>\n<\/div>\n<\/div>\n<\/div>","protected":false},"excerpt":{"rendered":"<p>Cine nu este potrivit pentru transplantul de p\u0103r? Transplantul de p\u0103r poate s\u0103 nu fie potrivit dac\u0103 nu ave\u021bi suficient p\u0103r de la donator, ave\u021bi sub 18 ani, sunte\u021bi \u00eens\u0103rcinat\u0103, ave\u021bi tulbur\u0103ri de s\u00e2ngerare necontrolate sau ave\u021bi o boal\u0103 activ\u0103 a scalpului (cum ar fi psoriazis sau eczeme). Unele afec\u021biuni medicale nu v\u0103 exclud definitiv, [&hellip;]<\/p>\n","protected":false},"author":2,"featured_media":19256,"comment_status":"closed","ping_status":"closed","sticky":false,"template":"","format":"standard","meta":{"footnotes":"","rank_math_title":"","rank_math_description":"Nu toat\u0103 lumea este un candidat bun pentru un transplant de p\u0103r. Afla\u021bi cine poate avea nevoie s\u0103 am\u00e2ne tratamentul din cauza v\u00e2rstei, limit\u0103rilor donatorului, afec\u021biunilor scalpului.","rank_math_focus_keyword":"","rank_math_canonical_url":"","rank_math_breadcrumb_title":"","rank_math_facebook_title":"","rank_math_facebook_description":"","rank_math_facebook_image":"","rank_math_twitter_title":"","rank_math_twitter_description":"","rank_math_twitter_image":"","rank_math_pillar_content":""},"categories":[968],"tags":[],"class_list":["post-54178","post","type-post","status-publish","format-standard","has-post-thumbnail","hentry","category-blog"],"_links":{"self":[{"href":"https:\/\/haircenterofturkey.com\/ro\/wp-json\/wp\/v2\/posts\/54178","targetHints":{"allow":["GET"]}}],"collection":[{"href":"https:\/\/haircenterofturkey.com\/ro\/wp-json\/wp\/v2\/posts"}],"about":[{"href":"https:\/\/haircenterofturkey.com\/ro\/wp-json\/wp\/v2\/types\/post"}],"author":[{"embeddable":true,"href":"https:\/\/haircenterofturkey.com\/ro\/wp-json\/wp\/v2\/users\/2"}],"replies":[{"embeddable":true,"href":"https:\/\/haircenterofturkey.com\/ro\/wp-json\/wp\/v2\/comments?post=54178"}],"version-history":[{"count":2,"href":"https:\/\/haircenterofturkey.com\/ro\/wp-json\/wp\/v2\/posts\/54178\/revisions"}],"predecessor-version":[{"id":60462,"href":"https:\/\/haircenterofturkey.com\/ro\/wp-json\/wp\/v2\/posts\/54178\/revisions\/60462"}],"wp:featuredmedia":[{"embeddable":true,"href":"https:\/\/haircenterofturkey.com\/ro\/wp-json\/wp\/v2\/media\/19256"}],"wp:attachment":[{"href":"https:\/\/haircenterofturkey.com\/ro\/wp-json\/wp\/v2\/media?parent=54178"}],"wp:term":[{"taxonomy":"category","embeddable":true,"href":"https:\/\/haircenterofturkey.com\/ro\/wp-json\/wp\/v2\/categories?post=54178"},{"taxonomy":"post_tag","embeddable":true,"href":"https:\/\/haircenterofturkey.com\/ro\/wp-json\/wp\/v2\/tags?post=54178"}],"curies":[{"name":"wp","href":"https:\/\/api.w.org\/{rel}","templated":true}]}}