{"id":54152,"date":"2023-03-09T11:16:04","date_gmt":"2023-03-09T08:16:04","guid":{"rendered":"https:\/\/haircenterofturkey.com\/?p=54152"},"modified":"2026-08-31T13:19:09","modified_gmt":"2026-08-31T10:19:09","slug":"alopecia-androgenetica-caderea-parului-cu-model-masculin","status":"publish","type":"post","link":"https:\/\/haircenterofturkey.com\/ro\/alopecia-androgenetica-caderea-parului-cu-model-masculin\/","title":{"rendered":"Alopecia androgenetic\u0103 \/ C\u0103derea p\u0103rului cu model masculin"},"content":{"rendered":"\n<h2 class=\"wp-block-heading\" id=\"androgenetic-alopecia-male-pattern-hair-loss\">Alopecia androgenetic\u0103 (c\u0103derea p\u0103rului cu model masculin)<\/h2>\n\n\n\n<p class=\"wp-block-paragraph\"><strong data-start=\"478\" data-end=\"601\">Alopecia androgenetic\u0103 este cea mai frecvent\u0103 cauz\u0103 a c\u0103derii pe termen lung a p\u0103rului la b\u0103rba\u021bi \u0219i o cauz\u0103 frecvent\u0103 de sub\u021biere la femei.<\/strong><br>Este o afec\u021biune determinat\u0103 genetic, influen\u021bat\u0103 de hormoni, care duce la miniaturizarea treptat\u0103 a foliculilor \u0219i la r\u0103rirea progresiv\u0103 a p\u0103rului \u00een timp.,<\/p>\n\n\n\n<div class=\"wp-block-rank-math-toc-block\" id=\"rank-math-toc\"><h2>Table of Contents<\/h2><nav><ul><li><a href=\"#androgenetic-alopecia-male-pattern-hair-loss\">Alopecia androgenetic\u0103 (c\u0103derea p\u0103rului cu model masculin)<\/a><\/li><li><a href=\"#what-is-androgenetic-alopecia\">Ce este alopecia androgenetic\u0103?<\/a><\/li><li><a href=\"#androgenetic-alopecia-in-men\">Alopecia androgenetic\u0103 la b\u0103rba\u021bi<\/a><ul><li><a href=\"#common-patterns-in-men\">Modele comune la b\u0103rba\u021bi<\/a><\/li><\/ul><\/li><li><a href=\"#causes-of-androgenetic-alopecia-in-men\">Cauzele alopeciei androgenetice la b\u0103rba\u021bi<\/a><\/li><li><a href=\"#symptoms-in-men\">Simptome la b\u0103rba\u021bi<\/a><\/li><li><a href=\"#androgenetic-alopecia-in-women\">Alopecia androgenetic\u0103 la femei<\/a><ul><li><a href=\"#how-it-appears-in-women\">Cum apare la femei<\/a><\/li><\/ul><\/li><li><a href=\"#causes-of-androgenetic-alopecia-in-women\">Cauzele alopeciei androgenetice la femei<\/a><\/li><li><a href=\"#symptoms-in-women\">Simptome la femei<\/a><\/li><li><a href=\"#treatment-approaches-for-androgenetic-alopecia\">Abord\u0103ri de tratament pentru alopecia androgenetic\u0103<\/a><ul><li><a href=\"#non-surgical-options\">Op\u021biuni non-chirurgicale<\/a><\/li><li><a href=\"#surgical-treatment\">Tratament chirurgical<\/a><\/li><\/ul><\/li><li><a href=\"#long-term-outlook\">Perspectiv\u0103 pe termen lung<\/a><\/li><li><a href=\"#frequently-asked-questions\">\u00centreb\u0103ri frecvente<\/a><\/li><\/ul><\/nav><\/div>\n\n\n\n<h2 class=\"wp-block-heading\" id=\"what-is-androgenetic-alopecia\">Ce este alopecia androgenetic\u0103?<\/h2>\n\n\n\n<p class=\"wp-block-paragraph\">Alopecia androgenetic\u0103 este o form\u0103 ereditar\u0103 de c\u0103dere a p\u0103rului care afecteaz\u0103 aproximativ 80-90% dintre b\u0103rba\u021bi \u00een grade diferite \u0219i o propor\u021bie semnificativ\u0103 a femeilor mai t\u00e2rziu \u00een via\u021b\u0103.<\/p>\n\n\n\n<p class=\"wp-block-paragraph\">Afec\u021biunea se dezvolt\u0103 din cauza sensibilit\u0103\u021bii genetice a foliculilor de p\u0103r la androgeni, \u00een special la dihidrotestosteron (DHT). De-a lungul timpului, foliculii afecta\u021bi produc fire de p\u0103r mai sub\u021biri \u0219i mai scurte p\u00e2n\u0103 c\u00e2nd cre\u0219terea se opre\u0219te \u00een cele din urm\u0103.<\/p>\n\n\n\n<h2 class=\"wp-block-heading\" id=\"androgenetic-alopecia-in-men\">Alopecia androgenetic\u0103 la b\u0103rba\u021bi<\/h2>\n\n\n\n<p class=\"wp-block-paragraph\">C\u0103derea p\u0103rului cu model masculin \u00eencepe de obicei \u00eentre sf\u00e2r\u0219itul adolescen\u021bei \u0219i \u00eenceputul anilor patruzeci, de\u0219i debutul variaz\u0103 foarte mult.<\/p>\n\n\n\n<h3 class=\"wp-block-heading\" id=\"common-patterns-in-men\">Modele comune la b\u0103rba\u021bi<\/h3>\n\n\n\n<p class=\"wp-block-paragraph\">C\u0103derea p\u0103rului urmeaz\u0103 de obicei un model recunoscut:<\/p>\n\n\n\n<p class=\"wp-block-paragraph\">Recesiune la temple<br data-start=\"1420\" data-end=\"1423\">Sub\u021biere la coroan\u0103 (vertex)<br data-start=\"1453\" data-end=\"1456\">Fuziunea treptat\u0103 a sub\u021bierii frontale \u0219i a coroanei<\/p>\n\n\n\n<p class=\"wp-block-paragraph\">Progresia este lent\u0103 \u0219i poate ap\u0103rea \u00een cicluri, cu perioade de extindere crescut\u0103 urmate de stabilitate relativ\u0103.<\/p>\n\n\n\n<h2 class=\"wp-block-heading\" id=\"causes-of-androgenetic-alopecia-in-men\">Cauzele alopeciei androgenetice la b\u0103rba\u021bi<\/h2>\n\n\n\n<p class=\"wp-block-paragraph\">Factorii primari includ:<\/p>\n\n\n\n<p class=\"wp-block-paragraph\">Predispozi\u021bie genetic\u0103<br data-start=\"1713\" data-end=\"1716\">Sensibilitatea foliculilor de p\u0103r la DHT<br data-start=\"1752\" data-end=\"1755\">Modific\u0103ri legate de v\u00e2rst\u0103 \u00een ciclurile de cre\u0219tere a p\u0103rului<\/p>\n\n\n\n<p class=\"wp-block-paragraph\">DHT scurteaz\u0103 faza anagen\u0103 (de cre\u0219tere) a foliculilor de p\u0103r. Cu fiecare ciclu, firele noi de p\u0103r cresc mai sub\u021biri \u0219i mai slabe p\u00e2n\u0103 c\u00e2nd activitatea foliculilor \u00eenceteaz\u0103.<\/p>\n\n\n\n<h2 class=\"wp-block-heading\" id=\"symptoms-in-men\">Simptome la b\u0103rba\u021bi<\/h2>\n\n\n\n<p class=\"wp-block-paragraph\">Alopecia androgenetic\u0103 nu provoac\u0103 v\u0103rsare brusc\u0103 sau neregulat\u0103. \u00cen schimb, semnele se dezvolt\u0103 treptat:<\/p>\n\n\n\n<p class=\"wp-block-paragraph\">Linia p\u0103rului frontal \u00een retragere<br data-start=\"2086\" data-end=\"2089\">Vizibilitate crescut\u0103 a scalpului la coroan\u0103<br data-start=\"2128\" data-end=\"2131\">Reducerea general\u0103 a densit\u0103\u021bii p\u0103rului<\/p>\n\n\n\n<p class=\"wp-block-paragraph\">Calvi\u021bia complet\u0103 poate ap\u0103rea pe parcursul mai multor ani, \u00een func\u021bie de factorii genetici individuali.<\/p>\n\n\n\n<figure class=\"wp-block-image\"><img decoding=\"async\" src=\"https:\/\/haircenterofturkey.com\/wp-content\/uploads\/2023\/11\/alopecia-in-women-blog.webp\" alt=\"Androgenetic Alopecia \/ Male Pattern Hair Loss\" title=\"\"><\/figure>\n\n\n\n<p class=\"wp-block-paragraph\"><\/p>\n\n\n\n<h2 class=\"wp-block-heading\" id=\"androgenetic-alopecia-in-women\">Alopecia androgenetic\u0103 la femei<\/h2>\n\n\n\n<p class=\"wp-block-paragraph\">De\u0219i este mai frecvent asociat\u0103 b\u0103rba\u021bilor, alopecia androgenetic\u0103 afecteaz\u0103 \u0219i femeile. Este adesea denumit\u0103 c\u0103derea p\u0103rului cu model feminin.<\/p>\n\n\n\n<h3 class=\"wp-block-heading\" id=\"how-it-appears-in-women\">Cum apare la femei<\/h3>\n\n\n\n<p class=\"wp-block-paragraph\">La femei, c\u0103derea p\u0103rului se prezint\u0103 de obicei ca:<\/p>\n\n\n\n<p class=\"wp-block-paragraph\">Sub\u021bierea difuz\u0103 pe coroan\u0103<br data-start=\"2530\" data-end=\"2533\">L\u0103rgirea p\u0103r\u021bii centrale<br data-start=\"2561\" data-end=\"2564\">Conservarea liniei frontale a p\u0103rului<\/p>\n\n\n\n<p class=\"wp-block-paragraph\">Calvi\u021bia complet\u0103 este extrem de rar\u0103 la femei.<\/p>\n\n\n\n<h2 class=\"wp-block-heading\" id=\"causes-of-androgenetic-alopecia-in-women\">Cauzele alopeciei androgenetice la femei<\/h2>\n\n\n\n<p class=\"wp-block-paragraph\">C\u0103derea p\u0103rului model feminin este influen\u021bat\u0103 de:<\/p>\n\n\n\n<p class=\"wp-block-paragraph\">Predispozi\u021bie genetic\u0103<br data-start=\"2762\" data-end=\"2765\">Modific\u0103ri hormonale legate de v\u00e2rst\u0103<br data-start=\"2793\" data-end=\"2796\">Cre\u0219terea sensibilit\u0103\u021bii foliculilor la nivelurile normale de androgeni<\/p>\n\n\n\n<p class=\"wp-block-paragraph\">Spre deosebire de b\u0103rba\u021bi, femeile adesea nu au niveluri crescute de androgeni. \u00cen schimb, foliculii reac\u021bioneaz\u0103 mai puternic la activitatea hormonal\u0103 normal\u0103.<\/p>\n\n\n\n<h2 class=\"wp-block-heading\" id=\"symptoms-in-women\">Simptome la femei<\/h2>\n\n\n\n<p class=\"wp-block-paragraph\">R\u0103rirea p\u0103rului progreseaz\u0103 lent \u0219i uniform. \u0218uvi\u021bele individuale devin mai fine, ceea ce duce la un volum redus, mai degrab\u0103 dec\u00e2t la zone chelie evidente.<\/p>\n\n\n\n<p class=\"wp-block-paragraph\">Afec\u021biunea devine adesea mai vizibil\u0103 dup\u0103 menopauz\u0103, dar poate \u00eencepe mai devreme la persoanele predispuse genetic.<\/p>\n\n\n\n<h2 class=\"wp-block-heading\" id=\"treatment-approaches-for-androgenetic-alopecia\">Abord\u0103ri de tratament pentru alopecia androgenetic\u0103<\/h2>\n\n\n\n<p class=\"wp-block-paragraph\">Tratamentul se concentreaz\u0103 pe \u00eencetinirea progresiei \u0219i pe p\u0103strarea p\u0103rului existent. Recre\u0219terea foliculilor pierdu\u021bi este limitat\u0103 f\u0103r\u0103 interven\u021bie chirurgical\u0103.<\/p>\n\n\n\n<h3 class=\"wp-block-heading\" id=\"non-surgical-options\">Op\u021biuni non-chirurgicale<\/h3>\n\n\n\n<p class=\"wp-block-paragraph\">Tratamentele medicale \u0219i de sus\u021binere pot ajuta la men\u021binerea densit\u0103\u021bii actuale a p\u0103rului:<\/p>\n\n\n\n<p class=\"wp-block-paragraph\">Medicamente topice sau orale prescrise de speciali\u0219ti<br data-start=\"3614\" data-end=\"3617\">Terapia cu plasm\u0103 bogat\u0103 \u00een trombocite (PRP).<br data-start=\"3651\" data-end=\"3654\">Tratamente concentrate pe scalp care vizeaz\u0103 sprijinirea foliculilor<\/p>\n\n\n\n<p class=\"wp-block-paragraph\">Aceste metode nu restaureaz\u0103 definitiv p\u0103rul pierdut, dar pot \u00eent\u00e2rzia \u00een continuare r\u0103rirea.<\/p>\n\n\n\n<h3 class=\"wp-block-heading\" id=\"surgical-treatment\">Tratament chirurgical<\/h3>\n\n\n\n<p class=\"wp-block-paragraph\">Transplantul de p\u0103r este \u00een prezent singura metod\u0103 capabil\u0103 s\u0103 restaureze p\u0103rul \u00een zonele \u00een care foliculii nu mai sunt activi.<\/p>\n\n\n\n<p class=\"wp-block-paragraph\">Tehnicile moderne implic\u0103 transferul foliculilor s\u0103n\u0103to\u0219i din zonele donatoare \u00een regiunile sub\u021biere sau chelie. Adecvarea depinde de v\u00e2rst\u0103, starea de s\u0103n\u0103tate \u0219i calitatea p\u0103rului donatorului.<\/p>\n\n\n\n<h2 class=\"wp-block-heading\" id=\"long-term-outlook\">Perspectiv\u0103 pe termen lung<\/h2>\n\n\n\n<p class=\"wp-block-paragraph\">Alopecia androgenetic\u0103 este o afec\u021biune progresiv\u0103. Diagnosticarea precoce permite o mai bun\u0103 conservare a p\u0103rului existent \u0219i mai multe op\u021biuni de tratament.<\/p>\n\n\n\n<p class=\"wp-block-paragraph\">Strategiile de management ar trebui s\u0103 fie individualizate \u0219i ghidate de profesioni\u0219ti medicali califica\u021bi.<\/p>\n\n\n\n<figure class=\"wp-block-embed is-type-video is-provider-youtube wp-block-embed-youtube wp-embed-aspect-16-9 wp-has-aspect-ratio\"><div class=\"wp-block-embed__wrapper\">https:\/\/www.youtube.com\/watch?v=NwMICbJh9kg&amp;list=PLZvhVYepvzyjWunWOGffTWpsfISVVDG5c&amp;index=40&amp;t=1s<\/div><\/figure>\n\n\n\n<h2 class=\"wp-block-heading\" id=\"frequently-asked-questions\">\u00centreb\u0103ri frecvente<\/h2>\n\n\n<div id=\"rank-math-faq\" class=\"rank-math-block\">\n<div class=\"rank-math-list \">\n<div id=\"faq-question-1770707995564\" class=\"rank-math-list-item\">\n<h3 class=\"rank-math-question \">Cum s\u0103 opre\u0219ti alopecia androgenetic\u0103?<\/h3>\n<div class=\"rank-math-answer \">\n\n<p>Utiliza\u021bi finasterida \u0219i minoxidilul devreme; lua\u021bi \u00een considerare \u0219amponul cu ketoconazol \u0219i transplantul de p\u0103r.<\/p>\n\n<\/div>\n<\/div>\n<div id=\"faq-question-1770708210102\" class=\"rank-math-list-item\">\n<h3 class=\"rank-math-question \">Ce este Stadiul 4 chelie masculin\u0103?<\/h3>\n<div class=\"rank-math-answer \">\n\n<p>Etapa IV este t\u00e2mplele mai ad\u00e2nci \u0219i sub\u021bierea coroanei, cu o punte de p\u0103r r\u0103mas\u0103.<\/p>\n\n<\/div>\n<\/div>\n<div id=\"faq-question-1770708210558\" class=\"rank-math-list-item\">\n<h3 class=\"rank-math-question \">Ce declan\u0219eaz\u0103 alopecia androgen\u0103?<\/h3>\n<div class=\"rank-math-answer \">\n\n<p>Sensibilitatea genetic\u0103 la DHT \u00een foliculi declan\u0219eaz\u0103 miniaturizarea progresiv\u0103 \u0219i sub\u021bierea.<\/p>\n\n<\/div>\n<\/div>\n<div id=\"faq-question-1770708214116\" class=\"rank-math-list-item\">\n<h3 class=\"rank-math-question \">Alopecia androgenetic\u0103 masculin\u0103 poate fi inversat\u0103?<\/h3>\n<div class=\"rank-math-answer \">\n\n<p>Recre\u0219terea par\u021bial\u0103 este posibil\u0103 cu finasterid\/minoxidil; inversarea complet\u0103 este mai pu\u021bin frecvent\u0103.<\/p>\n\n<\/div>\n<\/div>\n<div id=\"faq-question-1770708214622\" class=\"rank-math-list-item\">\n<h3 class=\"rank-math-question \">La ce v\u00e2rst\u0103 \u00eencepe AGA?<\/h3>\n<div class=\"rank-math-answer \">\n\n<p>AGA \u00eencepe adesea la sf\u00e2r\u0219itul adolescen\u021bei sau la 20 de ani, uneori mai t\u00e2rziu.<\/p>\n\n<\/div>\n<\/div>\n<div id=\"faq-question-1770708215554\" class=\"rank-math-list-item\">\n<h3 class=\"rank-math-question \">Voi deveni complet chel cu alopecie androgenetic\u0103?<\/h3>\n<div class=\"rank-math-answer \">\n\n<p>Nu, mul\u021bi b\u0103rba\u021bi nu devin complet cheli, mai ales cu un tratament timpuriu.<\/p>\n\n<\/div>\n<\/div>\n<div id=\"faq-question-1770708216161\" class=\"rank-math-list-item\">\n<h3 class=\"rank-math-question \">La ce v\u00e2rst\u0103 majoritatea b\u0103rba\u021bilor devin complet cheli?<\/h3>\n<div class=\"rank-math-answer \">\n\n<p>Majoritatea b\u0103rba\u021bilor nu devin niciodat\u0103 complet cheli; chelie complet\u0103 este mai pu\u021bin frecvent\u0103.<\/p>\n\n<\/div>\n<\/div>\n<\/div>\n<\/div>","protected":false},"excerpt":{"rendered":"<p>Alopecia androgenetic\u0103 (c\u0103derea p\u0103rului cu model masculin) Alopecia androgenetic\u0103 este cea mai frecvent\u0103 cauz\u0103 a c\u0103derii pe termen lung a p\u0103rului la b\u0103rba\u021bi \u0219i o cauz\u0103 frecvent\u0103 de sub\u021biere la femei.Este o afec\u021biune determinat\u0103 genetic, influen\u021bat\u0103 de hormoni, care duce la miniaturizarea treptat\u0103 a foliculilor \u0219i la r\u0103rirea progresiv\u0103 a p\u0103rului \u00een timp., Ce este [&hellip;]<\/p>\n","protected":false},"author":2,"featured_media":18733,"comment_status":"closed","ping_status":"closed","sticky":false,"template":"","format":"standard","meta":{"footnotes":"","rank_math_title":"","rank_math_description":"Alopecia androgenetic\u0103, sau c\u0103derea p\u0103rului cu model masculin, este o afec\u021biune ereditar\u0103 care provoac\u0103 sub\u021bierea treptat\u0103 a t\u00e2mplelor \u0219i a coroanei. Face\u021bi clic pentru informa\u021bii.","rank_math_focus_keyword":"","rank_math_canonical_url":"","rank_math_breadcrumb_title":"","rank_math_facebook_title":"","rank_math_facebook_description":"","rank_math_facebook_image":"","rank_math_twitter_title":"","rank_math_twitter_description":"","rank_math_twitter_image":"","rank_math_pillar_content":""},"categories":[968,987],"tags":[],"class_list":["post-54152","post","type-post","status-publish","format-standard","has-post-thumbnail","hentry","category-blog","category-caderea-parului"],"_links":{"self":[{"href":"https:\/\/haircenterofturkey.com\/ro\/wp-json\/wp\/v2\/posts\/54152","targetHints":{"allow":["GET"]}}],"collection":[{"href":"https:\/\/haircenterofturkey.com\/ro\/wp-json\/wp\/v2\/posts"}],"about":[{"href":"https:\/\/haircenterofturkey.com\/ro\/wp-json\/wp\/v2\/types\/post"}],"author":[{"embeddable":true,"href":"https:\/\/haircenterofturkey.com\/ro\/wp-json\/wp\/v2\/users\/2"}],"replies":[{"embeddable":true,"href":"https:\/\/haircenterofturkey.com\/ro\/wp-json\/wp\/v2\/comments?post=54152"}],"version-history":[{"count":2,"href":"https:\/\/haircenterofturkey.com\/ro\/wp-json\/wp\/v2\/posts\/54152\/revisions"}],"predecessor-version":[{"id":60318,"href":"https:\/\/haircenterofturkey.com\/ro\/wp-json\/wp\/v2\/posts\/54152\/revisions\/60318"}],"wp:featuredmedia":[{"embeddable":true,"href":"https:\/\/haircenterofturkey.com\/ro\/wp-json\/wp\/v2\/media\/18733"}],"wp:attachment":[{"href":"https:\/\/haircenterofturkey.com\/ro\/wp-json\/wp\/v2\/media?parent=54152"}],"wp:term":[{"taxonomy":"category","embeddable":true,"href":"https:\/\/haircenterofturkey.com\/ro\/wp-json\/wp\/v2\/categories?post=54152"},{"taxonomy":"post_tag","embeddable":true,"href":"https:\/\/haircenterofturkey.com\/ro\/wp-json\/wp\/v2\/tags?post=54152"}],"curies":[{"name":"wp","href":"https:\/\/api.w.org\/{rel}","templated":true}]}}