{"id":54142,"date":"2023-03-11T11:10:03","date_gmt":"2023-03-11T08:10:03","guid":{"rendered":"https:\/\/haircenterofturkey.com\/?p=54142"},"modified":"2026-08-31T16:12:08","modified_gmt":"2026-08-31T13:12:08","slug":"pierderea-de-soc-dupa-transplantul-de-par","status":"publish","type":"post","link":"https:\/\/haircenterofturkey.com\/ro\/pierderea-de-soc-dupa-transplantul-de-par\/","title":{"rendered":"Pierderea de \u0219oc dup\u0103 transplantul de p\u0103r"},"content":{"rendered":"\n<h2 class=\"wp-block-heading\" id=\"shock-loss-after-hair-transplant\"><b>Pierderea de \u0219oc dup\u0103 transplantul de p\u0103r<\/b><\/h2>\n\n\n\n<div class=\"wp-block-group clinic-credentials\"><div class=\"wp-block-group__inner-container is-layout-flow wp-block-group-is-layout-flow\">\n\n<ul class=\"wp-block-list\">\n\n<li>Kurulu\u015f: 2014<\/li>\n\n\n<li>I notice the text provided appears to be in Turkish, not English. &#8222;Doktor Kadrosu: 3 Doktor&#8221; is Turkish text.\n\nCould you clarify:\n&#8211; Is this text meant to be translated from Turkish to Romanian?\n&#8211; Or did you mean to provide English text?\n\nOnce confirmed, I&#8217;ll provide the translation following your strict rules.<\/li>\n\n\n<li>Opera\u021biune: 3.000+<\/li>\n\n<\/ul>\n\n<\/div><\/div>\n\n\n\n<p class=\"wp-block-paragraph\"><p><span style=\"font-weight: 400;\">Hair Center of Turkey, 2014 y\u0131l\u0131nda kurulan ve y\u0131lda 3.000&#8217;in \u00fczerinde sa\u00e7 ekimi operationu ger\u00e7ekle\u015ftiren 3 ki\u015filik bir doktor kadrosuna sahip bir kliniktir. Bu deneyimle, shock loss genellikle ge\u00e7ici bir a\u015famad\u0131r ve iyile\u015fme s\u00fcrecinin normal bir par\u00e7as\u0131d\u0131r.<\/span><\/p><\/p>\n\n\n\n<p class=\"wp-block-paragraph\"><span style=\"font-weight: 400;\">Pierderea prin \u0219oc (c\u0103derea \u0219ocului) este c\u0103derea temporar\u0103 a p\u0103rului care poate avea loc dup\u0103 un transplant de p\u0103r, \u00eencep\u00e2nd de obicei \u00een primele c\u00e2teva s\u0103pt\u0103m\u00e2ni. Firele de p\u0103r pe care le vede\u021bi c\u0103z\u00e2nd sunt de obicei firele, \u00een timp ce foliculii r\u0103m\u00e2n sub piele \u0219i re\u00eencep cre\u0219terea mai t\u00e2rziu. Cre\u0219terea nou\u0103 devine adesea vizibil\u0103 \u00een jurul lunilor 3-4, apoi se \u00eembun\u0103t\u0103\u021be\u0219te constant \u00een lunile urm\u0103toare.<\/span><\/p>\n\n\n\n<div class=\"wp-block-rank-math-toc-block\" id=\"rank-math-toc\"><h2>Table of Contents<\/h2><nav><ul><li><a href=\"#shock-loss-after-hair-transplant\">Pierderea de \u0219oc dup\u0103 transplantul de p\u0103r<\/a><\/li><li><a href=\"#what-is-shock-loss-after-a-hair-transplant\">Ce este pierderea prin \u0219oc dup\u0103 un transplant de p\u0103r?<\/a><\/li><li><a href=\"#why-does-shock-loss-happen\">De ce are loc pierderea prin \u0219oc?<\/a><\/li><li><a href=\"#when-does-shock-shedding-start\">C\u00e2nd \u00eencepe eliminarea \u0219ocului?<\/a><\/li><li><a href=\"#how-long-does-shock-loss-last\">C\u00e2t dureaz\u0103 pierderea de \u0219oc?<\/a><\/li><li><a href=\"#does-shock-loss-mean-the-grafts-failed\">Pierderea prin \u0219oc \u00eenseamn\u0103 c\u0103 grefele au e\u0219uat?<\/a><\/li><li><a href=\"#what-you-can-do-to-support-recovery\">Ce pute\u021bi face pentru a sprijini recuperarea<\/a><\/li><li><a href=\"#when-to-contact-your-clinic\">C\u00e2nd s\u0103 v\u0103 contacta\u021bi clinica<\/a><\/li><li><a href=\"#faq\">\u00centreb\u0103ri frecvente<\/a><\/li><\/ul><\/nav><\/div>\n\n\n\n<h2 class=\"wp-block-heading\" id=\"what-is-shock-loss-after-a-hair-transplant\"><b>Ce este pierderea prin \u0219oc dup\u0103 un transplant de p\u0103r?<\/b><\/h2>\n\n\n\n<p class=\"wp-block-paragraph\"><span style=\"font-weight: 400;\">Pierderea prin \u0219oc este o faz\u0103 temporar\u0103 de pierdere care poate afecta firele de p\u0103r transplantate \u0219i uneori firele de p\u0103r native din apropiere. Se \u00eent\u00e2mpl\u0103 deoarece scalpul a trecut printr-o procedur\u0103, iar unii foliculi trec pentru scurt timp \u00eentr-o faz\u0103 de repaus \u00eenainte de a reveni la cre\u0219tere. \u00cen termeni medicali, aceasta este adesea descris\u0103 ca o form\u0103 de efluviu telogen declan\u0219at de stresul chirurgical.<\/span><\/p>\n\n\n\n<p class=\"wp-block-paragraph\"><span style=\"font-weight: 400;\">Punctul cheie: v\u0103rsarea pare dramatic\u0103, dar de obicei nu \u00eenseamn\u0103 c\u0103 transplantul a e\u0219uat.<\/span><\/p>\n\n\n\n<figure class=\"wp-block-image\"><img decoding=\"async\" src=\"https:\/\/haircenterofturkey.com\/wp-content\/uploads\/2023\/03\/WhatsApp-Image-2023-03-11-at-14.25.52-2-600x800.jpeg\" alt=\"Shock Loss After Hair Transplant | Hair Transplant Turkey\" title=\"\"><\/figure>\n\n\n\n<p class=\"has-text-align-center wp-block-paragraph\"><\/p>\n\n\n\n<h2 class=\"wp-block-heading\" id=\"why-does-shock-loss-happen\"><b>De ce are loc pierderea prin \u0219oc?<\/b><\/h2>\n\n\n\n<div class=\"wp-block-group shock-loss-comparison\"><div class=\"wp-block-group__inner-container is-layout-flow wp-block-group-is-layout-flow\">\n\n<h3 class=\"wp-block-heading\">Pierdere prin \u0219oc vs. v\u0103rsare normal\u0103<\/h3>\n\n\n\n<p class=\"wp-block-paragraph\">Pierderea prin \u0219oc \u0219i scurgerea normal\u0103 (de zi cu zi) pot ar\u0103ta similare, dar modelul este diferit. \u00cendep\u0103rtarea zilnic\u0103 este gradual\u0103 &#8211; pierzi un num\u0103r mic de fire de p\u0103r pe zi, ca parte a ciclului natural de cre\u0219tere. Pierderea de \u0219oc, pe de alt\u0103 parte, este un val scurt \u0219i concentrat de v\u0103rsare legat direct de trauma procedurii. Apare mai repede, se simte mai vizibil \u0219i se stabile\u0219te odat\u0103 ce foliculii trec de faza de repaus. Dac\u0103 v\u0103rsarea continu\u0103 s\u0103 creasc\u0103 cu mult peste primele dou\u0103 luni, \u00een loc s\u0103 se stabileasc\u0103, acesta este un semnal s\u0103 v\u0103 consulta\u021bi cu clinica dvs., mai degrab\u0103 dec\u00e2t s\u0103 presupune\u021bi c\u0103 este \u00eenc\u0103 o pierdere de \u0219oc.<\/p>\n\n\n\n<h3 class=\"wp-block-heading\">Risc de pierdere a p\u0103rului nativ<\/h3>\n\n\n\n<p class=\"wp-block-paragraph\">Pierderea prin \u0219oc nu afecteaz\u0103 numai grefele transplantate \u2013 firele de p\u0103r care cresc deja \u00een \u0219i \u00een jurul zonei primitoare (p\u0103rul t\u0103u nativ) se pot pierde. Acest lucru se \u00eent\u00e2mpl\u0103 de obicei atunci c\u00e2nd traumatismul sau umflarea chirurgical\u0103 deranjeaz\u0103 temporar foliculii din apropiere, chiar \u0219i pe cei care nu au fost atin\u0219i direct. Riscul este, \u00een general, mai mare la pacien\u021bii care au avut deja p\u0103rul nativ sub\u021biere \u00eenainte de opera\u021bie, deoarece acei foliculi sunt mai sensibili la stres. Vestea bun\u0103 este c\u0103 pierderea de \u0219oc nativ\u0103 urmeaz\u0103 acela\u0219i model de recuperare: p\u0103rul cre\u0219te de obicei odat\u0103 ce ciclul foliculului revine \u00eentr-o faz\u0103 de cre\u0219tere activ\u0103.<\/p>\n\n<\/div><\/div>\n\n\n\n<p class=\"wp-block-paragraph\"><span style=\"font-weight: 400;\">Un transplant de p\u0103r implic\u0103 extragerea grefelor \u0219i crearea locurilor primitoare, care pot provoca inflama\u021bii pe termen scurt \u0219i modific\u0103ri ale fluxului sanguin local. Acest stres poate \u00eempinge unii foliculi \u00eentr-o faz\u0103 de repaus (telogen), ceea ce duce la c\u0103derea p\u0103rului vizibil. Dup\u0103 ce scalpul se instaleaz\u0103, foliculii cicleaz\u0103 \u00eenapoi \u0219i \u00eencep s\u0103 produc\u0103 din nou p\u0103r nou.<\/span><\/p>\n\n\n\n<p class=\"wp-block-paragraph\"><span style=\"font-weight: 400;\">Pierderea prin \u0219oc poate varia de la o persoan\u0103 la alta. Unii oameni observ\u0103 v\u0103rsare u\u0219oar\u0103, \u00een timp ce al\u021bii experimenteaz\u0103 o faz\u0103 \u201esub\u021bire\u201d mai vizibil\u0103.<\/span><\/p>\n\n\n\n<h2 class=\"wp-block-heading\" id=\"when-does-shock-shedding-start\"><b>C\u00e2nd \u00eencepe eliminarea \u0219ocului?<\/b><\/h2>\n\n\n\n<p class=\"wp-block-paragraph\"><span style=\"font-weight: 400;\">Majoritatea persoanelor care sufer\u0103 de pierdere de \u0219oc o observ\u0103 la aproximativ 2-6 s\u0103pt\u0103m\u00e2ni dup\u0103 procedur\u0103, de\u0219i momentul poate varia. Unele clinici descriu o fereastr\u0103 mai larg\u0103 care se poate extinde p\u00e2n\u0103 la 8 s\u0103pt\u0103m\u00e2ni, \u00een func\u021bie de vindecare \u0219i de diferen\u021bele individuale ale ciclului p\u0103rului.<\/span><\/p>\n\n\n\n<h2 class=\"wp-block-heading\" id=\"how-long-does-shock-loss-last\"><b>C\u00e2t dureaz\u0103 pierderea de \u0219oc?<\/b><\/h2>\n\n\n\n<p class=\"wp-block-paragraph\"><span style=\"font-weight: 400;\">Pierderea \u00een sine dureaz\u0103 adesea c\u00e2teva s\u0103pt\u0103m\u00e2ni, dar \u201eperioada de a\u0219teptare\u201d ulterioar\u0103 poate fi mai lung\u0103, deoarece foliculii pot r\u0103m\u00e2ne lini\u0219ti\u021bi \u00eenainte de a reporni. Mul\u021bi pacien\u021bi \u00eencep s\u0103 vad\u0103 o nou\u0103 cre\u0219tere \u00een jurul lunilor 3-4, cu o \u00eembun\u0103t\u0103\u021bire mai vizibil\u0103 \u00een lunile care urmeaz\u0103.<\/span><\/p>\n\n\n\n<p class=\"wp-block-paragraph\"><span style=\"font-weight: 400;\">Rezultatele transplantului de p\u0103r se dezvolt\u0103 treptat. Pentru mul\u021bi oameni, densitatea \u0219i textura continu\u0103 s\u0103 se \u00eembun\u0103t\u0103\u021beasc\u0103 cu mult dincolo de stadiul timpuriu de recre\u0219tere.<\/span><\/p>\n\n\n\n<figure class=\"wp-block-image\"><img decoding=\"async\" src=\"https:\/\/haircenterofturkey.com\/wp-content\/uploads\/2023\/03\/WhatsApp-Image-2023-03-11-at-14.25.52-1-600x800.jpeg\" alt=\"Shock Loss After Hair Transplant | Hair Transplant Turkey\" title=\"\"><\/figure>\n\n\n\n<p class=\"wp-block-paragraph\"><\/p>\n\n\n\n<h2 class=\"wp-block-heading\" id=\"does-shock-loss-mean-the-grafts-failed\"><b>Pierderea prin \u0219oc \u00eenseamn\u0103 c\u0103 grefele au e\u0219uat?<\/b><\/h2>\n\n\n\n<div class=\"wp-block-group\"><div class=\"wp-block-group__inner-container is-layout-flow wp-block-group-is-layout-flow\">\n\n<h3 class=\"wp-block-heading\">Primele 30 de zile: la ce s\u0103 v\u0103 a\u0219tepta\u021bi<\/h3>\n\n\n\n<p class=\"wp-block-paragraph\">Termenele de recuperare variaz\u0103 \u00een func\u021bie de pacient, dar majoritatea oamenilor urmeaz\u0103 un model similar \u00een prima lun\u0103. Iat\u0103 un ghid general &#8211; instruc\u021biunile specifice ale clinicii dumneavoastr\u0103 au \u00eentotdeauna prioritate.<\/p>\n\n\n\n<ul class=\"wp-block-list\">\n\n<li>Zilele 1\u20133: umflare u\u0219oar\u0103 \u0219i ro\u0219ea\u021b\u0103 \u00een zona primitoare; \u00een jurul fiec\u0103rei grefe \u00eencep s\u0103 se formeze mici cruste.<\/li>\n\n\n<li>Zilele 4\u20137: Crustele continu\u0103 s\u0103 se formeze \u0219i s\u0103 se \u00eent\u0103reasc\u0103; scalpul este \u00eenc\u0103 sensibil, sp\u0103larea trebuie s\u0103 r\u0103m\u00e2n\u0103 bl\u00e2nd\u0103.<\/li>\n\n\n<li>Zilele 7\u201314: Majoritatea crustelor se vars\u0103 \u00een mod natural; firele de p\u0103r transplantate de dedesubt sunt \u00eenc\u0103 sigure \u00een folicul.<\/li>\n\n\n<li>S\u0103pt\u0103m\u00e2nile 2-4: Aceasta este fereastra tipic\u0103 pentru care \u00eencepe pierderea \u0219ocului &#8211; pierderea firului de p\u0103r, nu a foliculului.<\/li>\n\n\n<li>\u00cen jurul s\u0103pt\u0103m\u00e2nii 4: \u00cenro\u0219irea \u0219i semnele vizibile ale procedurii dispar de obicei; scalpul arat\u0103 aproape de normal, chiar dac\u0103 o nou\u0103 cre\u0219tere nu a \u00eenceput \u00eenc\u0103.<\/li>\n\n<\/ul>\n\n\n\n<h3 class=\"wp-block-heading\">Ce s\u0103 nu faci \u00een timpul recuper\u0103rii<\/h3>\n\n\n\n<p class=\"wp-block-paragraph\">C\u00e2teva gre\u0219eli comune pot \u00eencetini vindecarea sau pot cre\u0219te irita\u021bia \u00een timpul fazei de pierdere a \u0219ocului.<\/p>\n\n\n\n<ul class=\"wp-block-list\">\n\n<li>Nu scoate\u021bi cruste \u0219i nu zg\u00e2ria\u021bi zona destinat\u0103, chiar dac\u0103 v\u0103 m\u00e2nc\u0103rime.<\/li>\n\n\n<li>Nu expune\u021bi scalpul la soare direct f\u0103r\u0103 p\u0103l\u0103rie, odat\u0103 ce clinica dumneavoastr\u0103 permite acoperirea capului.<\/li>\n\n\n<li>Nu relua\u021bi exerci\u021biile fizice intense, \u00eenotul sau utilizarea saunei \u00eenainte ca chirurgul s\u0103 v\u0103 cure\u021be.<\/li>\n\n\n<li>Nu judeca rezultatele prea devreme &#8211; densitatea din s\u0103pt\u0103m\u00e2na 4 sau 5 spune pu\u021bin despre rezultatul final.<\/li>\n\n\n<li>Nu \u00eencepe\u021bi produse noi pentru p\u0103r sau medicamente f\u0103r\u0103 a verifica mai \u00eent\u00e2i clinica dumneavoastr\u0103.<\/li>\n\n<\/ul>\n\n<\/div><\/div>\n\n\n\n<p class=\"wp-block-paragraph\"><span style=\"font-weight: 400;\">\u00cen cele mai multe cazuri, nu.<\/span><\/p>\n\n\n\n<p class=\"wp-block-paragraph\"><span style=\"font-weight: 400;\">Ceea ce cade de obicei este firul de p\u0103r, \u00een timp ce foliculul (r\u0103d\u0103cina) r\u0103m\u00e2ne sub piele \u0219i mai t\u00e2rziu produce un p\u0103r nou. Acesta este motivul pentru care pierderea de \u0219oc este adesea descris\u0103 ca o parte normal\u0103 a cronologiei postoperatorii, mai degrab\u0103 dec\u00e2t un semn de supravie\u021buire slab\u0103 a grefei.<\/span><\/p>\n\n\n\n<h2 class=\"wp-block-heading\" id=\"what-you-can-do-to-support-recovery\"><b>Ce pute\u021bi face pentru a sprijini recuperarea<\/b><\/h2>\n\n\n\n<p class=\"wp-block-paragraph\"><span style=\"font-weight: 400;\">Urma\u021bi \u00eendeaproape planul de \u00eengrijire ulterioar\u0103 al clinicii dvs., mai ales \u00een primele c\u00e2teva s\u0103pt\u0103m\u00e2ni.<\/span><\/p>\n\n\n\n<ul class=\"wp-block-list\">\n<li><span style=\"font-weight: 400;\">Fi\u021bi bl\u00e2nd cu sp\u0103larea \u0219i evita\u021bi frecarea sau zg\u00e2rierea agresiv\u0103.<\/span><\/li>\n\n\n\n<li><span style=\"font-weight: 400;\">Evita\u021bi \u00eenc\u0103 de la \u00eenceput p\u0103l\u0103riile str\u00e2nse sau orice lucru care pune frecare pe zona destinat\u0103.<\/span><\/li>\n\n\n\n<li><span style=\"font-weight: 400;\">\u00centrerupe\u021bi exerci\u021biile intense p\u00e2n\u0103 c\u00e2nd chirurgul v\u0103 cur\u0103\u021b\u0103, deoarece transpira\u021bia \u0219i frecarea pot irita pielea care se vindec\u0103.<\/span><\/li>\n\n\n\n<li><span style=\"font-weight: 400;\">\u00centreba\u021bi \u00eenainte de a utiliza produse precum minoxidil sau tratamente pe baz\u0103 de re\u021bet\u0103, deoarece timpul depinde de profilul dumneavoastr\u0103 medical \u0219i de protocolul clinic.<\/span><\/li>\n<\/ul>\n\n\n\n<p class=\"wp-block-paragraph\"><span style=\"font-weight: 400;\">Dac\u0103 nu sunte\u021bi sigur dac\u0103 ceea ce vede\u021bi este normal, o \u00eenregistrare rapid\u0103 (fotografii + o scurt\u0103 actualizare) scute\u0219te adesea mult stres.<\/span><\/p>\n\n\n\n<h2 class=\"wp-block-heading\" id=\"when-to-contact-your-clinic\"><b>C\u00e2nd s\u0103 v\u0103 contacta\u021bi clinica<\/b><\/h2>\n\n\n\n<p class=\"wp-block-paragraph\"><span style=\"font-weight: 400;\">Lua\u021bi leg\u0103tura cu promptitudine dac\u0103 observa\u021bi:<\/span><\/p>\n\n\n\n<ul class=\"wp-block-list\">\n<li><span style=\"font-weight: 400;\">Cre\u0219terea \u00eenro\u0219irii, c\u0103ldurii, umflarea sau agravarea durerii<\/span><\/li>\n\n\n\n<li><span style=\"font-weight: 400;\">Secre\u021bie asem\u0103n\u0103toare puroiului, r\u0103sp\u00e2ndirea crustei sau un miros ur\u00e2t<\/span><\/li>\n\n\n\n<li><span style=\"font-weight: 400;\">Febr\u0103 sau stare de r\u0103u<\/span><\/li>\n\n\n\n<li><span style=\"font-weight: 400;\">Pierdere brusc\u0103, neregulat\u0103, cu sensibilitate semnificativ\u0103 a scalpului<\/span><\/li>\n<\/ul>\n\n\n\n<p class=\"wp-block-paragraph\"><span style=\"font-weight: 400;\">Aceste semne nu \u00eenseamn\u0103 automat ceva serios, dar merit\u0103 o analiz\u0103 profesional\u0103.<\/span><\/p>\n\n\n\n<h2 class=\"wp-block-heading\" id=\"faq\"><b>\u00centreb\u0103ri frecvente<\/b><\/h2>\n\n\n<div id=\"rank-math-faq\" class=\"rank-math-block\">\n<div class=\"rank-math-list \">\n<div id=\"faq-question-1770992335936\" class=\"rank-math-list-item\">\n<h3 class=\"rank-math-question \">Cum s\u0103 opre\u0219ti c\u0103derea \u0219oc a p\u0103rului dup\u0103 transplant?<\/h3>\n<div class=\"rank-math-answer \">\n\n<p>Nu o po\u021bi opri complet; urma\u021bi \u00eengrijirea ulterioar\u0103 \u0219i consulta\u021bi minoxidil\/finasterid\u0103 dac\u0103 este cazul.<\/p>\n\n<\/div>\n<\/div>\n<div id=\"faq-question-1770992337909\" class=\"rank-math-list-item\">\n<h3 class=\"rank-math-question \">Cum se reduce pierderea de \u0219oc?<\/h3>\n<div class=\"rank-math-answer \">\n\n<p>Reduce\u021bi-l prin \u00eengrijire bl\u00e2nd\u0103, evit\u00e2nd traume, control\u00e2nd inflama\u021bia \u0219i trat\u00e2nd sub\u021bierea subiacent\u0103.<\/p>\n\n<\/div>\n<\/div>\n<div id=\"faq-question-1770992338535\" class=\"rank-math-list-item\">\n<h3 class=\"rank-math-question \">Ce este c\u0103derea \u0219ocului nativ dup\u0103 transplantul de p\u0103r?<\/h3>\n<div class=\"rank-math-answer \">\n\n<p>Pierderea de \u0219oc nativ\u0103 este c\u0103derea temporar\u0103 a firelor de p\u0103r existente \u00een apropierea zonei transplantate.<\/p>\n\n<\/div>\n<\/div>\n<div id=\"faq-question-1770992339110\" class=\"rank-math-list-item\">\n<h3 class=\"rank-math-question \">Pierderea \u0219ocului dup\u0103 transplantul de p\u0103r are loc o singur\u0103 dat\u0103?<\/h3>\n<div class=\"rank-math-answer \">\n\n<p>De obicei, este un singur episod temporar, dar c\u0103derea continu\u0103 poate reflecta c\u0103derea progresiv\u0103 a p\u0103rului.<\/p>\n\n<\/div>\n<\/div>\n<div id=\"faq-question-1770992340093\" class=\"rank-math-list-item\">\n<h3 class=\"rank-math-question \">C\u00e2nd apare pierderea de \u0219oc dup\u0103 transplantul de p\u0103r?<\/h3>\n<div class=\"rank-math-answer \">\n\n<p>Cel mai adesea apare la 2-8 s\u0103pt\u0103m\u00e2ni dup\u0103 opera\u021bie, uneori p\u00e2n\u0103 la 3 luni.<\/p>\n\n<\/div>\n<\/div>\n<\/div>\n<\/div>","protected":false},"excerpt":{"rendered":"<p>Pierderea de \u0219oc dup\u0103 transplantul de p\u0103r Hair Center of Turkey, 2014 y\u0131l\u0131nda kurulan ve y\u0131lda 3.000&#8217;in \u00fczerinde sa\u00e7 ekimi operationu ger\u00e7ekle\u015ftiren 3 ki\u015filik bir doktor kadrosuna sahip bir kliniktir. Bu deneyimle, shock loss genellikle ge\u00e7ici bir a\u015famad\u0131r ve iyile\u015fme s\u00fcrecinin normal bir par\u00e7as\u0131d\u0131r. Pierderea prin \u0219oc (c\u0103derea \u0219ocului) este c\u0103derea temporar\u0103 a p\u0103rului care [&hellip;]<\/p>\n","protected":false},"author":2,"featured_media":2173,"comment_status":"closed","ping_status":"closed","sticky":false,"template":"","format":"standard","meta":{"footnotes":"","rank_math_title":"","rank_math_description":"Pierderea de \u0219oc dup\u0103 un transplant de p\u0103r este obi\u0219nuit\u0103 \u0219i de obicei temporar\u0103. Afla\u021bi de ce se \u00eent\u00e2mpl\u0103 pierderea, c\u00e2nd \u00eencepe, c\u00e2t dureaz\u0103. Face\u021bi clic pentru informa\u021bii","rank_math_focus_keyword":"","rank_math_canonical_url":"","rank_math_breadcrumb_title":"","rank_math_facebook_title":"","rank_math_facebook_description":"","rank_math_facebook_image":"","rank_math_twitter_title":"","rank_math_twitter_description":"","rank_math_twitter_image":"","rank_math_pillar_content":""},"categories":[968],"tags":[],"class_list":["post-54142","post","type-post","status-publish","format-standard","has-post-thumbnail","hentry","category-blog"],"_links":{"self":[{"href":"https:\/\/haircenterofturkey.com\/ro\/wp-json\/wp\/v2\/posts\/54142","targetHints":{"allow":["GET"]}}],"collection":[{"href":"https:\/\/haircenterofturkey.com\/ro\/wp-json\/wp\/v2\/posts"}],"about":[{"href":"https:\/\/haircenterofturkey.com\/ro\/wp-json\/wp\/v2\/types\/post"}],"author":[{"embeddable":true,"href":"https:\/\/haircenterofturkey.com\/ro\/wp-json\/wp\/v2\/users\/2"}],"replies":[{"embeddable":true,"href":"https:\/\/haircenterofturkey.com\/ro\/wp-json\/wp\/v2\/comments?post=54142"}],"version-history":[{"count":2,"href":"https:\/\/haircenterofturkey.com\/ro\/wp-json\/wp\/v2\/posts\/54142\/revisions"}],"predecessor-version":[{"id":60643,"href":"https:\/\/haircenterofturkey.com\/ro\/wp-json\/wp\/v2\/posts\/54142\/revisions\/60643"}],"wp:featuredmedia":[{"embeddable":true,"href":"https:\/\/haircenterofturkey.com\/ro\/wp-json\/wp\/v2\/media\/2173"}],"wp:attachment":[{"href":"https:\/\/haircenterofturkey.com\/ro\/wp-json\/wp\/v2\/media?parent=54142"}],"wp:term":[{"taxonomy":"category","embeddable":true,"href":"https:\/\/haircenterofturkey.com\/ro\/wp-json\/wp\/v2\/categories?post=54142"},{"taxonomy":"post_tag","embeddable":true,"href":"https:\/\/haircenterofturkey.com\/ro\/wp-json\/wp\/v2\/tags?post=54142"}],"curies":[{"name":"wp","href":"https:\/\/api.w.org\/{rel}","templated":true}]}}