{"id":54064,"date":"2023-11-29T10:39:50","date_gmt":"2023-11-29T07:39:50","guid":{"rendered":"https:\/\/haircenterofturkey.com\/?p=54064"},"modified":"2026-08-31T14:53:52","modified_gmt":"2026-08-31T11:53:52","slug":"ce-este-spuma-de-par-si-cauzeaza-caderea-parului","status":"publish","type":"post","link":"https:\/\/haircenterofturkey.com\/ro\/ce-este-spuma-de-par-si-cauzeaza-caderea-parului\/","title":{"rendered":"Ce este spuma de p\u0103r \u0219i cauzeaz\u0103 c\u0103derea p\u0103rului?"},"content":{"rendered":"\n<p class=\"has-text-align-left wp-block-paragraph\"><span style=\"font-weight: 400;\">Spuma de p\u0103r este o spum\u0103 u\u0219oar\u0103 pentru coafare care adaug\u0103 volum, \u021binere \u0219i defini\u021bie pentru bucle. Nu provoac\u0103 c\u0103derea genetic\u0103 a p\u0103rului, dar acumularea puternic\u0103, formulele de uscare sau iritarea scalpului pot face p\u0103rul s\u0103 arate mai sub\u021bire prin rupere sau c\u0103dere suplimentar\u0103. Utiliza\u021bi o cantitate mic\u0103 pe lungimi, cur\u0103\u021ba\u021bi regulat \u0219i opri\u021bi-v\u0103 dac\u0103 scalpul devine m\u00e2nc\u0103rime sau dureros.<\/span><\/p>\n\n\n\n<div class=\"wp-block-rank-math-toc-block\" id=\"rank-math-toc\"><h2>Table of Contents<\/h2><nav><ul><li><a href=\"#what-hair-mousse-does-and-doesnt-do\">Ce face spuma de p\u0103r (\u0219i nu)<\/a><\/li><li><a href=\"#common-ingredients-in-hair-mousse\">Ingrediente comune \u00een spuma de p\u0103r<\/a><ul><li><a href=\"#film-formers-and-polymers\">Formatori de film \u0219i polimeri<\/a><\/li><li><a href=\"#conditioning-and-moisture-helpers\">Ajutor de condi\u021bionare \u0219i umiditate<\/a><\/li><li><a href=\"#alcohols-fragrance-and-preservatives\">Alcooli, parfumuri \u0219i conservan\u021bi<\/a><\/li><\/ul><\/li><li><a href=\"#can-hair-mousse-cause-hair-loss\">Poate spuma de p\u0103r s\u0103 provoace c\u0103derea p\u0103rului?<\/a><ul><li><a href=\"#when-mousse-can-make-hair-look-thinner\">C\u00e2nd spuma poate face p\u0103rul s\u0103 par\u0103 mai sub\u021bire<\/a><\/li><\/ul><\/li><li><a href=\"#how-to-use-hair-mousse-without-damaging-hair\">Cum s\u0103 utiliza\u021bi spuma de p\u0103r f\u0103r\u0103 a deteriora p\u0103rul<\/a><\/li><li><a href=\"#how-to-choose-the-right-mousse-for-your-hair-type\">Cum s\u0103 alegi spuma potrivit\u0103 pentru tipul t\u0103u de p\u0103r<\/a><ul><li><a href=\"#fine-or-easily-weighed-down-hair\">P\u0103r fin sau u\u0219or c\u00e2nt\u0103rit<\/a><\/li><li><a href=\"#curly-coily-or-frizz-prone-hair\">P\u0103r ondulat, ondulat sau predispus la \u00eencre\u021bire<\/a><\/li><li><a href=\"#dry-bleached-or-color-treated-hair\">P\u0103r uscat, decolorat sau vopsit<\/a><\/li><li><a href=\"#sensitive-or-itchy-scalp\">Scalp sensibil sau m\u00e2nc\u0103rime<\/a><\/li><\/ul><\/li><li><a href=\"#when-to-see-a-dermatologist\">C\u00e2nd s\u0103 vezi un dermatolog<\/a><\/li><li><a href=\"#fa-qs\">\u00centreb\u0103ri frecvente<\/a><\/li><\/ul><\/nav><\/div>\n\n\n\n<h2 id=\"what-hair-mousse-does-and-doesnt-do\" class=\"wp-block-heading\"><b>Ce face spuma de p\u0103r (\u0219i nu)<\/b><\/h2>\n\n\n\n<figure class=\"wp-block-image\"><img decoding=\"async\" src=\"https:\/\/haircenterofturkey.com\/wp-content\/uploads\/2023\/11\/What-is-Hair-Mousse-and-Its-Purpose.webp\" alt=\"What is Hair Mousse, and Does It Cause Hair Loss?\" title=\"\"><\/figure>\n\n\n\n<p class=\"wp-block-paragraph\"><span style=\"font-weight: 400;\">Spuma de p\u0103r este un produs de styling, nu un tratament pentru cre\u0219terea p\u0103rului. Este conceput pentru a ad\u0103uga corp, ridicare la r\u0103d\u0103cini \u0219i prindere flexibil\u0103 \u0219i poate ajuta buclele s\u0103 par\u0103 mai definite. Majoritatea formulelor reduc, de asemenea, \u00eencre\u021birea prin acoperirea firului de p\u0103r cu formatori de film u\u0219oare.<\/span><\/p>\n\n\n\n<p class=\"wp-block-paragraph\"><span style=\"font-weight: 400;\">Mousse-ul nu va schimba c\u00e2t de repede cre\u0219te p\u0103rul \u0219i nu va preveni c\u0103derea genetic\u0103 a p\u0103rului. Dac\u0103 un produs sus\u021bine c\u0103 \u201eopre\u0219te c\u0103derea p\u0103rului\u201d, trata\u021bi-l ca pe marketing, cu excep\u021bia cazului \u00een care con\u021bine un activ medical dovedit \u0219i a\u021bi discutat despre asta cu un medic.<\/span><\/p>\n\n\n\n<h2 id=\"common-ingredients-in-hair-mousse\" class=\"wp-block-heading\">Ingrediente comune \u00een spuma de p\u0103r<\/h2>\n\n\n\n<h3 id=\"film-formers-and-polymers\" class=\"wp-block-heading\">Formatori de film \u0219i polimeri<\/h3>\n\n\n\n<p class=\"wp-block-paragraph\"><span style=\"font-weight: 400;\">Aceste ingrediente creeaz\u0103 \u201ere\u021binerea\u201d form\u00e2nd un strat sub\u021bire \u00een jurul fiec\u0103rei \u0219uvi\u021be. Ve\u021bi vedea adesea termeni precum PVP, copolimer VP\/VA, copolimeri acrila\u021bi sau policaternii pe etichet\u0103. Ele pot face p\u0103rul s\u0103 par\u0103 mai plin, deoarece firele se separ\u0103 \u0219i r\u0103m\u00e2n ridicate.<\/span><\/p>\n\n\n\n<h3 id=\"conditioning-and-moisture-helpers\" class=\"wp-block-heading\">Ajutor de condi\u021bionare \u0219i umiditate<\/h3>\n\n\n\n<p class=\"wp-block-paragraph\"><span style=\"font-weight: 400;\">Multe spume includ agen\u021bi de condi\u021bionare, cum ar fi pantenol (provitamina B5), glicerina, siliconi sau uleiuri u\u0219oare. Acestea pot \u00eembun\u0103t\u0103\u021bi alunecarea \u0219i str\u0103lucirea, ceea ce ajut\u0103 la limitarea ag\u0103\u021b\u0103rii \u0219i a ruperii \u00een timpul coaf\u0103rii. Dac\u0103 p\u0103rul t\u0103u este uscat sau vopsit, aceast\u0103 parte a formulei conteaz\u0103.<\/span><\/p>\n\n\n\n<h3 id=\"alcohols-fragrance-and-preservatives\" class=\"wp-block-heading\">Alcooli, parfumuri \u0219i conservan\u021bi<\/h3>\n\n\n\n<p class=\"wp-block-paragraph\"><span style=\"font-weight: 400;\">Unele spume se bazeaz\u0103 pe alcooli de uscare pentru a se evapora rapid \u0219i pentru a ajuta la stabilirea stilului. Pe p\u0103rul rezistent, este adesea bine, dar pe p\u0103rul deja uscat sau cre\u021b poate l\u0103sa \u0219uvi\u021bele fragile \u00een timp. Parfumul \u0219i anumi\u021bi conservan\u021bi pot declan\u0219a, de asemenea, irita\u021bii la nivelul scalpului sensibil.<\/span><\/p>\n\n\n\n<h2 id=\"can-hair-mousse-cause-hair-loss\" class=\"wp-block-heading\">Poate spuma de p\u0103r s\u0103 provoace c\u0103derea p\u0103rului?<\/h2>\n\n\n\n<p class=\"wp-block-paragraph\"><span style=\"font-weight: 400;\">Pe cont propriu, spuma este pu\u021bin probabil s\u0103 provoace c\u0103derea permanent\u0103 a p\u0103rului din folicul. Ceea ce oamenii observ\u0103 de obicei este ruperea (buc\u0103\u021bile mai scurte se rup) sau scurgerea crescut\u0103, deoarece scalpul devine iritat. Ambele pot face p\u0103rul s\u0103 par\u0103 mai sub\u021bire, chiar dac\u0103 foliculii sunt \u00eenc\u0103 capabili s\u0103 creasc\u0103 p\u0103rul.<\/span><\/p>\n\n\n\n<p class=\"wp-block-paragraph\"><span style=\"font-weight: 400;\">C\u0103derea p\u0103rului are multe cauze, inclusiv genetic\u0103, hormoni, stres, boal\u0103 \u0219i unele medicamente. Dac\u0103 v\u0103rsarea este brusc\u0103, neregulat\u0103, dureroas\u0103 sau dureaz\u0103 mai mult de c\u00e2teva luni, merit\u0103 s\u0103 fii verificat, astfel \u00eenc\u00e2t s\u0103 nu dai vina pe lucrul gre\u0219it.<\/span><\/p>\n\n\n\n<h3 id=\"when-mousse-can-make-hair-look-thinner\" class=\"wp-block-heading\">C\u00e2nd spuma poate face p\u0103rul s\u0103 par\u0103 mai sub\u021bire<\/h3>\n\n\n\n<p class=\"wp-block-paragraph\"><span style=\"font-weight: 400;\">Formulele cu uscare excesiv\u0103 pot duce la capete fragile care se rupe atunci c\u00e2nd peria\u021bi, usca\u021bi cu prosopul sau \u00eencalzi\u021bi. Acumularea de produs poate face, de asemenea, p\u0103rul s\u0103 se simt\u0103 greu \u0219i moale, ceea ce reduce volumul \u0219i poate exagera aspectul de sub\u021biere.<\/span><\/p>\n\n\n\n<p class=\"wp-block-paragraph\"><span style=\"font-weight: 400;\">Dac\u0103 spuma declan\u0219eaz\u0103 m\u00e2nc\u0103rime, ro\u0219ea\u021b\u0103, descuamare sau arsur\u0103, este posibil s\u0103 ave\u021bi de-a face cu dermatit\u0103 de contact iritant\u0103 sau alergic\u0103. \u00cen aceast\u0103 situa\u021bie, zg\u00e2rierea \u0219i inflama\u021bia pot cre\u0219te v\u0103rsarea, a\u0219a c\u0103 oprirea produsului (\u0219i tratarea scalpului) este prioritatea.<\/span><\/p>\n\n\n\n<h2 id=\"how-to-use-hair-mousse-without-damaging-hair\" class=\"wp-block-heading\">Cum s\u0103 utiliza\u021bi spuma de p\u0103r f\u0103r\u0103 a deteriora p\u0103rul<\/h2>\n\n\n\n<figure class=\"wp-block-image\"><img decoding=\"async\" src=\"https:\/\/haircenterofturkey.com\/wp-content\/uploads\/2023\/11\/How-to-Use-Hair-Mousse-and-Recommendations.webp\" alt=\"What is Hair Mousse, and Does It Cause Hair Loss?\" title=\"\"><\/figure>\n\n\n\n<p class=\"wp-block-paragraph\"><span style=\"font-weight: 400;\">\u00cencepe\u021bi cu o cantitate mic\u0103 &#8211; aproximativ o dimensiune de minge de golf pentru p\u0103rul p\u00e2n\u0103 la umeri &#8211; \u0219i ad\u0103uga\u021bi mai mult doar dac\u0103 ave\u021bi nevoie. Emulsiona\u021bi-l \u00eentre palme, apoi aplica\u021bi \u00een principal pe mijlocul lungimii \u0219i v\u00e2rfurilor; dac\u0103 dori\u021bi ridicarea r\u0103d\u0103cinilor, atinge\u021bi pu\u021bin r\u0103d\u0103cinile, \u00een loc s\u0103 satura\u021bi scalpul.<\/span><\/p>\n\n\n\n<p class=\"wp-block-paragraph\"><span style=\"font-weight: 400;\">Distribui\u021bi uniform cu degetele sau cu un pieptene cu din\u021bi largi, apoi coafa\u021bi ca de obicei. Dac\u0103 usca\u021bi sau folosi\u021bi unelte fierbin\u021bi, men\u021bine\u021bi c\u0103ldura moderat\u0103 \u0219i evita\u021bi trecerile repetate pe aceea\u0219i sec\u021biune. Sp\u0103la\u021bi-v\u0103 \u00een mod regulat, astfel \u00eenc\u00e2t produsul s\u0103 nu se acumuleze, mai ales dac\u0103 v\u0103 coafa\u021bi zilnic.<\/span><\/p>\n\n\n\n<h2 id=\"how-to-choose-the-right-mousse-for-your-hair-type\" class=\"wp-block-heading\">Cum s\u0103 alegi spuma potrivit\u0103 pentru tipul t\u0103u de p\u0103r<\/h2>\n\n\n\n<h3 id=\"fine-or-easily-weighed-down-hair\" class=\"wp-block-heading\">P\u0103r fin sau u\u0219or c\u00e2nt\u0103rit<\/h3>\n\n\n\n<p class=\"wp-block-paragraph\"><span style=\"font-weight: 400;\">C\u0103uta\u021bi \u201evolumizare\u201d sau \u201e\u021binere u\u0219oar\u0103\u201d \u0219i evita\u021bi uleiurile grele sau ingredientele ceroase de pe list\u0103. O spum\u0103 puternic\u0103 poate func\u021biona, dar folose\u0219te mai pu\u021bin \u0219i concentreaz\u0103-l l\u00e2ng\u0103 r\u0103d\u0103cini pentru ridicare. Dac\u0103 p\u0103rul arat\u0103 rapid plictisitor, este posibil s\u0103 ave\u021bi nevoie de cur\u0103\u021bare mai frecvent\u0103.<\/span><\/p>\n\n\n\n<h3 id=\"curly-coily-or-frizz-prone-hair\" class=\"wp-block-heading\">P\u0103r ondulat, ondulat sau predispus la \u00eencre\u021bire<\/h3>\n\n\n\n<p class=\"wp-block-paragraph\"><span style=\"font-weight: 400;\">Alege\u021bi spuma care define\u0219te buclele cu agen\u021bi de condi\u021bionare (cum ar fi pantenol sau glicerina) \u0219i alcool de uscare minim. Aplica\u021bi pe p\u0103rul foarte umed \u0219i freza\u021bi pentru a \u00eencuraja buclele. Dac\u0103 observa\u021bi capete crocante, reduce\u021bi cantitatea sau pune\u021bi un strat de balsam f\u0103r\u0103 \u00eendoial\u0103 dedesubt.<\/span><\/p>\n\n\n\n<h3 id=\"dry-bleached-or-color-treated-hair\" class=\"wp-block-heading\">P\u0103r uscat, decolorat sau vopsit<\/h3>\n\n\n\n<p class=\"wp-block-paragraph\"><span style=\"font-weight: 400;\">Da\u021bi prioritate formulelor comercializate ca \u201ehidratante\u201d sau \u201ef\u0103r\u0103 alcool\u201d \u0219i evita\u021bi orice las\u0103 p\u0103rul sc\u00e2r\u021b\u00e2it sau aspru. Combina\u021bi mousse cu un \u0219ampon bl\u00e2nd \u0219i un balsam care restabile\u0219te alunecarea. Dac\u0103 ruperea este principala preocupare, concentra\u021bi-v\u0103 pe reducerea c\u0103ldurii \u0219i frec\u0103rii, nu doar pe schimbarea produselor de coafare.<\/span><\/p>\n\n\n\n<h3 id=\"sensitive-or-itchy-scalp\" class=\"wp-block-heading\">Scalp sensibil sau m\u00e2nc\u0103rime<\/h3>\n\n\n\n<p class=\"wp-block-paragraph\"><span style=\"font-weight: 400;\">Merge\u021bi f\u0103r\u0103 parfum atunci c\u00e2nd este posibil \u0219i evita\u021bi aplicarea spumei direct pe scalp. Testa\u021bi produse noi pe o zon\u0103 mic\u0103 timp de c\u00e2teva zile, apoi extinde\u021bi-le. Dac\u0103 irita\u021bia continu\u0103 s\u0103 revin\u0103, un dermatolog poate ajuta la identificarea factorilor declan\u0219atori \u0219i poate recomanda alternative mai sigure.<\/span><\/p>\n\n\n\n<h2 id=\"when-to-see-a-dermatologist\" class=\"wp-block-heading\">C\u00e2nd s\u0103 vezi un dermatolog<\/h2>\n\n\n\n<p class=\"wp-block-paragraph\"><span style=\"font-weight: 400;\">Solicita\u021bi sfatul unui profesionist dac\u0103 observa\u021bi pete chelie, dureri ale scalpului, umfl\u0103turi pline de puroi sau descuam\u0103ri groase. De asemenea, rezerva\u021bi o vizit\u0103 dac\u0103 v\u0103rsarea este brusc\u0103, sever\u0103 sau nu se stabile\u0219te dup\u0103 ce opri\u021bi un produs suspect \u0219i v\u0103 simplifica\u021bi rutina. Un medic poate face diferen\u021ba dintre rupere, inflama\u021bie \u0219i condi\u021bii adev\u0103rate de c\u0103dere a p\u0103rului \u0219i poate sugera un tratament \u021bintit.<\/span><\/p>\n\n\n\n<h2 id=\"fa-qs\" class=\"wp-block-heading\">\u00centreb\u0103ri frecvente<\/h2>\n\n\n<div id=\"rank-math-faq\" class=\"rank-math-block\">\n<div class=\"rank-math-list \">\n<div id=\"faq-question-1771237744606\" class=\"rank-math-list-item\">\n<h3 class=\"rank-math-question \">Este spuma de p\u0103r r\u0103u pentru p\u0103rul t\u0103u?<\/h3>\n<div class=\"rank-math-answer \">\n\n<p>Nu; utilizarea corect\u0103 este sigur\u0103, dar acumularea sau alcoolul pot usca p\u0103rul.<\/p>\n\n<\/div>\n<\/div>\n<div id=\"faq-question-1771238111555\" class=\"rank-math-list-item\">\n<h3 class=\"rank-math-question \">Care este cauza #1 a caderii parului?<\/h3>\n<div class=\"rank-math-answer \">\n\n<p>Alopecia androgenetic\u0103 \u2013 genetic\u0103 \u0219i hormoni \u2013 este cea mai frecvent\u0103 cauz\u0103 a c\u0103derii p\u0103rului.<\/p>\n\n<\/div>\n<\/div>\n<div id=\"faq-question-1771238112124\" class=\"rank-math-list-item\">\n<h3 class=\"rank-math-question \">C\u00e2t de des spuma provoac\u0103 c\u0103derea p\u0103rului?<\/h3>\n<div class=\"rank-math-answer \">\n\n<p>Rareori; spuma de obicei nu provoac\u0103 c\u0103derea real\u0103 a p\u0103rului, cu excep\u021bia irita\u021biei sau ruperii scalpului.<\/p>\n\n<\/div>\n<\/div>\n<div id=\"faq-question-1771238112676\" class=\"rank-math-list-item\">\n<h3 class=\"rank-math-question \">Este bine s\u0103 folose\u0219ti spuma de p\u0103r \u00een fiecare zi?<\/h3>\n<div class=\"rank-math-answer \">\n\n<p>Da; utilizarea zilnic\u0103 este bun\u0103 dac\u0103 v\u0103 sp\u0103la\u021bi \u00een mod regulat \u0219i evita\u021bi iritarea scalpului.<\/p>\n\n<\/div>\n<\/div>\n<div id=\"faq-question-1771238113158\" class=\"rank-math-list-item\">\n<h3 class=\"rank-math-question \">Ce vitamin\u0103 lipse\u0219te dac\u0103 \u00ee\u021bi cade p\u0103rul?<\/h3>\n<div class=\"rank-math-answer \">\n\n<p>Deficitul de vitamina D este \u00een mod obi\u0219nuit legat, dar deficien\u021bele de fier \u0219i zinc conteaz\u0103 \u0219i ele.<\/p>\n\n<\/div>\n<\/div>\n<div id=\"faq-question-1771238114112\" class=\"rank-math-list-item\">\n<h3 class=\"rank-math-question \">Care este mai bun pentru gelul sau spuma de p\u0103r?<\/h3>\n<div class=\"rank-math-answer \">\n\n<p>Spuma este de obicei mai bl\u00e2nd\u0103 \u0219i mai u\u0219oar\u0103 dec\u00e2t gelul, care poate fi mai uscat.<\/p>\n\n<\/div>\n<\/div>\n<\/div>\n<\/div>","protected":false},"excerpt":{"rendered":"<p>Spuma de p\u0103r este o spum\u0103 u\u0219oar\u0103 pentru coafare care adaug\u0103 volum, \u021binere \u0219i defini\u021bie pentru bucle. Nu provoac\u0103 c\u0103derea genetic\u0103 a p\u0103rului, dar acumularea puternic\u0103, formulele de uscare sau iritarea scalpului pot face p\u0103rul s\u0103 arate mai sub\u021bire prin rupere sau c\u0103dere suplimentar\u0103. Utiliza\u021bi o cantitate mic\u0103 pe lungimi, cur\u0103\u021ba\u021bi regulat \u0219i opri\u021bi-v\u0103 dac\u0103 [&hellip;]<\/p>\n","protected":false},"author":2,"featured_media":281,"comment_status":"closed","ping_status":"closed","sticky":false,"template":"","format":"standard","meta":{"footnotes":"","rank_math_title":"","rank_math_description":"Spuma de p\u0103r este o spum\u0103 u\u0219oar\u0103 de coafare care nu provoac\u0103 \u00een mod direct c\u0103derea p\u0103rului atunci c\u00e2nd este utilizat\u0103 corespunz\u0103tor.","rank_math_focus_keyword":"","rank_math_canonical_url":"","rank_math_breadcrumb_title":"","rank_math_facebook_title":"","rank_math_facebook_description":"","rank_math_facebook_image":"","rank_math_twitter_title":"","rank_math_twitter_description":"","rank_math_twitter_image":"","rank_math_pillar_content":""},"categories":[968,987],"tags":[],"class_list":["post-54064","post","type-post","status-publish","format-standard","has-post-thumbnail","hentry","category-blog","category-caderea-parului"],"_links":{"self":[{"href":"https:\/\/haircenterofturkey.com\/ro\/wp-json\/wp\/v2\/posts\/54064","targetHints":{"allow":["GET"]}}],"collection":[{"href":"https:\/\/haircenterofturkey.com\/ro\/wp-json\/wp\/v2\/posts"}],"about":[{"href":"https:\/\/haircenterofturkey.com\/ro\/wp-json\/wp\/v2\/types\/post"}],"author":[{"embeddable":true,"href":"https:\/\/haircenterofturkey.com\/ro\/wp-json\/wp\/v2\/users\/2"}],"replies":[{"embeddable":true,"href":"https:\/\/haircenterofturkey.com\/ro\/wp-json\/wp\/v2\/comments?post=54064"}],"version-history":[{"count":2,"href":"https:\/\/haircenterofturkey.com\/ro\/wp-json\/wp\/v2\/posts\/54064\/revisions"}],"predecessor-version":[{"id":60418,"href":"https:\/\/haircenterofturkey.com\/ro\/wp-json\/wp\/v2\/posts\/54064\/revisions\/60418"}],"wp:featuredmedia":[{"embeddable":true,"href":"https:\/\/haircenterofturkey.com\/ro\/wp-json\/wp\/v2\/media\/281"}],"wp:attachment":[{"href":"https:\/\/haircenterofturkey.com\/ro\/wp-json\/wp\/v2\/media?parent=54064"}],"wp:term":[{"taxonomy":"category","embeddable":true,"href":"https:\/\/haircenterofturkey.com\/ro\/wp-json\/wp\/v2\/categories?post=54064"},{"taxonomy":"post_tag","embeddable":true,"href":"https:\/\/haircenterofturkey.com\/ro\/wp-json\/wp\/v2\/tags?post=54064"}],"curies":[{"name":"wp","href":"https:\/\/api.w.org\/{rel}","templated":true}]}}