{"id":54055,"date":"2024-04-04T10:23:19","date_gmt":"2024-04-04T07:23:19","guid":{"rendered":"https:\/\/haircenterofturkey.com\/?p=54055"},"modified":"2026-08-31T13:19:07","modified_gmt":"2026-08-31T10:19:07","slug":"alergia-la-vopseaua-de-par-simptome-declansatoare-ppd-si-testarea-plasturelui","status":"publish","type":"post","link":"https:\/\/haircenterofturkey.com\/ro\/alergia-la-vopseaua-de-par-simptome-declansatoare-ppd-si-testarea-plasturelui\/","title":{"rendered":"Alergia la vopseaua de p\u0103r: simptome, declan\u0219atoare PPD \u0219i testarea plasturelui"},"content":{"rendered":"\n<h2 class=\"wp-block-heading\" id=\"hair-dye-allergy\">Alergia vopselei de p\u0103r<\/h2>\n\n\n\n<p class=\"wp-block-paragraph\"><span style=\"font-weight: 400;\">Alergia la vopseaua de p\u0103r este de obicei o form\u0103 de dermatit\u0103 de contact cauzat\u0103 de ingrediente precum p-fenilendiamina (PPD). Simptomele pot include m\u00e2nc\u0103rime, arsur\u0103, ro\u0219ea\u021b\u0103, umflare sau vezicule pe scalp, fa\u021b\u0103, urechi sau g\u00e2t, uneori ap\u0103r\u00e2nd p\u00e2n\u0103 la 72 de ore mai t\u00e2rziu. Un test de plasture \u00eenainte de fiecare utilizare \u0219i alegerea formulelor cu risc sc\u0103zut pot reduce reac\u021biile.<\/span><\/p>\n\n\n\n<figure class=\"wp-block-image\"><img decoding=\"async\" src=\"https:\/\/haircenterofturkey.com\/wp-content\/uploads\/2024\/04\/hair-allergy.webp\" alt=\"Hair Dye Allergy | How Does Hair Loss Affect?\" title=\"\"><\/figure>\n\n\n\n<div class=\"wp-block-rank-math-toc-block\" id=\"rank-math-toc\"><h2>Table of Contents<\/h2><nav><ul><li><a href=\"#hair-dye-allergy\">Alergia vopselei de p\u0103r<\/a><\/li><li><a href=\"#common-symptoms\">Simptome comune<\/a><\/li><li><a href=\"#what-causes-hair-dye-allergy\">Ce cauzeaz\u0103 alergia vopselei de p\u0103r<\/a><\/li><li><a href=\"#who-is-more-likely-to-react\">Cine are mai multe \u0219anse s\u0103 reac\u021bioneze<\/a><\/li><li><a href=\"#which-hair-dyes-are-most-likely-to-cause-problems\">Ce vopsele de p\u0103r sunt cel mai probabil s\u0103 provoace probleme<\/a><ul><li><a href=\"#permanent-dyes\">Coloranti permanenti<\/a><\/li><li><a href=\"#semi-permanent-dyes\">Coloran\u021bi semi-permanen\u021bi<\/a><\/li><li><a href=\"#temporary-color\">Culoare temporar\u0103<\/a><\/li><li><a href=\"#henna-and-black-henna\">Henna \u0219i \u201eHenna neagr\u0103\u201d<\/a><\/li><\/ul><\/li><li><a href=\"#how-to-reduce-your-risk-before-dyeing\">Cum s\u0103 v\u0103 reduce\u021bi riscul \u00eenainte de vopsire<\/a><\/li><li><a href=\"#what-to-do-if-you-have-a-reaction\">Ce s\u0103 faci dac\u0103 ai o reac\u021bie<\/a><\/li><li><a href=\"#does-frequent-coloring-damage-the-hair\">Colorarea frecvent\u0103 d\u0103uneaz\u0103 p\u0103rului<\/a><\/li><li><a href=\"#faq-frequently-asked-questions\">\u00centreb\u0103ri frecvente (\u00centreb\u0103ri frecvente)<\/a><\/li><\/ul><\/nav><\/div>\n\n\n\n<h2 class=\"wp-block-heading\" id=\"common-symptoms\">Simptome comune<\/h2>\n\n\n\n<p class=\"wp-block-paragraph\"><span style=\"font-weight: 400;\">Reac\u021biile apar adesea acolo unde colorantul atinge pielea: scalpul, linia p\u0103rului, urechile, pleoapele \u0219i g\u00e2tul. Unii oameni observ\u0103, de asemenea, simptome pe fa\u021b\u0103 sau pe m\u00e2ini dac\u0103 produsul nu este cl\u0103tit complet.<\/span><\/p>\n\n\n\n<p class=\"wp-block-paragraph\"><span style=\"font-weight: 400;\">Semnele tipice includ usturime sau arsur\u0103, o erup\u021bie cutanat\u0103 cu m\u00e2nc\u0103rime, usc\u0103ciune sau senza\u021bie de constr\u00e2ngere, umflare \u0219i vezicule mici. Simptomele pot ap\u0103rea imediat sau se pot dezvolta \u00een urm\u0103toarele 1 p\u00e2n\u0103 la 3 zile.<\/span><\/p>\n\n\n\n<figure class=\"wp-block-image\"><img decoding=\"async\" src=\"https:\/\/haircenterofturkey.com\/wp-content\/uploads\/2024\/04\/hair-dye.webp\" alt=\"Hair Dye Allergy | How Does Hair Loss Affect?\" title=\"\"><\/figure>\n\n\n\n<p class=\"wp-block-paragraph\"><\/p>\n\n\n\n<h2 class=\"wp-block-heading\" id=\"what-causes-hair-dye-allergy\"><b>Ce cauzeaz\u0103 alergia vopselei de p\u0103r<\/b><\/h2>\n\n\n\n<p class=\"wp-block-paragraph\"><span style=\"font-weight: 400;\">Mul\u021bi coloran\u021bi permanen\u021bi \u0219i unii semi-permanen\u021bi con\u021bin PPD (p-fenilendiamin\u0103), un sensibilizator puternic al pielii. Odat\u0103 ce sistemul imunitar este sensibilizat, expunerea ulterioar\u0103 este mai probabil s\u0103 declan\u0219eze o reac\u021bie.<\/span><\/p>\n\n\n\n<p class=\"wp-block-paragraph\"><span style=\"font-weight: 400;\">Parfumurile, conservan\u021bii \u0219i alte ingrediente colorante pot, de asemenea, irita pielea. Irita\u021bia \u0219i alergia pot ar\u0103ta asem\u0103n\u0103toare, dar alergia se agraveaz\u0103 de obicei cu expunerea repetat\u0103.<\/span><\/p>\n\n\n\n<h2 class=\"wp-block-heading\" id=\"who-is-more-likely-to-react\"><b>Cine are mai multe \u0219anse s\u0103 reac\u021bioneze<\/b><\/h2>\n\n\n\n<p class=\"wp-block-paragraph\"><span style=\"font-weight: 400;\">Este posibil s\u0103 ave\u021bi un risc mai mare dac\u0103 ave\u021bi eczeme, antecedente de dermatit\u0103 de contact sau reac\u021bii anterioare la vopseaua de p\u0103r. Persoanele care au avut un tatuaj \u201ehenna neagr\u0103\u201d pot avea, de asemenea, mai multe \u0219anse s\u0103 reac\u021bioneze, deoarece unele paste de henna neagr\u0103 con\u021bin niveluri ridicate de PPD.<\/span><\/p>\n\n\n\n<h2 class=\"wp-block-heading\" id=\"which-hair-dyes-are-most-likely-to-cause-problems\"><b>Ce vopsele de p\u0103r sunt cel mai probabil s\u0103 provoace probleme<\/b><\/h2>\n\n\n\n<h3 class=\"wp-block-heading\" id=\"permanent-dyes\"><b>Coloranti permanenti<\/b><\/h3>\n\n\n\n<p class=\"wp-block-paragraph\"><span style=\"font-weight: 400;\">Coloran\u021bii permanen\u021bi (oxidativi) sunt cea mai frecvent\u0103 cauz\u0103 a reac\u021biilor alergice, deoarece se bazeaz\u0103 adesea pe PPD sau pe substan\u021bele chimice \u00eenrudite pentru a crea culoarea de lung\u0103 durat\u0103. Aceste produse vin de obicei \u00eentr-un sistem din dou\u0103 p\u0103r\u021bi care este amestecat \u00eenainte de aplicare.<\/span><\/p>\n\n\n\n<h3 class=\"wp-block-heading\" id=\"semi-permanent-dyes\"><b>Coloran\u021bi semi-permanen\u021bi<\/b><\/h3>\n\n\n\n<p class=\"wp-block-paragraph\"><span style=\"font-weight: 400;\">Coloran\u021bii semipermanen\u021bi pot fi o alternativ\u0103 util\u0103 pentru unii oameni, dar totu\u0219i pot declan\u0219a reac\u021bii, mai ales dac\u0103 sunte\u021bi deja sensibil la PPD. Verifica\u021bi \u00eentotdeauna lista de ingrediente \u0219i face\u021bi un test de plasture.<\/span><\/p>\n\n\n\n<h3 class=\"wp-block-heading\" id=\"temporary-color\"><b>Culoare temporar\u0103<\/b><\/h3>\n\n\n\n<p class=\"wp-block-paragraph\"><span style=\"font-weight: 400;\">Culorile temporare (spray-uri, cl\u0103tiri, cret\u0103) stau pe suprafa\u021ba p\u0103rului \u0219i au, de obicei, un risc mai mic de alergie. Ele pot irita \u00een continuare pielea sensibil\u0103, a\u0219a c\u0103 testarea plasturelui este util\u0103 dac\u0103 a\u021bi reac\u021bionat \u00eenainte.<\/span><\/p>\n\n\n\n<h3 class=\"wp-block-heading\" id=\"henna-and-black-henna\"><b>Henna \u0219i \u201eHenna neagr\u0103\u201d<\/b><\/h3>\n\n\n\n<p class=\"wp-block-paragraph\"><span style=\"font-weight: 400;\">Henna pur\u0103 din plante poate fi tolerat\u0103 de unii oameni, dar poate provoca irita\u021bii pe pielea sensibil\u0103. Evita\u021bi \u201ehenna neagr\u0103\u201d, care poate con\u021bine substan\u021be chimice ad\u0103ugate precum PPD \u0219i prezint\u0103 un risc mai mare de alergie.<\/span><\/p>\n\n\n\n<h2 class=\"wp-block-heading\" id=\"how-to-reduce-your-risk-before-dyeing\"><b>Cum s\u0103 v\u0103 reduce\u021bi riscul \u00eenainte de vopsire<\/b><\/h2>\n\n\n\n<p class=\"wp-block-paragraph\"><span style=\"font-weight: 400;\">Face\u021bi un test de plasture de fiecare dat\u0103, chiar dac\u0103 a\u021bi folosit produsul \u00eenainte. Multe reac\u021bii apar dup\u0103 expunerea repetat\u0103. Urma\u021bi instruc\u021biunile produc\u0103torului \u0219i l\u0103sa\u021bi cel pu\u021bin 48 de ore pentru a urm\u0103ri ro\u0219ea\u021b\u0103, m\u00e2nc\u0103rime sau umflare.<\/span><\/p>\n\n\n\n<p class=\"wp-block-paragraph\"><span style=\"font-weight: 400;\">Folosi\u021bi m\u0103nu\u0219i, evita\u021bi vopsea pe fa\u021b\u0103 \u0219i urechi \u0219i nu vopsi\u021bi spr\u00e2ncenele sau genele. Nu l\u0103sa\u021bi produsul s\u0103 ac\u021bioneze mai mult dec\u00e2t indica instruc\u021biunile, apoi cl\u0103ti\u021bi bine scalpul.,<\/span><\/p>\n\n\n\n<h2 class=\"wp-block-heading\" id=\"what-to-do-if-you-have-a-reaction\"><b>Ce s\u0103 faci dac\u0103 ai o reac\u021bie<\/b><\/h2>\n\n\n\n<p class=\"wp-block-paragraph\"><span style=\"font-weight: 400;\">Cl\u0103ti\u021bi imediat vopseaua cu mult\u0103 ap\u0103 \u0219i un \u0219ampon u\u0219or. Pentru simptome u\u0219oare, un emolient (crem\u0103 hidratant\u0103), un antihistaminic oral sau o cur\u0103 scurt\u0103 de steroizi topici v\u0103 pot ajuta &#8211; \u00eentreba\u021bi un farmacist sau un clinician ce este potrivit pentru dvs.<\/span><\/p>\n\n\n\n<p class=\"wp-block-paragraph\"><span style=\"font-weight: 400;\">Ob\u021bine\u021bi ajutor medical de urgen\u021b\u0103 dac\u0103 ave\u021bi probleme cu respira\u021bia, umflarea buzelor sau a limbii, urticarie r\u0103sp\u00e2ndit\u0103 sau v\u0103 sim\u021bi\u021bi le\u0219in. Reac\u021biile severe sunt mai pu\u021bin frecvente, dar pot fi grave.<\/span><\/p>\n\n\n\n<h2 class=\"wp-block-heading\" id=\"does-frequent-coloring-damage-the-hair\"><b>Colorarea frecvent\u0103 d\u0103uneaz\u0103 p\u0103rului<\/b><\/h2>\n\n\n\n<p class=\"wp-block-paragraph\"><span style=\"font-weight: 400;\">Chiar \u0219i atunci c\u00e2nd nu exist\u0103 alergie, colorarea frecvent\u0103 poate sl\u0103bi p\u0103rul \u00een timp. Procesarea repetat\u0103 poate l\u0103sa p\u0103rul mai uscat, mai plictisitor \u0219i mai predispus la rupere, \u00een special cu vopsele permanente care folosesc peroxid sau amoniac.<\/span><\/p>\n\n\n\n<p class=\"wp-block-paragraph\"><span style=\"font-weight: 400;\">Distan\u021barea tratamentelor, reducerea timpului de procesare \u0219i utilizarea produselor de condi\u021bionare pot ajuta la reducerea daunelor. Dac\u0103 scalpul t\u0103u este iritat, las\u0103-i timp s\u0103-\u0219i revin\u0103 \u00eenainte de a te colora din nou.<\/span><\/p>\n\n\n\n<h2 class=\"wp-block-heading\" id=\"faq-frequently-asked-questions\"><strong>\u00centreb\u0103ri frecvente (\u00centreb\u0103ri frecvente)<\/strong><\/h2>\n\n\n<div id=\"rank-math-faq\" class=\"rank-math-block\">\n<div class=\"rank-math-list \">\n<div id=\"faq-question-1771239221910\" class=\"rank-math-list-item\">\n<h3 class=\"rank-math-question \">Ce vopsea de p\u0103r pot folosi dac\u0103 sunt alergic?<\/h3>\n<div class=\"rank-math-answer \">\n\n<p>coloran\u021bi f\u0103r\u0103 PPD, aproba\u021bi de alergologi; \u00centotdeauna face\u021bi un patch-test \u0219i consulta\u021bi un dermatolog.<\/p>\n\n<\/div>\n<\/div>\n<div id=\"faq-question-1771239223705\" class=\"rank-math-list-item\">\n<h3 class=\"rank-math-question \">Cum \u00eemi pot acoperi p\u0103rul gri dac\u0103 sunt alergic la vopseaua de p\u0103r?<\/h3>\n<div class=\"rank-math-answer \">\n\n<p>Spray-urile de culoare temporare, rimelurile de p\u0103r sau fulgii de folie pot acoperi gri; mai \u00eent\u00e2i patch-test.<\/p>\n\n<\/div>\n<\/div>\n<div id=\"faq-question-1771239224501\" class=\"rank-math-list-item\">\n<h3 class=\"rank-math-question \">C\u00e2t va dura o alergie la vopseaua de p\u0103r?<\/h3>\n<div class=\"rank-math-answer \">\n\n<p>1-3 s\u0103pt\u0103m\u00e2ni; simptomele se rezolv\u0103 adesea dup\u0103 evitarea vopselei \u0219i tratarea dermatitei.<\/p>\n\n<\/div>\n<\/div>\n<div id=\"faq-question-1771239225707\" class=\"rank-math-list-item\">\n<h3 class=\"rank-math-question \">Vopseaua de p\u0103r v\u0103 poate da b\u0103t\u0103i de cap?<\/h3>\n<div class=\"rank-math-answer \">\n\n<p>Da; fumurile \u0219i parfumurile de vopsea de p\u0103r pot declan\u0219a dureri de cap, \u00een special la persoanele sensibile.<\/p>\n\n<\/div>\n<\/div>\n<div id=\"faq-question-1771239226216\" class=\"rank-math-list-item\">\n<h3 class=\"rank-math-question \">Care este alternativa la vopseaua de par pentru alergii?<\/h3>\n<div class=\"rank-math-answer \">\n\n<p>Cl\u0103tiri temporare, henna pur\u0103\/indigo, lumini cu amestecuri de gri sau peruci; mai \u00eent\u00e2i patch-test.<\/p>\n\n<\/div>\n<\/div>\n<\/div>\n<\/div>","protected":false},"excerpt":{"rendered":"<p>Alergia vopselei de p\u0103r Alergia la vopseaua de p\u0103r este de obicei o form\u0103 de dermatit\u0103 de contact cauzat\u0103 de ingrediente precum p-fenilendiamina (PPD). Simptomele pot include m\u00e2nc\u0103rime, arsur\u0103, ro\u0219ea\u021b\u0103, umflare sau vezicule pe scalp, fa\u021b\u0103, urechi sau g\u00e2t, uneori ap\u0103r\u00e2nd p\u00e2n\u0103 la 72 de ore mai t\u00e2rziu. Un test de plasture \u00eenainte de fiecare [&hellip;]<\/p>\n","protected":false},"author":2,"featured_media":289,"comment_status":"closed","ping_status":"closed","sticky":false,"template":"","format":"standard","meta":{"footnotes":"","rank_math_title":"","rank_math_description":"Alergia la vopseaua de p\u0103r este o reac\u021bie la substan\u021bele chimice din vopseaua de p\u0103r, care provoac\u0103 adesea ro\u0219ea\u021b\u0103, m\u00e2nc\u0103rime sau umflare.","rank_math_focus_keyword":"","rank_math_canonical_url":"","rank_math_breadcrumb_title":"","rank_math_facebook_title":"","rank_math_facebook_description":"","rank_math_facebook_image":"","rank_math_twitter_title":"","rank_math_twitter_description":"","rank_math_twitter_image":"","rank_math_pillar_content":""},"categories":[968],"tags":[],"class_list":["post-54055","post","type-post","status-publish","format-standard","has-post-thumbnail","hentry","category-blog"],"_links":{"self":[{"href":"https:\/\/haircenterofturkey.com\/ro\/wp-json\/wp\/v2\/posts\/54055","targetHints":{"allow":["GET"]}}],"collection":[{"href":"https:\/\/haircenterofturkey.com\/ro\/wp-json\/wp\/v2\/posts"}],"about":[{"href":"https:\/\/haircenterofturkey.com\/ro\/wp-json\/wp\/v2\/types\/post"}],"author":[{"embeddable":true,"href":"https:\/\/haircenterofturkey.com\/ro\/wp-json\/wp\/v2\/users\/2"}],"replies":[{"embeddable":true,"href":"https:\/\/haircenterofturkey.com\/ro\/wp-json\/wp\/v2\/comments?post=54055"}],"version-history":[{"count":2,"href":"https:\/\/haircenterofturkey.com\/ro\/wp-json\/wp\/v2\/posts\/54055\/revisions"}],"predecessor-version":[{"id":60316,"href":"https:\/\/haircenterofturkey.com\/ro\/wp-json\/wp\/v2\/posts\/54055\/revisions\/60316"}],"wp:featuredmedia":[{"embeddable":true,"href":"https:\/\/haircenterofturkey.com\/ro\/wp-json\/wp\/v2\/media\/289"}],"wp:attachment":[{"href":"https:\/\/haircenterofturkey.com\/ro\/wp-json\/wp\/v2\/media?parent=54055"}],"wp:term":[{"taxonomy":"category","embeddable":true,"href":"https:\/\/haircenterofturkey.com\/ro\/wp-json\/wp\/v2\/categories?post=54055"},{"taxonomy":"post_tag","embeddable":true,"href":"https:\/\/haircenterofturkey.com\/ro\/wp-json\/wp\/v2\/tags?post=54055"}],"curies":[{"name":"wp","href":"https:\/\/api.w.org\/{rel}","templated":true}]}}