{"id":54046,"date":"2024-05-07T10:13:36","date_gmt":"2024-05-07T07:13:36","guid":{"rendered":"https:\/\/haircenterofturkey.com\/?p=54046"},"modified":"2026-08-31T14:53:50","modified_gmt":"2026-08-31T11:53:50","slug":"ce-este-pecinginele-alopecia-areata","status":"publish","type":"post","link":"https:\/\/haircenterofturkey.com\/ro\/ce-este-pecinginele-alopecia-areata\/","title":{"rendered":"Ce este pecinginele (Alopecia Areata)?"},"content":{"rendered":"\n<h2 class=\"wp-block-heading\" id=\"alopecia-areata-and-ringworm-what-they-are-and-how-to-tell-the-difference\"><b>Alopecia Areata \u0219i pecingine: ce sunt acestea \u0219i cum s\u0103 spune\u021bi diferen\u021ba<\/b><\/h2>\n\n\n\n<p class=\"wp-block-paragraph\"><span style=\"font-weight: 400;\">Alopecia areata este o afec\u021biune autoimun\u0103 care provoac\u0103 pete rotunde sau ovale de c\u0103derea p\u0103rului pe scalp, fa\u021b\u0103 sau corp. Pecinginea scalpului (tinea capitis) este diferit\u0103: este o infec\u021bie fungic\u0103 contagioas\u0103 care poate crea \u0219i chelie, adesea cu descuamare sau m\u00e2nc\u0103rime. Deoarece tratamentele nu sunt acelea\u0219i, un medic ar trebui s\u0103 confirme diagnosticul.<\/span><\/p>\n\n\n\n<figure class=\"wp-block-image\"><img decoding=\"async\" src=\"https:\/\/haircenterofturkey.com\/wp-content\/uploads\/2024\/05\/alopecia-2.webp\" alt=\"What is Ringworm (Alopecia Areata)?\" title=\"\"><\/figure>\n\n\n\n<div class=\"wp-block-rank-math-toc-block\" id=\"rank-math-toc\"><h2>Table of Contents<\/h2><nav><ul><li><a href=\"#alopecia-areata-and-ringworm-what-they-are-and-how-to-tell-the-difference\">Alopecia Areata \u0219i pecingine: ce sunt acestea \u0219i cum s\u0103 spune\u021bi diferen\u021ba<\/a><\/li><li><a href=\"#what-is-alopecia-areata\">Ce este Alopecia Areata?<\/a><\/li><li><a href=\"#ringworm-vs-alopecia-areata\">Pecingine vs Alopecia Areata<\/a><\/li><li><a href=\"#who-gets-alopecia-areata\">Cine face Alopecia Areata?<\/a><\/li><li><a href=\"#what-causes-alopecia-areata\">Ce cauzeaz\u0103 Alopecia Areata?<\/a><ul><li><a href=\"#autoimmune-activity-around-hair-follicles\">Activitate autoimun\u0103 \u00een jurul foliculilor de p\u0103r<\/a><\/li><li><a href=\"#genetics-triggers-and-associated-conditions\">Genetica, declan\u0219atorii \u0219i condi\u021biile asociate<\/a><\/li><\/ul><\/li><li><a href=\"#common-symptoms\">Simptome comune<\/a><\/li><li><a href=\"#how-alopecia-areata-is-diagnosed\">Cum este diagnosticat\u0103 Alopecia Areata<\/a><\/li><li><a href=\"#treatment-options\">Op\u021biuni de tratament<\/a><ul><li><a href=\"#monitoring-and-natural-regrowth\">Monitorizarea \u0219i cre\u0219terea natural\u0103<\/a><\/li><li><a href=\"#corticosteroids\">Corticosteroizi<\/a><\/li><li><a href=\"#other-commonly-used-treatments\">Alte tratamente frecvent utilizate<\/a><\/li><li><a href=\"#treatments-for-severe-alopecia-areata\">Tratamente pentru Alopecia Areata severa<\/a><\/li><\/ul><\/li><li><a href=\"#when-to-seek-medical-care\">C\u00e2nd s\u0103 solicita\u021bi \u00eengrijiri medicale<\/a><\/li><li><a href=\"#frequently-asked-questions\">\u00centreb\u0103ri frecvente<\/a><\/li><\/ul><\/nav><\/div>\n\n\n\n<h2 class=\"wp-block-heading\" id=\"what-is-alopecia-areata\"><b>Ce este Alopecia Areata?<\/b><\/h2>\n\n\n\n<p class=\"wp-block-paragraph\"><span style=\"font-weight: 400;\">Alopecia areata este un tip comun de c\u0103dere a p\u0103rului f\u0103r\u0103 cicatrici. De obicei, apare ca una sau mai multe pete chelie netede, clar definite pe scalp. Poate afecta, de asemenea, spr\u00e2ncenele, genele, zona barbii sau alt p\u0103r de pe corp.<\/span><\/p>\n\n\n\n<p class=\"wp-block-paragraph\"><span style=\"font-weight: 400;\">Cursul este imprevizibil. Unii oameni au un singur episod cu recre\u0219tere complet\u0103, \u00een timp ce al\u021bii experimenteaz\u0103 erup\u021bii repetate \u00een timp.<\/span><\/p>\n\n\n\n<h2 class=\"wp-block-heading\" id=\"ringworm-vs-alopecia-areata\"><b>Pecingine vs Alopecia Areata<\/b><\/h2>\n\n\n\n<p class=\"wp-block-paragraph\"><span style=\"font-weight: 400;\">\u00cen ciuda numelui, alopecia areata nu este un vierme \u0219i nu este cauzat\u0103 de o ciuperc\u0103. Termenul \u201epecingine\u201d este folosit de obicei pentru infec\u021biile fungice ale pielii. C\u00e2nd scalpul este implicat, se nume\u0219te tinea capitis.<\/span><\/p>\n\n\n\n<p class=\"wp-block-paragraph\"><span style=\"font-weight: 400;\">Ambele afec\u021biuni pot provoca c\u0103derea neted\u0103 a p\u0103rului, a\u0219a c\u0103 confuzia este obi\u0219nuit\u0103. Aceste indicii pot ajuta, dar nu \u00eenlocuiesc un examen \u0219i o testare:<\/span><\/p>\n\n\n\n<ul class=\"wp-block-list\">\n<li><span style=\"font-weight: 400;\">**Alopecia areata:** peticele sunt de obicei netede, cu descuamare mic\u0103 sau deloc; la margini pot fi observate fire scurte de p\u0103r \u201esemnul exclam\u0103rii\u201d; unghiile pot fi s\u00e2mburiate sau crestate la unii oameni.<\/span><\/li>\n\n\n\n<li><span style=\"font-weight: 400;\">**Pecingine ale scalpului (tinea capitis):** peticele prezint\u0103 adesea solz, fire de p\u0103r rupte, m\u00e2nc\u0103rime sau sensibilitate; unele cazuri provoac\u0103 umflare, noduli inflamate (kerion) \u0219i glandele g\u00e2tului umflate; se r\u0103sp\u00e2nde\u0219te prin contact str\u00e2ns sau prin obiecte comune (piepteni, p\u0103l\u0103rii, ma\u0219ini de tuns).<\/span><\/li>\n<\/ul>\n\n\n\n<p class=\"wp-block-paragraph\"><span style=\"font-weight: 400;\">Dac\u0103 exist\u0103 vreo \u00eendoial\u0103, clinicienii pot folosi un dermatoscop (tricoscopie), pot lua mostre de p\u0103r sau de piele pentru microscopie \u0219i cultur\u0103 sau pot efectua alte teste pentru a exclude condi\u021bii similare.<\/span><\/p>\n\n\n\n<h2 class=\"wp-block-heading\" id=\"who-gets-alopecia-areata\"><b>Cine face Alopecia Areata?<\/b><\/h2>\n\n\n\n<p class=\"wp-block-paragraph\"><span style=\"font-weight: 400;\">Alopecia areata poate afecta orice sex \u0219i orice v\u00e2rst\u0103, inclusiv copiii. Mul\u021bi oameni sunt altfel s\u0103n\u0103to\u0219i. Un istoric personal sau familial de boli autoimune poate cre\u0219te riscul.<\/span><\/p>\n\n\n\n<p class=\"wp-block-paragraph\"><span style=\"font-weight: 400;\">Severitatea variaz\u0103 foarte mult. Unii oameni pierd pete mici de p\u0103r. Al\u021bii dezvolt\u0103 o pierdere extins\u0103 a scalpului (alopecia total\u0103) sau pierderea \u00eentregului p\u0103r de pe corp (alopecia universal\u0103).<\/span><\/p>\n\n\n\n<h2 class=\"wp-block-heading\" id=\"what-causes-alopecia-areata\"><b>Ce cauzeaz\u0103 Alopecia Areata?<\/b><\/h2>\n\n\n\n<h3 class=\"wp-block-heading\" id=\"autoimmune-activity-around-hair-follicles\"><b>Activitate autoimun\u0103 \u00een jurul foliculilor de p\u0103r<\/b><\/h3>\n\n\n\n<p class=\"wp-block-paragraph\"><span style=\"font-weight: 400;\">Alopecia areata apare atunci c\u00e2nd sistemul imunitar vizeaz\u0103 \u00een mod eronat foliculii de p\u0103r. Foliculii r\u0103m\u00e2n \u00een via\u021b\u0103, motiv pentru care recre\u0219terea este adesea posibil\u0103, dar ciclul de cre\u0219tere este \u00eentrerupt \u0219i firele de p\u0103r scap\u0103 prematur.<\/span><\/p>\n\n\n\n<h3 class=\"wp-block-heading\" id=\"genetics-triggers-and-associated-conditions\"><b>Genetica, declan\u0219atorii \u0219i condi\u021biile asociate<\/b><\/h3>\n\n\n\n<p class=\"wp-block-paragraph\"><span style=\"font-weight: 400;\">Genele joac\u0103 un rol, iar alopecia areata tinde s\u0103 apar\u0103 \u00een familii. O criz\u0103 poate urma, de asemenea, stres major, boal\u0103, modific\u0103ri hormonale sau anumite medicamente, de\u0219i nu este \u00eentotdeauna g\u0103sit un declan\u0219ator clar.<\/span><\/p>\n\n\n\n<p class=\"wp-block-paragraph\"><span style=\"font-weight: 400;\">Alopecia areata este uneori observat\u0103 al\u0103turi de alte afec\u021biuni autoimune, inclusiv boala tiroidian\u0103, vitiligo, diabetul de tip 1, artrita reumatoid\u0103 \u0219i boala atopic\u0103 (eczem\u0103, astm, rinit\u0103 alergic\u0103). A avea unul nu \u00eenseamn\u0103 c\u0103 vei dezvolta altul, dar poate influen\u021ba ceea ce analizeaz\u0103 clinicianul t\u0103u.<\/span><\/p>\n\n\n\n<h2 class=\"wp-block-heading\" id=\"common-symptoms\"><b>Simptome comune<\/b><\/h2>\n\n\n\n<p class=\"wp-block-paragraph\"><span style=\"font-weight: 400;\">Alopecia areata poate provoca:<\/span><\/p>\n\n\n\n<ul class=\"wp-block-list\">\n<li><span style=\"font-weight: 400;\">Una sau mai multe pete rotunde sau ovale de c\u0103derea p\u0103rului<\/span><\/li>\n\n\n\n<li><span style=\"font-weight: 400;\">Pierderea brusc\u0103 de c\u00e2teva zile p\u00e2n\u0103 la s\u0103pt\u0103m\u00e2ni<\/span><\/li>\n\n\n\n<li><span style=\"font-weight: 400;\">P\u0103r scurt rupt la marginea plasturelui<\/span><\/li>\n\n\n\n<li><span style=\"font-weight: 400;\">Modific\u0103ri ale unghiilor (s\u00e2mburi, crestaturi, rugozitate) la unii oameni<\/span><\/li>\n\n\n\n<li><span style=\"font-weight: 400;\">\u00cen unele cazuri, m\u00e2nc\u0103rime u\u0219oar\u0103, furnic\u0103turi sau arsuri \u00een zona afectat\u0103<\/span><\/li>\n<\/ul>\n\n\n\n<h2 class=\"wp-block-heading\" id=\"how-alopecia-areata-is-diagnosed\"><b>Cum este diagnosticat\u0103 Alopecia Areata<\/b><\/h2>\n\n\n\n<p class=\"wp-block-paragraph\"><span style=\"font-weight: 400;\">Diagnosticul \u00eencepe de obicei cu un examen al scalpului \u0219i al pielii. Medicul dumneavoastr\u0103 poate c\u0103uta semne caracteristice la marginea plasturelui, poate \u00eentreba despre modific\u0103rile recente \u0219i poate revizui istoricul dumneavoastr\u0103 personal \u0219i familial.<\/span><\/p>\n\n\n\n<p class=\"wp-block-paragraph\"><span style=\"font-weight: 400;\">Testele nu sunt \u00eentotdeauna necesare, dar pot include dermatoscopie, un test de trage de p\u0103r, testare fungic\u0103 dac\u0103 este posibil\u0103 pecingine, analize de s\u00e2nge c\u00e2nd sunt suspectate afec\u021biuni autoimune sau o mic\u0103 biopsie a scalpului c\u00e2nd diagnosticul este neclar.<\/span><\/p>\n\n\n\n<h2 class=\"wp-block-heading\" id=\"treatment-options\"><b>Op\u021biuni de tratament<\/b><\/h2>\n\n\n\n<p class=\"wp-block-paragraph\"><span style=\"font-weight: 400;\">Tratamentul depinde de v\u00e2rst\u0103, de amploarea c\u0103derii p\u0103rului, de c\u00e2t de repede a ap\u0103rut \u0219i de c\u00e2t de mult afecteaz\u0103 via\u021ba de zi cu zi. Unii oameni prefer\u0103 tratamentul activ, \u00een timp ce al\u021bii aleg monitorizarea, mai ales c\u00e2nd plasturii sunt mici.<\/span><\/p>\n\n\n\n<h3 class=\"wp-block-heading\" id=\"monitoring-and-natural-regrowth\"><b>Monitorizarea \u0219i cre\u0219terea natural\u0103<\/b><\/h3>\n\n\n\n<p class=\"wp-block-paragraph\"><span style=\"font-weight: 400;\">Multe cazuri de alopecie areata neregulat\u0103 limitat\u0103 se amelioreaz\u0103 f\u0103r\u0103 tratament. Recre\u0219terea poate \u00eencepe \u00een c\u00e2teva luni, de\u0219i p\u0103rul nou poate avea ini\u021bial o culoare fin\u0103 sau mai deschis\u0103.<\/span><\/p>\n\n\n\n<h3 class=\"wp-block-heading\" id=\"corticosteroids\"><b>Corticosteroizi<\/b><\/h3>\n\n\n\n<p class=\"wp-block-paragraph\"><span style=\"font-weight: 400;\">Dermatologii folosesc adesea corticosteroizi pentru a reduce inflama\u021bia din jurul foliculilor. Op\u021biunile pot include steroizi topici puternici, injec\u021bii de steroizi \u00een plasturii afecta\u021bi sau cursuri scurte de steroizi orali \u00een cazuri selectate. Injec\u021biile cu steroizi sunt de obicei evitate pe pielea foarte sub\u021bire sau utilizate cu precau\u021bie \u00een jurul ochilor.<\/span><\/p>\n\n\n\n<h3 class=\"wp-block-heading\" id=\"other-commonly-used-treatments\"><b>Alte tratamente frecvent utilizate<\/b><\/h3>\n\n\n\n<p class=\"wp-block-paragraph\"><span style=\"font-weight: 400;\">\u00cen func\u021bie de caz, clinicienii pot recomanda \u0219i minoxidil topic, imunoterapie local\u0103 sau alte medicamente antiinflamatoare. \u00cengrijirea de sus\u021binere conteaz\u0103 \u0219i ea, inclusiv practicile bl\u00e2nde de \u00eengrijire a p\u0103rului \u0219i protec\u021bia solar\u0103 a scalpului \u00een zonele expuse.<\/span><\/p>\n\n\n\n<h3 class=\"wp-block-heading\" id=\"treatments-for-severe-alopecia-areata\"><b>Tratamente pentru Alopecia Areata severa<\/b><\/h3>\n\n\n\n<p class=\"wp-block-paragraph\"><span style=\"font-weight: 400;\">Pentru alopecia areata extins\u0103 sau persistent\u0103 este important\u0103 \u00eengrijirea de specialitate. \u00cen ultimii ani, mai mul\u021bi inhibitori orali de Janus kinazei (JAK) au fost aproba\u021bi \u00een unele \u021b\u0103ri pentru alopecia areata sever\u0103, iar al\u021bii sunt \u00een studiu. Aceste medicamente pot avea efecte secundare semnificative \u0219i necesit\u0103 supraveghere \u0219i monitorizare medical\u0103.<\/span><\/p>\n\n\n\n<h2 class=\"wp-block-heading\" id=\"when-to-seek-medical-care\"><b>C\u00e2nd s\u0103 solicita\u021bi \u00eengrijiri medicale<\/b><\/h2>\n\n\n\n<p class=\"wp-block-paragraph\"><span style=\"font-weight: 400;\">Aranja\u021bi o evaluare clinic\u0103 dac\u0103 observa\u021bi c\u0103derea brusc\u0103 a p\u0103rului, mai ales dac\u0103 ave\u021bi descuam\u0103ri ale scalpului, dureri, umfl\u0103turi sau m\u00e2nc\u0103rimi care ar putea sugera o infec\u021bie. C\u0103uta\u021bi \u00eengrijire urgent\u0103 pentru inflama\u021bia scalpului care se r\u0103sp\u00e2nde\u0219te rapid, puroi, febr\u0103 sau glandele umflate dureroase.<\/span><\/p>\n\n\n\n<p class=\"wp-block-paragraph\"><span style=\"font-weight: 400;\">Copiii cu suspectare de pecingine a scalpului ar trebui s\u0103 fie consulta\u021bi prompt, deoarece au adesea nevoie de tratament antifungic oral prescris pentru a preveni r\u0103sp\u00e2ndirea \u0219i pentru a reduce riscul de apari\u021bie a cicatricilor.<\/span><\/p>\n\n\n\n<h2 class=\"wp-block-heading\" id=\"frequently-asked-questions\"><b>\u00centreb\u0103ri frecvente<\/b><\/h2>\n\n\n<div id=\"rank-math-faq\" class=\"rank-math-block\">\n<div class=\"rank-math-list \">\n<div id=\"faq-question-1771242023016\" class=\"rank-math-list-item\">\n<h3 class=\"rank-math-question \">Ce este mai exact alopecia areata?<\/h3>\n<div class=\"rank-math-answer \">\n\n<p>O afec\u021biune autoimun\u0103 care provoac\u0103 c\u0103derea p\u0103rului brusc\u0103, necicatrice, f\u0103r\u0103 cicatrici.<\/p>\n\n<\/div>\n<\/div>\n<div id=\"faq-question-1771242024971\" class=\"rank-math-list-item\">\n<h3 class=\"rank-math-question \">Ce este pecingine?<\/h3>\n<div class=\"rank-math-answer \">\n\n<p>O infec\u021bie fungic\u0103 contagioas\u0103 a pielii, p\u0103rului sau unghiilor; nu un vierme.<\/p>\n\n<\/div>\n<\/div>\n<div id=\"faq-question-1771242025474\" class=\"rank-math-list-item\">\n<h3 class=\"rank-math-question \">Pecinginele poate provoca alopecia areata?<\/h3>\n<div class=\"rank-math-answer \">\n\n<p>Nu; pecingine provoac\u0103 c\u0103derea p\u0103rului fungic\u0103 (tinea capitis), nu alopecia areata autoimun\u0103.<\/p>\n\n<\/div>\n<\/div>\n<div id=\"faq-question-1771242026000\" class=\"rank-math-list-item\">\n<h3 class=\"rank-math-question \">Ce cauzeaz\u0103 pecingine \u00een p\u0103rul t\u0103u?<\/h3>\n<div class=\"rank-math-answer \">\n\n<p>Ciupercile dermatofite (tinea capitis) infecteaz\u0103 p\u0103rul scalpului, r\u0103sp\u00e2ndindu-se prin oameni, animale sau obiecte.<\/p>\n\n<\/div>\n<\/div>\n<div id=\"faq-question-1771242026584\" class=\"rank-math-list-item\">\n<h3 class=\"rank-math-question \">Ce ucide pecingine permanent?<\/h3>\n<div class=\"rank-math-answer \">\n\n<p>Tratamentul antifungic adecvat \u2013 topic pentru piele, terbinafin\u0103\/griseofulvin\u0103 oral\u0103 pentru scalp \u2013 \u00eel eradic\u0103.<\/p>\n\n<\/div>\n<\/div>\n<div id=\"faq-question-1771242027616\" class=\"rank-math-list-item\">\n<h3 class=\"rank-math-question \">Ce declan\u0219eaz\u0103 pecingine?<\/h3>\n<div class=\"rank-math-answer \">\n\n<p>Expunerea la sporii dermatofi\u021bi, \u00een special cu umiditate cald\u0103, contact apropiat sau articole comune.<\/p>\n\n<\/div>\n<\/div>\n<\/div>\n<\/div>","protected":false},"excerpt":{"rendered":"<p>Alopecia Areata \u0219i pecingine: ce sunt acestea \u0219i cum s\u0103 spune\u021bi diferen\u021ba Alopecia areata este o afec\u021biune autoimun\u0103 care provoac\u0103 pete rotunde sau ovale de c\u0103derea p\u0103rului pe scalp, fa\u021b\u0103 sau corp. Pecinginea scalpului (tinea capitis) este diferit\u0103: este o infec\u021bie fungic\u0103 contagioas\u0103 care poate crea \u0219i chelie, adesea cu descuamare sau m\u00e2nc\u0103rime. Deoarece tratamentele [&hellip;]<\/p>\n","protected":false},"author":2,"featured_media":297,"comment_status":"closed","ping_status":"closed","sticky":false,"template":"","format":"standard","meta":{"footnotes":"","rank_math_title":"","rank_math_description":"Pecinginele \u0219i Alopecia Areata sunt dou\u0103 afec\u021biuni diferite care provoac\u0103 ambele c\u0103derea p\u0103rului, dar au cauze distincte.","rank_math_focus_keyword":"","rank_math_canonical_url":"","rank_math_breadcrumb_title":"","rank_math_facebook_title":"","rank_math_facebook_description":"","rank_math_facebook_image":"","rank_math_twitter_title":"","rank_math_twitter_description":"","rank_math_twitter_image":"","rank_math_pillar_content":""},"categories":[968,987],"tags":[],"class_list":["post-54046","post","type-post","status-publish","format-standard","has-post-thumbnail","hentry","category-blog","category-caderea-parului"],"_links":{"self":[{"href":"https:\/\/haircenterofturkey.com\/ro\/wp-json\/wp\/v2\/posts\/54046","targetHints":{"allow":["GET"]}}],"collection":[{"href":"https:\/\/haircenterofturkey.com\/ro\/wp-json\/wp\/v2\/posts"}],"about":[{"href":"https:\/\/haircenterofturkey.com\/ro\/wp-json\/wp\/v2\/types\/post"}],"author":[{"embeddable":true,"href":"https:\/\/haircenterofturkey.com\/ro\/wp-json\/wp\/v2\/users\/2"}],"replies":[{"embeddable":true,"href":"https:\/\/haircenterofturkey.com\/ro\/wp-json\/wp\/v2\/comments?post=54046"}],"version-history":[{"count":2,"href":"https:\/\/haircenterofturkey.com\/ro\/wp-json\/wp\/v2\/posts\/54046\/revisions"}],"predecessor-version":[{"id":60416,"href":"https:\/\/haircenterofturkey.com\/ro\/wp-json\/wp\/v2\/posts\/54046\/revisions\/60416"}],"wp:featuredmedia":[{"embeddable":true,"href":"https:\/\/haircenterofturkey.com\/ro\/wp-json\/wp\/v2\/media\/297"}],"wp:attachment":[{"href":"https:\/\/haircenterofturkey.com\/ro\/wp-json\/wp\/v2\/media?parent=54046"}],"wp:term":[{"taxonomy":"category","embeddable":true,"href":"https:\/\/haircenterofturkey.com\/ro\/wp-json\/wp\/v2\/categories?post=54046"},{"taxonomy":"post_tag","embeddable":true,"href":"https:\/\/haircenterofturkey.com\/ro\/wp-json\/wp\/v2\/tags?post=54046"}],"curies":[{"name":"wp","href":"https:\/\/api.w.org\/{rel}","templated":true}]}}