{"id":54044,"date":"2024-05-16T07:55:41","date_gmt":"2024-05-16T04:55:41","guid":{"rendered":"https:\/\/haircenterofturkey.com\/?p=54044"},"modified":"2026-08-31T13:19:06","modified_gmt":"2026-08-31T10:19:06","slug":"albinism-cauze-simptome-si-efecte-asupra-parului-si-caderii-parului","status":"publish","type":"post","link":"https:\/\/haircenterofturkey.com\/ro\/albinism-cauze-simptome-si-efecte-asupra-parului-si-caderii-parului\/","title":{"rendered":"Albinism: cauze, simptome \u0219i efecte asupra p\u0103rului \u0219i c\u0103derii p\u0103rului"},"content":{"rendered":"\n<p class=\"wp-block-paragraph\">Albinismul este un grup de afec\u021biuni mo\u0219tenite \u00een care organismul produce pu\u021bin sau deloc melanin\u0103, pigmentul care d\u0103 culoarea pielii, p\u0103rului \u0219i ochilor. La Hair Center of Turkey, o clinic\u0103 de transplant de p\u0103r fondat\u0103 \u00een 2014, cu trei medici speciali\u0219ti \u0219i peste 3.000 de proceduri pe an, explic\u0103m ce este albinismul, cum afecteaz\u0103 culoarea p\u0103rului \u0219i s\u0103n\u0103tatea scalpului \u0219i ce ar trebui s\u0103 \u0219tie persoanele cu albinism despre c\u0103derea p\u0103rului \u0219i adecvarea transplantului de p\u0103r.<\/p>\n\n\n\n<div class=\"wp-block-rank-math-toc-block\" id=\"rank-math-toc\"><h2>Table of Contents<\/h2><nav><ul><li><a href=\"#albinism-hair-in-short\">Albinism \u0219i p\u0103r: pe scurt<\/a><\/li><li><a href=\"#albinism-causes-types-symptoms-and-daily-care\">Albinism: cauze, tipuri, simptome \u0219i efecte asupra p\u0103rului<\/a><\/li><li><a href=\"#what-is-albinism\">Ce este albinismul?<\/a><\/li><li><a href=\"#how-common-is-albinism-in-turkiye\">C\u00e2t de frecvent este albinismul \u00een Turcia?<\/a><\/li><li><a href=\"#what-is-melanin-and-why-does-it-matter\">Ce este melanina \u0219i de ce conteaz\u0103?<\/a><\/li><li><a href=\"#types-of-albinism\">Tipuri de albinism<\/a><ul><li><a href=\"#oculocutaneous-albinism-oca\">Albinism oculocutanat (OCA)<\/a><\/li><li><a href=\"#ocular-albinism-oa\">Albinism ocular (OA)<\/a><\/li><\/ul><\/li><li><a href=\"#common-signs-and-symptoms\">Semne \u0219i simptome comune<\/a><\/li><li><a href=\"#how-albinism-is-diagnosed\">Cum este diagnosticat albinismul<\/a><\/li><li><a href=\"#treatment-and-day-to-day-management\">Tratament \u0219i management de zi cu zi<\/a><ul><li><a href=\"#eye-care\">\u00cengrijirea ochilor<\/a><\/li><li><a href=\"#skin-and-sun-protection\">Protec\u021bia pielii \u0219i a soarelui<\/a><\/li><\/ul><\/li><li><a href=\"#when-to-seek-medical-advice\">C\u00e2nd s\u0103 solicita\u021bi sfatul medicului<\/a><\/li><li><a href=\"#faq\">\u00centreb\u0103ri frecvente<\/a><\/li><\/ul><\/nav><\/div>\n\n\n\n<div class=\"wp-block-group tldr\"><div class=\"wp-block-group__inner-container is-layout-flow wp-block-group-is-layout-flow\">\n<h2 id=\"albinism-hair-in-short\" class=\"wp-block-heading\">Albinism \u0219i p\u0103r: pe scurt<\/h2>\n\n\n\n<p class=\"wp-block-paragraph\">Albinismul este o afec\u021biune genetic\u0103 care scade produc\u021bia de melanin\u0103, ceea ce duce la o piele, p\u0103r \u0219i ochi mai deschise la culoare, \u00eempreun\u0103 cu o mai mare sensibilitate la soare \u0219i probleme de vedere. Schimb\u0103 culoarea \u0219i textura p\u0103rului, dar nu provoac\u0103 direct c\u0103derea p\u0103rului. Riscul mai mare este deteriorarea scalpului prin UV, a\u0219a c\u0103 protec\u021bia solar\u0103 constant\u0103 \u0219i o rutin\u0103 de \u00eengrijire a p\u0103rului creat\u0103 pentru pielea sensibil\u0103 conteaz\u0103 cel mai mult pentru persoanele cu albinism.<\/p>\n<\/div><\/div>\n\n\n\n<h2 id=\"albinism-causes-types-symptoms-and-daily-care\" class=\"wp-block-heading\">Albinism: cauze, tipuri, simptome \u0219i efecte asupra p\u0103rului<\/h2>\n\n\n\n<p class=\"wp-block-paragraph\"><span style=\"font-weight: 400;\">Albinismul este o afec\u021biune mo\u0219tenit\u0103 care reduce produc\u021bia de melanin\u0103 din organism, ceea ce duce la o culoare mai deschis\u0103 a pielii, p\u0103rului \u0219i ochilor \u0219i o \u0219ans\u0103 mai mare de probleme de vedere. Cea mai frecvent\u0103 form\u0103 afecteaz\u0103 pielea, p\u0103rul \u0219i ochii (albinism oculocutanat). \u00cengrijirea se concentreaz\u0103 pe sprijinul ochilor, protec\u021bia solar\u0103 \u0219i controalele regulate ale pielii \u0219i ale ochilor.<\/span><\/p>\n\n\n\n<h2 id=\"what-is-albinism\" class=\"wp-block-heading\"><b>Ce este albinismul?<\/b><\/h2>\n\n\n\n<p class=\"wp-block-paragraph\"><span style=\"font-weight: 400;\">Albinismul este un grup de afec\u021biuni genetice care afecteaz\u0103 modul \u00een care organismul produce melanin\u0103, pigmentul care d\u0103 culoare pielii, p\u0103rului \u0219i ochilor. Deoarece melanina sus\u021bine \u0219i dezvoltarea normal\u0103 a ochilor, multe persoane cu albinism au diferen\u021be vizuale al\u0103turi de pigmentare mai u\u0219oar\u0103.<\/span><\/p>\n\n\n\n<p class=\"wp-block-paragraph\"><span style=\"font-weight: 400;\">Albinismul este prezent \u00eenc\u0103 de la na\u0219tere. Nu este contagioas\u0103 \u0219i nu este cauzat\u0103 de diet\u0103, stil de via\u021b\u0103 sau orice lucru f\u0103cut \u00een timpul sarcinii.<\/span><\/p>\n\n\n\n<h2 id=\"how-common-is-albinism-in-turkiye\" class=\"wp-block-heading\"><b>C\u00e2t de frecvent este albinismul \u00een Turcia?<\/b><\/h2>\n\n\n\n<p class=\"wp-block-paragraph\"><span style=\"font-weight: 400;\">T\u00fcrkiye nu are un singur num\u0103r na\u021bional oficial care s\u0103 fie raportat public. Totu\u0219i, organiza\u021biile locale \u0219i rapoartele de \u0219tiri citeaz\u0103 de obicei estim\u0103ri de c\u00e2teva mii. Deoarece raportarea \u0219i diagnosticul variaz\u0103, aceste cifre ar trebui tratate mai degrab\u0103 ca aproximative dec\u00e2t ca definitive.<\/span><\/p>\n\n\n\n<figure class=\"wp-block-image\"><img decoding=\"async\" src=\"https:\/\/haircenterofturkey.com\/wp-content\/uploads\/2024\/05\/albinism-hct.webp\" alt=\"Albinism | What is Albinism | How Does Hair Loss Affect?\" title=\"\"><\/figure>\n\n\n\n<h2 id=\"what-is-melanin-and-why-does-it-matter\" class=\"wp-block-heading\"><b>Ce este melanina \u0219i de ce conteaz\u0103?<\/b><\/h2>\n\n\n\n<p class=\"wp-block-paragraph\"><span style=\"font-weight: 400;\">Melanina este produs\u0103 de celule specializate (melanocite). Influen\u021beaz\u0103 culoarea pielii \u0219i a p\u0103rului \u0219i, de asemenea, ajut\u0103 ochiul s\u0103 se dezvolte \u0219i s\u0103 func\u021bioneze normal. C\u00e2nd melanina este redus\u0103, retina \u0219i nervul optic se pot dezvolta diferit, ceea ce poate afecta claritatea vizual\u0103, sensibilitatea la lumin\u0103 \u0219i mi\u0219carea ochilor.<\/span><\/p>\n\n\n\n<h2 id=\"types-of-albinism\" class=\"wp-block-heading\"><b>Tipuri de albinism<\/b><\/h2>\n\n\n\n<h3 id=\"oculocutaneous-albinism-oca\" class=\"wp-block-heading\"><b>Albinism oculocutanat (OCA)<\/b><\/h3>\n\n\n\n<p class=\"wp-block-paragraph\"><span style=\"font-weight: 400;\">Albinismul oculocutanat este cea mai frecvent\u0103 form\u0103. Afecteaz\u0103 pielea, p\u0103rul \u0219i ochii \u0219i este de obicei mo\u0219tenit \u00eentr-un model autosomal recesiv (o copie modificat\u0103 a genei de la fiecare p\u0103rinte). Subtipurile genetice diferite duc la diferite niveluri de pigmentare \u0219i descoperiri vizuale.<\/span><\/p>\n\n\n\n<h3 id=\"ocular-albinism-oa\" class=\"wp-block-heading\"><b>Albinism ocular (OA)<\/b><\/h3>\n\n\n\n<p class=\"wp-block-paragraph\"><span style=\"font-weight: 400;\">Albinismul ocular afecteaz\u0103 \u00een principal ochii, \u00een timp ce pigmentarea pielii \u0219i a p\u0103rului poate p\u0103rea tipic\u0103 pentru mediul familial al persoanei. Forma cea mai descris\u0103 este albinismul ocular legat de X (numit adesea OA1), care este mai probabil s\u0103 afecteze b\u0103rba\u021bii \u0219i este trecut prin cromozomul X.<\/span><\/p>\n\n\n\n<figure class=\"wp-block-image\"><img decoding=\"async\" src=\"https:\/\/haircenterofturkey.com\/wp-content\/uploads\/2024\/05\/albinism-hct_1.webp\" alt=\"Albinism | What is Albinism | How Does Hair Loss Affect?\" title=\"\"><\/figure>\n\n\n\n<h2 id=\"common-signs-and-symptoms\" class=\"wp-block-heading\"><b>Semne \u0219i simptome comune<\/b><\/h2>\n\n\n\n<p class=\"wp-block-paragraph\"><span style=\"font-weight: 400;\">Simptomele variaz\u0103 de la persoan\u0103 la persoan\u0103, chiar \u0219i \u00een cadrul aceleia\u0219i familii. Multe semne sunt cel mai u\u0219or de observat \u00een ochi, \u00een timp ce culoarea pielii \u0219i a p\u0103rului poate varia de la foarte deschis\u0103 la doar u\u0219or mai deschis\u0103 dec\u00e2t rudele.<\/span><\/p>\n\n\n\n<ul class=\"wp-block-list\">\n<li><span style=\"font-weight: 400;\">Piele \u0219i p\u0103r mai deschise \u00een compara\u021bie cu rudele apropiate (uneori subtile).<\/span><\/li>\n\n\n\n<li><span style=\"font-weight: 400;\">Ochi de culoare deschis\u0103 \u0219i pigment redus \u00een interiorul ochiului.<\/span><\/li>\n\n\n\n<li><span style=\"font-weight: 400;\">Sensibilitate la lumin\u0103 (fotofobie).<\/span><\/li>\n\n\n\n<li><span style=\"font-weight: 400;\">Mi\u0219c\u0103ri involuntare ale ochilor (nistagmus).<\/span><\/li>\n\n\n\n<li><span style=\"font-weight: 400;\">Acuitate vizual\u0103 redus\u0103, erori de refrac\u021bie sau strabism (alinierea necorespunz\u0103toare a ochilor).<\/span><\/li>\n\n\n\n<li><span style=\"font-weight: 400;\">Risc mai mare de arsuri solare \u0219i daune solare pe termen lung; risc crescut de cancer de piele f\u0103r\u0103 protec\u021bie.<\/span><\/li>\n<\/ul>\n\n\n\n<h2 id=\"how-albinism-is-diagnosed\" class=\"wp-block-heading\"><b>Cum este diagnosticat albinismul<\/b><\/h2>\n\n\n\n<p class=\"wp-block-paragraph\"><span style=\"font-weight: 400;\">Diagnosticul se bazeaz\u0103 de obicei pe constat\u0103ri fizice \u0219i pe un examen oftalmologic. \u00cen multe cazuri, speciali\u0219tii pot recomanda testarea genetic\u0103 pentru a confirma tipul, a ghida planificarea familial\u0103 \u0219i a exclude sindroamele genetice asociate care pot ar\u0103ta similare.<\/span><\/p>\n\n\n\n<h2 id=\"treatment-and-day-to-day-management\" class=\"wp-block-heading\"><b>Tratament \u0219i management de zi cu zi<\/b><\/h2>\n\n\n\n<p class=\"wp-block-paragraph\"><span style=\"font-weight: 400;\">Nu exist\u0103 niciun tratament care \u201evindec\u0103\u201d albinismul sau restabile\u0219te produc\u021bia normal\u0103 de melanin\u0103. Majoritatea \u00eengrijirii sunt de sus\u021binere \u0219i preventive, concentr\u00e2ndu-se pe protejarea ochilor \u0219i a pielii \u0219i \u00eembun\u0103t\u0103\u021birea func\u021bion\u0103rii zilnice.<\/span><\/p>\n\n\n\n<h3 id=\"eye-care\" class=\"wp-block-heading\"><b>\u00cengrijirea ochilor<\/b><\/h3>\n\n\n\n<ul class=\"wp-block-list\">\n<li><span style=\"font-weight: 400;\">Vizite regulate la oftalmologie pentru a monitoriza vederea \u0219i alinierea ochilor.<\/span><\/li>\n\n\n\n<li><span style=\"font-weight: 400;\">Lentile corective acolo unde sunt utile; ajutoare pentru vederea sc\u0103zut\u0103 (lupe, lentile telescopice) atunci c\u00e2nd este necesar.<\/span><\/li>\n\n\n\n<li><span style=\"font-weight: 400;\">Ochelari de soare sau lentile colorate pentru a reduce str\u0103lucirea \u0219i pentru a \u00eembun\u0103t\u0103\u021bi confortul.<\/span><\/li>\n\n\n\n<li><span style=\"font-weight: 400;\">Tratamentul pentru strabism sau nistagmus semnificativ poate fi luat \u00een considerare de la caz la caz.<\/span><\/li>\n<\/ul>\n\n\n\n<h3 id=\"skin-and-sun-protection\" class=\"wp-block-heading\"><b>Protec\u021bia pielii \u0219i a soarelui<\/b><\/h3>\n\n\n\n<ul class=\"wp-block-list\">\n<li><span style=\"font-weight: 400;\">Utiliza\u021bi zilnic protec\u021bie solar\u0103 cu spectru larg \u0219i aplica\u021bi din nou conform instruc\u021biunilor, \u00een special \u00een aer liber.<\/span><\/li>\n\n\n\n<li><span style=\"font-weight: 400;\">Purta\u021bi o p\u0103l\u0103rie, ochelari de soare cu protec\u021bie UV \u0219i haine \u021besute str\u00e2ns pentru o acoperire suplimentar\u0103.<\/span><\/li>\n\n\n\n<li><span style=\"font-weight: 400;\">Programa\u021bi controale regulate ale pielii cu un dermatolog, mai ales dac\u0103 petrece\u021bi timp \u00een soare puternic.<\/span><\/li>\n<\/ul>\n\n\n\n<h2 id=\"when-to-seek-medical-advice\" class=\"wp-block-heading\"><b>C\u00e2nd s\u0103 solicita\u021bi sfatul medicului<\/b><\/h2>\n\n\n\n<p class=\"wp-block-paragraph\"><span style=\"font-weight: 400;\">Solicita\u021bi \u00eendrumare medical\u0103 dac\u0103 un copil prezint\u0103 semne de vedere redus\u0103, mi\u0219c\u0103ri ale ochilor sau sensibilitate puternic\u0103 la lumin\u0103 sau dac\u0103 observa\u021bi frecvente arsuri solare sau leziuni ale pielii \u00een schimbare. Sprijinul timpuriu poate \u00eembun\u0103t\u0103\u021bi \u00eenv\u0103\u021barea, confortul \u0219i s\u0103n\u0103tatea pielii pe termen lung.<\/span><\/p>\n\n\n\n<figure class=\"wp-block-embed is-type-video is-provider-youtube wp-block-embed-youtube wp-embed-aspect-16-9 wp-has-aspect-ratio\"><div class=\"wp-block-embed__wrapper\">https:\/\/www.youtube.com\/watch?v=k4a60t0asWY&amp;list=PLZvhVYepvzyjWunWOGffTWpsfISVVDG5c&amp;index=44&amp;t=6s<\/div><\/figure>\n\n\n\n<h2 id=\"faq\" class=\"wp-block-heading\">\u00centreb\u0103ri frecvente<\/h2>\n\n\n<div id=\"rank-math-faq\" class=\"rank-math-block\">\n<div class=\"rank-math-list \">\n<div id=\"faq-question-1771309428968\" class=\"rank-math-list-item\">\n<h3 class=\"rank-math-question \">Albinismul afecteaz\u0103 p\u0103rul?<\/h3>\n<div class=\"rank-math-answer \">\n\n<p>Da, reduce melanina, f\u0103c\u00e2nd adesea p\u0103rul foarte deschis sau alb.<\/p>\n\n<\/div>\n<\/div>\n<div id=\"faq-question-1771309429669\" class=\"rank-math-list-item\">\n<h3 class=\"rank-math-question \">Ce afecteaz\u0103 albinismul produc\u021bia?<\/h3>\n<div class=\"rank-math-answer \">\n\n<p>Albinismul afecteaz\u0103 produc\u021bia de pigment de melanin\u0103 \u00een piele, p\u0103r \u0219i ochi.<\/p>\n\n<\/div>\n<\/div>\n<div id=\"faq-question-1771309430167\" class=\"rank-math-list-item\">\n<h3 class=\"rank-math-question \">De ce persoanele cu albinism nu \u00ee\u0219i pot vopsi p\u0103rul?<\/h3>\n<div class=\"rank-math-answer \">\n\n<p>\u00ce\u0219i pot vopsi p\u0103rul; credin\u021ba c\u0103 nu pot este un mit.<\/p>\n\n<\/div>\n<\/div>\n<div id=\"faq-question-1771309430642\" class=\"rank-math-list-item\">\n<h3 class=\"rank-math-question \">Albinismul afecteaz\u0103 IQ-ul?<\/h3>\n<div class=\"rank-math-answer \">\n\n<p>Nu, albinismul nu afecteaz\u0103 IQ-ul; problemele de vedere pot afecta \u0219colarizarea f\u0103r\u0103 acomodare.<\/p>\n\n<\/div>\n<\/div>\n<div id=\"faq-question-1771309431280\" class=\"rank-math-list-item\">\n<h3 class=\"rank-math-question \">C\u00e2t de rar este p\u0103rul albinos?<\/h3>\n<div class=\"rank-math-answer \">\n\n<p>Este rar, aproximativ 1 din 17.000-20.000 de oameni din \u00eentreaga lume.<\/p>\n\n<\/div>\n<\/div>\n<div id=\"faq-question-6b041186cb850\" class=\"rank-math-list-item\">\n<h3 class=\"rank-math-question \"><strong>Pot persoanele cu albinism s\u0103 fac\u0103 un transplant de p\u0103r?<\/strong><\/h3>\n<div class=\"rank-math-answer \">\n\n<p>\u00cen multe cazuri da, dar numai dup\u0103 o evaluare medical\u0103 atent\u0103. Medicii no\u0219tri de la Hair Center of Turkey verific\u0103 mai \u00eent\u00e2i s\u0103n\u0103tatea scalpului, sensibilitatea pielii \u0219i capacitatea de vindecare, deoarece deteriorarea scalpului cauzat\u0103 de UV poate afecta at\u00e2t candidatura, c\u00e2t \u0219i \u00eengrijirea ulterioar\u0103.<\/p>\n\n<\/div>\n<\/div>\n<div id=\"faq-question-37b76a25a6550\" class=\"rank-math-list-item\">\n<h3 class=\"rank-math-question \"><strong>Albinismul provoac\u0103 direct c\u0103derea p\u0103rului?<\/strong><\/h3>\n<div class=\"rank-math-answer \">\n\n<p>Nu. Albinismul schimb\u0103 \u00een principal culoarea \u0219i textura p\u0103rului prin reducerea melaninei. C\u00e2nd apare c\u0103derea p\u0103rului, aceasta este de obicei legat\u0103 de genetic\u0103, hormoni sau deteriorarea scalpului solar\u0103, mai degrab\u0103 dec\u00e2t de albinismul \u00een sine.<\/p>\n\n<\/div>\n<\/div>\n<div id=\"faq-question-265d7ebf6a2cf\" class=\"rank-math-list-item\">\n<h3 class=\"rank-math-question \"><strong>Cum ar trebui persoanele cu albinism s\u0103-\u0219i protejeze scalpul de soare?<\/strong><\/h3>\n<div class=\"rank-math-answer \">\n\n<p>Deoarece scalpul produce foarte pu\u021bin\u0103 melanin\u0103, se arde u\u0219or. SPF zilnic cu spectru larg pe scalpul expus, o p\u0103l\u0103rie cu boruri largi \u0219i umbra \u00een timpul orelor de v\u00e2rf sunt elementele de baz\u0103 \u0219i conteaz\u0103 \u0219i mai mult dup\u0103 orice procedur\u0103 de p\u0103r.<\/p>\n\n<\/div>\n<\/div>\n<\/div>\n<\/div>","protected":false},"excerpt":{"rendered":"<p>Albinismul este un grup de afec\u021biuni mo\u0219tenite \u00een care organismul produce pu\u021bin sau deloc melanin\u0103, pigmentul care d\u0103 culoarea pielii, p\u0103rului \u0219i ochilor. La Hair Center of Turkey, o clinic\u0103 de transplant de p\u0103r fondat\u0103 \u00een 2014, cu trei medici speciali\u0219ti \u0219i peste 3.000 de proceduri pe an, explic\u0103m ce este albinismul, cum afecteaz\u0103 culoarea [&hellip;]<\/p>\n","protected":false},"author":2,"featured_media":299,"comment_status":"closed","ping_status":"closed","sticky":false,"template":"","format":"standard","meta":{"footnotes":"","rank_math_title":"","rank_math_description":"Afla\u021bi cum albinismul scade melanina \u0219i schimb\u0103 culoarea \u0219i textura p\u0103rului, de ce rareori cauzeaz\u0103 c\u0103derea direct\u0103 a p\u0103rului \u0219i cum s\u0103 v\u0103 proteja\u021bi scalpul de daunele UV.","rank_math_focus_keyword":"","rank_math_canonical_url":"","rank_math_breadcrumb_title":"","rank_math_facebook_title":"","rank_math_facebook_description":"","rank_math_facebook_image":"","rank_math_twitter_title":"","rank_math_twitter_description":"","rank_math_twitter_image":"","rank_math_pillar_content":""},"categories":[968],"tags":[],"class_list":["post-54044","post","type-post","status-publish","format-standard","has-post-thumbnail","hentry","category-blog"],"_links":{"self":[{"href":"https:\/\/haircenterofturkey.com\/ro\/wp-json\/wp\/v2\/posts\/54044","targetHints":{"allow":["GET"]}}],"collection":[{"href":"https:\/\/haircenterofturkey.com\/ro\/wp-json\/wp\/v2\/posts"}],"about":[{"href":"https:\/\/haircenterofturkey.com\/ro\/wp-json\/wp\/v2\/types\/post"}],"author":[{"embeddable":true,"href":"https:\/\/haircenterofturkey.com\/ro\/wp-json\/wp\/v2\/users\/2"}],"replies":[{"embeddable":true,"href":"https:\/\/haircenterofturkey.com\/ro\/wp-json\/wp\/v2\/comments?post=54044"}],"version-history":[{"count":2,"href":"https:\/\/haircenterofturkey.com\/ro\/wp-json\/wp\/v2\/posts\/54044\/revisions"}],"predecessor-version":[{"id":60314,"href":"https:\/\/haircenterofturkey.com\/ro\/wp-json\/wp\/v2\/posts\/54044\/revisions\/60314"}],"wp:featuredmedia":[{"embeddable":true,"href":"https:\/\/haircenterofturkey.com\/ro\/wp-json\/wp\/v2\/media\/299"}],"wp:attachment":[{"href":"https:\/\/haircenterofturkey.com\/ro\/wp-json\/wp\/v2\/media?parent=54044"}],"wp:term":[{"taxonomy":"category","embeddable":true,"href":"https:\/\/haircenterofturkey.com\/ro\/wp-json\/wp\/v2\/categories?post=54044"},{"taxonomy":"post_tag","embeddable":true,"href":"https:\/\/haircenterofturkey.com\/ro\/wp-json\/wp\/v2\/tags?post=54044"}],"curies":[{"name":"wp","href":"https:\/\/api.w.org\/{rel}","templated":true}]}}