{"id":54039,"date":"2024-05-24T08:10:42","date_gmt":"2024-05-24T05:10:42","guid":{"rendered":"https:\/\/haircenterofturkey.com\/?p=54039"},"modified":"2026-08-31T17:48:14","modified_gmt":"2026-08-31T14:48:14","slug":"sindromul-marie-antoinette-canities-subita-cauze-simptome-si-ce-se-intampla-cu-adevarat","status":"publish","type":"post","link":"https:\/\/haircenterofturkey.com\/ro\/sindromul-marie-antoinette-canities-subita-cauze-simptome-si-ce-se-intampla-cu-adevarat\/","title":{"rendered":"Sindromul Marie Antoinette (Canities Subita): cauze, simptome \u0219i ce se \u00eent\u00e2mpl\u0103 cu adev\u0103rat"},"content":{"rendered":"\n<h2 class=\"wp-block-heading\" id=\"marie-antoinette-syndrome\"><b>Sindromul Mariei Antonieta<\/b><\/h2>\n\n\n\n<p class=\"wp-block-paragraph\"><span style=\"font-weight: 400;\">Sindromul Marie Antoinette este un nume popular pentru canities subita, o situa\u021bie rar\u0103 \u00een care p\u0103rul poate p\u0103rea s\u0103 devin\u0103 alb foarte repede. \u00cen cele mai multe cazuri raportate, schimbarea nu este \u201eoprirea\u201d pigmentului peste noapte. \u00cen schimb, o afec\u021biune subiacent\u0103, cum ar fi alopecia areata, poate cauza p\u0103rul mai \u00eenchis la culoare, l\u0103s\u00e2nd p\u0103rul mai deschis sau alb \u00een urm\u0103.<\/span><\/p>\n\n\n\n<figure class=\"wp-block-image\"><img decoding=\"async\" src=\"https:\/\/haircenterofturkey.com\/wp-content\/uploads\/2024\/05\/marie-antoinette-syndrome_1.webp\" alt=\"Marie Antoinette Syndrome for Hair Loss\" title=\"\"><\/figure>\n\n\n\n<div class=\"wp-block-rank-math-toc-block\" id=\"rank-math-toc\"><h2>Table of Contents<\/h2><nav><ul><li><a href=\"#marie-antoinette-syndrome\">Sindromul Mariei Antonieta<\/a><\/li><li><a href=\"#what-is-marie-antoinette-syndrome\">Ce este sindromul Marie-Antoinette?<\/a><\/li><li><a href=\"#can-hair-really-turn-white-overnight\">Poate p\u0103rul s\u0103 devin\u0103 alb peste noapte?<\/a><\/li><li><a href=\"#what-causes-it\">Ce cauzeaz\u0103?<\/a><ul><li><a href=\"#alopecia-areata-selective-shedding-of-darker-hair\">Alopecia areata (c\u0103derea selectiv\u0103 a p\u0103rului mai \u00eenchis la culoare)<\/a><\/li><li><a href=\"#severe-stress-or-psychological-shock\">Stres sever sau \u0219oc psihologic<\/a><\/li><li><a href=\"#other-health-factors-that-can-influence-greying\">Al\u021bi factori de s\u0103n\u0103tate care pot influen\u021ba albirea<\/a><\/li><\/ul><\/li><li><a href=\"#symptoms-and-signs\">Simptome \u0219i semne<\/a><\/li><li><a href=\"#how-its-diagnosed\">Cum este diagnosticat<\/a><\/li><li><a href=\"#treatment-and-management\">Tratament \u0219i Management<\/a><ul><li><a href=\"#if-alopecia-areata-is-suspected\">Dac\u0103 se suspecteaz\u0103 alopecia areata<\/a><\/li><li><a href=\"#stress-support-and-lifestyle-basics\">Suport pentru stres \u0219i elemente de baz\u0103 ale stilului de via\u021b\u0103<\/a><\/li><li><a href=\"#cosmetic-options\">Op\u021biuni cosmetice<\/a><\/li><\/ul><\/li><li><a href=\"#when-to-see-a-doctor\">C\u00e2nd s\u0103 vezi un medic<\/a><\/li><li><a href=\"#faq\">\u00centreb\u0103ri frecvente<\/a><\/li><\/ul><\/nav><\/div>\n\n\n\n<h2 class=\"wp-block-heading\" id=\"what-is-marie-antoinette-syndrome\"><b>Ce este sindromul Marie-Antoinette?<\/b><\/h2>\n\n\n\n<p class=\"wp-block-paragraph\"><span style=\"font-weight: 400;\">Sindromul Marie Antoinette este un termen non-medical folosit pentru a descrie albirea sau albirea brusc\u0103 a p\u0103rului. Este legat \u00een cultura popular\u0103 de povestea c\u0103 p\u0103rul reginei Maria Antonieta a devenit alb \u00eentr-o perioad\u0103 de stres extrem \u00eenainte de execu\u021bia ei \u00een 1793. Istoricii \u0219i clinicienii trateaz\u0103, \u00een general, aceast\u0103 poveste ca o legend\u0103, dar fenomenul de albire cu apari\u021bie rapid\u0103 a fost descris \u00een rapoartele de caz medicale.<\/span><\/p>\n\n\n\n<figure class=\"wp-block-image\"><img decoding=\"async\" src=\"https:\/\/haircenterofturkey.com\/wp-content\/uploads\/2024\/05\/marie-antoinette-syndrome.webp\" alt=\"Marie Antoinette Syndrome for Hair Loss\" title=\"\"><\/figure>\n\n\n\n<p class=\"wp-block-paragraph\"><\/p>\n\n\n\n<h2 class=\"wp-block-heading\" id=\"can-hair-really-turn-white-overnight\"><b>Poate p\u0103rul s\u0103 devin\u0103 alb peste noapte?<\/b><\/h2>\n\n\n\n<p class=\"wp-block-paragraph\"><span style=\"font-weight: 400;\">Un singur fir de p\u0103r nu \u00ee\u0219i poate schimba culoarea instantaneu, deoarece pigmentul este \u00eencorporat \u00een p\u0103r pe m\u0103sur\u0103 ce cre\u0219te. Aceasta \u00eenseamn\u0103 c\u0103 \u201e\u00eenc\u0103run\u021birea peste noapte\u201d a firelor de p\u0103r existente este pu\u021bin probabil\u0103. Ceea ce se poate \u00eent\u00e2mpla este o schimbare rapid\u0103 a aspectului general atunci c\u00e2nd firele de p\u0103r pigmentate se pierd sau \u00eenceteaz\u0103 s\u0103 creasc\u0103, \u00een timp ce firele de p\u0103r nepigmentate r\u0103m\u00e2n.<\/span><\/p>\n\n\n\n<h2 class=\"wp-block-heading\" id=\"what-causes-it\"><b>Ce cauzeaz\u0103?<\/b><\/h2>\n\n\n\n<p class=\"wp-block-paragraph\"><span style=\"font-weight: 400;\">C\u00e2nd oamenii raporteaz\u0103 o trecere brusc\u0103 la p\u0103rul alb sau gri, clinicienii caut\u0103 de obicei explica\u021bii care pot schimba rapid amestecul de fire de p\u0103r de pe scalp.<\/span><\/p>\n\n\n\n<h3 class=\"wp-block-heading\" id=\"alopecia-areata-selective-shedding-of-darker-hair\"><b>Alopecia areata (c\u0103derea selectiv\u0103 a p\u0103rului mai \u00eenchis la culoare)<\/b><\/h3>\n\n\n\n<p class=\"wp-block-paragraph\"><span style=\"font-weight: 400;\">Alopecia areata este o form\u0103 autoimun\u0103 a c\u0103derii p\u0103rului care poate viza uneori firele de p\u0103r pigmentate mai mult dec\u00e2t firele albe. Dac\u0103 p\u0103rul mai \u00eenchis la culoare \u00een timp ce p\u0103rul alb r\u0103m\u00e2ne, p\u0103rul poate p\u0103rea s\u0103 \u201edevin\u0103 alb\u201d \u00eentr-o perioad\u0103 scurt\u0103.<\/span><\/p>\n\n\n\n<h3 class=\"wp-block-heading\" id=\"severe-stress-or-psychological-shock\"><b>Stres sever sau \u0219oc psihologic<\/b><\/h3>\n\n\n\n<p class=\"wp-block-paragraph\"><span style=\"font-weight: 400;\">Stresul major este adesea raportat \u00een jurul timpului \u00een care \u00eencep simptomele. Stresul poate juca un rol prin declan\u0219area sau agravarea st\u0103rilor inflamatorii, perturbarea somnului \u0219i amplificarea r\u0103spunsurilor imune. Chiar \u0219i atunci c\u00e2nd este implicat stresul, acesta este rareori singurul factor.<\/span><\/p>\n\n\n\n<h3 class=\"wp-block-heading\" id=\"other-health-factors-that-can-influence-greying\"><b>Al\u021bi factori de s\u0103n\u0103tate care pot influen\u021ba albirea<\/b><\/h3>\n\n\n\n<p class=\"wp-block-paragraph\"><span style=\"font-weight: 400;\">Multe condi\u021bii sunt asociate cu gri sau schimbarea culorii, de\u0219i acestea ac\u021bioneaz\u0103 de obicei treptat, mai degrab\u0103 dec\u00e2t peste noapte. Exemplele includ tulbur\u0103ri tiroidiene, deficien\u021b\u0103 de vitamina B12, vitiligo \u0219i anumite medicamente. Un medic poate ajuta la separarea \u00eemb\u0103tr\u00e2nirii normale sau a geneticii de cauzele medicale.<\/span><\/p>\n\n\n\n<h2 class=\"wp-block-heading\" id=\"symptoms-and-signs\"><b>Simptome \u0219i semne<\/b><\/h2>\n\n\n\n<p class=\"wp-block-paragraph\"><span style=\"font-weight: 400;\">Oamenii folosesc termenul \u201esindrom Maria Antonieta\u201d \u00een moduri diferite, astfel \u00eenc\u00e2t simptomele pot varia. Acestea sunt semnele pe care clinicienii le caut\u0103 adesea:<\/span><\/p>\n\n\n\n<ul class=\"wp-block-list\">\n<li><span style=\"font-weight: 400;\">O schimbare rapid\u0103 a aspectului general al culorii p\u0103rului de la ore p\u00e2n\u0103 la zile (deseori mai evident\u0103 la persoanele cu p\u0103r mixt gri \u0219i \u00eenchis).<\/span><\/li>\n\n\n\n<li><span style=\"font-weight: 400;\">Sub\u021bierea neted\u0103 sau v\u0103rsarea crescut\u0103, uneori cu pete chelie netede.<\/span><\/li>\n\n\n\n<li><span style=\"font-weight: 400;\">Peri albi care r\u0103m\u00e2n \u00een timp ce p\u0103rul mai \u00eenchis cad.<\/span><\/li>\n\n\n\n<li><span style=\"font-weight: 400;\">Modific\u0103ri similare \u00een spr\u00e2ncene, barb\u0103 sau p\u0103r de pe corp \u00een unele cazuri.<\/span><\/li>\n\n\n\n<li><span style=\"font-weight: 400;\">Pot ap\u0103rea m\u00e2nc\u0103rimi sau sensibilitate a scalpului, de\u0219i mul\u021bi oameni nu au simptome ale scalpului.<\/span><\/li>\n<\/ul>\n\n\n\n<h2 class=\"wp-block-heading\" id=\"how-its-diagnosed\"><b>Cum este diagnosticat<\/b><\/h2>\n\n\n\n<p class=\"wp-block-paragraph\"><span style=\"font-weight: 400;\">Diagnosticul \u00eencepe cu o anamnez\u0103 \u0219i o examinare a scalpului. Un dermatolog poate verifica modelele tipice pentru alopecia areata \u0219i poate folosi dermatoscopia (un examen m\u0103rit al scalpului). Testele de s\u00e2nge pot fi luate \u00een considerare atunci c\u00e2nd simptomele sugereaz\u0103 o problem\u0103 subiacent\u0103, cum ar fi boala tiroidian\u0103 sau deficien\u021ba de nutrien\u021bi.<\/span><\/p>\n\n\n\n<h2 class=\"wp-block-heading\" id=\"treatment-and-management\"><b>Tratament \u0219i Management<\/b><\/h2>\n\n\n\n<p class=\"wp-block-paragraph\"><span style=\"font-weight: 400;\">Managementul depinde de cauza de baz\u0103 \u0219i de c\u00e2t de repede progreseaz\u0103 simptomele.<\/span><\/p>\n\n\n\n<h3 class=\"wp-block-heading\" id=\"if-alopecia-areata-is-suspected\"><b>Dac\u0103 se suspecteaz\u0103 alopecia areata<\/b><\/h3>\n\n\n\n<p class=\"wp-block-paragraph\"><span style=\"font-weight: 400;\">Tratamentul poate include corticosteroizi topici sau injecta\u021bi, imunoterapie topic\u0103 sau alte op\u021biuni ghidate de dermatologie. Deoarece alegerea tratamentului depinde de severitate, v\u00e2rst\u0103 \u0219i istoricul medical, acesta ar trebui s\u0103 fie adaptat de un medic.<\/span><\/p>\n\n\n\n<h3 class=\"wp-block-heading\" id=\"stress-support-and-lifestyle-basics\"><b>Suport pentru stres \u0219i elemente de baz\u0103 ale stilului de via\u021b\u0103<\/b><\/h3>\n\n\n\n<p class=\"wp-block-paragraph\"><span style=\"font-weight: 400;\">Dac\u0103 stresul este un declan\u0219ator clar, sprijinul poate ajuta la reducerea crizelor \u0219i la \u00eembun\u0103t\u0103\u021birea bun\u0103st\u0103rii generale. Pa\u0219ii utili includ protejarea somnului, moderarea cofeinei \u0219i alcoolului, men\u021binerea unei alimenta\u021bii stabile \u0219i utilizarea instrumentelor de stres bazate pe dovezi, cum ar fi terapia, antrenamentul de relaxare sau exerci\u021biile structurate.<\/span><\/p>\n\n\n\n<h3 class=\"wp-block-heading\" id=\"cosmetic-options\"><b>Op\u021biuni cosmetice<\/b><\/h3>\n\n\n\n<p class=\"wp-block-paragraph\"><span style=\"font-weight: 400;\">Vopselele de p\u0103r, balsamurile colorate \u0219i tunsurile de amestec de culori pot face ca schimbarea s\u0103 fie mai pu\u021bin vizibil\u0103 \u00een timp ce imaginea medical\u0103 este evaluat\u0103. Dac\u0103 p\u0103rul este fragil, un stilist poate sugera abord\u0103ri cu daune mai mici.<\/span><\/p>\n\n\n\n<h2 class=\"wp-block-heading\" id=\"when-to-see-a-doctor\"><b>C\u00e2nd s\u0103 vezi un medic<\/b><\/h2>\n\n\n\n<p class=\"wp-block-paragraph\"><span style=\"font-weight: 400;\">Rezerva\u021bi o examinare medical\u0103 dac\u0103 observa\u021bi o schimbare brusc\u0103 a culorii p\u0103rului \u00eempreun\u0103 cu c\u0103derea p\u0103rului, c\u0103derea neted\u0103 a p\u0103rului, schimb\u0103ri noi ale pielii sau alte simptome, cum ar fi oboseala sau schimbarea inexplicabil\u0103 a greut\u0103\u021bii. Schimb\u0103rile rapide merit\u0103 o evaluare pentru a exclude alopecia areata \u0219i contribu\u021biile medicale tratabile.<\/span><\/p>\n\n\n\n<h2 class=\"wp-block-heading\" id=\"faq\"><b>\u00centreb\u0103ri frecvente<\/b><\/h2>\n\n\n<div id=\"rank-math-faq\" class=\"rank-math-block\">\n<div class=\"rank-math-list \">\n<div id=\"faq-question-1771310112059\" class=\"rank-math-list-item\">\n<h3 class=\"rank-math-question \">Ce cauzeaz\u0103 sindromul Marie Antoinette?<\/h3>\n<div class=\"rank-math-answer \">\n\n<p>Albirea brusc\u0103 a p\u0103rului rezult\u0103 din pierderea rapid\u0103 a firelor de p\u0103r pigmentate din alopecia areata.<\/p>\n\n<\/div>\n<\/div>\n<div id=\"faq-question-1771310113473\" class=\"rank-math-list-item\">\n<h3 class=\"rank-math-question \">De ce genera\u021bia Z \u00eencarne\u0219te at\u00e2t de devreme?<\/h3>\n<div class=\"rank-math-answer \">\n\n<p>\u00cengrijirea anterioar\u0103 este legat\u0103 de genetic\u0103, stres, fumat, nutri\u021bie \u0219i daune oxidative.<\/p>\n\n<\/div>\n<\/div>\n<div id=\"faq-question-1771310114165\" class=\"rank-math-list-item\">\n<h3 class=\"rank-math-question \">Canities Subita este real?<\/h3>\n<div class=\"rank-math-answer \">\n\n<p>Canities subita este real\u0103, dar reflect\u0103 de obicei c\u0103derea selectiv\u0103 a p\u0103rului, nu schimbarea instantanee a pigmentului.<\/p>\n\n<\/div>\n<\/div>\n<div id=\"faq-question-1771310114997\" class=\"rank-math-list-item\">\n<h3 class=\"rank-math-question \">Marie Antoinette a avut Canities Subita?<\/h3>\n<div class=\"rank-math-answer \">\n\n<p>Nicio dovad\u0103 de \u00eencredere nu confirm\u0103 Marie Antoinette experimentat canities subita; este \u00een mare parte o legend\u0103.<\/p>\n\n<\/div>\n<\/div>\n<div id=\"faq-question-1771310115852\" class=\"rank-math-list-item\">\n<h3 class=\"rank-math-question \">De ce genera\u021bia X arat\u0103 mai t\u00e2n\u0103r\u0103?<\/h3>\n<div class=\"rank-math-answer \">\n\n<p>Gen Xers poate p\u0103rea mai t\u00e2n\u0103r din cauza \u00eengrijirii pielii, evit\u0103rii soarelui, fitnessului \u0219i procedurilor cosmetice.<\/p>\n\n<\/div>\n<\/div>\n<\/div>\n<\/div>","protected":false},"excerpt":{"rendered":"<p>Sindromul Mariei Antonieta Sindromul Marie Antoinette este un nume popular pentru canities subita, o situa\u021bie rar\u0103 \u00een care p\u0103rul poate p\u0103rea s\u0103 devin\u0103 alb foarte repede. \u00cen cele mai multe cazuri raportate, schimbarea nu este \u201eoprirea\u201d pigmentului peste noapte. \u00cen schimb, o afec\u021biune subiacent\u0103, cum ar fi alopecia areata, poate cauza p\u0103rul mai \u00eenchis la [&hellip;]<\/p>\n","protected":false},"author":2,"featured_media":303,"comment_status":"closed","ping_status":"closed","sticky":false,"template":"","format":"standard","meta":{"footnotes":"","rank_math_title":"","rank_math_description":"Sindromul Marie-Antoinette este o afec\u021biune rar\u0103 \u00een care p\u0103rul devine brusc alb, adesea din cauza stresului extrem.","rank_math_focus_keyword":"","rank_math_canonical_url":"","rank_math_breadcrumb_title":"","rank_math_facebook_title":"","rank_math_facebook_description":"","rank_math_facebook_image":"","rank_math_twitter_title":"","rank_math_twitter_description":"","rank_math_twitter_image":"","rank_math_pillar_content":""},"categories":[968,987],"tags":[],"class_list":["post-54039","post","type-post","status-publish","format-standard","has-post-thumbnail","hentry","category-blog","category-caderea-parului"],"_links":{"self":[{"href":"https:\/\/haircenterofturkey.com\/ro\/wp-json\/wp\/v2\/posts\/54039","targetHints":{"allow":["GET"]}}],"collection":[{"href":"https:\/\/haircenterofturkey.com\/ro\/wp-json\/wp\/v2\/posts"}],"about":[{"href":"https:\/\/haircenterofturkey.com\/ro\/wp-json\/wp\/v2\/types\/post"}],"author":[{"embeddable":true,"href":"https:\/\/haircenterofturkey.com\/ro\/wp-json\/wp\/v2\/users\/2"}],"replies":[{"embeddable":true,"href":"https:\/\/haircenterofturkey.com\/ro\/wp-json\/wp\/v2\/comments?post=54039"}],"version-history":[{"count":2,"href":"https:\/\/haircenterofturkey.com\/ro\/wp-json\/wp\/v2\/posts\/54039\/revisions"}],"predecessor-version":[{"id":60685,"href":"https:\/\/haircenterofturkey.com\/ro\/wp-json\/wp\/v2\/posts\/54039\/revisions\/60685"}],"wp:featuredmedia":[{"embeddable":true,"href":"https:\/\/haircenterofturkey.com\/ro\/wp-json\/wp\/v2\/media\/303"}],"wp:attachment":[{"href":"https:\/\/haircenterofturkey.com\/ro\/wp-json\/wp\/v2\/media?parent=54039"}],"wp:term":[{"taxonomy":"category","embeddable":true,"href":"https:\/\/haircenterofturkey.com\/ro\/wp-json\/wp\/v2\/categories?post=54039"},{"taxonomy":"post_tag","embeddable":true,"href":"https:\/\/haircenterofturkey.com\/ro\/wp-json\/wp\/v2\/tags?post=54039"}],"curies":[{"name":"wp","href":"https:\/\/api.w.org\/{rel}","templated":true}]}}