{"id":54024,"date":"2024-07-01T13:32:02","date_gmt":"2024-07-01T10:32:02","guid":{"rendered":"https:\/\/haircenterofturkey.com\/?p=54024"},"modified":"2026-08-31T14:00:21","modified_gmt":"2026-08-31T11:00:21","slug":"ce-este-bun-pentru-varfurile-despicate-cauze-remedieri-si-sfaturi-de-prevenire-2026","status":"publish","type":"post","link":"https:\/\/haircenterofturkey.com\/ro\/ce-este-bun-pentru-varfurile-despicate-cauze-remedieri-si-sfaturi-de-prevenire-2026\/","title":{"rendered":"Ce este bun pentru v\u00e2rfurile despicate? Cauze, remedieri \u0219i sfaturi de prevenire (2026)"},"content":{"rendered":"\n<h2 class=\"wp-block-heading\" id=\"what-is-good-for-split-ends\"><b>Ce este bun pentru v\u00e2rfurile despicate?<\/b><\/h2>\n\n\n\n<p class=\"wp-block-paragraph\">Varfurile despicate apar atunci cand cuticula protectoare a parului se uzeaza si suvita se desface la varf. Niciun produs nu poate \u201esigila\u201d permanent un cap\u0103t despicat \u2013 doar t\u0103ierea \u00eendep\u0103rteaz\u0103 deteriorarea. Cu toate acestea, pute\u021bi face ca capetele s\u0103 par\u0103 mai netede cu balsam, le\u0219inuri, uleiuri \u0219i protec\u021bie \u00eempotriva c\u0103ldurii, apoi preveni\u021bi noi desp\u0103r\u021biri cu sp\u0103lare mai bl\u00e2nd\u0103, descurcare \u0219i coafare cu c\u0103ldur\u0103 mai sc\u0103zut\u0103.<\/p>\n\n\n\n<figure class=\"wp-block-image\"><img decoding=\"async\" src=\"https:\/\/haircenterofturkey.com\/wp-content\/uploads\/2024\/07\/what-are-split-ends.webp\" alt=\"What is Good for Split Ends?\" title=\"\"><\/figure>\n\n\n\n<div class=\"wp-block-rank-math-toc-block\" id=\"rank-math-toc\"><h2>Table of Contents<\/h2><nav><ul><li><a href=\"#what-is-good-for-split-ends\">Ce este bun pentru v\u00e2rfurile despicate?<\/a><\/li><li><a href=\"#what-are-split-ends\">Ce sunt v\u00e2rfurile despicate?<\/a><ul><li><a href=\"#daily-habits-that-rough-up-the-cuticle\">Obiceiuri zilnice care \u00eengr\u0103desc cuticula<\/a><\/li><li><a href=\"#heat-and-chemical-stress\">Stresul termic \u0219i chimic<\/a><\/li><li><a href=\"#environmental-factors\">Factori de mediu<\/a><\/li><li><a href=\"#nutrition-and-scalp-health\">Nutri\u021bia \u0219i s\u0103n\u0103tatea scalpului<\/a><\/li><\/ul><\/li><li><a href=\"#what-is-good-for-split-ends-1\">Ce este bun pentru v\u00e2rfurile despicate?<\/a><ul><li><a href=\"#conditioner-first-every-wash\">Balsam \u00cen primul r\u00e2nd, la fiecare sp\u0103lare<\/a><\/li><li><a href=\"#leave-in-conditioner-for-slip-and-protection\">Balsam f\u0103r\u0103 \u00eendoial\u0103 pentru alunecare \u0219i protec\u021bie<\/a><\/li><li><a href=\"#oils-and-serums-for-a-smoother-finish\">Uleiuri \u0219i seruri pentru un finisaj mai fin<\/a><\/li><li><a href=\"#protein-treatments-use-with-a-light-hand\">Tratamente cu proteine (utiliza\u021bi cu o m\u00e2n\u0103 u\u0219oar\u0103)<\/a><\/li><li><a href=\"#heat-protection-that-actually-works\">Protec\u021bie termic\u0103 care func\u021bioneaz\u0103 cu adev\u0103rat<\/a><\/li><\/ul><\/li><li><a href=\"#how-to-remove-split-ends\">Cum s\u0103 elimina\u021bi capete despicate<\/a><ul><li><a href=\"#the-best-fix-a-trim\">Cea mai bun\u0103 solu\u021bie: o t\u0103iere<\/a><\/li><li><a href=\"#at-home-search-and-destroy-optional\">C\u0103utare \u0219i distrugere acas\u0103 (op\u021bional)<\/a><\/li><\/ul><\/li><li><a href=\"#a-split-end-prevention-routine-that-holds-up\">O rutin\u0103 de prevenire care rezist\u0103<\/a><ul><li><a href=\"#wash-gently-then-detangle-the-smart-way\">Sp\u0103la\u021bi u\u0219or, apoi decurge\u021bi \u00een mod inteligent<\/a><\/li><li><a href=\"#reduce-friction-where-it-adds-up\">Reduce\u021bi frecarea acolo unde se adaug\u0103<\/a><\/li><li><a href=\"#be-strategic-with-heat-and-color\">Fii strategic cu c\u0103ldur\u0103 \u0219i culoare<\/a><\/li><\/ul><\/li><li><a href=\"#when-to-see-a-professional\">C\u00e2nd s\u0103 vezi un profesionist<\/a><\/li><li><a href=\"#faq\">\u00centreb\u0103ri frecvente<\/a><\/li><\/ul><\/nav><\/div>\n\n\n\n<h2 class=\"wp-block-heading\" id=\"what-are-split-ends\"><b>Ce sunt v\u00e2rfurile despicate?<\/b><\/h2>\n\n\n\n<p class=\"wp-block-paragraph\"><span style=\"font-weight: 400;\">Capetele despicate (numite \u0219i tricoptiloz\u0103) apar atunci c\u00e2nd cap\u0103tul unei \u0219uvi\u021be de p\u0103r se desparte \u00een dou\u0103 sau mai multe buc\u0103\u021bi. Cuticula \u2013 \u201escutul\u201d exterior al p\u0103rului t\u0103u \u2013 este ciobit\u0103 de frecare, c\u0103ldur\u0103 \u0219i stres chimic. Odat\u0103 ce cortexul interior este expus, v\u00e2rful sl\u0103be\u0219te \u0219i \u00eencepe s\u0103 se destrame.<\/span><\/p>\n\n\n\n<p class=\"wp-block-paragraph\"><span style=\"font-weight: 400;\">Este posibil s\u0103 observa\u021bi capete aspre \u0219i uscate; un halou de zbur\u0103toare; \u00eencurc\u0103turi care par s\u0103 reapar imediat dup\u0103 periaj; sau mici puncte albe la v\u00e2rfurile unde a \u00eenceput ruperea.<\/span><\/p>\n\n\n\n<h3 class=\"wp-block-heading\" id=\"daily-habits-that-rough-up-the-cuticle\"><b>Obiceiuri zilnice care \u00eengr\u0103desc cuticula<\/b><\/h3>\n\n\n\n<ul class=\"wp-block-list\">\n<li><span style=\"font-weight: 400;\">Uscarea agresiv\u0103 cu prosopul sau frecarea p\u0103rului ud.<\/span><\/li>\n\n\n\n<li><span style=\"font-weight: 400;\">Peria\u021bi sau piept\u0103na\u021bi de la r\u0103d\u0103cini \u00een jos, f\u0103r\u0103 a descurca mai \u00eent\u00e2i capetele.<\/span><\/li>\n\n\n\n<li><span style=\"font-weight: 400;\">Coafuri stranse care trag zilnic de aceleasi zone (cozi inalte, cocuri stranse).<\/span><\/li>\n\n\n\n<li><span style=\"font-weight: 400;\">Dormi pe fe\u021be de pern\u0103 aspre sau mergi la culcare cu p\u0103rul ud.<\/span><\/li>\n<\/ul>\n\n\n\n<h3 class=\"wp-block-heading\" id=\"heat-and-chemical-stress\"><b>Stresul termic \u0219i chimic<\/b><\/h3>\n\n\n\n<ul class=\"wp-block-list\">\n<li><span style=\"font-weight: 400;\">Uscarea, \u00eendreptarea sau ondularea frecvent\u0103, \u00een special la temperaturi ridicate.<\/span><\/li>\n\n\n\n<li><span style=\"font-weight: 400;\">Coafare la c\u0103ldur\u0103 f\u0103r\u0103 un protector termic.<\/span><\/li>\n\n\n\n<li><span style=\"font-weight: 400;\">\u00cen\u0103lbitor, colorare frecvent\u0103, permanente, relaxante \u0219i tratamente cu keratina f\u0103cute prea des sau stratificate peste daune existente.<\/span><\/li>\n<\/ul>\n\n\n\n<h3 class=\"wp-block-heading\" id=\"environmental-factors\"><b>Factori de mediu<\/b><\/h3>\n\n\n\n<ul class=\"wp-block-list\">\n<li><span style=\"font-weight: 400;\">Expunerea la soare \u0219i vremea uscat\u0103, cu v\u00e2nt care deshidrateaz\u0103 firul de p\u0103r.<\/span><\/li>\n\n\n\n<li><span style=\"font-weight: 400;\">Clorul \u0219i apa s\u0103rat\u0103 care elimin\u0103 umezeala \u0219i cresc rugozitatea.<\/span><\/li>\n\n\n\n<li><span style=\"font-weight: 400;\">Acumularea de ap\u0103 dur\u0103 care las\u0103 p\u0103rul s\u0103 se simt\u0103 acoperit \u0219i mai pu\u021bin flexibil.<\/span><\/li>\n<\/ul>\n\n\n\n<figure class=\"wp-block-image\"><img decoding=\"async\" src=\"https:\/\/haircenterofturkey.com\/wp-content\/uploads\/2024\/07\/what-are-split-ends-2.webp\" alt=\"What is Good for Split Ends?\" title=\"\"><\/figure>\n\n\n\n<p class=\"wp-block-paragraph\"><\/p>\n\n\n\n<h3 class=\"wp-block-heading\" id=\"nutrition-and-scalp-health\"><b>Nutri\u021bia \u0219i s\u0103n\u0103tatea scalpului<\/b><\/h3>\n\n\n\n<p class=\"wp-block-paragraph\"><span style=\"font-weight: 400;\">P\u0103rul este \u00een cea mai mare parte proteine, a\u0219a c\u0103 subalimentarea cronic\u0103 sau aportul sc\u0103zut de proteine pot afecta puterea \u00een timp. Fierul, zincul, vitamina D \u0219i anumite vitamine B sunt, de asemenea, legate de cre\u0219terea \u0219i integritatea normal\u0103 a p\u0103rului. Dac\u0103 observa\u021bi c\u0103deri bru\u0219te, pierderi neregulate sau oboseal\u0103 al\u0103turi de modific\u0103ri ale p\u0103rului, merit\u0103 s\u0103 discuta\u021bi laboratoarele cu un clinician.<\/span><\/p>\n\n\n\n<figure class=\"wp-block-image\"><img decoding=\"async\" src=\"https:\/\/haircenterofturkey.com\/wp-content\/uploads\/2024\/07\/what-are-split-ends-1.webp\" alt=\"What is Good for Split Ends?\" title=\"\"><\/figure>\n\n\n\n<p class=\"wp-block-paragraph\"><\/p>\n\n\n\n<h2 class=\"wp-block-heading\" id=\"what-is-good-for-split-ends-1\"><b>Ce este bun pentru v\u00e2rfurile despicate?<\/b><\/h2>\n\n\n\n<p class=\"wp-block-paragraph\"><span style=\"font-weight: 400;\">R\u0103spunsul sincer are dou\u0103 p\u0103r\u021bi: pute\u021bi \u00eembun\u0103t\u0103\u021bi modul \u00een care arat\u0103 v\u00e2rfurile despicate \u0219i pute\u021bi reduce c\u00e2t de repede se formeaz\u0103 altele noi. Dac\u0103 \u0219uvi\u021ba este deja despicat\u0103, scopul este de a netezi, de a proteja \u0219i de a preveni ruperea ulterioar\u0103 p\u00e2n\u0103 la urm\u0103toarea t\u0103iere.<\/span><\/p>\n\n\n\n<h3 class=\"wp-block-heading\" id=\"conditioner-first-every-wash\"><b>Balsam \u00cen primul r\u00e2nd, la fiecare sp\u0103lare<\/b><\/h3>\n\n\n\n<p class=\"wp-block-paragraph\"><span style=\"font-weight: 400;\">Un balsam cu cl\u0103tire face p\u0103rul mai alunecos, ceea ce reduce \u00eencurcarea \u0219i ruperea \u00een timpul desc\u00e2lcirii. Concentra\u021bi balsamul de la mijloc p\u00e2n\u0103 la v\u00e2rfuri, nu pe scalp. Dac\u0103 p\u0103rul t\u0103u se simte acoperit sau moale, folose\u0219te ocazional un \u0219ampon de clarificare pentru a \u00eendep\u0103rta acumularea, apoi condi\u021bioneaz\u0103 bine.<\/span><\/p>\n\n\n\n<h3 class=\"wp-block-heading\" id=\"leave-in-conditioner-for-slip-and-protection\"><b>Balsam f\u0103r\u0103 \u00eendoial\u0103 pentru alunecare \u0219i protec\u021bie<\/b><\/h3>\n\n\n\n<p class=\"wp-block-paragraph\"><span style=\"font-weight: 400;\">Leave-in-urile sunt utile pentru capete, deoarece adaug\u0103 memento-uri de umiditate \u0219i reduc frecarea. C\u0103uta\u021bi ingrediente care \u00eembun\u0103t\u0103\u021besc senza\u021bia \u0219i flexibilitatea, cum ar fi alcoolii gra\u0219i (cetil\/stearil), glicerina, pantenolul \u0219i siliconii u\u0219ori. Aplica\u021bi pe p\u0103rul umed, apoi descurc\u0103\u021bi u\u0219or.<\/span><\/p>\n\n\n\n<h3 class=\"wp-block-heading\" id=\"oils-and-serums-for-a-smoother-finish\"><b>Uleiuri \u0219i seruri pentru un finisaj mai fin<\/b><\/h3>\n\n\n\n<p class=\"wp-block-paragraph\"><span style=\"font-weight: 400;\">Uleiurile nu vor repara o despicare, dar pot face ca capetele s\u0103 par\u0103 mai str\u0103lucitoare \u0219i pot ajuta la reducerea pierderii de umiditate. C\u00e2teva pic\u0103turi sunt de obicei suficiente &#8211; prea mult poate atrage murd\u0103ria sau poate face p\u0103rul s\u0103 se simt\u0103 gras.<\/span><\/p>\n\n\n\n<ul class=\"wp-block-list\">\n<li><span style=\"font-weight: 400;\">Ulei de argan: bun pentru catifelare \u0219i str\u0103lucire.<\/span><\/li>\n\n\n\n<li><span style=\"font-weight: 400;\">Ulei de jojoba: similar cu uleiurile naturale pentru scalp \u0219i adesea u\u0219or.<\/span><\/li>\n\n\n\n<li><span style=\"font-weight: 400;\">Ulei de nuc\u0103 de cocos: poate reduce pierderea de proteine pentru unele tipuri de p\u0103r, dar se poate sim\u021bi greu sau rigid \u00een cazul altora.<\/span><\/li>\n<\/ul>\n\n\n\n<p class=\"wp-block-paragraph\"><span style=\"font-weight: 400;\">Dac\u0103 v\u00e2rfurile tale sunt foarte aspre, un ser pe baz\u0103 de silicon poate fi mai eficient dec\u00e2t uleiul pur pentru netezire instantanee, mai ales \u00eenainte de expunerea la umiditate sau la v\u00e2nt.<\/span><\/p>\n\n\n\n<h3 class=\"wp-block-heading\" id=\"protein-treatments-use-with-a-light-hand\"><b>Tratamente cu proteine (utiliza\u021bi cu o m\u00e2n\u0103 u\u0219oar\u0103)<\/b><\/h3>\n\n\n\n<p class=\"wp-block-paragraph\"><span style=\"font-weight: 400;\">Dac\u0103 p\u0103rul t\u0103u este \u00eentins atunci c\u00e2nd este ud sau se simte moale, un tratament bl\u00e2nd cu proteine \u00eel poate ajuta s\u0103 se simt\u0103 mai puternic. Dac\u0103 p\u0103rul se simte \u00een\u021bepenit sau ca un pai, proteinele \u00eel pot agrava. \u00cencepe\u021bi cu o utilizare nefrecvent\u0103 (la c\u00e2teva s\u0103pt\u0103m\u00e2ni) \u0219i echilibra\u021bi-v\u0103 cu m\u0103\u0219ti hidratante.<\/span><\/p>\n\n\n\n<h3 class=\"wp-block-heading\" id=\"heat-protection-that-actually-works\"><b>Protec\u021bie termic\u0103 care func\u021bioneaz\u0103 cu adev\u0103rat<\/b><\/h3>\n\n\n\n<p class=\"wp-block-paragraph\"><span style=\"font-weight: 400;\">Dac\u0103 \u00eenc\u0103lzi\u021bi stilul, un protector termic nu este negociabil. Alege\u021bi un produs etichetat pentru metoda dvs. de coafare (uscare cu suflarea, \u00eendreptat, ondulator) \u0219i aplica\u021bi uniform. P\u0103stra\u021bi uneltele \u00een mi\u0219care, evita\u021bi trecerile repetate pe aceea\u0219i sec\u021biune \u0219i utiliza\u021bi cea mai sc\u0103zut\u0103 temperatur\u0103 care duce la bun sf\u00e2r\u0219it treaba.<\/span><\/p>\n\n\n\n<h2 class=\"wp-block-heading\" id=\"how-to-remove-split-ends\"><b>Cum s\u0103 elimina\u021bi capete despicate<\/b><\/h2>\n\n\n\n<p class=\"wp-block-paragraph\"><span style=\"font-weight: 400;\">Exist\u0103 doar dou\u0103 moduri fiabile de a sc\u0103pa de v\u00e2rfurile despicate: t\u0103ia\u021bi-le sau l\u0103sa\u021bi-le s\u0103 se rup\u0103 singure. T\u0103ierea este op\u021biunea mai s\u0103n\u0103toas\u0103, deoarece ruperea se deplaseaz\u0103 adesea \u00een sus \u0219i las\u0103 v\u00e2rfurile mai sub\u021biri \u0219i neuniforme.<\/span><\/p>\n\n\n\n<h3 class=\"wp-block-heading\" id=\"the-best-fix-a-trim\"><b>Cea mai bun\u0103 solu\u021bie: o t\u0103iere<\/b><\/h3>\n\n\n\n<p class=\"wp-block-paragraph\"><span style=\"font-weight: 400;\">O t\u0103ietur\u0103 mic\u0103 la fiecare 8-12 s\u0103pt\u0103m\u00e2ni func\u021bioneaz\u0103 bine pentru mul\u021bi oameni, dar programul t\u0103u ideal depinde de textur\u0103, obiceiuri de stil \u0219i obiective. Dac\u0103 v\u0103 cre\u0219te\u021bi p\u0103rul, cere\u021bi un \u201eprafuit\u201d sau micro-tuns pentru a \u00eendep\u0103rta v\u00e2rfurile uzate f\u0103r\u0103 a pierde lungimea vizibil\u0103.<\/span><\/p>\n\n\n\n<h3 class=\"wp-block-heading\" id=\"at-home-search-and-destroy-optional\"><b>C\u0103utare \u0219i distrugere acas\u0103 (op\u021bional)<\/b><\/h3>\n\n\n\n<p class=\"wp-block-paragraph\"><span style=\"font-weight: 400;\">Unii oameni taie buc\u0103\u021bi individuale r\u0103sucind sec\u021biuni mici \u0219i t\u0103ind capetele minuscule uzate care ies. Folosi\u021bi doar foarfece ascu\u021bite. Aceast\u0103 metod\u0103 poate ajuta \u00eentre vizitele la salon, dar necesit\u0103 mult timp \u0219i nu va \u00eenlocui o t\u0103iere adecvat\u0103 dac\u0103 daunele sunt larg r\u0103sp\u00e2ndite.<\/span><\/p>\n\n\n\n<h2 class=\"wp-block-heading\" id=\"a-split-end-prevention-routine-that-holds-up\"><b>O rutin\u0103 de prevenire care rezist\u0103<\/b><\/h2>\n\n\n\n<h3 class=\"wp-block-heading\" id=\"wash-gently-then-detangle-the-smart-way\"><b>Sp\u0103la\u021bi u\u0219or, apoi decurge\u021bi \u00een mod inteligent<\/b><\/h3>\n\n\n\n<ul class=\"wp-block-list\">\n<li><span style=\"font-weight: 400;\">Shampoo the scalp; l\u0103sa\u021bi spuma s\u0103 se cl\u0103teasc\u0103 prin capete, \u00een loc s\u0103 le sp\u0103la\u021bi.<\/span><\/li>\n\n\n\n<li><span style=\"font-weight: 400;\">Stoarce\u021bi apa cu un prosop din microfibr\u0103 sau cu un tricou moale \u00een loc s\u0103 freca\u021bi.<\/span><\/li>\n\n\n\n<li><span style=\"font-weight: 400;\">Descurca\u021bi cu balsam \u0219i \u00eencepe\u021bi de la capete, lucr\u00e2nd \u00een sus.<\/span><\/li>\n<\/ul>\n\n\n\n<h3 class=\"wp-block-heading\" id=\"reduce-friction-where-it-adds-up\"><b>Reduce\u021bi frecarea acolo unde se adaug\u0103<\/b><\/h3>\n\n\n\n<ul class=\"wp-block-list\">\n<li><span style=\"font-weight: 400;\">Trece\u021bi la o fa\u021b\u0103 de pern\u0103 din m\u0103tase sau satin sau purta\u021bi o bonet\u0103 din satin.<\/span><\/li>\n\n\n\n<li><span style=\"font-weight: 400;\">Folosi\u021bi leg\u0103turi de p\u0103r f\u0103r\u0103 ag\u0103\u021ba\u021bi \u0219i varia\u021bi plasarea coafurii.<\/span><\/li>\n\n\n\n<li><span style=\"font-weight: 400;\">Evita\u021bi periajul atunci c\u00e2nd p\u0103rul este ud \u00eenmuiat, cu excep\u021bia cazului \u00een care folosi\u021bi un pieptene cu din\u021bi largi \u0219i o mul\u021bime de alunecare.<\/span><\/li>\n<\/ul>\n\n\n\n<h3 class=\"wp-block-heading\" id=\"be-strategic-with-heat-and-color\"><b>Fii strategic cu c\u0103ldur\u0103 \u0219i culoare<\/b><\/h3>\n\n\n\n<ul class=\"wp-block-list\">\n<li><span style=\"font-weight: 400;\">Usca\u021bi par\u021bial la aer \u00eenainte de uscare pentru a scurta expunerea la c\u0103ldur\u0103.<\/span><\/li>\n\n\n\n<li><span style=\"font-weight: 400;\">Limita\u021bi utilizarea instrumentelor fierbin\u021bi la ocazii speciale, atunci c\u00e2nd este posibil.<\/span><\/li>\n\n\n\n<li><span style=\"font-weight: 400;\">Dac\u0103 \u00een\u0103lbi\u021bi sau colora\u021bi, aranja\u021bi servicii \u0219i acorda\u021bi prioritate tratamentelor de stabilire a leg\u0103turilor sau de condi\u021bionare recomandate de un profesionist.<\/span><\/li>\n<\/ul>\n\n\n\n<h2 class=\"wp-block-heading\" id=\"when-to-see-a-professional\"><b>C\u00e2nd s\u0103 vezi un profesionist<\/b><\/h2>\n\n\n\n<p class=\"wp-block-paragraph\"><span style=\"font-weight: 400;\">Dac\u0103 capetele tale continu\u0103 s\u0103 se despart\u0103 rapid chiar \u0219i cu o \u00eengrijire bl\u00e2nd\u0103, un stilist poate verifica dac\u0103 exist\u0103 supraprocesare, deteriorare a sculei sau t\u0103ieturi care necesit\u0103 remodelare. Dac\u0103 ave\u021bi \u0219i simptome ale scalpului (m\u00e2nc\u0103rime, ro\u0219ea\u021b\u0103, descuamare) sau modific\u0103ri bru\u0219te ale v\u0103rs\u0103rii, un dermatolog v\u0103 poate ajuta s\u0103 exclude\u021bi afec\u021biunile scalpului \u0219i problemele de nutrien\u021bi.<\/span><\/p>\n\n\n\n<h2 class=\"wp-block-heading\" id=\"faq\"><b>\u00centreb\u0103ri frecvente<\/b><\/h2>\n\n\n<div id=\"rank-math-faq\" class=\"rank-math-block\">\n<div class=\"rank-math-list \">\n<div id=\"faq-question-1771507238305\" class=\"rank-math-list-item\">\n<h3 class=\"rank-math-question \">Cum s\u0103 preveni\u021bi viitoarele v\u00e2rfuri despicate?<\/h3>\n<div class=\"rank-math-answer \">\n\n<p>Preveni\u021bi v\u00e2rfurile despicate prin minimizarea c\u0103ldurii\/substan\u021belor chimice, condi\u021bionarea, descurcarea bl\u00e2nd\u0103 \u0219i t\u0103ierea regulat\u0103.<\/p>\n\n<\/div>\n<\/div>\n<div id=\"faq-question-1771507644930\" class=\"rank-math-list-item\">\n<h3 class=\"rank-math-question \">Care este cea mai bun\u0103 metod\u0103 pentru a sc\u0103pa de v\u00e2rfurile despicate?<\/h3>\n<div class=\"rank-math-answer \">\n\n<p>T\u0103ia\u021bi-le cu foarfece ascu\u021bite; niciun produs nu \u00eendep\u0103rteaz\u0103 v\u00e2rfurile despicate existente.<\/p>\n\n<\/div>\n<\/div>\n<div id=\"faq-question-1771507653164\" class=\"rank-math-list-item\">\n<h3 class=\"rank-math-question \">Se poate repara ceva de fapt v\u00e2rfurile despicate?<\/h3>\n<div class=\"rank-math-answer \">\n\n<p>Nu; capetele despicate nu pot fi reparate permanent &#8211; doar sigilate temporar \u0219i apoi t\u0103iate.<\/p>\n\n<\/div>\n<\/div>\n<div id=\"faq-question-1771507660886\" class=\"rank-math-list-item\">\n<h3 class=\"rank-math-question \">Ce deficien\u021b\u0103 de vitamine cauzeaz\u0103 v\u00e2rfurile despicate?<\/h3>\n<div class=\"rank-math-answer \">\n\n<p>Nicio deficien\u021b\u0103 de vitamine nu provoac\u0103 v\u00e2rfuri despicate; deteriorarea \u0219i deficitul general de nutrien\u021bi agraveaz\u0103 spargerea.<\/p>\n\n<\/div>\n<\/div>\n<div id=\"faq-question-1771507666936\" class=\"rank-math-list-item\">\n<h3 class=\"rank-math-question \">Poate uleiul de p\u0103r s\u0103 repare v\u00e2rfurile despicate?<\/h3>\n<div class=\"rank-math-answer \">\n\n<p>Nu; uleiul de p\u0103r doar acoper\u0103 \u0219i neteze\u0219te temporar v\u00e2rfurile despicate, reduc\u00e2ndu-le aspectul.<\/p>\n\n<\/div>\n<\/div>\n<div id=\"faq-question-1771507671169\" class=\"rank-math-list-item\">\n<h3 class=\"rank-math-question \">Ce alimente previn varfurile despicate?<\/h3>\n<div class=\"rank-math-answer \">\n\n<p>M\u0103n\u00e2nc\u0103 adecvate proteine, gr\u0103simi omega-3 \u0219i alimente bogate \u00een fier\/zinc plus vitamina C\/E.<\/p>\n\n<\/div>\n<\/div>\n<\/div>\n<\/div>","protected":false},"excerpt":{"rendered":"<p>Ce este bun pentru v\u00e2rfurile despicate? Varfurile despicate apar atunci cand cuticula protectoare a parului se uzeaza si suvita se desface la varf. Niciun produs nu poate \u201esigila\u201d permanent un cap\u0103t despicat \u2013 doar t\u0103ierea \u00eendep\u0103rteaz\u0103 deteriorarea. Cu toate acestea, pute\u021bi face ca capetele s\u0103 par\u0103 mai netede cu balsam, le\u0219inuri, uleiuri \u0219i protec\u021bie \u00eempotriva [&hellip;]<\/p>\n","protected":false},"author":2,"featured_media":314,"comment_status":"closed","ping_status":"closed","sticky":false,"template":"","format":"standard","meta":{"footnotes":"","rank_math_title":"","rank_math_description":"Utilizarea produselor hidratante pentru p\u0103r \u0219i tunderea \u00een mod regulat sunt cele mai bune modalit\u0103\u021bi de a repara \u0219i de a preveni v\u00e2rfurile despicate.","rank_math_focus_keyword":"","rank_math_canonical_url":"","rank_math_breadcrumb_title":"","rank_math_facebook_title":"","rank_math_facebook_description":"","rank_math_facebook_image":"","rank_math_twitter_title":"","rank_math_twitter_description":"","rank_math_twitter_image":"","rank_math_pillar_content":""},"categories":[968,987],"tags":[],"class_list":["post-54024","post","type-post","status-publish","format-standard","has-post-thumbnail","hentry","category-blog","category-caderea-parului"],"_links":{"self":[{"href":"https:\/\/haircenterofturkey.com\/ro\/wp-json\/wp\/v2\/posts\/54024","targetHints":{"allow":["GET"]}}],"collection":[{"href":"https:\/\/haircenterofturkey.com\/ro\/wp-json\/wp\/v2\/posts"}],"about":[{"href":"https:\/\/haircenterofturkey.com\/ro\/wp-json\/wp\/v2\/types\/post"}],"author":[{"embeddable":true,"href":"https:\/\/haircenterofturkey.com\/ro\/wp-json\/wp\/v2\/users\/2"}],"replies":[{"embeddable":true,"href":"https:\/\/haircenterofturkey.com\/ro\/wp-json\/wp\/v2\/comments?post=54024"}],"version-history":[{"count":2,"href":"https:\/\/haircenterofturkey.com\/ro\/wp-json\/wp\/v2\/posts\/54024\/revisions"}],"predecessor-version":[{"id":60403,"href":"https:\/\/haircenterofturkey.com\/ro\/wp-json\/wp\/v2\/posts\/54024\/revisions\/60403"}],"wp:featuredmedia":[{"embeddable":true,"href":"https:\/\/haircenterofturkey.com\/ro\/wp-json\/wp\/v2\/media\/314"}],"wp:attachment":[{"href":"https:\/\/haircenterofturkey.com\/ro\/wp-json\/wp\/v2\/media?parent=54024"}],"wp:term":[{"taxonomy":"category","embeddable":true,"href":"https:\/\/haircenterofturkey.com\/ro\/wp-json\/wp\/v2\/categories?post=54024"},{"taxonomy":"post_tag","embeddable":true,"href":"https:\/\/haircenterofturkey.com\/ro\/wp-json\/wp\/v2\/tags?post=54024"}],"curies":[{"name":"wp","href":"https:\/\/api.w.org\/{rel}","templated":true}]}}