{"id":54003,"date":"2024-07-03T13:41:47","date_gmt":"2024-07-03T10:41:47","guid":{"rendered":"https:\/\/haircenterofturkey.com\/?p=54003"},"modified":"2026-08-31T14:53:50","modified_gmt":"2026-08-31T11:53:50","slug":"ce-este-parul-gri-ce-este-bun-pentru-parul-gri","status":"publish","type":"post","link":"https:\/\/haircenterofturkey.com\/ro\/ce-este-parul-gri-ce-este-bun-pentru-parul-gri\/","title":{"rendered":"Ce este p\u0103rul gri? Ce este bun pentru p\u0103rul gri?"},"content":{"rendered":"\n<figure class=\"wp-block-image\"><img decoding=\"async\" src=\"https:\/\/haircenterofturkey.com\/wp-content\/uploads\/2024\/07\/what-is-gray-hair.webp\" alt=\"What is gray hair? What is good for gray hair?\" title=\"\"><\/figure>\n\n\n\n<div class=\"wp-block-rank-math-toc-block\" id=\"rank-math-toc\"><h2>Table of Contents<\/h2><nav><ul><li><a href=\"#what-causes-gray-hair\">Ce cauzeaz\u0103 p\u0103rul gri<\/a><\/li><li><a href=\"#genetics\">Genetica<\/a><\/li><li><a href=\"#aging\">\u00cemb\u0103tr\u00e2nirea<\/a><\/li><li><a href=\"#nutrient-deficiencies-and-diet-quality\">Deficien\u021bele nutri\u021bionale \u0219i calitatea dietei<\/a><\/li><li><a href=\"#stress-and-sudden-physical-strain\">Stresul \u0219i efortul fizic brusc<\/a><\/li><li><a href=\"#thyroid-and-other-hormonal-conditions\">Tiroid\u0103 \u0219i alte afec\u021biuni hormonale<\/a><\/li><li><a href=\"#pernicious-anemia-and-vitamin-b-12-malabsorption\">Anemia pernicioas\u0103 \u0219i malabsorb\u021bia vitaminei B12<\/a><\/li><li><a href=\"#autoimmune-and-pigment-disorders\">Tulbur\u0103ri autoimune \u0219i pigmentare<\/a><\/li><li><a href=\"#smoking-pollution-and-oxidative-stress\">Fumatul, poluarea \u0219i stresul oxidativ<\/a><\/li><li><a href=\"#hair-chemicals-and-heat-damage\">Produse chimice pentru p\u0103r \u0219i daune cauzate de c\u0103ldur\u0103<\/a><\/li><li><a href=\"#when-is-gray-hair-considered-premature\">C\u00e2nd este p\u0103rul gri considerat prematur?<\/a><\/li><li><a href=\"#what-helps-with-gray-hair\">Ce ajut\u0103 cu p\u0103rul gri?<\/a><ul><li><a href=\"#eat-a-balanced-protein-rich-diet\">M\u00e2nca\u021bi o diet\u0103 echilibrat\u0103, bogat\u0103 \u00een proteine<\/a><\/li><li><a href=\"#check-and-correct-real-deficiencies\">Verifica\u021bi \u0219i corecta\u021bi deficien\u021bele reale<\/a><\/li><li><a href=\"#quit-smoking\">Renun\u021ba\u021bi la fumat<\/a><\/li><li><a href=\"#reduce-ongoing-stress-where-you-can\">Reduce\u021bi stresul continuu acolo unde pute\u021bi<\/a><\/li><li><a href=\"#use-gentle-hair-care-for-gray-strands\">Utiliza\u021bi \u00eengrijirea bl\u00e2nd\u0103 a p\u0103rului pentru \u0219uvi\u021bele gri<\/a><\/li><\/ul><\/li><li><a href=\"#faq\">\u00centreb\u0103ri frecvente<\/a><\/li><\/ul><\/nav><\/div>\n\n\n\n<h2 class=\"wp-block-heading\" id=\"what-causes-gray-hair\"><b>Ce cauzeaz\u0103 p\u0103rul gri<\/b><\/h2>\n\n\n\n<p class=\"wp-block-paragraph\"><span style=\"font-weight: 400;\">Majoritatea oamenilor devin gri din motive simple, cum ar fi genetica \u0219i \u00eemb\u0103tr\u00e2nirea natural\u0103. C\u00e2nd \u00eencarnirea \u00eencepe foarte devreme sau pare brusc\u0103, merit\u0103 s\u0103 ne uit\u0103m la factorii stilului de via\u021b\u0103 \u0219i, ocazional, la cauzele medicale.<\/span><\/p>\n\n\n\n<h2 class=\"wp-block-heading\" id=\"genetics\"><b>Genetica<\/b><\/h2>\n\n\n\n<p class=\"wp-block-paragraph\"><span style=\"font-weight: 400;\">Dac\u0103 unul sau ambii p\u0103rin\u021bi s-au \u00eenr\u0103it devreme, este mai probabil s\u0103 face\u021bi acela\u0219i lucru. Genele influen\u021beaz\u0103 c\u00e2t de mult r\u0103m\u00e2n active melanocitele \u0219i c\u00e2t de repede sunt epuizate celulele pigmentare \u00een timp.<\/span><\/p>\n\n\n\n<h2 class=\"wp-block-heading\" id=\"aging\"><b>\u00cemb\u0103tr\u00e2nirea<\/b><\/h2>\n\n\n\n<p class=\"wp-block-paragraph\"><span style=\"font-weight: 400;\">Odat\u0103 cu v\u00e2rsta, melanocitele devin din ce \u00een ce mai pu\u021bine \u0219i mai pu\u021bin eficiente, astfel \u00eenc\u00e2t foliculii depun mai pu\u021bin\u0103 melanin\u0103 \u00een p\u0103rul nou. Acesta este motivul pentru care \u00eengrijirea progreseaz\u0103 de obicei treptat de-a lungul anilor.<\/span><\/p>\n\n\n\n<h2 class=\"wp-block-heading\" id=\"nutrient-deficiencies-and-diet-quality\"><b>Deficien\u021bele nutri\u021bionale \u0219i calitatea dietei<\/b><\/h2>\n\n\n\n<p class=\"wp-block-paragraph\"><span style=\"font-weight: 400;\">Nutri\u021bia general\u0103 deficitar\u0103 poate contribui la stresul oxidativ \u0219i poate fi asociat\u0103 cu \u00eenrudirea timpurie la unii oameni. \u00cen practica clinic\u0103, vitamina B12 sc\u0103zut\u0103 este una dintre cele mai notabile deficien\u021be asociate cu albirea prematur\u0103, iar corectarea unei adev\u0103rate deficien\u021be este important\u0103 pentru s\u0103n\u0103tatea general\u0103.<\/span><\/p>\n\n\n\n<h2 class=\"wp-block-heading\" id=\"stress-and-sudden-physical-strain\"><b>Stresul \u0219i efortul fizic brusc<\/b><\/h2>\n\n\n\n<p class=\"wp-block-paragraph\"><span style=\"font-weight: 400;\">Stresul nu devine instantaneu p\u0103rul gri peste noapte, dar stresul pe termen lung poate afecta ciclurile p\u0103rului \u0219i biologia celulelor pigmentare. Unii oameni observ\u0103 mai mult cenu\u0219iu dup\u0103 perioade de \u00eencordare major\u0103, pierdere a somnului sau boal\u0103, de\u0219i momentul este adesea influen\u021bat de genetic\u0103.<\/span><\/p>\n\n\n\n<h2 class=\"wp-block-heading\" id=\"thyroid-and-other-hormonal-conditions\"><b>Tiroid\u0103 \u0219i alte afec\u021biuni hormonale<\/b><\/h2>\n\n\n\n<p class=\"wp-block-paragraph\"><span style=\"font-weight: 400;\">Disfunc\u021bia tiroidian\u0103 poate afecta multe sisteme ale corpului, inclusiv cre\u0219terea p\u0103rului \u0219i pigmentarea. Dac\u0103 p\u0103rul gri apare neobi\u0219nuit de devreme \u2013 \u00een special cu simptome precum oboseal\u0103, modific\u0103ri de greutate sau r\u0103rirea p\u0103rului \u2013 discuta\u021bi cu un medic despre testarea tiroidei.<\/span><\/p>\n\n\n\n<h2 class=\"wp-block-heading\" id=\"pernicious-anemia-and-vitamin-b-12-malabsorption\"><b>Anemia pernicioas\u0103 \u0219i malabsorb\u021bia vitaminei B12<\/b><\/h2>\n\n\n\n<p class=\"wp-block-paragraph\"><span style=\"font-weight: 400;\">Anemia pernicioas\u0103 poate cauza deficit de vitamina B12, deoarece organismul nu poate absorbi B12 \u00een mod corespunz\u0103tor. \u00cen cazuri rare, tratarea unei deficien\u021be de B12 a fost asociat\u0103 cu repigmentarea par\u021bial\u0103, dar aceasta nu este tipic\u0103 \u0219i depinde de cauza de baz\u0103.<\/span><\/p>\n\n\n\n<h2 class=\"wp-block-heading\" id=\"autoimmune-and-pigment-disorders\"><b>Tulbur\u0103ri autoimune \u0219i pigmentare<\/b><\/h2>\n\n\n\n<p class=\"wp-block-paragraph\"><span style=\"font-weight: 400;\">Afec\u021biuni precum vitiligo \u0219i alopecia areata pot afecta pigmentarea \u0219i pot provoca pete de p\u0103r alb. O dung\u0103 alb\u0103 localizat\u0103 (polioz\u0103) poate fi mo\u0219tenit\u0103 sau asociat\u0103 cu anumite afec\u021biuni medicale.<\/span><\/p>\n\n\n\n<h2 class=\"wp-block-heading\" id=\"smoking-pollution-and-oxidative-stress\"><b>Fumatul, poluarea \u0219i stresul oxidativ<\/b><\/h2>\n\n\n\n<p class=\"wp-block-paragraph\"><span style=\"font-weight: 400;\">Fumul de \u021bigar\u0103 cre\u0219te stresul oxidativ \u0219i este asociat \u00een studii cu un risc mai mare de albire prematur\u0103. Expunerea la UV \u0219i poluarea mediului pot contribui, de asemenea, la stresul foliculilor \u00een timp.<\/span><\/p>\n\n\n\n<h2 class=\"wp-block-heading\" id=\"hair-chemicals-and-heat-damage\"><b>Produse chimice pentru p\u0103r \u0219i daune cauzate de c\u0103ldur\u0103<\/b><\/h2>\n\n\n\n<p class=\"wp-block-paragraph\"><span style=\"font-weight: 400;\">\u00cen\u0103lbirea, vopselele dure, coafarea frecvent\u0103 la c\u0103ldur\u0103 ridicat\u0103 \u0219i \u00eendreptarea agresiv\u0103 pot sl\u0103bi firul de p\u0103r \u0219i pot irita scalpul. Ei nu vor \u201ecrea\u201d p\u0103rul gri singuri, dar pot face p\u0103rul s\u0103 arate plictisitor, uscat \u0219i mai vizibil cenu\u0219iu odat\u0103 ce a \u00eenceput \u00eenc\u0103run\u021birea.<\/span><\/p>\n\n\n\n<figure class=\"wp-block-image\"><img decoding=\"async\" src=\"https:\/\/haircenterofturkey.com\/wp-content\/uploads\/2024\/07\/what-is-gray-hair_1.webp\" alt=\"What is gray hair? What is good for gray hair?\" title=\"\"><\/figure>\n\n\n\n<p class=\"wp-block-paragraph\"><\/p>\n\n\n\n<h2 class=\"wp-block-heading\" id=\"when-is-gray-hair-considered-premature\"><b>C\u00e2nd este p\u0103rul gri considerat prematur?<\/b><\/h2>\n\n\n\n<p class=\"wp-block-paragraph\"><span style=\"font-weight: 400;\">Majoritatea referin\u021belor dermatologice descriu c\u0103runt prematur ca p\u0103rul gri care apare \u00eenainte de 20 de ani la popula\u021biile albe, \u00eenainte de 25 de ani \u00een multe popula\u021bii asiatice \u0219i \u00eenainte de 30 de ani \u00een multe popula\u021bii de culoare. Acestea sunt limite generale \u2013 istoricul familiei tale \u00eenc\u0103 conteaz\u0103 cel mai mult pentru sincronizarea individual\u0103.<\/span><\/p>\n\n\n\n<h2 class=\"wp-block-heading\" id=\"what-helps-with-gray-hair\"><b>Ce ajut\u0103 cu p\u0103rul gri?<\/b><\/h2>\n\n\n\n<p class=\"wp-block-paragraph\"><span style=\"font-weight: 400;\">Nu exist\u0103 nicio modalitate dovedit\u0103 de a opri permanent \u00eengrijirea odat\u0103 ce foliculii \u00eenceteaz\u0103 s\u0103 produc\u0103 pigment. Acestea fiind spuse, c\u00e2teva obiceiuri pot sus\u021bine s\u0103n\u0103tatea scalpului \u0219i a foliculilor \u0219i pot \u00eencetini ritmul albirii vizibile.<\/span><\/p>\n\n\n\n<h3 class=\"wp-block-heading\" id=\"eat-a-balanced-protein-rich-diet\"><b>M\u00e2nca\u021bi o diet\u0103 echilibrat\u0103, bogat\u0103 \u00een proteine<\/b><\/h3>\n\n\n\n<p class=\"wp-block-paragraph\"><span style=\"font-weight: 400;\">P\u0103rul este f\u0103cut \u00een mare parte din proteine, iar foliculii se bazeaz\u0103 pe o nutri\u021bie constant\u0103 pentru a cre\u0219te fire puternice. Urm\u0103ri\u021bi o diet\u0103 variat\u0103, cu proteine, fier, zinc, cupru \u0219i vitamine B din alimente integrale.<\/span><\/p>\n\n\n\n<h3 class=\"wp-block-heading\" id=\"check-and-correct-real-deficiencies\"><b>Verifica\u021bi \u0219i corecta\u021bi deficien\u021bele reale<\/b><\/h3>\n\n\n\n<p class=\"wp-block-paragraph\"><span style=\"font-weight: 400;\">Dac\u0103 ave\u021bi grinzi precoce sau rapide, este rezonabil s\u0103 discuta\u021bi despre analizele de s\u00e2nge cu un medic, \u00een special pentru vitamina B12, starea fierului \u0219i func\u021bia tiroidian\u0103. Suplimentele pot ajuta atunci c\u00e2nd exist\u0103 o deficien\u021b\u0103, dar administrarea de doze mari \u201epentru orice eventualitate\u201d schimb\u0103 rareori culoarea p\u0103rului.<\/span><\/p>\n\n\n\n<h3 class=\"wp-block-heading\" id=\"quit-smoking\"><b>Renun\u021ba\u021bi la fumat<\/b><\/h3>\n\n\n\n<p class=\"wp-block-paragraph\"><span style=\"font-weight: 400;\">Renun\u021barea este unul dintre cei mai practici pa\u0219i pe care \u00eei pute\u021bi lua pentru \u00eemb\u0103tr\u00e2nirea p\u0103rului \u0219i a pielii. Chiar dac\u0103 nu inverseaz\u0103 p\u0103rul gri, sus\u021bine fluxul sanguin \u0219i reduce stresul oxidativ asupra foliculilor.<\/span><\/p>\n\n\n\n<h3 class=\"wp-block-heading\" id=\"reduce-ongoing-stress-where-you-can\"><b>Reduce\u021bi stresul continuu acolo unde pute\u021bi<\/b><\/h3>\n\n\n\n<p class=\"wp-block-paragraph\"><span style=\"font-weight: 400;\">Nu ave\u021bi nevoie de un calm perfect pentru un p\u0103r s\u0103n\u0103tos, dar stresul cronic poate afecta somnul, inflama\u021bia \u0219i c\u0103derea p\u0103rului. Rutinele simple \u2013 mi\u0219carea regulat\u0103, somnul constant \u0219i limitele realiste ale volumului de munc\u0103 \u2013 fac adesea diferen\u021ba.<\/span><\/p>\n\n\n\n<h3 class=\"wp-block-heading\" id=\"use-gentle-hair-care-for-gray-strands\"><b>Utiliza\u021bi \u00eengrijirea bl\u00e2nd\u0103 a p\u0103rului pentru \u0219uvi\u021bele gri<\/b><\/h3>\n\n\n\n<p class=\"wp-block-paragraph\"><span style=\"font-weight: 400;\">P\u0103rul gri se poate sim\u021bi mai uscat sau mai aspru, a\u0219a c\u0103 \u0219ampoanele hidratante, balsamul \u0219i m\u0103\u0219tile ocazionale pot ajuta. Dac\u0103 p\u0103rul t\u0103u arat\u0103 galben sau alamie, un \u0219ampon cu tonuri violete o dat\u0103 sau de dou\u0103 ori pe s\u0103pt\u0103m\u00e2n\u0103 poate \u00eembun\u0103t\u0103\u021bi aspectul f\u0103r\u0103 a schimba pigmentul.<\/span><\/p>\n\n\n\n<h2 class=\"wp-block-heading\" id=\"faq\"><b>\u00centreb\u0103ri frecvente<\/b><\/h2>\n\n\n<div id=\"rank-math-faq\" class=\"rank-math-block\">\n<div class=\"rank-math-list \">\n<div id=\"faq-question-1771422570673\" class=\"rank-math-list-item\">\n<h3 class=\"rank-math-question \">Care este cel mai bun lucru de f\u0103cut pentru p\u0103rul gri?<\/h3>\n<div class=\"rank-math-answer \">\n\n<p>Imbratiseaza-l si foloseste produse hidratante, protectoare UV; minimiza\u021bi c\u0103ldura \u0219i substan\u021bele chimice dure.<\/p>\n\n<\/div>\n<\/div>\n<div id=\"faq-question-1771422591818\" class=\"rank-math-list-item\">\n<h3 class=\"rank-math-question \">Cum s\u0103 faci p\u0103rul gri argintiu str\u0103lucitor?<\/h3>\n<div class=\"rank-math-answer \">\n\n<p>Folosi\u021bi s\u0103pt\u0103m\u00e2nal un \u0219ampon violet, \u00een stare profund\u0103 \u0219i lua\u021bi \u00een considerare un toner sau un luciu argintiu.<\/p>\n\n<\/div>\n<\/div>\n<div id=\"faq-question-1771422598507\" class=\"rank-math-list-item\">\n<h3 class=\"rank-math-question \">Ce vitamina \u00eemi lipse\u0219te dac\u0103 am p\u0103rul gri?<\/h3>\n<div class=\"rank-math-answer \">\n\n<p>Deficitul de vitamina B12 poate provoca incarnire prematura; confirma\u021bi cu laboratoarele \u0219i medicul clinician.<\/p>\n\n<\/div>\n<\/div>\n<div id=\"faq-question-1771422604507\" class=\"rank-math-list-item\">\n<h3 class=\"rank-math-question \">Ce culoare de p\u0103r este cea mai bun\u0103 \u0219i de lung\u0103 durat\u0103 pentru p\u0103rul gri?<\/h3>\n<div class=\"rank-math-answer \">\n\n<p>Vopsea permanent\u0103 cu formule de \u00eenalt\u0103 acoperire sau retu\u0219uri profesionale demi-permanente plus r\u0103d\u0103cini, dureaz\u0103 cel mai mult.<\/p>\n\n<\/div>\n<\/div>\n<div id=\"faq-question-1771422617912\" class=\"rank-math-list-item\">\n<h3 class=\"rank-math-question \">Ce tip de \u0219ampon este cel mai bun pentru p\u0103rul gri?<\/h3>\n<div class=\"rank-math-answer \">\n\n<p>\u0218amponul hidratant f\u0103r\u0103 sulfati, cu pigmen\u021bi violet \u0219i antioxidan\u021bi ajut\u0103 la prevenirea \u00eeng\u0103lbenirii \u0219i usc\u0103ciunii.<\/p>\n\n<\/div>\n<\/div>\n<\/div>\n<\/div>\n\n\n<p class=\"wp-block-paragraph\"><br><\/p>\n","protected":false},"excerpt":{"rendered":"<p>Ce cauzeaz\u0103 p\u0103rul gri Majoritatea oamenilor devin gri din motive simple, cum ar fi genetica \u0219i \u00eemb\u0103tr\u00e2nirea natural\u0103. C\u00e2nd \u00eencarnirea \u00eencepe foarte devreme sau pare brusc\u0103, merit\u0103 s\u0103 ne uit\u0103m la factorii stilului de via\u021b\u0103 \u0219i, ocazional, la cauzele medicale. Genetica Dac\u0103 unul sau ambii p\u0103rin\u021bi s-au \u00eenr\u0103it devreme, este mai probabil s\u0103 face\u021bi acela\u0219i [&hellip;]<\/p>\n","protected":false},"author":2,"featured_media":316,"comment_status":"closed","ping_status":"closed","sticky":false,"template":"","format":"standard","meta":{"footnotes":"","rank_math_title":"","rank_math_description":"P\u0103rul gri este cauzat de o pierdere natural\u0103 a melaninei, pigmentul responsabil pentru culoarea p\u0103rului.","rank_math_focus_keyword":"","rank_math_canonical_url":"","rank_math_breadcrumb_title":"","rank_math_facebook_title":"","rank_math_facebook_description":"","rank_math_facebook_image":"","rank_math_twitter_title":"","rank_math_twitter_description":"","rank_math_twitter_image":"","rank_math_pillar_content":""},"categories":[968,987],"tags":[],"class_list":["post-54003","post","type-post","status-publish","format-standard","has-post-thumbnail","hentry","category-blog","category-caderea-parului"],"_links":{"self":[{"href":"https:\/\/haircenterofturkey.com\/ro\/wp-json\/wp\/v2\/posts\/54003","targetHints":{"allow":["GET"]}}],"collection":[{"href":"https:\/\/haircenterofturkey.com\/ro\/wp-json\/wp\/v2\/posts"}],"about":[{"href":"https:\/\/haircenterofturkey.com\/ro\/wp-json\/wp\/v2\/types\/post"}],"author":[{"embeddable":true,"href":"https:\/\/haircenterofturkey.com\/ro\/wp-json\/wp\/v2\/users\/2"}],"replies":[{"embeddable":true,"href":"https:\/\/haircenterofturkey.com\/ro\/wp-json\/wp\/v2\/comments?post=54003"}],"version-history":[{"count":2,"href":"https:\/\/haircenterofturkey.com\/ro\/wp-json\/wp\/v2\/posts\/54003\/revisions"}],"predecessor-version":[{"id":60415,"href":"https:\/\/haircenterofturkey.com\/ro\/wp-json\/wp\/v2\/posts\/54003\/revisions\/60415"}],"wp:featuredmedia":[{"embeddable":true,"href":"https:\/\/haircenterofturkey.com\/ro\/wp-json\/wp\/v2\/media\/316"}],"wp:attachment":[{"href":"https:\/\/haircenterofturkey.com\/ro\/wp-json\/wp\/v2\/media?parent=54003"}],"wp:term":[{"taxonomy":"category","embeddable":true,"href":"https:\/\/haircenterofturkey.com\/ro\/wp-json\/wp\/v2\/categories?post=54003"},{"taxonomy":"post_tag","embeddable":true,"href":"https:\/\/haircenterofturkey.com\/ro\/wp-json\/wp\/v2\/tags?post=54003"}],"curies":[{"name":"wp","href":"https:\/\/api.w.org\/{rel}","templated":true}]}}