{"id":53962,"date":"2024-08-03T11:51:29","date_gmt":"2024-08-03T08:51:29","guid":{"rendered":"https:\/\/haircenterofturkey.com\/?p=53962"},"modified":"2026-08-31T13:19:10","modified_gmt":"2026-08-31T10:19:10","slug":"alopecia-barbae-alopecia-de-barba-cauze-si-optiuni-de-tratament","status":"publish","type":"post","link":"https:\/\/haircenterofturkey.com\/ro\/alopecia-barbae-alopecia-de-barba-cauze-si-optiuni-de-tratament\/","title":{"rendered":"Alopecia Barbae (Alopecia de barb\u0103): cauze \u0219i op\u021biuni de tratament"},"content":{"rendered":"\n<p class=\"wp-block-paragraph\">Hair Center of Turkey a tratat c\u0103derea p\u0103rului \u0219i a barbei de la clinica noastr\u0103 din Istanbul din 2014. Cei trei medici speciali\u0219ti efectueaz\u0103 aproximativ 3.000 de proceduri de transplant de p\u0103r \u0219i barb\u0103 pe an \u0219i diagnosticheaz\u0103 \u0219i gestioneaz\u0103 regulat alopecia barbii. Ceea ce urmeaz\u0103 se bazeaz\u0103 pe acea experien\u021b\u0103 clinic\u0103.<\/p>\n\n\n\n<div class=\"wp-block-rank-math-toc-block\" id=\"rank-math-toc\"><h2>Table of Contents<\/h2><nav><ul><li><a href=\"#quick-answer-what-is-alopecia-barbae\">R\u0103spuns rapid: Ce este Alopecia Barbae?<\/a><\/li><li><a href=\"#alopecia-barbae-causes-of-beard-loss\">Alopecia Barbae: Cauzele pierderii barbei<\/a><\/li><li><a href=\"#what-is-alopecia-barbae\">Ce este Alopecia Barbae?<\/a><\/li><li><a href=\"#signs-and-symptoms\">Semne \u0219i simptome<\/a><\/li><li><a href=\"#why-beard-hair-loss-happens\">De ce se \u00eent\u00e2mpl\u0103 c\u0103derea p\u0103rului \u00een barb\u0103<\/a><ul><li><a href=\"#autoimmune-reaction-around-hair-follicles\">Reac\u021bia autoimun\u0103 \u00een jurul foliculilor de p\u0103r<\/a><\/li><li><a href=\"#triggers-and-risk-factors\">Declan\u0219atoare \u0219i factori de risc<\/a><\/li><\/ul><\/li><li><a href=\"#how-alopecia-barbae-is-diagnosed\">Cum este diagnosticat\u0103 Alopecia Barbae<\/a><\/li><li><a href=\"#treatment-options\">Op\u021biuni de tratament<\/a><ul><li><a href=\"#first-line-treatments-for-small-patches\">Tratamente de prim\u0103 linie pentru plasturi mici<\/a><\/li><li><a href=\"#options-for-persistent-or-extensive-hair-loss\">Op\u021biuni pentru c\u0103derea persistent\u0103 sau extins\u0103 a p\u0103rului<\/a><\/li><\/ul><\/li><li><a href=\"#can-alopecia-barbae-come-back-after-treatment\">Poate Alopecia Barbae s\u0103 revin\u0103 dup\u0103 tratament?<\/a><\/li><li><a href=\"#when-to-seek-medical-advice\">C\u00e2nd s\u0103 solicita\u021bi sfatul medicului<\/a><\/li><li><a href=\"#frequently-asked-questions\">\u00centreb\u0103ri frecvente<\/a><\/li><\/ul><\/nav><\/div>\n\n\n\n<div class=\"wp-block-group tldr\"><div class=\"wp-block-group__inner-container is-layout-flow wp-block-group-is-layout-flow\">\n<h2 id=\"quick-answer-what-is-alopecia-barbae\" class=\"wp-block-heading\">R\u0103spuns rapid: Ce este Alopecia Barbae?<\/h2>\n\n\n\n<p class=\"wp-block-paragraph\">Alopecia barbae este o afec\u021biune autoimun\u0103 care provoac\u0103 pete chelie bru\u0219te, bine definite \u00een zona barbii. Sistemul imunitar atac\u0103 \u00een mod gre\u0219it foliculii de p\u0103r, produc\u00e2nd una sau mai multe pete netede, de m\u0103rimea unei monede. Un dermatolog confirm\u0103 diagnosticul, iar tratamentul implic\u0103 de obicei injec\u021bii cu corticosteroizi, imunoterapie topic\u0103 sau minoxidil. La majoritatea b\u0103rba\u021bilor, barba cre\u0219te \u00een c\u00e2teva luni, de\u0219i peticele pot reveni.<\/p>\n<\/div><\/div>\n\n\n\n<h2 id=\"alopecia-barbae-causes-of-beard-loss\" class=\"wp-block-heading\"><b>Alopecia Barbae: Cauzele pierderii barbei<\/b><\/h2>\n\n\n\n<p class=\"wp-block-paragraph\"><span style=\"font-weight: 400;\">Alopecia barbae este c\u0103derea neted\u0103 a p\u0103rului din barb\u0103 cauzat\u0103 de alopecia areata, o afec\u021biune autoimun\u0103. Adesea apare ca una sau mai multe puncte chelie rotunde, netede pe linia maxilarului, obrajii sau b\u0103rbie. Un dermatolog poate confirma diagnosticul \u0219i discuta despre op\u021biuni precum tratamente cu steroizi, terapii topice \u0219i medicamente care vizeaz\u0103 imunitatea atunci c\u00e2nd c\u0103derea p\u0103rului este sever\u0103.<\/span><\/p>\n\n\n\n<h2 id=\"what-is-alopecia-barbae\" class=\"wp-block-heading\"><b>Ce este Alopecia Barbae?<\/b><\/h2>\n\n\n\n<figure class=\"wp-block-image\"><img decoding=\"async\" src=\"https:\/\/haircenterofturkey.com\/wp-content\/uploads\/2024\/08\/alopecia-barbae-images.webp\" alt=\"Alopecia Barbae: Causes of Beard Loss\" title=\"\"><\/figure>\n\n\n\n<p class=\"wp-block-paragraph\"><span style=\"font-weight: 400;\">Alopecia barbae este numele folosit atunci c\u00e2nd alopecia areata afecteaz\u0103 zona barbii. \u00cen loc s\u0103 se sub\u021bieze uniform, p\u0103rul facial cade \u00een pete bine definite. Pielea arat\u0103 de obicei normal, f\u0103r\u0103 descuam\u0103ri sau cicatrici, deoarece foliculii de p\u0103r sunt \u00eenc\u0103 \u00een via\u021b\u0103.<\/span><\/p>\n\n\n\n<p class=\"wp-block-paragraph\"><span style=\"font-weight: 400;\">Unii oameni observ\u0103 primul plasture dup\u0103 stres, o boal\u0103 sau nici un declan\u0219ator evident. Cursul este imprevizibil: p\u0103rul poate s\u0103 recreasc\u0103 singur, s\u0103 r\u0103spund\u0103 rapid la tratament sau s\u0103 apar\u0103 \u0219i s\u0103 dispar\u0103 \u00een timp. Deoarece alte c\u00e2teva afec\u021biuni pot imita c\u0103derea p\u0103rului pe barb\u0103, o evaluare adecvat\u0103 conteaz\u0103.<\/span><\/p>\n\n\n\n<h2 id=\"signs-and-symptoms\" class=\"wp-block-heading\"><b>Semne \u0219i simptome<\/b><\/h2>\n\n\n\n<p class=\"wp-block-paragraph\"><span style=\"font-weight: 400;\">Majoritatea cazurilor \u00eencep cu pete chelie mici, circulare, care se pot extinde sau \u00eembina. Este posibil s\u0103 sim\u021bi\u021bi m\u00e2nc\u0103rimi u\u0219oare, furnic\u0103turi sau sensibilitate \u00eenainte de c\u0103derea p\u0103rului, dar mul\u021bi oameni nu simt nimic. P\u0103rurile scurte rupte sau firele de p\u0103r \u201esemnul exclam\u0103rii\u201d de la marginea unui plasture pot fi un indiciu pentru boala activ\u0103.<\/span><\/p>\n\n\n\n<p class=\"wp-block-paragraph\"><span style=\"font-weight: 400;\">Recre\u0219terea \u00eencepe adesea ca fire de p\u0103r fine, de culoare deschis\u0103, care se \u00eengroa\u0219\u0103 \u0219i se \u00eentunec\u0103 treptat. La unii oameni, alopecia areata afecteaz\u0103 \u0219i p\u0103rul scalpului, spr\u00e2ncenele sau genele. Pot ap\u0103rea modific\u0103ri ale unghiilor, cum ar fi mici gropi sau creste, chiar \u0219i atunci c\u00e2nd c\u0103derea p\u0103rului este limitat\u0103 la barb\u0103.<\/span><\/p>\n\n\n\n<figure class=\"wp-block-image\"><img decoding=\"async\" src=\"https:\/\/haircenterofturkey.com\/wp-content\/uploads\/2024\/08\/alopecia-barbae-2-1-images.webp\" alt=\"Alopecia Barbae: Causes of Beard Loss\" title=\"\"><\/figure>\n\n\n\n<h2 id=\"why-beard-hair-loss-happens\" class=\"wp-block-heading\"><b>De ce se \u00eent\u00e2mpl\u0103 c\u0103derea p\u0103rului \u00een barb\u0103<\/b><\/h2>\n\n\n\n<h3 id=\"autoimmune-reaction-around-hair-follicles\" class=\"wp-block-heading\"><b>Reac\u021bia autoimun\u0103 \u00een jurul foliculilor de p\u0103r<\/b><\/h3>\n\n\n\n<p class=\"wp-block-paragraph\"><span style=\"font-weight: 400;\">\u00cen alopecia barbae, sistemul imunitar vizeaz\u0103 \u00een mod eronat foliculii de p\u0103r care sunt \u00een faza de cre\u0219tere. Aceast\u0103 \u00eentrerupere \u00eempinge foliculii din ciclul de cre\u0219tere mai devreme, astfel \u00eenc\u00e2t firele de p\u0103r s\u0103 cad\u0103 mai u\u0219or. Foliculii nu sunt distru\u0219i, motiv pentru care recre\u0219terea este \u00eenc\u0103 posibil\u0103.<\/span><\/p>\n\n\n\n<h3 id=\"triggers-and-risk-factors\" class=\"wp-block-heading\"><b>Declan\u0219atoare \u0219i factori de risc<\/b><\/h3>\n\n\n\n<p class=\"wp-block-paragraph\"><span style=\"font-weight: 400;\">Alopecia areata tinde s\u0103 apar\u0103 \u00een familii, suger\u00e2nd o tendin\u021b\u0103 genetic\u0103. Este, de asemenea, legat de alte afec\u021biuni legate de imunitate, cum ar fi bolile tiroidiene, vitiligo \u0219i diabetul de tip 1. Afec\u021biunile atopice precum eczema, astmul sau febra f\u00e2nului sunt raportate mai des la persoanele cu alopecie areata.<\/span><\/p>\n\n\n\n<p class=\"wp-block-paragraph\"><span style=\"font-weight: 400;\">Stresul este adesea discutat ca un factor de erup\u021bie, dar rareori este singurul motiv pentru care p\u0103rul cade. Alopecia barbae nu este contagioasa si nu este cauzata de o igiena precara sau de ras. Dac\u0103 ave\u021bi durere, descuamare, pustule sau cicatrici, un alt diagnostic poate fi mai probabil.<\/span><\/p>\n\n\n\n<h2 id=\"how-alopecia-barbae-is-diagnosed\" class=\"wp-block-heading\">Cum este diagnosticat\u0103 Alopecia Barbae<\/h2>\n\n\n\n<figure class=\"wp-block-image\"><img decoding=\"async\" src=\"https:\/\/haircenterofturkey.com\/wp-content\/uploads\/2024\/08\/alopecia-barbae-3-images.webp\" alt=\"Alopecia Barbae: Causes of Beard Loss\" title=\"\"><\/figure>\n\n\n\n<p class=\"wp-block-paragraph\"><span style=\"font-weight: 400;\">Dermatologii diagnosticheaz\u0103 adesea alopecia barbae examin\u00e2nd modelul c\u0103derii p\u0103rului \u0219i starea pielii. Un examen de prim-plan cu dermatoscopie (tricoscopie) poate dezv\u0103lui constat\u0103ri caracteristice, cum ar fi puncte negre, fire de p\u0103r rupte sau fire de p\u0103r cu semnul exclam\u0103rii. Aceste detalii ajut\u0103 la separarea alopeciei barbae de infec\u021biile fungice, trac\u021biunea \u0219i tulbur\u0103rile de cicatrizare.<\/span><\/p>\n\n\n\n<p class=\"wp-block-paragraph\"><span style=\"font-weight: 400;\">\u00cen func\u021bie de istoricul \u0219i examenul dvs., medicul dumneavoastr\u0103 v\u0103 poate sugera teste pentru afec\u021biuni conexe, cum ar fi probleme cu tiroida, mai ales dac\u0103 ave\u021bi simptome. Dac\u0103 prezentarea este neobi\u0219nuit\u0103 sau tratamentul nu func\u021bioneaz\u0103, o mic\u0103 biopsie a pielii poate confirma diagnosticul \u0219i exclude alte cauze.<\/span><\/p>\n\n\n\n<h2 id=\"treatment-options\" class=\"wp-block-heading\">Op\u021biuni de tratament<\/h2>\n\n\n\n<figure class=\"wp-block-image\"><img decoding=\"async\" src=\"https:\/\/haircenterofturkey.com\/wp-content\/uploads\/2024\/08\/alopecia-barbae-4-images.webp\" alt=\"Alopecia Barbae: Causes of Beard Loss\" title=\"\"><\/figure>\n\n\n\n<p class=\"wp-block-paragraph\"><span style=\"font-weight: 400;\">Tratamentul depinde de c\u00e2t de mult p\u0103rul de barb\u0103 este afectat, c\u00e2t de repede se r\u0103sp\u00e2ndesc plasturii \u0219i dac\u0103 sunt implicate alte zone. Unele cazuri u\u0219oare cresc f\u0103r\u0103 tratament, dar terapia poate accelera cre\u0219terea \u0219i reduce \u0219ansa de m\u0103rire. De asemenea, un dermatolog v\u0103 poate ajuta s\u0103 evita\u021bi tratamentele care irit\u0103 pielea fe\u021bei sau agraveaz\u0103 foliculita.<\/span><\/p>\n\n\n\n<h3 id=\"first-line-treatments-for-small-patches\" class=\"wp-block-heading\">Tratamente de prim\u0103 linie pentru plasturi mici<\/h3>\n\n\n\n<ul class=\"wp-block-list\">\n<li><span style=\"font-weight: 400;\">Injec\u021bii intralezionale cu corticosteroizi \u00een plasturi (utilizate adesea c\u00e2nd exist\u0103 c\u00e2teva zone mici).<\/span><\/li>\n\n\n\n<li><span style=\"font-weight: 400;\">Corticosteroizi topici puternici aplica\u021bi pentru o perioad\u0103 limitat\u0103, cu monitorizare atent\u0103 pentru efectele secundare ale pielii fe\u021bei.<\/span><\/li>\n\n\n\n<li><span style=\"font-weight: 400;\">Minoxidilul topic poate fi ad\u0103ugat \u00een unele cazuri pentru a sprijini regenerarea, de obicei ca parte a unui plan mai larg.<\/span><\/li>\n<\/ul>\n\n\n\n<h3 id=\"options-for-persistent-or-extensive-hair-loss\" class=\"wp-block-heading\">Op\u021biuni pentru c\u0103derea persistent\u0103 sau extins\u0103 a p\u0103rului<\/h3>\n\n\n\n<ul class=\"wp-block-list\">\n<li><span style=\"font-weight: 400;\">Cursuri scurte de corticosteroizi sistemici pot fi utilizate pentru boala cu progresie rapid\u0103, echilibrat\u0103 cu efectele secundare.<\/span><\/li>\n\n\n\n<li><span style=\"font-weight: 400;\">Imunoterapia topic\u0103 sau alte tratamente clinice pot fi luate \u00een considerare atunci c\u00e2nd plasturii reapar sau rezist\u0103 terapiei standard.<\/span><\/li>\n\n\n\n<li><span style=\"font-weight: 400;\">Pentru alopecia areata sever\u0103, medicamentele care vizeaz\u0103 imunitatea, cum ar fi inhibitorii JAK, pot fi o op\u021biune \u00een cadrul \u00eengrijirii de specialitate (de exemplu, baricitinib pentru adul\u021bi \u0219i ritlecitinib pentru v\u00e2rsta de peste 12 ani \u00een S.U.A.).<\/span><\/li>\n<\/ul>\n\n\n\n<p class=\"wp-block-paragraph\"><span style=\"font-weight: 400;\">Deoarece multe tratamente sunt utilizate \u00een afara etichetei pentru implicarea b\u0103rbii, medicul dermatolog ar trebui s\u0103 explice beneficiile a\u0219teptate, calendarul \u0219i riscurile. Fotografiile f\u0103cute la fiecare c\u00e2teva s\u0103pt\u0103m\u00e2ni v\u0103 pot ajuta pe dumneavoastr\u0103 \u0219i pe medicul dumneavoastr\u0103 s\u0103 progresa\u021bi mai obiectiv.<\/span><\/p>\n\n\n\n<h2 id=\"can-alopecia-barbae-come-back-after-treatment\" class=\"wp-block-heading\">Poate Alopecia Barbae s\u0103 revin\u0103 dup\u0103 tratament?<\/h2>\n\n\n\n<p class=\"wp-block-paragraph\"><span style=\"font-weight: 400;\">Recidiva este posibil\u0103, chiar \u0219i dup\u0103 o regenerare bun\u0103. Unii oameni au un episod \u0219i nu \u00eel mai v\u0103d niciodat\u0103, \u00een timp ce al\u021bii parcurg erup\u021bii \u0219i recre\u0219tere. Urm\u0103ririle regulate ajut\u0103 la ajustarea precoce a tratamentului dac\u0103 apar noi plasturi.<\/span><\/p>\n\n\n\n<p class=\"wp-block-paragraph\"><span style=\"font-weight: 400;\">Dac\u0103 ave\u021bi un istoric de erup\u021bii repetate, discuta\u021bi cu medicul dumneavoastr\u0103 despre strategiile de \u00eentre\u021binere \u0219i a\u0219tept\u0103rile realiste. Tratamentul precoce al unor noi plasturi mici este adesea mai simplu dec\u00e2t tratarea pierderii pe scar\u0103 larg\u0103.<\/span><\/p>\n\n\n\n<h2 id=\"when-to-seek-medical-advice\" class=\"wp-block-heading\">C\u00e2nd s\u0103 solicita\u021bi sfatul medicului<\/h2>\n\n\n\n<p class=\"wp-block-paragraph\"><span style=\"font-weight: 400;\">F\u0103 o programare dac\u0103 c\u0103derea p\u0103rului \u00een barb\u0103 se extinde rapid, ai afectarea scalpului sau spr\u00e2ncenelor sau pielea arat\u0103 inflamat\u0103 sau solzoas\u0103. De asemenea, solicita\u021bi o evaluare dac\u0103 ave\u021bi simptome care ar putea sugera o boal\u0103 tiroidian\u0103, anemie sau o alt\u0103 problem\u0103 medical\u0103. Un diagnostic clar este cel mai bun mod de a evita antifungicele inutile, produsele dure de \u201ecre\u0219tere\u201d sau remediile la domiciliu care irit\u0103 pielea fe\u021bei.<\/span><\/p>\n\n\n\n<h2 id=\"frequently-asked-questions\" class=\"wp-block-heading\">\u00centreb\u0103ri frecvente<\/h2>\n\n\n<div id=\"rank-math-faq\" class=\"rank-math-block\">\n<div class=\"rank-math-list \">\n<div id=\"faq-question-1771397980919\" class=\"rank-math-list-item\">\n<h3 class=\"rank-math-question \">Cum tratezi alopecia barbae?<\/h3>\n<div class=\"rank-math-answer \">\n\n<p>Trata\u021bi cu corticosteroizi intralezionali, steroizi topici, minoxidil; consulta\u021bi un dermatolog pentru op\u021biuni.<\/p>\n\n<\/div>\n<\/div>\n<div id=\"faq-question-1771398102920\" class=\"rank-math-list-item\">\n<h3 class=\"rank-math-question \">Cum se diagnosticheaz\u0103 cauza alopeciei?<\/h3>\n<div class=\"rank-math-answer \">\n\n<p>Diagnosticul prin istoric medical, examen scalp\/barb\u0103, dermatoscopie, laboratoare \u0219i biopsie dac\u0103 nu este clar.<\/p>\n\n<\/div>\n<\/div>\n<div id=\"faq-question-1771398112946\" class=\"rank-math-list-item\">\n<h3 class=\"rank-math-question \">Care este cel mai bun medicament pentru alopecia \u00een barb\u0103?<\/h3>\n<div class=\"rank-math-answer \">\n\n<p>Triamcinolonul intralesional este de obicei de prim\u0103 linie pentru alopecia areata de barb\u0103 localizat\u0103.<\/p>\n\n<\/div>\n<\/div>\n<div id=\"faq-question-1771398119311\" class=\"rank-math-list-item\">\n<h3 class=\"rank-math-question \">Este grav\u0103 alopecia la barb\u0103?<\/h3>\n<div class=\"rank-math-answer \">\n\n<p>De obicei, nu este grav din punct de vedere medical, dar poate semnala alopecia areata care necesit\u0103 evaluare.<\/p>\n\n<\/div>\n<\/div>\n<div id=\"faq-question-1771398123473\" class=\"rank-math-list-item\">\n<h3 class=\"rank-math-question \">Ce vitamine sunt bune pentru alopecia de barb\u0103?<\/h3>\n<div class=\"rank-math-answer \">\n\n<p>Corecta\u021bi deficien\u021be: vitamina D, fier, zinc \u0219i biotin\u0103 numai atunci c\u00e2nd laboratoarele confirm\u0103 un nivel sc\u0103zut.<\/p>\n\n<\/div>\n<\/div>\n<div id=\"faq-question-3877444ec6352\" class=\"rank-math-list-item\">\n<h3 class=\"rank-math-question \">Ce cauzeaz\u0103 alopecia barbae?<\/h3>\n<div class=\"rank-math-answer \">\n\n<p>Alopecia barbae este o reac\u021bie autoimun\u0103 \u00een care sistemul imunitar vizeaz\u0103 foliculii de p\u0103r din barb\u0103. Declan\u0219atorul exact nu este pe deplin \u00een\u021beles, dar este legat de o tendin\u021b\u0103 genetic\u0103 spre afec\u021biuni autoimune \u0219i poate fi declan\u0219at de perioade de stres sau boal\u0103 ridicat. Nu este cauzat\u0103 de obiceiurile de b\u0103rbierit sau de produse de \u00eengrijire.<\/p>\n\n<\/div>\n<\/div>\n<div id=\"faq-question-e942a14f38ab0\" class=\"rank-math-list-item\">\n<h3 class=\"rank-math-question \">Este alopecia barbae contagioasa?<\/h3>\n<div class=\"rank-math-answer \">\n\n<p>Nu, alopecia barbae nu este contagioasa. Nu \u00eel pute\u021bi prinde de la o alt\u0103 persoan\u0103 sau \u00eel pute\u021bi transmite prin aparate de ras sau prosoape, deoarece este un r\u0103spuns imun intern mai degrab\u0103 dec\u00e2t o infec\u021bie. Dac\u0103 un plasture are m\u00e2nc\u0103rime, solz sau se r\u0103sp\u00e2nde\u0219te la margini, un dermatolog ar trebui s\u0103 exclud\u0103 o infec\u021bie fungic\u0103, care este contagioas\u0103 \u0219i tratat\u0103 diferit.<\/p>\n\n<\/div>\n<\/div>\n<div id=\"faq-question-cd6dfb71c678c\" class=\"rank-math-list-item\">\n<h3 class=\"rank-math-question \">Poate stresul s\u0103 provoace alopecie barbae?<\/h3>\n<div class=\"rank-math-answer \">\n\n<p>Stresul nu cauzeaz\u0103 direct alopecia barbae, dar poate ac\u021biona ca un declan\u0219ator la persoanele care sunt deja predispuse la aceasta. Mul\u021bi b\u0103rba\u021bi observ\u0103 pentru prima dat\u0103 petice dup\u0103 o perioad\u0103 de stres fizic sau emo\u021bional intens. Gestionarea stresului poate ajuta, dar nu este un substitut pentru tratamentul medical.<\/p>\n\n<\/div>\n<\/div>\n<div id=\"faq-question-6ffc17e5617d8\" class=\"rank-math-list-item\">\n<h3 class=\"rank-math-question \">Care este diferen\u021ba dintre alopecia barbae \u0219i alopecia areata?<\/h3>\n<div class=\"rank-math-answer \">\n\n<p>Sunt aceea\u0219i afec\u021biune care afecteaz\u0103 zone diferite. Alopecia areata este termenul general pentru c\u0103derea p\u0103rului autoimun\u0103 \u00een zone pe corp, \u00een timp ce alopecia barbae se refer\u0103 \u00een mod specific la apari\u021bia acesteia \u00een barb\u0103. Diagnosticul \u0219i abordarea tratamentului sunt \u00een mare parte acelea\u0219i.<\/p>\n\n<\/div>\n<\/div>\n<div id=\"faq-question-59ca7a98ba8ac\" class=\"rank-math-list-item\">\n<h3 class=\"rank-math-question \">Alopecia barbae se r\u0103sp\u00e2nde\u0219te la nivelul scalpului sau \u00een alte zone?<\/h3>\n<div class=\"rank-math-answer \">\n\n<p>La unii b\u0103rba\u021bi, acela\u0219i proces autoimun apare \u00een alt\u0103 parte, cum ar fi scalpul, spr\u00e2ncenele sau genele, dar mul\u021bi au doar pete de barb\u0103. Nu exist\u0103 o modalitate fiabil\u0103 de a prezice dac\u0103 se va r\u0103sp\u00e2ndi. Spune\u021bi medicului dermatolog despre orice plasturi noi din afara barbii, astfel \u00eenc\u00e2t s\u0103 v\u0103 poat\u0103 reevalua tratamentul.<\/p>\n\n<\/div>\n<\/div>\n<\/div>\n<\/div>","protected":false},"excerpt":{"rendered":"<p>Hair Center of Turkey a tratat c\u0103derea p\u0103rului \u0219i a barbei de la clinica noastr\u0103 din Istanbul din 2014. Cei trei medici speciali\u0219ti efectueaz\u0103 aproximativ 3.000 de proceduri de transplant de p\u0103r \u0219i barb\u0103 pe an \u0219i diagnosticheaz\u0103 \u0219i gestioneaz\u0103 regulat alopecia barbii. Ceea ce urmeaz\u0103 se bazeaz\u0103 pe acea experien\u021b\u0103 clinic\u0103. R\u0103spuns rapid: Ce [&hellip;]<\/p>\n","protected":false},"author":2,"featured_media":341,"comment_status":"closed","ping_status":"closed","sticky":false,"template":"","format":"standard","meta":{"footnotes":"","rank_math_title":"","rank_math_description":"Afla\u021bi ce cauzeaz\u0103 alopecia barbae, cum s\u0103 detecta\u021bi c\u0103derea p\u0103rului pe barb\u0103 \u0219i ce tratamente v\u0103 ajut\u0103 s\u0103 v\u0103 reface\u021bi barba - explicat de Hair Center of Turkey.","rank_math_focus_keyword":"","rank_math_canonical_url":"","rank_math_breadcrumb_title":"","rank_math_facebook_title":"","rank_math_facebook_description":"","rank_math_facebook_image":"","rank_math_twitter_title":"","rank_math_twitter_description":"","rank_math_twitter_image":"","rank_math_pillar_content":""},"categories":[968],"tags":[],"class_list":["post-53962","post","type-post","status-publish","format-standard","has-post-thumbnail","hentry","category-blog"],"_links":{"self":[{"href":"https:\/\/haircenterofturkey.com\/ro\/wp-json\/wp\/v2\/posts\/53962","targetHints":{"allow":["GET"]}}],"collection":[{"href":"https:\/\/haircenterofturkey.com\/ro\/wp-json\/wp\/v2\/posts"}],"about":[{"href":"https:\/\/haircenterofturkey.com\/ro\/wp-json\/wp\/v2\/types\/post"}],"author":[{"embeddable":true,"href":"https:\/\/haircenterofturkey.com\/ro\/wp-json\/wp\/v2\/users\/2"}],"replies":[{"embeddable":true,"href":"https:\/\/haircenterofturkey.com\/ro\/wp-json\/wp\/v2\/comments?post=53962"}],"version-history":[{"count":2,"href":"https:\/\/haircenterofturkey.com\/ro\/wp-json\/wp\/v2\/posts\/53962\/revisions"}],"predecessor-version":[{"id":60319,"href":"https:\/\/haircenterofturkey.com\/ro\/wp-json\/wp\/v2\/posts\/53962\/revisions\/60319"}],"wp:featuredmedia":[{"embeddable":true,"href":"https:\/\/haircenterofturkey.com\/ro\/wp-json\/wp\/v2\/media\/341"}],"wp:attachment":[{"href":"https:\/\/haircenterofturkey.com\/ro\/wp-json\/wp\/v2\/media?parent=53962"}],"wp:term":[{"taxonomy":"category","embeddable":true,"href":"https:\/\/haircenterofturkey.com\/ro\/wp-json\/wp\/v2\/categories?post=53962"},{"taxonomy":"post_tag","embeddable":true,"href":"https:\/\/haircenterofturkey.com\/ro\/wp-json\/wp\/v2\/tags?post=53962"}],"curies":[{"name":"wp","href":"https:\/\/api.w.org\/{rel}","templated":true}]}}